{"id":29784,"date":"2024-07-01T15:00:24","date_gmt":"2024-07-01T18:00:24","guid":{"rendered":"https:\/\/correiodasemana.com\/site\/?p=29784"},"modified":"2024-07-01T15:00:24","modified_gmt":"2024-07-01T18:00:24","slug":"comunidade-filhos-de-siao-11","status":"publish","type":"post","link":"https:\/\/correiodasemana.com\/site\/comunidade-filhos-de-siao-11\/","title":{"rendered":"COMUNIDADE FILHOS DE SI\u00c3O"},"content":{"rendered":"<p><strong>Maria se p\u00f4s adorar a vontade do Pai<\/strong><\/p>\n<p>Adorar \u00e9 amar, portanto Maria amou a vontade do Pai.<br \/>\nOs Estatutos da Comunidade Filhos de Si\u00e3o nos ensinam que na adora\u00e7\u00e3o imola-se e sacrifica-se o pr\u00f3prio EU, a pr\u00f3pria gl\u00f3ria, a pr\u00f3pria autossufici\u00eancia.<br \/>\nE Maria consentiu amorosamente a imola\u00e7\u00e3o do seu filho (Lumen Gentium, 58) \u2013 Consentir na imola\u00e7\u00e3o da v\u00edtima gerada por ela equivale a imolar-se a si mesma. Afinal: \u201cA espada te traspassara a alma\u201d.<br \/>\nO que eu tenho oferecido a Deus? Qual tem sido a minha imola\u00e7\u00e3o? \u2013 Maria consentiu a imola\u00e7\u00e3o de seu filho.<br \/>\n\u201cMaria foi a primeira a adorar a Jesus Eucar\u00edstico, pois em seu seio virginal, ele fez morada\u201d. (S\u00e3o Pedro Juli\u00e3o Eymard)<br \/>\nO anjo Gabriel a chama Bem Aventurada, cheia de Gra\u00e7a, diz que Deus est\u00e1 com ela! Deus falou assim a algum profeta? Maria sempre humilde, obediente, modelo de f\u00e9. Entregou-se \u00e0 vontade de Deus! \u201cEis aqui a serva do Senhor. Fa\u00e7a-se em mim segundo a tua palavra\u201d (Lc 1, 28). Aqui Maria j\u00e1 come\u00e7a a adorar a vontade do Pai. \u2013 Adorar \u00e9 amar.<br \/>\nMuitos esquecem que ela carregou e adorou Deus em seu ventre. Qual \u00e9 a m\u00e3e que desde o Ventre n\u00e3o cuida de seu filho?<br \/>\nMaria foi a maior adoradora de Jesus que existiu! Ela O adorou no ventre, na manjedoura, na inf\u00e2ncia, adolesc\u00eancia, quando adulto, no calv\u00e1rio, e quando ressuscitado!<br \/>\nMaria adorou a vontade do PAI desde Bel\u00e9m at\u00e9 ao G\u00f3lgota. Guardando tudo em seu cora\u00e7\u00e3o.<br \/>\nMaria \u00e9 o caminho para a verdadeira Adora\u00e7\u00e3o a DEUS. Maria \u00e9 a Perfeita Adoradora da Vontade do Pai. Hoje e sempre Maria Sant\u00edssima \u00e9 a M\u00e3e \u00e9 o Modelo daqueles que querem ser Verdadeiros Adoradores da vontade do Pai, \u201cporque Ela n\u00e3o ensinou pelo falar, mas convenceu pelo viver\u201d.<br \/>\nA adora\u00e7\u00e3o \u00e9 o ponto de encontro dos que ama.<br \/>\nFellipe Rios Osterno &#8211; Consagrado na Comunidade de Alian\u00e7a Filhos de Si\u00e3o<\/p>\n","protected":false},"excerpt":{"rendered":"<p>Maria se p\u00f4s adorar a vontade do Pai Adorar \u00e9 amar, portanto Maria amou a&#8230;<\/p>\n","protected":false},"author":7,"featured_media":58,"comment_status":"open","ping_status":"open","sticky":false,"template":"","format":"standard","meta":{"_jetpack_memberships_contains_paid_content":false,"footnotes":"","jetpack_publicize_message":"","jetpack_publicize_feature_enabled":true,"jetpack_social_post_already_shared":true,"jetpack_social_options":{"image_generator_settings":{"template":"highway","default_image_id":0,"font":"","enabled":false},"version":2}},"categories":[11,87],"tags":[],"class_list":["post-29784","post","type-post","status-publish","format-standard","has-post-thumbnail","hentry","category-artigos","category-filhos-de-siao"],"jetpack_publicize_connections":[],"jetpack_featured_media_url":"https:\/\/correiodasemana.com\/site\/wp-content\/uploads\/2019\/07\/Igreja_S\u00e9.jpg","jetpack-related-posts":[{"id":29721,"url":"https:\/\/correiodasemana.com\/site\/maria-se-pos-adorar-a-vontade-do-pai\/","url_meta":{"origin":29784,"position":0},"title":"Maria se p\u00f4s adorar a vontade do Pai","author":"adminredacao","date":"Junho 24, 2024","format":false,"excerpt":"Adorar \u00e9 amar, portanto Maria amou a vontade do Pai. Os Estatutos da Comunidade Filhos de Si\u00e3o nos ensinam que na adora\u00e7\u00e3o imola-se e sacrifica-se o pr\u00f3prio EU, a pr\u00f3pria gl\u00f3ria, a pr\u00f3pria autossufici\u00eancia. E Maria consentiu amorosamente a imola\u00e7\u00e3o do seu filho (Lumen Gentium, 58) \u2013 Consentir na imola\u00e7\u00e3o\u2026","rel":"","context":"In &quot;Filhos de Si\u00e3o&quot;","block_context":{"text":"Filhos de Si\u00e3o","link":"https:\/\/correiodasemana.com\/site\/category\/filhos-de-siao\/"},"img":{"alt_text":"","src":"https:\/\/i0.wp.com\/correiodasemana.com\/site\/wp-content\/uploads\/2018\/02\/Igreja_Se%CC%81.jpg?resize=350%2C200&ssl=1","width":350,"height":200,"srcset":"https:\/\/i0.wp.com\/correiodasemana.com\/site\/wp-content\/uploads\/2018\/02\/Igreja_Se%CC%81.jpg?resize=350%2C200&ssl=1 1x, https:\/\/i0.wp.com\/correiodasemana.com\/site\/wp-content\/uploads\/2018\/02\/Igreja_Se%CC%81.jpg?resize=525%2C300&ssl=1 1.5x, https:\/\/i0.wp.com\/correiodasemana.com\/site\/wp-content\/uploads\/2018\/02\/Igreja_Se%CC%81.jpg?resize=700%2C400&ssl=1 2x, https:\/\/i0.wp.com\/correiodasemana.com\/site\/wp-content\/uploads\/2018\/02\/Igreja_Se%CC%81.jpg?resize=1050%2C600&ssl=1 3x, https:\/\/i0.wp.com\/correiodasemana.com\/site\/wp-content\/uploads\/2018\/02\/Igreja_Se%CC%81.jpg?resize=1400%2C800&ssl=1 4x"},"classes":[]},{"id":28609,"url":"https:\/\/correiodasemana.com\/site\/comunidade-filhos-de-siao-5\/","url_meta":{"origin":29784,"position":1},"title":"Comunidade filhos de si\u00e3o","author":"adminredacao","date":"Mar\u00e7o 11, 2024","format":false,"excerpt":"Na Adora\u00e7\u00e3o \u00e0 Santa Vontade do Pai O grande convite da Comunidade Filhos de Si\u00e3o \u00e9 para vivermos uma Santa Quaresma, por meio do Retiro Quaresmal: \u201cNa Adora\u00e7\u00e3o \u00e0 Santa Vontade do Pai\u201d. Deus nos deu um carisma e este \u00e9 recheado de dons. \u00c9 importante que nos abramos aos\u2026","rel":"","context":"In &quot;Artigos&quot;","block_context":{"text":"Artigos","link":"https:\/\/correiodasemana.com\/site\/category\/artigos\/"},"img":{"alt_text":"","src":"https:\/\/i0.wp.com\/correiodasemana.com\/site\/wp-content\/uploads\/2019\/07\/cropped-Igreja_S%C3%A9.jpg?resize=350%2C200&ssl=1","width":350,"height":200,"srcset":"https:\/\/i0.wp.com\/correiodasemana.com\/site\/wp-content\/uploads\/2019\/07\/cropped-Igreja_S%C3%A9.jpg?resize=350%2C200&ssl=1 1x, https:\/\/i0.wp.com\/correiodasemana.com\/site\/wp-content\/uploads\/2019\/07\/cropped-Igreja_S%C3%A9.jpg?resize=525%2C300&ssl=1 1.5x, https:\/\/i0.wp.com\/correiodasemana.com\/site\/wp-content\/uploads\/2019\/07\/cropped-Igreja_S%C3%A9.jpg?resize=700%2C400&ssl=1 2x, https:\/\/i0.wp.com\/correiodasemana.com\/site\/wp-content\/uploads\/2019\/07\/cropped-Igreja_S%C3%A9.jpg?resize=1050%2C600&ssl=1 3x, https:\/\/i0.wp.com\/correiodasemana.com\/site\/wp-content\/uploads\/2019\/07\/cropped-Igreja_S%C3%A9.jpg?resize=1400%2C800&ssl=1 4x"},"classes":[]},{"id":33781,"url":"https:\/\/correiodasemana.com\/site\/comunidade-catolica-filhos-de-siao-9\/","url_meta":{"origin":29784,"position":2},"title":"COMUNIDADE CAT\u00d3LICA FILHOS DE SI\u00c3O","author":"adminredacao","date":"Maio 19, 2025","format":false,"excerpt":"Retiro Espiritual: \u201cA minha alma engrandece o Senhor, e meu esp\u00edrito exulta em Deus, meu Salvador.\u201d O Povo da Adora\u00e7\u00e3o e do Louvor Que alegria! Somos o povo do louvor, o povo da adora\u00e7\u00e3o. Isso \u00e9 para n\u00f3s motivo de j\u00fabilo:\u00a0\u201cO Senhor est\u00e1 contigo!\u201d (Lc1,28b) Assim, nossa adora\u00e7\u00e3o \u00e9, portanto,\u00a0\u201cuma\u2026","rel":"","context":"In &quot;Artigos&quot;","block_context":{"text":"Artigos","link":"https:\/\/correiodasemana.com\/site\/category\/artigos\/"},"img":{"alt_text":"","src":"https:\/\/i0.wp.com\/correiodasemana.com\/site\/wp-content\/uploads\/2019\/07\/Igreja_S%C3%A9.jpg?resize=350%2C200&ssl=1","width":350,"height":200,"srcset":"https:\/\/i0.wp.com\/correiodasemana.com\/site\/wp-content\/uploads\/2019\/07\/Igreja_S%C3%A9.jpg?resize=350%2C200&ssl=1 1x, https:\/\/i0.wp.com\/correiodasemana.com\/site\/wp-content\/uploads\/2019\/07\/Igreja_S%C3%A9.jpg?resize=525%2C300&ssl=1 1.5x, https:\/\/i0.wp.com\/correiodasemana.com\/site\/wp-content\/uploads\/2019\/07\/Igreja_S%C3%A9.jpg?resize=700%2C400&ssl=1 2x, https:\/\/i0.wp.com\/correiodasemana.com\/site\/wp-content\/uploads\/2019\/07\/Igreja_S%C3%A9.jpg?resize=1050%2C600&ssl=1 3x, https:\/\/i0.wp.com\/correiodasemana.com\/site\/wp-content\/uploads\/2019\/07\/Igreja_S%C3%A9.jpg?resize=1400%2C800&ssl=1 4x"},"classes":[]},{"id":28764,"url":"https:\/\/correiodasemana.com\/site\/comunidade-filhos-de-siao-7\/","url_meta":{"origin":29784,"position":3},"title":"COMUNIDADE  filhos de si\u00e3o","author":"adminredacao","date":"Mar\u00e7o 25, 2024","format":false,"excerpt":"Retiro de Aprofundamento da Comunidade Filhos de Si\u00e3o Aconteceu neste m\u00eas de mar\u00e7o, na Casa de Retiro Virgem de Si\u00e3o, em Marco \u2013 Cear\u00e1, os Retiros de Aprofundamento do Carisma Filhos de Si\u00e3o com a presen\u00e7a de mais de 130 mission\u00e1rios dentre eles consagrados, e membros das etapas vocacionais da\u2026","rel":"","context":"In &quot;Artigos&quot;","block_context":{"text":"Artigos","link":"https:\/\/correiodasemana.com\/site\/category\/artigos\/"},"img":{"alt_text":"","src":"https:\/\/i0.wp.com\/correiodasemana.com\/site\/wp-content\/uploads\/2019\/07\/Igreja_S%C3%A9.jpg?resize=350%2C200&ssl=1","width":350,"height":200,"srcset":"https:\/\/i0.wp.com\/correiodasemana.com\/site\/wp-content\/uploads\/2019\/07\/Igreja_S%C3%A9.jpg?resize=350%2C200&ssl=1 1x, https:\/\/i0.wp.com\/correiodasemana.com\/site\/wp-content\/uploads\/2019\/07\/Igreja_S%C3%A9.jpg?resize=525%2C300&ssl=1 1.5x, https:\/\/i0.wp.com\/correiodasemana.com\/site\/wp-content\/uploads\/2019\/07\/Igreja_S%C3%A9.jpg?resize=700%2C400&ssl=1 2x, https:\/\/i0.wp.com\/correiodasemana.com\/site\/wp-content\/uploads\/2019\/07\/Igreja_S%C3%A9.jpg?resize=1050%2C600&ssl=1 3x, https:\/\/i0.wp.com\/correiodasemana.com\/site\/wp-content\/uploads\/2019\/07\/Igreja_S%C3%A9.jpg?resize=1400%2C800&ssl=1 4x"},"classes":[]},{"id":28697,"url":"https:\/\/correiodasemana.com\/site\/comunidade-filhos-de-siao-6\/","url_meta":{"origin":29784,"position":4},"title":"COMUNIDADE  filhos de si\u00e3o","author":"adminredacao","date":"Mar\u00e7o 18, 2024","format":false,"excerpt":"Teu chamado, minha resposta: Eis-me aqui. Podes contar comigo! Neste novo ano vocacional que se inicia, \u00e9 fundamental abra\u00e7ar em nosso cora\u00e7\u00e3o o tema: \u201cTeu chamado, minha resposta: Eis-me aqui. Podes contar comigo!\u201d e pedir a gra\u00e7a de Deus. Dessa forma, o nosso SIM ao chamado de Deus vai ter\u2026","rel":"","context":"In &quot;Artigos&quot;","block_context":{"text":"Artigos","link":"https:\/\/correiodasemana.com\/site\/category\/artigos\/"},"img":{"alt_text":"","src":"https:\/\/i0.wp.com\/correiodasemana.com\/site\/wp-content\/uploads\/2019\/07\/cropped-Igreja_S%C3%A9.jpg?resize=350%2C200&ssl=1","width":350,"height":200,"srcset":"https:\/\/i0.wp.com\/correiodasemana.com\/site\/wp-content\/uploads\/2019\/07\/cropped-Igreja_S%C3%A9.jpg?resize=350%2C200&ssl=1 1x, https:\/\/i0.wp.com\/correiodasemana.com\/site\/wp-content\/uploads\/2019\/07\/cropped-Igreja_S%C3%A9.jpg?resize=525%2C300&ssl=1 1.5x, https:\/\/i0.wp.com\/correiodasemana.com\/site\/wp-content\/uploads\/2019\/07\/cropped-Igreja_S%C3%A9.jpg?resize=700%2C400&ssl=1 2x, https:\/\/i0.wp.com\/correiodasemana.com\/site\/wp-content\/uploads\/2019\/07\/cropped-Igreja_S%C3%A9.jpg?resize=1050%2C600&ssl=1 3x, https:\/\/i0.wp.com\/correiodasemana.com\/site\/wp-content\/uploads\/2019\/07\/cropped-Igreja_S%C3%A9.jpg?resize=1400%2C800&ssl=1 4x"},"classes":[]},{"id":28108,"url":"https:\/\/correiodasemana.com\/site\/comunidade-filhos-de-siao-2\/","url_meta":{"origin":29784,"position":5},"title":"COMUNIDADE FILHOS DE SI\u00c3O","author":"adminredacao","date":"Janeiro 22, 2024","format":false,"excerpt":"Virgem de Si\u00e3o, perfeito louvor a Deus O ano de 2024 ser\u00e1 dedicado \u00e0 Nossa Senhora na Comunidade Filhos de Si\u00e3o. Neste tempo, vamos aprender a tamb\u00e9m elevar a Deus o nosso perfeito louvor. A exemplo dEla, seguiremos rendendo o perfeito louvor ao nosso Criador e Salvador. Dessa forma, a\u2026","rel":"","context":"In &quot;Artigos&quot;","block_context":{"text":"Artigos","link":"https:\/\/correiodasemana.com\/site\/category\/artigos\/"},"img":{"alt_text":"","src":"https:\/\/i0.wp.com\/correiodasemana.com\/site\/wp-content\/uploads\/2019\/07\/Igreja_S%C3%A9.jpg?resize=350%2C200&ssl=1","width":350,"height":200,"srcset":"https:\/\/i0.wp.com\/correiodasemana.com\/site\/wp-content\/uploads\/2019\/07\/Igreja_S%C3%A9.jpg?resize=350%2C200&ssl=1 1x, https:\/\/i0.wp.com\/correiodasemana.com\/site\/wp-content\/uploads\/2019\/07\/Igreja_S%C3%A9.jpg?resize=525%2C300&ssl=1 1.5x, https:\/\/i0.wp.com\/correiodasemana.com\/site\/wp-content\/uploads\/2019\/07\/Igreja_S%C3%A9.jpg?resize=700%2C400&ssl=1 2x, https:\/\/i0.wp.com\/correiodasemana.com\/site\/wp-content\/uploads\/2019\/07\/Igreja_S%C3%A9.jpg?resize=1050%2C600&ssl=1 3x, https:\/\/i0.wp.com\/correiodasemana.com\/site\/wp-content\/uploads\/2019\/07\/Igreja_S%C3%A9.jpg?resize=1400%2C800&ssl=1 4x"},"classes":[]}],"jetpack_sharing_enabled":true,"_links":{"self":[{"href":"https:\/\/correiodasemana.com\/site\/wp-json\/wp\/v2\/posts\/29784","targetHints":{"allow":["GET"]}}],"collection":[{"href":"https:\/\/correiodasemana.com\/site\/wp-json\/wp\/v2\/posts"}],"about":[{"href":"https:\/\/correiodasemana.com\/site\/wp-json\/wp\/v2\/types\/post"}],"author":[{"embeddable":true,"href":"https:\/\/correiodasemana.com\/site\/wp-json\/wp\/v2\/users\/7"}],"replies":[{"embeddable":true,"href":"https:\/\/correiodasemana.com\/site\/wp-json\/wp\/v2\/comments?post=29784"}],"version-history":[{"count":1,"href":"https:\/\/correiodasemana.com\/site\/wp-json\/wp\/v2\/posts\/29784\/revisions"}],"predecessor-version":[{"id":29785,"href":"https:\/\/correiodasemana.com\/site\/wp-json\/wp\/v2\/posts\/29784\/revisions\/29785"}],"wp:featuredmedia":[{"embeddable":true,"href":"https:\/\/correiodasemana.com\/site\/wp-json\/wp\/v2\/media\/58"}],"wp:attachment":[{"href":"https:\/\/correiodasemana.com\/site\/wp-json\/wp\/v2\/media?parent=29784"}],"wp:term":[{"taxonomy":"category","embeddable":true,"href":"https:\/\/correiodasemana.com\/site\/wp-json\/wp\/v2\/categories?post=29784"},{"taxonomy":"post_tag","embeddable":true,"href":"https:\/\/correiodasemana.com\/site\/wp-json\/wp\/v2\/tags?post=29784"}],"curies":[{"name":"wp","href":"https:\/\/api.w.org\/{rel}","templated":true}]}}