{"id":29815,"date":"2024-07-01T15:15:32","date_gmt":"2024-07-01T18:15:32","guid":{"rendered":"https:\/\/correiodasemana.com\/site\/?p=29815"},"modified":"2024-07-01T15:15:32","modified_gmt":"2024-07-01T18:15:32","slug":"morre-aos-77-anos-william-vasconcelos-o-radialista-esportivo","status":"publish","type":"post","link":"https:\/\/correiodasemana.com\/site\/morre-aos-77-anos-william-vasconcelos-o-radialista-esportivo\/","title":{"rendered":"Morre, aos 77 anos, William Vasconcelos, o radialista esportivo"},"content":{"rendered":"<p>Morreu na madrugada de segunda-feira (24\/06), em sua resid\u00eancia, por complica\u00e7\u00f5es de sa\u00fade, o radialista esportivo, William Vasconcelos. No r\u00e1dio, William Vasconcelos exerceu diversas fun\u00e7\u00f5es como: Narrador Esportivo, comentarista Esportivo, Rep\u00f3rter de Campo, Noticiarista, Disc-J\u00f3quei, entre outras. O enterro aconteceu na cidade de Santana do Acara\u00fa, onde est\u00e1 sepultada sua esposa, Maria das Gra\u00e7as.<br \/>\nPelas redes sociais, o diretor da R\u00e1dio Educadora do Nordeste FM 107,5 e do Jornal Correio da Semana prestou solidariedade aos familiares do radialista. \u201cCom lamento, a FM Educadora do Nordeste recebe a not\u00edcia do falecimento de Jos\u00e9 William Mendes Vasconcelos (Wiliam Vasconcelos), radialista e cronista esportivo, ocorrido na madrugada desta segunda-feira(24\/06). O Willian durante anos fez parte da grade de programa\u00e7\u00e3o da emissora, na apresenta\u00e7\u00e3o do programa \u2018Show e Esporte\u2019. Era um torcedor fervoroso do Guarany de Sobral. Sua atua\u00e7\u00e3o na radiofonia sobralense sempre ser\u00e1 lembrada por todos. Nesse momento de dor e despedida, manifestamos aos familiares e amigos, sinceras condol\u00eancias. Que Deus na sua bondade e miseric\u00f3rdia acolha esse filho amado na sua gl\u00f3ria\u201d.<br \/>\nO tamb\u00e9m, por meio de nota, Ivan Frota &#8211; Delegado do Sindicato dos Radialistas do Cear\u00e1, situado na Zona Norte, em Sobral, lamentou a perda e se solidarizou com os familiares de William.<br \/>\nJos\u00e9 William Mendes Vasconcelos, nasceu em 16 de maio de 1947, na cidade de Sobral-CE. Filho de Jo\u00e3o Carneiro Vasconcelos e Vicentina Mendes Vasconcelos (falecidos). Era casado com Maria das Gra\u00e7as Ponte Vasconcelos (In Memoriam) de cuja uni\u00e3o nasceram os filhos Geogeane, William Jr., Vicentino, Jorgelande e \u00c1tila Ponte Vasconcelos.<br \/>\nIniciou a carreira de radialista em 1964 na extinta R\u00e1dio Iracema de Sobral, a onde permaneceu at\u00e9 1969, quando a convite, se transferiu para a R\u00e1dio Educadora do Nordeste. Na emissora cat\u00f3lica trabalhou at\u00e9 1982, tendo se transferido em seguida para a R\u00e1dio Cidade de Sobral. A passagem dele por essa emissora perdurou at\u00e9 1993. De 1993 at\u00e9 2005 passou pela R\u00e1dio Cai\u00e7ara. Em 2005 deixou essa emissora e foi trabalhar na R\u00e1dio Tupinamb\u00e1 at\u00e9 2008, deixando a r\u00e1dio do Zeca Aquino para voltar a exercer as mesmas fun\u00e7\u00f5es na R\u00e1dio Educadora do Nordeste, aonde hoje permanece. Desde 2011 tem uma participa\u00e7\u00e3o de 10 minutos no programa Show do Beto Guerra, com not\u00edcias esportivas, na Coqueiros FM 93,3. Ao longo da carreira William Vasconcelos recebeu v\u00e1rias homenagens pelos bons servi\u00e7os prestados ao r\u00e1dio sobralense, na grande maioria dedicado ao esporte.<br \/>\nDentre algumas homenagens foi agraciado com o Trof\u00e9u Sebasti\u00e3o Albuquerque institu\u00eddo pelo Centro Cultural Dom Jos\u00e9; trof\u00e9u Personalidade Classe A, realiza\u00e7\u00e3o Edival Filho Promo\u00e7\u00f5es 16\u00aa Edi\u00e7\u00e3o, Trof\u00e9u Honra ao M\u00e9rito Imprensa, distinguido pela Liga Sobralense de Futebol, Trof\u00e9u Imprensa Amiga 80 anos do Guarany Sporting Club, Trof\u00e9u Imprensa de 2000, realiza\u00e7\u00e3o Edival Filho Promo\u00e7\u00f5es. Como membro da diretoria da Delegacia Regional da Associa\u00e7\u00e3o Profissional dos Cronistas Desportivos do Estado do Cear\u00e1 (APCDEC). Foi distinguido com a medalha Honra ao M\u00e9rito. Recebeu o 1\u00ba Trof\u00e9u Aplausos, realiza\u00e7\u00e3o Prof. Carlos Alves Pimentel. Como Arrendat\u00e1rio dirige o Departamento de Esportes da R\u00e1dio Educadora do Nordeste desde 2008 em parceria com o filho dele Vicentino Ponte Vasconcelos. No r\u00e1dio, William Vasconcelos exerceu diversas fun\u00e7\u00f5es como: Narrador Esportivo, comentarista Esportivo, Rep\u00f3rter de Campo, Noticiarista, Disc-J\u00f3quei, entre outras.<br \/>\nNa imprensa escrita colaborou com alguns jornais seman\u00e1rios da cidade com colunas esportivas: \u201cFolha do Acara\u00fa, O Noroeste e Correio da Semana, com a coluna (Na Cara do Gol). No \u00e2mbito escolar quando jovem s\u00f3 estudou em col\u00e9gios da Rede Oficial de Ensino, tendo frequentado o Col\u00e9gio Cai\u00e7ara, Gin\u00e1sio S\u00e3o Jos\u00e9 e nos prim\u00f3rdios do Col\u00e9gio Estadual Dom Jos\u00e9, chegando a concluir o curso ginasial.<br \/>\nConsidera-se um autodidata e um apaixonado pela profiss\u00e3o que exerce.<\/p>\n","protected":false},"excerpt":{"rendered":"<p>Morreu na madrugada de segunda-feira (24\/06), em sua resid\u00eancia, por complica\u00e7\u00f5es de sa\u00fade, o radialista&#8230;<\/p>\n","protected":false},"author":7,"featured_media":29816,"comment_status":"open","ping_status":"open","sticky":false,"template":"","format":"standard","meta":{"_jetpack_memberships_contains_paid_content":false,"footnotes":"","jetpack_publicize_message":"","jetpack_publicize_feature_enabled":true,"jetpack_social_post_already_shared":true,"jetpack_social_options":{"image_generator_settings":{"template":"highway","default_image_id":0,"font":"","enabled":false},"version":2}},"categories":[1],"tags":[],"class_list":["post-29815","post","type-post","status-publish","format-standard","has-post-thumbnail","hentry","category-atualidade"],"jetpack_publicize_connections":[],"jetpack_featured_media_url":"https:\/\/correiodasemana.com\/site\/wp-content\/uploads\/2024\/07\/William-Vasconcelos.jpg","jetpack-related-posts":[{"id":11746,"url":"https:\/\/correiodasemana.com\/site\/morre-o-radialista-ivan-moreira\/","url_meta":{"origin":29815,"position":0},"title":"Morre o radialista Ivan Moreira","author":"","date":"Julho 12, 2020","format":false,"excerpt":"O radialista, v\u00edtima de uma parada card\u00edaca, era conhecido por dominar assuntos relacionados ao esporte amador em Sobral e regi\u00e3o. Faleceu na manh\u00e3 desta quinta-feira (9) o radialista Jos\u00e9 Ivan Moreira dos Santos Silva, 61 anos. O radialista, v\u00edtima de uma parada card\u00edaca, era conhecido por dominar assuntos relacionados ao\u2026","rel":"","context":"In &quot;Atualidade&quot;","block_context":{"text":"Atualidade","link":"https:\/\/correiodasemana.com\/site\/category\/atualidade\/"},"img":{"alt_text":"","src":"https:\/\/i0.wp.com\/correiodasemana.com\/site\/wp-content\/uploads\/2020\/07\/DSC_7622-1.jpg?resize=350%2C200&ssl=1","width":350,"height":200,"srcset":"https:\/\/i0.wp.com\/correiodasemana.com\/site\/wp-content\/uploads\/2020\/07\/DSC_7622-1.jpg?resize=350%2C200&ssl=1 1x, https:\/\/i0.wp.com\/correiodasemana.com\/site\/wp-content\/uploads\/2020\/07\/DSC_7622-1.jpg?resize=525%2C300&ssl=1 1.5x, https:\/\/i0.wp.com\/correiodasemana.com\/site\/wp-content\/uploads\/2020\/07\/DSC_7622-1.jpg?resize=700%2C400&ssl=1 2x"},"classes":[]},{"id":11689,"url":"https:\/\/correiodasemana.com\/site\/morre-o-radialista-sobralense-ivan-moreira\/","url_meta":{"origin":29815,"position":1},"title":"Morre o radialista sobralense Ivan Moreira","author":"","date":"Julho 9, 2020","format":false,"excerpt":"Faleceu na manh\u00e3 desta quinta-feira, um dos mais conhecidos locutor esportivo da regi\u00e3o Norte do estado do Cear\u00e1, radialista Ivan Moreira, 63 anos.. Ivan Moreira comandava programas esportivos, atualmente na R\u00e1dio Tupinamb\u00e1 FM e R\u00e1dio Educadora do Nordeste AM. Ivan Moreira se destacou no mundo esportivo, atrav\u00e9s do esporte amador,\u2026","rel":"","context":"In &quot;Atualidade&quot;","block_context":{"text":"Atualidade","link":"https:\/\/correiodasemana.com\/site\/category\/atualidade\/"},"img":{"alt_text":"","src":"https:\/\/i0.wp.com\/correiodasemana.com\/site\/wp-content\/uploads\/2020\/07\/DSC_7622.jpg?resize=350%2C200&ssl=1","width":350,"height":200,"srcset":"https:\/\/i0.wp.com\/correiodasemana.com\/site\/wp-content\/uploads\/2020\/07\/DSC_7622.jpg?resize=350%2C200&ssl=1 1x, https:\/\/i0.wp.com\/correiodasemana.com\/site\/wp-content\/uploads\/2020\/07\/DSC_7622.jpg?resize=525%2C300&ssl=1 1.5x, https:\/\/i0.wp.com\/correiodasemana.com\/site\/wp-content\/uploads\/2020\/07\/DSC_7622.jpg?resize=700%2C400&ssl=1 2x, https:\/\/i0.wp.com\/correiodasemana.com\/site\/wp-content\/uploads\/2020\/07\/DSC_7622.jpg?resize=1050%2C600&ssl=1 3x, https:\/\/i0.wp.com\/correiodasemana.com\/site\/wp-content\/uploads\/2020\/07\/DSC_7622.jpg?resize=1400%2C800&ssl=1 4x"},"classes":[]},{"id":18442,"url":"https:\/\/correiodasemana.com\/site\/politica-em-evidencia-91\/","url_meta":{"origin":29815,"position":2},"title":"Pol\u00edtica em Evid\u00eancia","author":"","date":"Dezembro 27, 2021","format":false,"excerpt":"Prefeito Ivo Gomes esteve entregando a popula\u00e7\u00e3o do Bairro do Junco, a quadra esportiva, Jo\u00e3o Coelho, sendo esse mais um espa\u00e7o para a pr\u00e1tica esportiva para os jovens residentes no Bairro. O gestor municipal tamb\u00e9m deu um trato aos arredores da quadra esportiva, sendo mais uma \u00e1rea de lazer para\u2026","rel":"","context":"In &quot;Artigos&quot;","block_context":{"text":"Artigos","link":"https:\/\/correiodasemana.com\/site\/category\/artigos\/"},"img":{"alt_text":"","src":"","width":0,"height":0},"classes":[]},{"id":29800,"url":"https:\/\/correiodasemana.com\/site\/radio-educadora-fm-107-5-celebra-65-anos-de-criacao\/","url_meta":{"origin":29815,"position":3},"title":"R\u00e1dio Educadora FM 107.5 celebra 65 anos de cria\u00e7\u00e3o","author":"adminredacao","date":"Julho 1, 2024","format":false,"excerpt":"A manh\u00e3 desta quinta-feira, 27\/06, foi de muita alegria para os radialistas e colaboradores da R\u00e1dio Educadora FM 107.5 em virtude dos 65 anos de cria\u00e7\u00e3o da emissora. A comemora\u00e7\u00e3o ficou por conta do Show do Ivan Frota e reuniu radialistas, colaboradores, sacerdotes, ouvintes e amigos no audit\u00f3rio Dom Walfrido\u2026","rel":"","context":"In &quot;Atualidade&quot;","block_context":{"text":"Atualidade","link":"https:\/\/correiodasemana.com\/site\/category\/atualidade\/"},"img":{"alt_text":"","src":"https:\/\/i0.wp.com\/correiodasemana.com\/site\/wp-content\/uploads\/2024\/07\/RADIO-EDUCADORA-2-scaled.jpg?resize=350%2C200&ssl=1","width":350,"height":200,"srcset":"https:\/\/i0.wp.com\/correiodasemana.com\/site\/wp-content\/uploads\/2024\/07\/RADIO-EDUCADORA-2-scaled.jpg?resize=350%2C200&ssl=1 1x, https:\/\/i0.wp.com\/correiodasemana.com\/site\/wp-content\/uploads\/2024\/07\/RADIO-EDUCADORA-2-scaled.jpg?resize=525%2C300&ssl=1 1.5x, https:\/\/i0.wp.com\/correiodasemana.com\/site\/wp-content\/uploads\/2024\/07\/RADIO-EDUCADORA-2-scaled.jpg?resize=700%2C400&ssl=1 2x, https:\/\/i0.wp.com\/correiodasemana.com\/site\/wp-content\/uploads\/2024\/07\/RADIO-EDUCADORA-2-scaled.jpg?resize=1050%2C600&ssl=1 3x, https:\/\/i0.wp.com\/correiodasemana.com\/site\/wp-content\/uploads\/2024\/07\/RADIO-EDUCADORA-2-scaled.jpg?resize=1400%2C800&ssl=1 4x"},"classes":[]},{"id":19361,"url":"https:\/\/correiodasemana.com\/site\/dom-vasconcelos-preside-missa-em-acao-de-gracas-pela-radio-educadora-fm-1075-e-realiza-bencao-em-novo-estudio\/","url_meta":{"origin":29815,"position":4},"title":"Dom Vasconcelos preside Missa em A\u00e7\u00e3o de Gra\u00e7as pela R\u00e1dio Educadora FM 107,5 e realiza ben\u00e7\u00e3o em novo est\u00fadio","author":"","date":"Abril 3, 2022","format":false,"excerpt":"(Thais Helena \u2013 Reda\u00e7\u00e3o Correio da Semana) Nesta quinta-feira, 31 de mar\u00e7o, na Capela do Abrigo em Sobral, Dom Jos\u00e9 Luiz Gomes de Vasconcelos presidiu a Santa Missa em A\u00e7\u00e3o de Gra\u00e7as pela R\u00e1dio Educadora FM 107,5 e realizou a ben\u00e7\u00e3o nas instala\u00e7\u00f5es do novo est\u00fadio na C\u00faria Diocesana. Na\u2026","rel":"","context":"In &quot;Atualidade&quot;","block_context":{"text":"Atualidade","link":"https:\/\/correiodasemana.com\/site\/category\/atualidade\/"},"img":{"alt_text":"","src":"https:\/\/i0.wp.com\/correiodasemana.com\/site\/wp-content\/uploads\/2022\/04\/bencao-da-radio-educadora-sobral-3.jpeg?resize=350%2C200&ssl=1","width":350,"height":200,"srcset":"https:\/\/i0.wp.com\/correiodasemana.com\/site\/wp-content\/uploads\/2022\/04\/bencao-da-radio-educadora-sobral-3.jpeg?resize=350%2C200&ssl=1 1x, https:\/\/i0.wp.com\/correiodasemana.com\/site\/wp-content\/uploads\/2022\/04\/bencao-da-radio-educadora-sobral-3.jpeg?resize=525%2C300&ssl=1 1.5x, https:\/\/i0.wp.com\/correiodasemana.com\/site\/wp-content\/uploads\/2022\/04\/bencao-da-radio-educadora-sobral-3.jpeg?resize=700%2C400&ssl=1 2x, https:\/\/i0.wp.com\/correiodasemana.com\/site\/wp-content\/uploads\/2022\/04\/bencao-da-radio-educadora-sobral-3.jpeg?resize=1050%2C600&ssl=1 3x"},"classes":[]},{"id":21329,"url":"https:\/\/correiodasemana.com\/site\/becco-ponto-com-104\/","url_meta":{"origin":29815,"position":5},"title":"Becco ponto Com","author":"","date":"Outubro 24, 2022","format":false,"excerpt":"LIVRAI-NOS, SENHOR! 01. Dos debates pol\u00edticos sem gra\u00e7a para o povo. 02. Da santa briga \u201cSanta Casa\u201d com o poder f.g.s. 03. Da ruma de doutores sem an\u00e9is e modernos. 04. Das igrejas Evang\u00e9licas fabricando pol\u00edticos. 05. Da volta dos peitistas ao poder t\u00e3o logo, ufa! 06. De um segundo\u2026","rel":"","context":"In &quot;Artigos&quot;","block_context":{"text":"Artigos","link":"https:\/\/correiodasemana.com\/site\/category\/artigos\/"},"img":{"alt_text":"","src":"https:\/\/i0.wp.com\/correiodasemana.com\/site\/wp-content\/uploads\/2021\/09\/Dr-Chico-Prado-Trofeu-Dom-Jose-1-1.jpg?resize=350%2C200&ssl=1","width":350,"height":200,"srcset":"https:\/\/i0.wp.com\/correiodasemana.com\/site\/wp-content\/uploads\/2021\/09\/Dr-Chico-Prado-Trofeu-Dom-Jose-1-1.jpg?resize=350%2C200&ssl=1 1x, https:\/\/i0.wp.com\/correiodasemana.com\/site\/wp-content\/uploads\/2021\/09\/Dr-Chico-Prado-Trofeu-Dom-Jose-1-1.jpg?resize=525%2C300&ssl=1 1.5x, https:\/\/i0.wp.com\/correiodasemana.com\/site\/wp-content\/uploads\/2021\/09\/Dr-Chico-Prado-Trofeu-Dom-Jose-1-1.jpg?resize=700%2C400&ssl=1 2x"},"classes":[]}],"jetpack_sharing_enabled":true,"_links":{"self":[{"href":"https:\/\/correiodasemana.com\/site\/wp-json\/wp\/v2\/posts\/29815","targetHints":{"allow":["GET"]}}],"collection":[{"href":"https:\/\/correiodasemana.com\/site\/wp-json\/wp\/v2\/posts"}],"about":[{"href":"https:\/\/correiodasemana.com\/site\/wp-json\/wp\/v2\/types\/post"}],"author":[{"embeddable":true,"href":"https:\/\/correiodasemana.com\/site\/wp-json\/wp\/v2\/users\/7"}],"replies":[{"embeddable":true,"href":"https:\/\/correiodasemana.com\/site\/wp-json\/wp\/v2\/comments?post=29815"}],"version-history":[{"count":1,"href":"https:\/\/correiodasemana.com\/site\/wp-json\/wp\/v2\/posts\/29815\/revisions"}],"predecessor-version":[{"id":29817,"href":"https:\/\/correiodasemana.com\/site\/wp-json\/wp\/v2\/posts\/29815\/revisions\/29817"}],"wp:featuredmedia":[{"embeddable":true,"href":"https:\/\/correiodasemana.com\/site\/wp-json\/wp\/v2\/media\/29816"}],"wp:attachment":[{"href":"https:\/\/correiodasemana.com\/site\/wp-json\/wp\/v2\/media?parent=29815"}],"wp:term":[{"taxonomy":"category","embeddable":true,"href":"https:\/\/correiodasemana.com\/site\/wp-json\/wp\/v2\/categories?post=29815"},{"taxonomy":"post_tag","embeddable":true,"href":"https:\/\/correiodasemana.com\/site\/wp-json\/wp\/v2\/tags?post=29815"}],"curies":[{"name":"wp","href":"https:\/\/api.w.org\/{rel}","templated":true}]}}