{"id":29912,"date":"2024-07-08T23:34:58","date_gmt":"2024-07-09T02:34:58","guid":{"rendered":"https:\/\/correiodasemana.com\/site\/?p=29912"},"modified":"2024-07-08T23:34:58","modified_gmt":"2024-07-09T02:34:58","slug":"a-paz-inquieta-2","status":"publish","type":"post","link":"https:\/\/correiodasemana.com\/site\/a-paz-inquieta-2\/","title":{"rendered":"A PAZ INQUIETA"},"content":{"rendered":"<p>Entre as muitas express\u00f5es e can\u00e7\u00f5es que criou, Padre Zezinho cunhou a express\u00e3o \u201cpaz inquieta\u201d, nos anos 1970. Apesar de ser pouco popular entre os cat\u00f3licos, essa forma de viver em paz deve fazer parte do nosso compromisso com a constru\u00e7\u00e3o do Reino de Deus.<br \/>\nPode at\u00e9 parecer um pouco dif\u00edcil entender o que \u00e9 paz inquieta, quando nos tempos de hoje fala-se tanto em bem-estar pessoal, satisfa\u00e7\u00e3o pessoal, felicidade pessoal. \u00c9 tudo muito pessoal e quase nunca se ultrapassa a dimens\u00e3o do eu. Essa s\u00e1bia express\u00e3o toca na grande ferida da sociedade: o ego\u00edsmo que suprime o \u201cn\u00f3s\u201d em favor do \u201ceu\u201d.<br \/>\nA experi\u00eancia crist\u00e3 do \u201cpai-nosso\u201d e do \u201cp\u00e3o nosso\u201d muda o conceito de que estar em paz \u00e9 estar sossegado, com todos os problemas resolvidos, sem conflito com ningu\u00e9m e que seja cada um por si. A verdadeira constru\u00e7\u00e3o da paz est\u00e1 intimamente ligada \u00e0 experi\u00eancia da partilha, do amor ao pr\u00f3ximo, da luta prof\u00e9tica em favor dos que sofrem.<br \/>\nLembramos, assim, das figuras b\u00edblicas de Jeremias, Isa\u00edas, Am\u00f3s, Jo\u00e3o Batista e Jesus que encarnaram a for\u00e7a transformadora da paz inquieta. Viveram grandes conflitos em seu tempo, enfrentaram a trama e a prepot\u00eancia dos poderosos, mas nunca perderam a paz.<br \/>\nFoi a paz inquieta que motivou os profetas de ontem e de hoje. Dom H\u00e9lder C\u00e2mara, Irm\u00e3 Dulce, Madre Teresa de Calcut\u00e1, Mahatma Gandhi, Nelson Mandela eram pessoas inundadas de paz, mas dispostas a correr riscos pelos pobres e exclu\u00eddos. Homens e mulheres profundamente inquietos com a dor do outro. Tantos an\u00f4nimos chamados \u00e0 caridade e ao total servi\u00e7o dos outros, que sabem que o bem de um depende do bem dos outros.<br \/>\nPadre Zezinho explicou a express\u00e3o por ele criada dizendo que \u201cpaz que n\u00e3o nos deixa inquietos com a dor do outro n\u00e3o \u00e9 paz\u201d. \u00c9 a paz de quem tem a coragem de dizer: \u201cEstou bem, mas h\u00e1 muita gente que n\u00e3o est\u00e1. Agora vou viver por eles\u201d. \u00c9 a paz de quem parece ter o DNA da alteridade e se n\u00e3o pode transformar o mundo inteiro, transforma o mundo que lhe rodeia, mesmo que seja com pequenos gestos.<br \/>\nPortanto, n\u00e3o nos iludamos com a paz que \u00e9 pensada pelo mundo. A paz verdadeira passa pelo outro e se faz concreta na comunidade, na sociedade, na coletividade. A corrup\u00e7\u00e3o, a injusti\u00e7a, a desigualdade, a pen\u00faria dos inocentes, a cobi\u00e7a dos culpados, tudo isso nos inquieta. A esperan\u00e7a, o amor, a juventude, as virtudes dos homens de boa vontade, tudo isso nos deixa em paz. Sigamos pelo mundo inquietos, por\u00e9m em paz.<\/p>\n","protected":false},"excerpt":{"rendered":"<p>Entre as muitas express\u00f5es e can\u00e7\u00f5es que criou, Padre Zezinho cunhou a express\u00e3o \u201cpaz inquieta\u201d,&#8230;<\/p>\n","protected":false},"author":7,"featured_media":75,"comment_status":"open","ping_status":"open","sticky":false,"template":"","format":"standard","meta":{"_jetpack_memberships_contains_paid_content":false,"footnotes":"","jetpack_publicize_message":"","jetpack_publicize_feature_enabled":true,"jetpack_social_post_already_shared":true,"jetpack_social_options":{"image_generator_settings":{"template":"highway","default_image_id":0,"font":"","enabled":false},"version":2}},"categories":[20],"tags":[],"class_list":["post-29912","post","type-post","status-publish","format-standard","has-post-thumbnail","hentry","category-editorial"],"jetpack_publicize_connections":[],"jetpack_featured_media_url":"https:\/\/correiodasemana.com\/site\/wp-content\/uploads\/2019\/07\/editorial-cs.jpg","jetpack-related-posts":[{"id":32142,"url":"https:\/\/correiodasemana.com\/site\/a-paz-inquieta-3\/","url_meta":{"origin":29912,"position":0},"title":"A paz inquieta","author":"adminredacao","date":"Janeiro 15, 2025","format":false,"excerpt":"Entre as muitas express\u00f5es e can\u00e7\u00f5es que criou, Padre Zezinho cunhou a express\u00e3o \u201cpaz inquieta\u201d, nos anos 1970. Apesar de ser pouco popular entre os cat\u00f3licos, essa forma de viver em paz deve fazer parte do nosso compromisso com a constru\u00e7\u00e3o do Reino de Deus. Pode at\u00e9 parecer um pouco\u2026","rel":"","context":"In &quot;Artigos&quot;","block_context":{"text":"Artigos","link":"https:\/\/correiodasemana.com\/site\/category\/artigos\/"},"img":{"alt_text":"","src":"https:\/\/i0.wp.com\/correiodasemana.com\/site\/wp-content\/uploads\/2019\/07\/editorial-cs.jpg?resize=350%2C200&ssl=1","width":350,"height":200,"srcset":"https:\/\/i0.wp.com\/correiodasemana.com\/site\/wp-content\/uploads\/2019\/07\/editorial-cs.jpg?resize=350%2C200&ssl=1 1x, https:\/\/i0.wp.com\/correiodasemana.com\/site\/wp-content\/uploads\/2019\/07\/editorial-cs.jpg?resize=525%2C300&ssl=1 1.5x"},"classes":[]},{"id":20137,"url":"https:\/\/correiodasemana.com\/site\/a-paz-inquieta\/","url_meta":{"origin":29912,"position":1},"title":"A paz inquieta","author":"","date":"Junho 13, 2022","format":false,"excerpt":"Entre as muitas express\u00f5es e can\u00e7\u00f5es que criou, Padre Zezinho cunhou a express\u00e3o \u201cpaz inquieta\u201d, nos anos 1970. Apesar de ser pouco popular entre os cat\u00f3licos, essa forma de viver em paz deve fazer parte do nosso compromisso com a constru\u00e7\u00e3o do Reino de Deus. Pode at\u00e9 parecer um pouco\u2026","rel":"","context":"In &quot;Artigos&quot;","block_context":{"text":"Artigos","link":"https:\/\/correiodasemana.com\/site\/category\/artigos\/"},"img":{"alt_text":"","src":"https:\/\/i0.wp.com\/correiodasemana.com\/site\/wp-content\/uploads\/2019\/07\/editorial-cs.jpg?resize=350%2C200&ssl=1","width":350,"height":200,"srcset":"https:\/\/i0.wp.com\/correiodasemana.com\/site\/wp-content\/uploads\/2019\/07\/editorial-cs.jpg?resize=350%2C200&ssl=1 1x, https:\/\/i0.wp.com\/correiodasemana.com\/site\/wp-content\/uploads\/2019\/07\/editorial-cs.jpg?resize=525%2C300&ssl=1 1.5x"},"classes":[]},{"id":27992,"url":"https:\/\/correiodasemana.com\/site\/chamados-a-construir-a-paz\/","url_meta":{"origin":29912,"position":2},"title":"Chamados a construir a paz","author":"adminredacao","date":"Janeiro 8, 2024","format":false,"excerpt":"Estamos iniciando mais um ano do calend\u00e1rio civil e, em nossa primeira edi\u00e7\u00e3o de 2024, iniciamos falando de paz. Nunca \u00e9 demais iniciar o ano falando de paz, sabendo que ela \u00e9 t\u00e3o necess\u00e1ria para as fam\u00edlias, para as na\u00e7\u00f5es e para o mundo como um todo. Sabendo tamb\u00e9m que\u2026","rel":"","context":"In &quot;Artigos&quot;","block_context":{"text":"Artigos","link":"https:\/\/correiodasemana.com\/site\/category\/artigos\/"},"img":{"alt_text":"","src":"https:\/\/i0.wp.com\/correiodasemana.com\/site\/wp-content\/uploads\/2019\/07\/editorial-cs.jpg?resize=350%2C200&ssl=1","width":350,"height":200,"srcset":"https:\/\/i0.wp.com\/correiodasemana.com\/site\/wp-content\/uploads\/2019\/07\/editorial-cs.jpg?resize=350%2C200&ssl=1 1x, https:\/\/i0.wp.com\/correiodasemana.com\/site\/wp-content\/uploads\/2019\/07\/editorial-cs.jpg?resize=525%2C300&ssl=1 1.5x"},"classes":[]},{"id":18535,"url":"https:\/\/correiodasemana.com\/site\/dom-walmor-oliveira-de-azevedo\/","url_meta":{"origin":29912,"position":3},"title":"Dom Walmor Oliveira de Azevedo","author":"","date":"Janeiro 10, 2022","format":false,"excerpt":"Os votos de um ano novo aben\u00e7oado precisam estar vinculados ao compromisso de ser mensageiro da paz. E para bem assumir essa tarefa, \u00e9 preciso cuidar da pr\u00f3pria interioridade, pois o cora\u00e7\u00e3o humano \u00e9 construtor da paz, com reflexos nas din\u00e2micas familiares, institucionais e sociais. Por isso mesmo, na abertura\u2026","rel":"","context":"In &quot;A voz do Pastor&quot;","block_context":{"text":"A voz do Pastor","link":"https:\/\/correiodasemana.com\/site\/category\/a-voz-do-pastor\/"},"img":{"alt_text":"","src":"https:\/\/i0.wp.com\/correiodasemana.com\/site\/wp-content\/uploads\/2019\/07\/Dom-Vasconcelos-posses.jpg?resize=350%2C200&ssl=1","width":350,"height":200,"srcset":"https:\/\/i0.wp.com\/correiodasemana.com\/site\/wp-content\/uploads\/2019\/07\/Dom-Vasconcelos-posses.jpg?resize=350%2C200&ssl=1 1x, https:\/\/i0.wp.com\/correiodasemana.com\/site\/wp-content\/uploads\/2019\/07\/Dom-Vasconcelos-posses.jpg?resize=525%2C300&ssl=1 1.5x, https:\/\/i0.wp.com\/correiodasemana.com\/site\/wp-content\/uploads\/2019\/07\/Dom-Vasconcelos-posses.jpg?resize=700%2C400&ssl=1 2x"},"classes":[]},{"id":23260,"url":"https:\/\/correiodasemana.com\/site\/tribunal-do-coracao\/","url_meta":{"origin":29912,"position":4},"title":"Tribunal do cora\u00e7\u00e3o","author":"adminredacao","date":"Janeiro 31, 2023","format":false,"excerpt":"Tribunal do cora\u00e7\u00e3o \u00e9 refer\u00eancia ao \u201ccentro de comando\u201d que define atitudes, sentimentos e escolhas no percurso da vida. Uma express\u00e3o que faz parte do processo de dire\u00e7\u00e3o espiritual, por sublinhar que a qualifica\u00e7\u00e3o da exist\u00eancia humana se relaciona com o que est\u00e1 no interior do cora\u00e7\u00e3o. Ora, viver \u00e9\u2026","rel":"","context":"In &quot;A voz do Pastor&quot;","block_context":{"text":"A voz do Pastor","link":"https:\/\/correiodasemana.com\/site\/category\/a-voz-do-pastor\/"},"img":{"alt_text":"","src":"https:\/\/i0.wp.com\/correiodasemana.com\/site\/wp-content\/uploads\/2018\/02\/Dom-Vasconcelos-posses.jpg?resize=350%2C200&ssl=1","width":350,"height":200,"srcset":"https:\/\/i0.wp.com\/correiodasemana.com\/site\/wp-content\/uploads\/2018\/02\/Dom-Vasconcelos-posses.jpg?resize=350%2C200&ssl=1 1x, https:\/\/i0.wp.com\/correiodasemana.com\/site\/wp-content\/uploads\/2018\/02\/Dom-Vasconcelos-posses.jpg?resize=525%2C300&ssl=1 1.5x, https:\/\/i0.wp.com\/correiodasemana.com\/site\/wp-content\/uploads\/2018\/02\/Dom-Vasconcelos-posses.jpg?resize=700%2C400&ssl=1 2x"},"classes":[]},{"id":21999,"url":"https:\/\/correiodasemana.com\/site\/catequese-do-papa-francisco\/","url_meta":{"origin":29912,"position":5},"title":"Catequese do Papa Francisco","author":"","date":"Novembro 30, 2022","format":false,"excerpt":"\"A consola\u00e7\u00e3o aut\u00eantica\" foi o tema da catequese do Papa Francisco na Audi\u00eancia Geral desta quarta-feira, realizada na Pra\u00e7a S\u00e3o Pedro. Continuando a reflex\u00e3o sobre o discernimento, o Papa recordou a seguinte passagem dos Exerc\u00edcios espirituais de Santo In\u00e1cio de Loyola. Reza assim: \u00abSe nos pensamentos tudo \u00e9 bom, o\u2026","rel":"","context":"In &quot;Atualidade&quot;","block_context":{"text":"Atualidade","link":"https:\/\/correiodasemana.com\/site\/category\/atualidade\/"},"img":{"alt_text":"","src":"https:\/\/i0.wp.com\/correiodasemana.com\/site\/wp-content\/uploads\/2022\/11\/8f958952253c39d53d2214af0df25ae78ce1110d-1-960x540-2.jpg?resize=350%2C200&ssl=1","width":350,"height":200,"srcset":"https:\/\/i0.wp.com\/correiodasemana.com\/site\/wp-content\/uploads\/2022\/11\/8f958952253c39d53d2214af0df25ae78ce1110d-1-960x540-2.jpg?resize=350%2C200&ssl=1 1x, https:\/\/i0.wp.com\/correiodasemana.com\/site\/wp-content\/uploads\/2022\/11\/8f958952253c39d53d2214af0df25ae78ce1110d-1-960x540-2.jpg?resize=525%2C300&ssl=1 1.5x, https:\/\/i0.wp.com\/correiodasemana.com\/site\/wp-content\/uploads\/2022\/11\/8f958952253c39d53d2214af0df25ae78ce1110d-1-960x540-2.jpg?resize=700%2C400&ssl=1 2x"},"classes":[]}],"jetpack_sharing_enabled":true,"_links":{"self":[{"href":"https:\/\/correiodasemana.com\/site\/wp-json\/wp\/v2\/posts\/29912","targetHints":{"allow":["GET"]}}],"collection":[{"href":"https:\/\/correiodasemana.com\/site\/wp-json\/wp\/v2\/posts"}],"about":[{"href":"https:\/\/correiodasemana.com\/site\/wp-json\/wp\/v2\/types\/post"}],"author":[{"embeddable":true,"href":"https:\/\/correiodasemana.com\/site\/wp-json\/wp\/v2\/users\/7"}],"replies":[{"embeddable":true,"href":"https:\/\/correiodasemana.com\/site\/wp-json\/wp\/v2\/comments?post=29912"}],"version-history":[{"count":1,"href":"https:\/\/correiodasemana.com\/site\/wp-json\/wp\/v2\/posts\/29912\/revisions"}],"predecessor-version":[{"id":29913,"href":"https:\/\/correiodasemana.com\/site\/wp-json\/wp\/v2\/posts\/29912\/revisions\/29913"}],"wp:featuredmedia":[{"embeddable":true,"href":"https:\/\/correiodasemana.com\/site\/wp-json\/wp\/v2\/media\/75"}],"wp:attachment":[{"href":"https:\/\/correiodasemana.com\/site\/wp-json\/wp\/v2\/media?parent=29912"}],"wp:term":[{"taxonomy":"category","embeddable":true,"href":"https:\/\/correiodasemana.com\/site\/wp-json\/wp\/v2\/categories?post=29912"},{"taxonomy":"post_tag","embeddable":true,"href":"https:\/\/correiodasemana.com\/site\/wp-json\/wp\/v2\/tags?post=29912"}],"curies":[{"name":"wp","href":"https:\/\/api.w.org\/{rel}","templated":true}]}}