{"id":29975,"date":"2024-07-16T15:38:34","date_gmt":"2024-07-16T18:38:34","guid":{"rendered":"https:\/\/correiodasemana.com\/site\/?p=29975"},"modified":"2024-07-16T15:38:34","modified_gmt":"2024-07-16T18:38:34","slug":"solenidade-de-outorga-da-medalha-academico-ribeiro-ramos-ao-dr-francisco-de-assis-vasconcelos-arruda","status":"publish","type":"post","link":"https:\/\/correiodasemana.com\/site\/solenidade-de-outorga-da-medalha-academico-ribeiro-ramos-ao-dr-francisco-de-assis-vasconcelos-arruda\/","title":{"rendered":"Solenidade de Outorga da Medalha Acad\u00eamico Ribeiro Ramos ao Dr. Francisco de Assis Vasconcelos Arruda"},"content":{"rendered":"<p>Ontem, 12 de julho de 2024, a Academia Sobralense de Estudos e Letras-ASEL realizou em seu audit\u00f3rio, no MESS, Sess\u00e3o Solene para outorga da Medalha Acad\u00eamico Ribeiro Ramos ao seu Acad\u00eamico Dr., escritor e genealogista, Francisco de Assis Vasconcelos Arruda.<br \/>\nA Medalha Acad\u00eamico Ribeiro Ramos \u00e9 a maior comenda criada pela ASEL e se destina \u00e0 altas personalidades rigorosamente escolhidas pela Diretoria da agremia\u00e7\u00e3o. O Dr. Assis Arruda, como gosta de ser chamado, \u00e9 o nono felizardo a ser contemplado com a cobi\u00e7ada Medalha.<br \/>\nA mesa de honra fora composta pelo Presidente de Honra da Academia, Professor e Acad\u00eamico Dr. Jo\u00e3o Edison de Andrade, pelo Acad\u00eamico e Escritor Arnaud de Holanda Cavalcante, Presidente da ASEL, pela Profa. Chrislene Carvalho dos Santos Pereira Cavalcante, Vice-Presidente da ASEL, pelo Dr. Oscar Sp\u00edndola Rodrigues J\u00fanior, Chanceler das Faculdades INTA e Deputado Estadual, pelo Acad\u00eamico Dr. Francisco de Assis Vasconcelos Arruda, o homenageado, pelo Acad\u00eamico Jos\u00e9 Ferreira Portella Netto, decano da ASEL, pela empres\u00e1ria Marieta Ramos Arruda Rosenthal, representante da fam\u00edlia Ribeiro Ramos e pelo Acad\u00eamico e escritor Jos\u00e9 Joab Arag\u00e3o, Secret\u00e1rio da ASEL.<br \/>\nA seguir o Mestre de Cerim\u00f4nia, Liduino S\u00e1, anunciou a entrada triunfal do homenageado ao recinto; momento de grandes aplausos.<br \/>\nOs familiares, os amigos, os Acad\u00eamicos da Academia Sobralense de Estudos e Letras-ASEL, da Academia de Massap\u00ea e da Academia de Ipu, al\u00e9m de v\u00e1rias autoridades e v\u00e1rios S\u00f3cios Correspondentes deste Silogeu, lotaram o audit\u00f3rio para prestarem homenagem ao pretenso medalhista.<br \/>\nAp\u00f3s a Composi\u00e7\u00e3o da mesa de honra, o Presidente abriu oficialmente os trabalhos, e, a seguir, fora executado o Hino Nacional.<br \/>\nA sauda\u00e7\u00e3o ao agraciado ficou por conta da Vice-Presidente da ASEL, Professora Chrislene, que lembrou passagens de sua inf\u00e2ncia e fez uma retrospectiva de suas conquistas. Realmente uma fala que empolgou a todos e que trouxe vis\u00edveis emo\u00e7\u00f5es ao homenageado.<br \/>\nDando continuidade \u00e1 solenidade, o Presidente e o Presidente de Honra da ASEL fizeram a entrega da Medalha e do Diploma ao Dr. Francisco de Assis Vasconcelos Arruda que foi ovacionado e novamente tocado pela emo\u00e7\u00e3o.<br \/>\nJ\u00e1 com a Medalha aposta no peito o Dr. Assis Arruda proferiu o seu discurso de agradecimento ao Presidente da ASEL e aos seus amigos acad\u00eamicos, inclusive aos seus familiares e a todos que se fizeram presentes a t\u00e3o pomposo momento.<br \/>\nA empres\u00e1ria Marieta Ramos Arruda Rosenthal, representando a fam\u00edlia Ribeiro Ramos, agradeceu a homenagem ao seu imortal genitor, visto que a Medalha tem o seu nome e ainda leva a sua imagem fixada eternamente nela.<br \/>\nLogo ap\u00f3s sua fala o Dr. Assis Arruda lhe entregou um op\u00fasculo, ainda no prelo, que narra a vida do casal Dinorah Tomaz Ramos e Jo\u00e3o Ribeiro Ramos.<br \/>\nAp\u00f3s esses momentos t\u00e3o cheios de significados para a Academia, a Sra. Maria Alice Arruda, emocionada, fez uso da palavra para lembrar momentos passados ao lado do casal Dinorah e Jo\u00e3o Ribeiro Ramos que eram seus tios.<br \/>\nJ\u00e1 no final, o Presidente, Arnaud de Holanda Cavalcante, fez a entrega da 2\u00aa via de um diploma de S\u00f3cio Correspondente ao Senhor Benedito Vasconcelos Mendes que, ao receb\u00ea-lo, falou, brevemente, agradecendo. Pari passu o Secret\u00e1rio, Acad\u00eamico Jos\u00e9 Joab Arag\u00e3o, leu a Ata do evento que a seguir foi assinada garantindo assim a sua autenticidade<br \/>\nA parte musical ficou por conta da musicista e parceira da ASEL, Professora Ivana S\u00e1, que brilhou executando v\u00e1rios cl\u00e1ssicos, alguns deles animados pela voz da soprano Z\u00e9lia Cantante.<br \/>\nAssim, depois de tantos momentos festivos, o Presidente solicitou que todos cantassem parab\u00e9ns ao homenageado e encerrou a solenidade convidando a todos para um gostoso coquetel.<\/p>\n","protected":false},"excerpt":{"rendered":"<p>Ontem, 12 de julho de 2024, a Academia Sobralense de Estudos e Letras-ASEL realizou em&#8230;<\/p>\n","protected":false},"author":7,"featured_media":29976,"comment_status":"open","ping_status":"open","sticky":false,"template":"","format":"standard","meta":{"_jetpack_memberships_contains_paid_content":false,"footnotes":"","jetpack_publicize_message":"","jetpack_publicize_feature_enabled":true,"jetpack_social_post_already_shared":true,"jetpack_social_options":{"image_generator_settings":{"template":"highway","default_image_id":0,"font":"","enabled":false},"version":2}},"categories":[1],"tags":[],"class_list":["post-29975","post","type-post","status-publish","format-standard","has-post-thumbnail","hentry","category-atualidade"],"jetpack_publicize_connections":[],"jetpack_featured_media_url":"https:\/\/correiodasemana.com\/site\/wp-content\/uploads\/2024\/07\/WhatsApp-Image-2024-07-14-at-12.44.07.jpeg","jetpack-related-posts":[{"id":35627,"url":"https:\/\/correiodasemana.com\/site\/asel-homenageia-domingos-olimpio-nos-175-anos-de-nascimento\/","url_meta":{"origin":29975,"position":0},"title":"ASEL homenageia Domingos Ol\u00edmpio nos 175 anos de nascimento","author":"adminredacao","date":"Setembro 28, 2025","format":false,"excerpt":"Sess\u00e3o Magna da ASEL no Audit\u00f3rio do UNINTA Visita nos locais descritos no livro Luzia Homem A Academia Sobralense de Estudos e Letras (ASEL), com o apoio da Prefeitura Municipal de Sobral e do Centro Universit\u00e1rio Inta \u2013 UNINTA, prestou uma justa homenagem ao romancista sobralense Domingos Ol\u00edmpio Braga Cavalcanti,\u2026","rel":"","context":"In &quot;Atualidade&quot;","block_context":{"text":"Atualidade","link":"https:\/\/correiodasemana.com\/site\/category\/atualidade\/"},"img":{"alt_text":"","src":"https:\/\/i0.wp.com\/correiodasemana.com\/site\/wp-content\/uploads\/2025\/09\/uninta-4-scaled.jpg?resize=350%2C200&ssl=1","width":350,"height":200,"srcset":"https:\/\/i0.wp.com\/correiodasemana.com\/site\/wp-content\/uploads\/2025\/09\/uninta-4-scaled.jpg?resize=350%2C200&ssl=1 1x, https:\/\/i0.wp.com\/correiodasemana.com\/site\/wp-content\/uploads\/2025\/09\/uninta-4-scaled.jpg?resize=525%2C300&ssl=1 1.5x, https:\/\/i0.wp.com\/correiodasemana.com\/site\/wp-content\/uploads\/2025\/09\/uninta-4-scaled.jpg?resize=700%2C400&ssl=1 2x, https:\/\/i0.wp.com\/correiodasemana.com\/site\/wp-content\/uploads\/2025\/09\/uninta-4-scaled.jpg?resize=1050%2C600&ssl=1 3x, https:\/\/i0.wp.com\/correiodasemana.com\/site\/wp-content\/uploads\/2025\/09\/uninta-4-scaled.jpg?resize=1400%2C800&ssl=1 4x"},"classes":[]},{"id":25727,"url":"https:\/\/correiodasemana.com\/site\/comendador-jose-luis-lira-recebe-medalha-academico-ribeiro-ramos\/","url_meta":{"origin":29975,"position":1},"title":"Comendador Jos\u00e9 Lu\u00eds Lira recebe Medalha Acad\u00eamico Ribeiro Ramos","author":"adminredacao","date":"Julho 17, 2023","format":false,"excerpt":"Noite de sexta-feira, 14, no Memorial da Educa\u00e7\u00e3o Superior de Sobral (MESS), encerrando uma semana de eventos em homenagem aos 250 anos de Sobral, a Academia Sobralense de Estudos e Letras, presidida pelo Acad\u00eamico Arnaud de Holanda Cavalcante, outorgou ao Acad\u00eamico Jos\u00e9 Lu\u00eds Lira, Comendador da Ordem Equestre do Santo\u2026","rel":"","context":"In &quot;Atualidade&quot;","block_context":{"text":"Atualidade","link":"https:\/\/correiodasemana.com\/site\/category\/atualidade\/"},"img":{"alt_text":"","src":"https:\/\/i0.wp.com\/correiodasemana.com\/site\/wp-content\/uploads\/2023\/07\/WhatsApp-Image-2023-07-14-at-23.52.44-2-1.jpeg?resize=350%2C200&ssl=1","width":350,"height":200,"srcset":"https:\/\/i0.wp.com\/correiodasemana.com\/site\/wp-content\/uploads\/2023\/07\/WhatsApp-Image-2023-07-14-at-23.52.44-2-1.jpeg?resize=350%2C200&ssl=1 1x, https:\/\/i0.wp.com\/correiodasemana.com\/site\/wp-content\/uploads\/2023\/07\/WhatsApp-Image-2023-07-14-at-23.52.44-2-1.jpeg?resize=525%2C300&ssl=1 1.5x, https:\/\/i0.wp.com\/correiodasemana.com\/site\/wp-content\/uploads\/2023\/07\/WhatsApp-Image-2023-07-14-at-23.52.44-2-1.jpeg?resize=700%2C400&ssl=1 2x, https:\/\/i0.wp.com\/correiodasemana.com\/site\/wp-content\/uploads\/2023\/07\/WhatsApp-Image-2023-07-14-at-23.52.44-2-1.jpeg?resize=1050%2C600&ssl=1 3x, https:\/\/i0.wp.com\/correiodasemana.com\/site\/wp-content\/uploads\/2023\/07\/WhatsApp-Image-2023-07-14-at-23.52.44-2-1.jpeg?resize=1400%2C800&ssl=1 4x"},"classes":[]},{"id":20124,"url":"https:\/\/correiodasemana.com\/site\/centenario-da-academia-sobralense-de-letras\/","url_meta":{"origin":29975,"position":2},"title":"Centen\u00e1rio da Academia Sobralense de Letras","author":"","date":"Junho 13, 2022","format":false,"excerpt":"Ter\u00e7a-feira, dia 7, foi o dia dos 100 anos da funda\u00e7\u00e3o da Academia Sobralense de Letras que teve reuni\u00e3o preparat\u00f3ria em 3 de maio de 1922, fundada pelo Pe. Leopoldo Fernandes que j\u00e1 havia sido p\u00e1roco da Igreja da S\u00e9 de Sobral e Diretor do Correio da Semana e naquele\u2026","rel":"","context":"In &quot;Atualidade&quot;","block_context":{"text":"Atualidade","link":"https:\/\/correiodasemana.com\/site\/category\/atualidade\/"},"img":{"alt_text":"","src":"https:\/\/i0.wp.com\/correiodasemana.com\/site\/wp-content\/uploads\/2022\/06\/academia-sobralense-de-letras-1.jpeg?resize=350%2C200&ssl=1","width":350,"height":200,"srcset":"https:\/\/i0.wp.com\/correiodasemana.com\/site\/wp-content\/uploads\/2022\/06\/academia-sobralense-de-letras-1.jpeg?resize=350%2C200&ssl=1 1x, https:\/\/i0.wp.com\/correiodasemana.com\/site\/wp-content\/uploads\/2022\/06\/academia-sobralense-de-letras-1.jpeg?resize=525%2C300&ssl=1 1.5x, https:\/\/i0.wp.com\/correiodasemana.com\/site\/wp-content\/uploads\/2022\/06\/academia-sobralense-de-letras-1.jpeg?resize=700%2C400&ssl=1 2x, https:\/\/i0.wp.com\/correiodasemana.com\/site\/wp-content\/uploads\/2022\/06\/academia-sobralense-de-letras-1.jpeg?resize=1050%2C600&ssl=1 3x"},"classes":[]},{"id":31075,"url":"https:\/\/correiodasemana.com\/site\/a-academia-sobralense-de-estudos-e-letras-asel-empossa-seu-novo-imortal-francisco-liduino-rodrigues-de-sa-na-cadeira-36\/","url_meta":{"origin":29975,"position":3},"title":"A Academia Sobralense de Estudos e Letras-asel empossa seu novo imortal, Francisco Liduino Rodrigues de S\u00e1, na Cadeira 36","author":"adminredacao","date":"Outubro 21, 2024","format":false,"excerpt":"Na noite de 18 de outubro de 2024 a Academia Sobralense de Estudos e Letras-ASEL, recebeu ilustres convidados, dentre eles 14 acad\u00eamicos e mais familiares e amigos do Professor e Escritor Francisco Liduino Rodrigues de S\u00e1 que foi empossado na Cadeira 36 e agora \u00e9 membro efetivo deste Centen\u00e1rio Silogeu.\u2026","rel":"","context":"In &quot;Atualidade&quot;","block_context":{"text":"Atualidade","link":"https:\/\/correiodasemana.com\/site\/category\/atualidade\/"},"img":{"alt_text":"","src":"https:\/\/i0.wp.com\/correiodasemana.com\/site\/wp-content\/uploads\/2024\/10\/grande-scaled.jpg?resize=350%2C200&ssl=1","width":350,"height":200,"srcset":"https:\/\/i0.wp.com\/correiodasemana.com\/site\/wp-content\/uploads\/2024\/10\/grande-scaled.jpg?resize=350%2C200&ssl=1 1x, https:\/\/i0.wp.com\/correiodasemana.com\/site\/wp-content\/uploads\/2024\/10\/grande-scaled.jpg?resize=525%2C300&ssl=1 1.5x, https:\/\/i0.wp.com\/correiodasemana.com\/site\/wp-content\/uploads\/2024\/10\/grande-scaled.jpg?resize=700%2C400&ssl=1 2x, https:\/\/i0.wp.com\/correiodasemana.com\/site\/wp-content\/uploads\/2024\/10\/grande-scaled.jpg?resize=1050%2C600&ssl=1 3x, https:\/\/i0.wp.com\/correiodasemana.com\/site\/wp-content\/uploads\/2024\/10\/grande-scaled.jpg?resize=1400%2C800&ssl=1 4x"},"classes":[]},{"id":29585,"url":"https:\/\/correiodasemana.com\/site\/sessao-solene-comemorativa-aos-102-anos-da-academia-sobralense-de-estudos-e-letras-asel\/","url_meta":{"origin":29975,"position":4},"title":"Sess\u00e3o solene comemorativa aos 102 anos da Academia Sobralense de Estudos e Letras \u2013 ASEL","author":"adminredacao","date":"Junho 10, 2024","format":false,"excerpt":"Ontem, dia 7 de junho de 2024, a Academia Sobralense de Estudos e Letras-ASEL, engalanada pelo momento e na companhia de seus associados e seguidores mais ilustres, celebrou com grande alegria os seus 102 anos de funda\u00e7\u00e3o. A ASEL sentiu-se honrada com a presen\u00e7a dos Acad\u00eamicos e demais convidados e\u2026","rel":"","context":"In &quot;Atualidade&quot;","block_context":{"text":"Atualidade","link":"https:\/\/correiodasemana.com\/site\/category\/atualidade\/"},"img":{"alt_text":"","src":"https:\/\/i0.wp.com\/correiodasemana.com\/site\/wp-content\/uploads\/2024\/06\/WhatsApp-Image-2024-06-08-at-09.51.17.jpeg?resize=350%2C200&ssl=1","width":350,"height":200,"srcset":"https:\/\/i0.wp.com\/correiodasemana.com\/site\/wp-content\/uploads\/2024\/06\/WhatsApp-Image-2024-06-08-at-09.51.17.jpeg?resize=350%2C200&ssl=1 1x, https:\/\/i0.wp.com\/correiodasemana.com\/site\/wp-content\/uploads\/2024\/06\/WhatsApp-Image-2024-06-08-at-09.51.17.jpeg?resize=525%2C300&ssl=1 1.5x, https:\/\/i0.wp.com\/correiodasemana.com\/site\/wp-content\/uploads\/2024\/06\/WhatsApp-Image-2024-06-08-at-09.51.17.jpeg?resize=700%2C400&ssl=1 2x, https:\/\/i0.wp.com\/correiodasemana.com\/site\/wp-content\/uploads\/2024\/06\/WhatsApp-Image-2024-06-08-at-09.51.17.jpeg?resize=1050%2C600&ssl=1 3x"},"classes":[]},{"id":25888,"url":"https:\/\/correiodasemana.com\/site\/livro-250-anos-de-sobral-e-patronos-do-ihgs-e-lancado\/","url_meta":{"origin":29975,"position":5},"title":"Livro \u201c250 Anos de Sobral e Patronos do IHGS\u201d \u00e9 lan\u00e7ado","author":"adminredacao","date":"Julho 31, 2023","format":false,"excerpt":"Na noite de quinta-feira (27), aconteceu o lan\u00e7amento do livro \u201c250 Anos de Sobral e Patronos do IHGS\u201d, de responsabilidade do Instituto Hist\u00f3rico e Geogr\u00e1fico de Sobral, realizado no Audit\u00f3rio Oscar Spindola Rodrigues, do Centro Universit\u00e1rio UNINTA. A mesa foi composta pelo presidente do Instituto Hist\u00f3rico e Geogr\u00e1fico de Sobral,\u2026","rel":"","context":"In &quot;Atualidade&quot;","block_context":{"text":"Atualidade","link":"https:\/\/correiodasemana.com\/site\/category\/atualidade\/"},"img":{"alt_text":"","src":"https:\/\/i0.wp.com\/correiodasemana.com\/site\/wp-content\/uploads\/2023\/07\/Representantes-da-Comissao-Organizadora-do-livro.jpeg?resize=350%2C200&ssl=1","width":350,"height":200,"srcset":"https:\/\/i0.wp.com\/correiodasemana.com\/site\/wp-content\/uploads\/2023\/07\/Representantes-da-Comissao-Organizadora-do-livro.jpeg?resize=350%2C200&ssl=1 1x, https:\/\/i0.wp.com\/correiodasemana.com\/site\/wp-content\/uploads\/2023\/07\/Representantes-da-Comissao-Organizadora-do-livro.jpeg?resize=525%2C300&ssl=1 1.5x, https:\/\/i0.wp.com\/correiodasemana.com\/site\/wp-content\/uploads\/2023\/07\/Representantes-da-Comissao-Organizadora-do-livro.jpeg?resize=700%2C400&ssl=1 2x, https:\/\/i0.wp.com\/correiodasemana.com\/site\/wp-content\/uploads\/2023\/07\/Representantes-da-Comissao-Organizadora-do-livro.jpeg?resize=1050%2C600&ssl=1 3x, https:\/\/i0.wp.com\/correiodasemana.com\/site\/wp-content\/uploads\/2023\/07\/Representantes-da-Comissao-Organizadora-do-livro.jpeg?resize=1400%2C800&ssl=1 4x"},"classes":[]}],"jetpack_sharing_enabled":true,"_links":{"self":[{"href":"https:\/\/correiodasemana.com\/site\/wp-json\/wp\/v2\/posts\/29975","targetHints":{"allow":["GET"]}}],"collection":[{"href":"https:\/\/correiodasemana.com\/site\/wp-json\/wp\/v2\/posts"}],"about":[{"href":"https:\/\/correiodasemana.com\/site\/wp-json\/wp\/v2\/types\/post"}],"author":[{"embeddable":true,"href":"https:\/\/correiodasemana.com\/site\/wp-json\/wp\/v2\/users\/7"}],"replies":[{"embeddable":true,"href":"https:\/\/correiodasemana.com\/site\/wp-json\/wp\/v2\/comments?post=29975"}],"version-history":[{"count":1,"href":"https:\/\/correiodasemana.com\/site\/wp-json\/wp\/v2\/posts\/29975\/revisions"}],"predecessor-version":[{"id":29977,"href":"https:\/\/correiodasemana.com\/site\/wp-json\/wp\/v2\/posts\/29975\/revisions\/29977"}],"wp:featuredmedia":[{"embeddable":true,"href":"https:\/\/correiodasemana.com\/site\/wp-json\/wp\/v2\/media\/29976"}],"wp:attachment":[{"href":"https:\/\/correiodasemana.com\/site\/wp-json\/wp\/v2\/media?parent=29975"}],"wp:term":[{"taxonomy":"category","embeddable":true,"href":"https:\/\/correiodasemana.com\/site\/wp-json\/wp\/v2\/categories?post=29975"},{"taxonomy":"post_tag","embeddable":true,"href":"https:\/\/correiodasemana.com\/site\/wp-json\/wp\/v2\/tags?post=29975"}],"curies":[{"name":"wp","href":"https:\/\/api.w.org\/{rel}","templated":true}]}}