{"id":30008,"date":"2024-07-16T15:54:48","date_gmt":"2024-07-16T18:54:48","guid":{"rendered":"https:\/\/correiodasemana.com\/site\/?p=30008"},"modified":"2024-07-16T15:54:48","modified_gmt":"2024-07-16T18:54:48","slug":"diocese-de-sobral-se-despede-de-margarida-maria-missionaria-e-evangelizadora","status":"publish","type":"post","link":"https:\/\/correiodasemana.com\/site\/diocese-de-sobral-se-despede-de-margarida-maria-missionaria-e-evangelizadora\/","title":{"rendered":"Diocese de Sobral se despede de Margarida Maria, mission\u00e1ria e evangelizadora"},"content":{"rendered":"<div id='gallery-1' class='gallery galleryid-30008 gallery-columns-6 gallery-size-thumbnail'><figure class='gallery-item'>\n\t\t\t<div class='gallery-icon landscape'>\n\t\t\t\t<a href='https:\/\/correiodasemana.com\/site\/diocese-de-sobral-se-despede-de-margarida-maria-missionaria-e-evangelizadora\/451070410_880579440761357_4197659107390764612_n\/'><img loading=\"lazy\" width=\"150\" height=\"150\" src=\"https:\/\/correiodasemana.com\/site\/wp-content\/uploads\/2024\/07\/451070410_880579440761357_4197659107390764612_n-150x150.jpg\" class=\"attachment-thumbnail size-thumbnail\" alt=\"451070410_880579440761357_4197659107390764612_n\" loading=\"lazy\" decoding=\"async\" \/><\/a>\n\t\t\t<\/div><\/figure><figure class='gallery-item'>\n\t\t\t<div class='gallery-icon landscape'>\n\t\t\t\t<a href='https:\/\/correiodasemana.com\/site\/diocese-de-sobral-se-despede-de-margarida-maria-missionaria-e-evangelizadora\/451266428_880579464094688_7469440233958134773_n\/'><img loading=\"lazy\" width=\"150\" height=\"150\" src=\"https:\/\/correiodasemana.com\/site\/wp-content\/uploads\/2024\/07\/451266428_880579464094688_7469440233958134773_n-150x150.jpg\" class=\"attachment-thumbnail size-thumbnail\" alt=\"451266428_880579464094688_7469440233958134773_n\" loading=\"lazy\" decoding=\"async\" \/><\/a>\n\t\t\t<\/div><\/figure><figure class='gallery-item'>\n\t\t\t<div class='gallery-icon landscape'>\n\t\t\t\t<a href='https:\/\/correiodasemana.com\/site\/diocese-de-sobral-se-despede-de-margarida-maria-missionaria-e-evangelizadora\/451417299_880579450761356_2440265121750982523_n\/'><img loading=\"lazy\" width=\"150\" height=\"150\" src=\"https:\/\/correiodasemana.com\/site\/wp-content\/uploads\/2024\/07\/451417299_880579450761356_2440265121750982523_n-150x150.jpg\" class=\"attachment-thumbnail size-thumbnail\" alt=\"451417299_880579450761356_2440265121750982523_n\" loading=\"lazy\" decoding=\"async\" \/><\/a>\n\t\t\t<\/div><\/figure><figure class='gallery-item'>\n\t\t\t<div class='gallery-icon landscape'>\n\t\t\t\t<a href='https:\/\/correiodasemana.com\/site\/diocese-de-sobral-se-despede-de-margarida-maria-missionaria-e-evangelizadora\/451429391_880579444094690_3066988070839157484_n\/'><img loading=\"lazy\" width=\"150\" height=\"150\" src=\"https:\/\/correiodasemana.com\/site\/wp-content\/uploads\/2024\/07\/451429391_880579444094690_3066988070839157484_n-150x150.jpg\" class=\"attachment-thumbnail size-thumbnail\" alt=\"451429391_880579444094690_3066988070839157484_n\" loading=\"lazy\" decoding=\"async\" \/><\/a>\n\t\t\t<\/div><\/figure><figure class='gallery-item'>\n\t\t\t<div class='gallery-icon landscape'>\n\t\t\t\t<a href='https:\/\/correiodasemana.com\/site\/diocese-de-sobral-se-despede-de-margarida-maria-missionaria-e-evangelizadora\/451445511_880579500761351_2925462037373404624_n\/'><img loading=\"lazy\" width=\"150\" height=\"150\" src=\"https:\/\/correiodasemana.com\/site\/wp-content\/uploads\/2024\/07\/451445511_880579500761351_2925462037373404624_n-150x150.jpg\" class=\"attachment-thumbnail size-thumbnail\" alt=\"451445511_880579500761351_2925462037373404624_n\" loading=\"lazy\" decoding=\"async\" \/><\/a>\n\t\t\t<\/div><\/figure><figure class='gallery-item'>\n\t\t\t<div class='gallery-icon landscape'>\n\t\t\t\t<a href='https:\/\/correiodasemana.com\/site\/diocese-de-sobral-se-despede-de-margarida-maria-missionaria-e-evangelizadora\/451446475_880579454094689_2100348348202646804_n\/'><img loading=\"lazy\" width=\"150\" height=\"150\" src=\"https:\/\/correiodasemana.com\/site\/wp-content\/uploads\/2024\/07\/451446475_880579454094689_2100348348202646804_n-150x150.jpg\" class=\"attachment-thumbnail size-thumbnail\" alt=\"451446475_880579454094689_2100348348202646804_n\" loading=\"lazy\" decoding=\"async\" \/><\/a>\n\t\t\t<\/div><\/figure><figure class='gallery-item'>\n\t\t\t<div class='gallery-icon landscape'>\n\t\t\t\t<a href='https:\/\/correiodasemana.com\/site\/diocese-de-sobral-se-despede-de-margarida-maria-missionaria-e-evangelizadora\/451449945_880579497428018_5490392922046697769_n\/'><img loading=\"lazy\" width=\"150\" height=\"150\" src=\"https:\/\/correiodasemana.com\/site\/wp-content\/uploads\/2024\/07\/451449945_880579497428018_5490392922046697769_n-150x150.jpg\" class=\"attachment-thumbnail size-thumbnail\" alt=\"451449945_880579497428018_5490392922046697769_n\" loading=\"lazy\" decoding=\"async\" \/><\/a>\n\t\t\t<\/div><\/figure><figure class='gallery-item'>\n\t\t\t<div class='gallery-icon portrait'>\n\t\t\t\t<a href='https:\/\/correiodasemana.com\/site\/diocese-de-sobral-se-despede-de-margarida-maria-missionaria-e-evangelizadora\/whatsapp-image-2024-07-15-at-14-02-59\/'><img loading=\"lazy\" width=\"150\" height=\"150\" src=\"https:\/\/correiodasemana.com\/site\/wp-content\/uploads\/2024\/07\/WhatsApp-Image-2024-07-15-at-14.02.59-150x150.jpeg\" class=\"attachment-thumbnail size-thumbnail\" alt=\"WhatsApp Image 2024-07-15 at 14.02.59\" srcset=\"https:\/\/correiodasemana.com\/site\/wp-content\/uploads\/2024\/07\/WhatsApp-Image-2024-07-15-at-14.02.59-150x150.jpeg 150w, https:\/\/correiodasemana.com\/site\/wp-content\/uploads\/2024\/07\/WhatsApp-Image-2024-07-15-at-14.02.59-720x715.jpeg 720w\" sizes=\"auto, (max-width: 150px) 100vw, 150px\" loading=\"lazy\" decoding=\"async\" \/><\/a>\n\t\t\t<\/div><\/figure>\n\t\t<\/div>\n\n<p>Em uma celebra\u00e7\u00e3o marcada pela esperan\u00e7a, Dom Vasconcelos presidiu a Missa de Ex\u00e9quias de Margarida Maria de Almeida Lopes no final da noite deste s\u00e1bado, 13 de julho, na Capela de Nossa Senhora das Gra\u00e7as (Abrigo).<br \/>\nSacerdotes diocesanos concelebraram as ex\u00e9quias, auxiliados por di\u00e1conos permanentes. Em unidade, familiares, parentes e amigos, marcaram presen\u00e7a para se despedir de Margarida.<br \/>\nDom Vasconcelos ressaltou durante a homilia tristeza e pesar pelo falecimento de Margarida. \u201cEstamos tristes porque temos que nos despedir de nossa irm\u00e3, n\u00e3o vamos poder mais contar com o seu sorriso, alegria de servir, disponibilidade\u2026 \u00c0s vezes pensamos que a morte \u00e9 o fim, mas Jesus \u00e9 a ressurrei\u00e7\u00e3o e a vida. A morte \u00e9 uma passagem para a eternidade\u201d, disse.<br \/>\nMariana de Almeida, irm\u00e3 de Margarida, ao final da celebra\u00e7\u00e3o proferiu algumas palavras e destacou o quanto a irm\u00e3 se dedicava, sobretudo, na intercess\u00e3o pela santifica\u00e7\u00e3o do clero.<br \/>\nMargarida faleceu aos 59 anos. Era consagrada da comunidade Shalom e membro atuante na Diocese de Sobral; por muitos anos foi diretora da Escola S\u00e3o Francisco de Assis em Sobral, assim como secret\u00e1ria da Coordena\u00e7\u00e3o Diocesana de Evangeliza\u00e7\u00e3o. Atualmente, atuava como secret\u00e1ria da Regi\u00e3o Episcopal Sede.<br \/>\nConhecida por seu zelo, organiza\u00e7\u00e3o e proatividade pastoral, Margarida era ainda ministra extraordin\u00e1ria da sagrada comunh\u00e3o, catequista, membro do of\u00edcio da Imaculada Concei\u00e7\u00e3o, entre outras pastorais, na Par\u00f3quia de Nossa Senhora da Concei\u00e7\u00e3o &#8211; S\u00e9 Catedral.<br \/>\nThais Helena &#8211; Jornalista \u2013 Jornal Correio da Semana<\/p>\n","protected":false},"excerpt":{"rendered":"<p>Em uma celebra\u00e7\u00e3o marcada pela esperan\u00e7a, Dom Vasconcelos presidiu a Missa de Ex\u00e9quias de Margarida&#8230;<\/p>\n","protected":false},"author":7,"featured_media":30016,"comment_status":"open","ping_status":"open","sticky":false,"template":"","format":"standard","meta":{"_jetpack_memberships_contains_paid_content":false,"footnotes":"","jetpack_publicize_message":"","jetpack_publicize_feature_enabled":true,"jetpack_social_post_already_shared":true,"jetpack_social_options":{"image_generator_settings":{"template":"highway","default_image_id":0,"font":"","enabled":false},"version":2}},"categories":[1],"tags":[],"class_list":["post-30008","post","type-post","status-publish","format-standard","has-post-thumbnail","hentry","category-atualidade"],"jetpack_publicize_connections":[],"jetpack_featured_media_url":"https:\/\/correiodasemana.com\/site\/wp-content\/uploads\/2024\/07\/WhatsApp-Image-2024-07-15-at-14.02.59.jpeg","jetpack-related-posts":[{"id":30045,"url":"https:\/\/correiodasemana.com\/site\/educacao-e-cidadania-55\/","url_meta":{"origin":30008,"position":0},"title":"EDUCA\u00c7\u00c3O E CIDADANIA \u2022","author":"adminredacao","date":"Julho 22, 2024","format":false,"excerpt":"Em Homenagem \u00e0 Nossa Eterna Margarida Maria O que \u00e9 a morte pra voc\u00ea? O dia 13 de julho de 2024 vai ficar guardado para sempre nas mentes de quem conheceu e conviveu com a nossa eterna Margarida Maria. Em nota de pesar pelo seu falecimento de um AVC inesperado\u2026","rel":"","context":"In &quot;Artigos&quot;","block_context":{"text":"Artigos","link":"https:\/\/correiodasemana.com\/site\/category\/artigos\/"},"img":{"alt_text":"","src":"https:\/\/i0.wp.com\/correiodasemana.com\/site\/wp-content\/uploads\/2021\/08\/Salmito-Campos.jpg?resize=350%2C200&ssl=1","width":350,"height":200,"srcset":"https:\/\/i0.wp.com\/correiodasemana.com\/site\/wp-content\/uploads\/2021\/08\/Salmito-Campos.jpg?resize=350%2C200&ssl=1 1x, https:\/\/i0.wp.com\/correiodasemana.com\/site\/wp-content\/uploads\/2021\/08\/Salmito-Campos.jpg?resize=525%2C300&ssl=1 1.5x, https:\/\/i0.wp.com\/correiodasemana.com\/site\/wp-content\/uploads\/2021\/08\/Salmito-Campos.jpg?resize=700%2C400&ssl=1 2x, https:\/\/i0.wp.com\/correiodasemana.com\/site\/wp-content\/uploads\/2021\/08\/Salmito-Campos.jpg?resize=1050%2C600&ssl=1 3x, https:\/\/i0.wp.com\/correiodasemana.com\/site\/wp-content\/uploads\/2021\/08\/Salmito-Campos.jpg?resize=1400%2C800&ssl=1 4x"},"classes":[]},{"id":23221,"url":"https:\/\/correiodasemana.com\/site\/comunidade-paroquial-de-morrinhos-despede-se-de-seu-paroco-emerito-conego-jose-alves-saraiva\/","url_meta":{"origin":30008,"position":1},"title":"Comunidade Paroquial de Morrinhos despede-se de seu p\u00e1roco em\u00e9rito, C\u00f4nego Jos\u00e9 Alves Saraiva","author":"adminredacao","date":"Janeiro 31, 2023","format":false,"excerpt":"Os paroquianos da Par\u00f3quia Sagrado Cora\u00e7\u00e3o de Maria em Morrinhos puderam se despedir de Padre Saraiva, durante o vel\u00f3rio que aconteceu na igreja matriz durante todo o dia desta \u00faltima ter\u00e7a-feira, 24\/01. A Santa Missa de Ex\u00e9quias foi celebrada \u00e0s 17h no patamar da igreja e contou com uma multid\u00e3o\u2026","rel":"","context":"In &quot;Atualidade&quot;","block_context":{"text":"Atualidade","link":"https:\/\/correiodasemana.com\/site\/category\/atualidade\/"},"img":{"alt_text":"","src":"https:\/\/i0.wp.com\/correiodasemana.com\/site\/wp-content\/uploads\/2023\/01\/despedida-paroco-de-morrinhos-3.jpeg?resize=350%2C200&ssl=1","width":350,"height":200,"srcset":"https:\/\/i0.wp.com\/correiodasemana.com\/site\/wp-content\/uploads\/2023\/01\/despedida-paroco-de-morrinhos-3.jpeg?resize=350%2C200&ssl=1 1x, https:\/\/i0.wp.com\/correiodasemana.com\/site\/wp-content\/uploads\/2023\/01\/despedida-paroco-de-morrinhos-3.jpeg?resize=525%2C300&ssl=1 1.5x, https:\/\/i0.wp.com\/correiodasemana.com\/site\/wp-content\/uploads\/2023\/01\/despedida-paroco-de-morrinhos-3.jpeg?resize=700%2C400&ssl=1 2x"},"classes":[]},{"id":33213,"url":"https:\/\/correiodasemana.com\/site\/sobral-se-despede-de-monsenhor-goncalo-paroco-emerito-da-se-catedral\/","url_meta":{"origin":30008,"position":2},"title":"Sobral se despede de Monsenhor Gon\u00e7alo, p\u00e1roco em\u00e9rito da S\u00e9 Catedral","author":"adminredacao","date":"Abril 7, 2025","format":false,"excerpt":"O 4\u00ba Domingo da Quaresma, celebrado no \u00faltimo dia 30 de mar\u00e7o, foi diferente na Catedral da S\u00e9. Antes para anunciar com alegria as grandes celebra\u00e7\u00f5es solenes, sobretudo, a Festa da Imaculada Concei\u00e7\u00e3o, padroeira desta centen\u00e1ria diocese, desta vez o sino deu leves batidas anunciando a chegada do corpo de\u2026","rel":"","context":"In &quot;Atualidade&quot;","block_context":{"text":"Atualidade","link":"https:\/\/correiodasemana.com\/site\/category\/atualidade\/"},"img":{"alt_text":"","src":"https:\/\/i0.wp.com\/correiodasemana.com\/site\/wp-content\/uploads\/2025\/04\/missa-com-Dom-Vasconcelos-9-scaled.jpeg?resize=350%2C200&ssl=1","width":350,"height":200,"srcset":"https:\/\/i0.wp.com\/correiodasemana.com\/site\/wp-content\/uploads\/2025\/04\/missa-com-Dom-Vasconcelos-9-scaled.jpeg?resize=350%2C200&ssl=1 1x, https:\/\/i0.wp.com\/correiodasemana.com\/site\/wp-content\/uploads\/2025\/04\/missa-com-Dom-Vasconcelos-9-scaled.jpeg?resize=525%2C300&ssl=1 1.5x, https:\/\/i0.wp.com\/correiodasemana.com\/site\/wp-content\/uploads\/2025\/04\/missa-com-Dom-Vasconcelos-9-scaled.jpeg?resize=700%2C400&ssl=1 2x, https:\/\/i0.wp.com\/correiodasemana.com\/site\/wp-content\/uploads\/2025\/04\/missa-com-Dom-Vasconcelos-9-scaled.jpeg?resize=1050%2C600&ssl=1 3x, https:\/\/i0.wp.com\/correiodasemana.com\/site\/wp-content\/uploads\/2025\/04\/missa-com-Dom-Vasconcelos-9-scaled.jpeg?resize=1400%2C800&ssl=1 4x"},"classes":[]},{"id":24991,"url":"https:\/\/correiodasemana.com\/site\/adeus-a-marlene-gomes-de-vasconcelos\/","url_meta":{"origin":30008,"position":3},"title":"ADEUS \u00e0 Marlene Gomes de Vasconcelos","author":"","date":"Junho 1, 2023","format":false,"excerpt":"No findar da tarde desta quarta-feira, 31\/05, familiares, parentes e amigos despediram-se da Sra. Marlene Gomes de Vasconcelos, m\u00e3e de Dom Vasconcelos, durante o vel\u00f3rio e Santa Missa de Ex\u00e9quias na Catedral de Nossa Senhora da Concei\u00e7\u00e3o em Sobral. Estiveram presentes: Dom Rosalvo, bispo diocesano de Itapipoca, padres, religiosas, seminaristas,\u2026","rel":"","context":"In &quot;Atualidade&quot;","block_context":{"text":"Atualidade","link":"https:\/\/correiodasemana.com\/site\/category\/atualidade\/"},"img":{"alt_text":"","src":"https:\/\/i0.wp.com\/correiodasemana.com\/site\/wp-content\/uploads\/2023\/06\/IMG-20230531-WA0139.jpg?resize=350%2C200&ssl=1","width":350,"height":200,"srcset":"https:\/\/i0.wp.com\/correiodasemana.com\/site\/wp-content\/uploads\/2023\/06\/IMG-20230531-WA0139.jpg?resize=350%2C200&ssl=1 1x, https:\/\/i0.wp.com\/correiodasemana.com\/site\/wp-content\/uploads\/2023\/06\/IMG-20230531-WA0139.jpg?resize=525%2C300&ssl=1 1.5x, https:\/\/i0.wp.com\/correiodasemana.com\/site\/wp-content\/uploads\/2023\/06\/IMG-20230531-WA0139.jpg?resize=700%2C400&ssl=1 2x, https:\/\/i0.wp.com\/correiodasemana.com\/site\/wp-content\/uploads\/2023\/06\/IMG-20230531-WA0139.jpg?resize=1050%2C600&ssl=1 3x"},"classes":[]},{"id":33550,"url":"https:\/\/correiodasemana.com\/site\/multidao-se-despede-de-papa-francisco-em-roma\/","url_meta":{"origin":30008,"position":4},"title":"Multid\u00e3o se despede de Papa Francisco, em Roma","author":"adminredacao","date":"Abril 29, 2025","format":false,"excerpt":"Desde o an\u00fancio da morte do Santo Padre, o Papa Francisco, ocorrido na \u00faltima segunda-feira, 21, o mundo inteiro voltou seus olhos para Roma em sinal de luto, ora\u00e7\u00e3o e gratid\u00e3o. Fi\u00e9is, l\u00edderes religiosos, chefes de Estado e pessoas de diversas cren\u00e7as se reuniram no vel\u00f3rio na Bas\u00edlica de S\u00e3o\u2026","rel":"","context":"In &quot;Atualidade&quot;","block_context":{"text":"Atualidade","link":"https:\/\/correiodasemana.com\/site\/category\/atualidade\/"},"img":{"alt_text":"","src":"https:\/\/i0.wp.com\/correiodasemana.com\/site\/wp-content\/uploads\/2025\/04\/YQO7zRSb-funeral-do-papa-1024x576-1.webp?resize=350%2C200&ssl=1","width":350,"height":200,"srcset":"https:\/\/i0.wp.com\/correiodasemana.com\/site\/wp-content\/uploads\/2025\/04\/YQO7zRSb-funeral-do-papa-1024x576-1.webp?resize=350%2C200&ssl=1 1x, https:\/\/i0.wp.com\/correiodasemana.com\/site\/wp-content\/uploads\/2025\/04\/YQO7zRSb-funeral-do-papa-1024x576-1.webp?resize=525%2C300&ssl=1 1.5x, https:\/\/i0.wp.com\/correiodasemana.com\/site\/wp-content\/uploads\/2025\/04\/YQO7zRSb-funeral-do-papa-1024x576-1.webp?resize=700%2C400&ssl=1 2x"},"classes":[]},{"id":29613,"url":"https:\/\/correiodasemana.com\/site\/de-coracao-para-coracao\/","url_meta":{"origin":30008,"position":5},"title":"DE CORA\u00c7\u00c3O PARA CORA\u00c7\u00c3O!","author":"adminredacao","date":"Junho 18, 2024","format":false,"excerpt":"A Solenidade do Sagrado Cora\u00e7\u00e3o de Jesus \u2013 Dia de Ora\u00e7\u00e3o pela Santifica\u00e7\u00e3o dos Sacerdotes \u2013 \u00e9 celebrada ap\u00f3s a Solenidade do Corpus Christi, visto que a Eucaristia \u2013 Corpus Christi, \u00e9 o pr\u00f3prio Cora\u00e7\u00e3o Jesus, um \u2018Cora\u00e7\u00e3o\u2019 que cuida de n\u00f3s. Em 20 de outubro de 1672, o sacerdote\u2026","rel":"","context":"In &quot;A voz do Pastor&quot;","block_context":{"text":"A voz do Pastor","link":"https:\/\/correiodasemana.com\/site\/category\/a-voz-do-pastor\/"},"img":{"alt_text":"","src":"https:\/\/i0.wp.com\/correiodasemana.com\/site\/wp-content\/uploads\/2018\/02\/Dom-Vasconcelos-posses.jpg?resize=350%2C200&ssl=1","width":350,"height":200,"srcset":"https:\/\/i0.wp.com\/correiodasemana.com\/site\/wp-content\/uploads\/2018\/02\/Dom-Vasconcelos-posses.jpg?resize=350%2C200&ssl=1 1x, https:\/\/i0.wp.com\/correiodasemana.com\/site\/wp-content\/uploads\/2018\/02\/Dom-Vasconcelos-posses.jpg?resize=525%2C300&ssl=1 1.5x, https:\/\/i0.wp.com\/correiodasemana.com\/site\/wp-content\/uploads\/2018\/02\/Dom-Vasconcelos-posses.jpg?resize=700%2C400&ssl=1 2x"},"classes":[]}],"jetpack_sharing_enabled":true,"_links":{"self":[{"href":"https:\/\/correiodasemana.com\/site\/wp-json\/wp\/v2\/posts\/30008","targetHints":{"allow":["GET"]}}],"collection":[{"href":"https:\/\/correiodasemana.com\/site\/wp-json\/wp\/v2\/posts"}],"about":[{"href":"https:\/\/correiodasemana.com\/site\/wp-json\/wp\/v2\/types\/post"}],"author":[{"embeddable":true,"href":"https:\/\/correiodasemana.com\/site\/wp-json\/wp\/v2\/users\/7"}],"replies":[{"embeddable":true,"href":"https:\/\/correiodasemana.com\/site\/wp-json\/wp\/v2\/comments?post=30008"}],"version-history":[{"count":1,"href":"https:\/\/correiodasemana.com\/site\/wp-json\/wp\/v2\/posts\/30008\/revisions"}],"predecessor-version":[{"id":30017,"href":"https:\/\/correiodasemana.com\/site\/wp-json\/wp\/v2\/posts\/30008\/revisions\/30017"}],"wp:featuredmedia":[{"embeddable":true,"href":"https:\/\/correiodasemana.com\/site\/wp-json\/wp\/v2\/media\/30016"}],"wp:attachment":[{"href":"https:\/\/correiodasemana.com\/site\/wp-json\/wp\/v2\/media?parent=30008"}],"wp:term":[{"taxonomy":"category","embeddable":true,"href":"https:\/\/correiodasemana.com\/site\/wp-json\/wp\/v2\/categories?post=30008"},{"taxonomy":"post_tag","embeddable":true,"href":"https:\/\/correiodasemana.com\/site\/wp-json\/wp\/v2\/tags?post=30008"}],"curies":[{"name":"wp","href":"https:\/\/api.w.org\/{rel}","templated":true}]}}