{"id":30185,"date":"2024-07-29T17:22:23","date_gmt":"2024-07-29T20:22:23","guid":{"rendered":"https:\/\/correiodasemana.com\/site\/?p=30185"},"modified":"2024-07-29T17:22:23","modified_gmt":"2024-07-29T20:22:23","slug":"becco-ponto-com-177","status":"publish","type":"post","link":"https:\/\/correiodasemana.com\/site\/becco-ponto-com-177\/","title":{"rendered":"BECCO PONTO COM"},"content":{"rendered":"<p>LIVRAI-NOS, SENHOR!<br \/>\nDe um m\u00e9dico para cada dor, ufa!<br \/>\nDos puxas dela na \u00e1rea por amor.<br \/>\nDo \u201clixo neles\u201d gerar votos contra.<br \/>\nDo rombo do pt no pa\u00eds, via Lula, ui!<br \/>\nDas f\u00e1bricas de formar m\u00e9dicos.<br \/>\nDo \u201cvar\u201d mengo na \u00e1rea do p\u00eanalti.<br \/>\nDo Ciro, batendo do pt via Elmano.<br \/>\nDo centro da cidade invadido por \u201czona azul\u201d.<br \/>\nDa busca pelo pobre na fila do voto.<br \/>\nDo Becco, virando uma cracol\u00e2ndia.<\/p>\n<p>NOTICIANDO<br \/>\nVem a\u00ed: a \u201cR\u00e1dio Web Noroeste\u201d, sob a batuta do radialista e jornalista, Hamilton Furtado, que \u00e9 um soldado da comunica\u00e7\u00e3o da zona norte. Ser\u00e1 um sucesso no ar, certamente! Viva Sobral!<br \/>\nO caro primo \u201cGuerrinha\u201d e fam\u00edlia est\u00e3o de parab\u00e9ns pela formatura de mais uma neta em Medicina no inta. Estive na festa de formatura em Fortaleza, desta jovem, Dra. B\u00e1rbara Prado.<br \/>\nFoi um arraso a festa de formatura do Neto Jander, filho do casal Socorro Barros e Dr. Jander Junior em grande estilo na cidade de Fortaleza. Estive com a fam\u00edlia nesta comemora\u00e7\u00e3o familiar. Parab\u00e9ns, mais uma vez a esta fam\u00edlia querida pela vit\u00f3ria profissional do querido Neto Jander em Medicina no UNInta.<br \/>\nDr. Fl\u00e1vio Ximenes, na \u00e1rea de sa\u00fade com um trabalho designo de registro Fonoaudi\u00f3logo de peso na regi\u00e3o com experi\u00eancia comprovada na Cl\u00ednica Prevideli. Atende na cidade de Sobral e em outras duas cidades da zona Norte e com zelo e dedica\u00e7\u00e3o pelo paciente. Um grande profissional<br \/>\nCiro continua batendo no pt de Lula e seus aliados em nosso Estado. Fica longe agora de voltar ao poder um dia. \u00c9 um cara diferente na pol\u00edtica moderna, morde e assopra as mazelas do pt e seus aliados contumazes. Ufa, Brasil!<\/p>\n<p>PERFIL: HAMILTON FURTADO<\/p>\n<div id='gallery-1' class='gallery galleryid-30185 gallery-columns-6 gallery-size-thumbnail'><figure class='gallery-item'>\n\t\t\t<div class='gallery-icon portrait'>\n\t\t\t\t<a href='https:\/\/correiodasemana.com\/site\/becco-ponto-com-177\/hamilton-furtado-3\/'><img loading=\"lazy\" width=\"150\" height=\"150\" src=\"https:\/\/correiodasemana.com\/site\/wp-content\/uploads\/2024\/07\/Hamilton-furtado-150x150.jpg\" class=\"attachment-thumbnail size-thumbnail\" alt=\"Hamilton furtado\" srcset=\"https:\/\/correiodasemana.com\/site\/wp-content\/uploads\/2024\/07\/Hamilton-furtado-150x150.jpg 150w, https:\/\/correiodasemana.com\/site\/wp-content\/uploads\/2024\/07\/Hamilton-furtado-720x715.jpg 720w\" sizes=\"auto, (max-width: 150px) 100vw, 150px\" loading=\"lazy\" decoding=\"async\" \/><\/a>\n\t\t\t<\/div><\/figure>\n\t\t<\/div>\n\n<p>Um cidad\u00e3o com todas as letras, digno radialista e jornalista que faz um trabalho na comunica\u00e7\u00e3o h\u00e1 anos. Fundou jornais, fez revistas e agora vem com sua emissora fm na Web Sobral. Falo do caro amigo do Becco, Hamilton furtado, que toda vida foi um soldado do r\u00e1dio sobralense. Viva sua luta de sempre pela comunica\u00e7\u00e3o da zona Norte!<\/p>\n<p>LIVRE PENSAR:<br \/>\n\u201cO sil\u00eancio como a dor, maltrata o ser humano at\u00e9 a morte\u201d. (Poeta Chico Prado)<\/p>\n","protected":false},"excerpt":{"rendered":"<p>LIVRAI-NOS, SENHOR! De um m\u00e9dico para cada dor, ufa! Dos puxas dela na \u00e1rea por&#8230;<\/p>\n","protected":false},"author":7,"featured_media":17437,"comment_status":"open","ping_status":"open","sticky":false,"template":"","format":"standard","meta":{"_jetpack_memberships_contains_paid_content":false,"footnotes":"","jetpack_publicize_message":"","jetpack_publicize_feature_enabled":true,"jetpack_social_post_already_shared":true,"jetpack_social_options":{"image_generator_settings":{"template":"highway","default_image_id":0,"font":"","enabled":false},"version":2}},"categories":[11,27],"tags":[],"class_list":["post-30185","post","type-post","status-publish","format-standard","has-post-thumbnail","hentry","category-artigos","category-becco-ponto-com"],"jetpack_publicize_connections":[],"jetpack_featured_media_url":"https:\/\/correiodasemana.com\/site\/wp-content\/uploads\/2021\/09\/Dr-Chico-Prado-Trofeu-Dom-Jose-1.jpg","jetpack-related-posts":[{"id":29818,"url":"https:\/\/correiodasemana.com\/site\/becco-ponto-com-173\/","url_meta":{"origin":30185,"position":0},"title":"BECCO PONTO.COM","author":"adminredacao","date":"Julho 1, 2024","format":false,"excerpt":"LIVRAI-NOS, SENHOR! Das festas juninas ora t\u00e3o carnavalescas. Da moda moderna: \u201ca mulher prefeita vem\u201d! Da mem\u00f3ria do eleitor pobre, \u201cvale 1 real\u201d. Do fumo Arapiraca. \u201cVoltou a taxa do lixo\u201d. Das chacinas no Estado do Cear\u00e1, ufa! Ui! Dos mendigos do voto voltando nos edis. Dos puxas na fila\u2026","rel":"","context":"In &quot;Artigos&quot;","block_context":{"text":"Artigos","link":"https:\/\/correiodasemana.com\/site\/category\/artigos\/"},"img":{"alt_text":"","src":"https:\/\/i0.wp.com\/correiodasemana.com\/site\/wp-content\/uploads\/2021\/09\/Dr-Chico-Prado-Trofeu-Dom-Jose-1.jpg?resize=350%2C200&ssl=1","width":350,"height":200,"srcset":"https:\/\/i0.wp.com\/correiodasemana.com\/site\/wp-content\/uploads\/2021\/09\/Dr-Chico-Prado-Trofeu-Dom-Jose-1.jpg?resize=350%2C200&ssl=1 1x, https:\/\/i0.wp.com\/correiodasemana.com\/site\/wp-content\/uploads\/2021\/09\/Dr-Chico-Prado-Trofeu-Dom-Jose-1.jpg?resize=525%2C300&ssl=1 1.5x, https:\/\/i0.wp.com\/correiodasemana.com\/site\/wp-content\/uploads\/2021\/09\/Dr-Chico-Prado-Trofeu-Dom-Jose-1.jpg?resize=700%2C400&ssl=1 2x, https:\/\/i0.wp.com\/correiodasemana.com\/site\/wp-content\/uploads\/2021\/09\/Dr-Chico-Prado-Trofeu-Dom-Jose-1.jpg?resize=1050%2C600&ssl=1 3x, https:\/\/i0.wp.com\/correiodasemana.com\/site\/wp-content\/uploads\/2021\/09\/Dr-Chico-Prado-Trofeu-Dom-Jose-1.jpg?resize=1400%2C800&ssl=1 4x"},"classes":[]},{"id":27415,"url":"https:\/\/correiodasemana.com\/site\/becco-ponto-com-147\/","url_meta":{"origin":30185,"position":1},"title":"Becco Ponto Com","author":"adminredacao","date":"Novembro 27, 2023","format":false,"excerpt":"LIVRAI-NOS, SENHOR! Do babado: abre e fecha centro. Dos camaradas do poder deles. Do Cid, abandonado pelo \u201cpt Lula\u201d. Das m\u00fasicas modernas \u2018lixos\u2019, ufa! Do virando cracol\u00e2ndia, \u2018o dia todo\u2019. Dos carnabraus da vida. \u00c9 droga. Da ruma de cursos empresas, ufa! Da cegueira do Lula, no discurso. Da sele\u00e7\u00e3o\u2026","rel":"","context":"In &quot;Artigos&quot;","block_context":{"text":"Artigos","link":"https:\/\/correiodasemana.com\/site\/category\/artigos\/"},"img":{"alt_text":"","src":"https:\/\/i0.wp.com\/correiodasemana.com\/site\/wp-content\/uploads\/2021\/09\/Dr-Chico-Prado-Trofeu-Dom-Jose-1.jpg?resize=350%2C200&ssl=1","width":350,"height":200,"srcset":"https:\/\/i0.wp.com\/correiodasemana.com\/site\/wp-content\/uploads\/2021\/09\/Dr-Chico-Prado-Trofeu-Dom-Jose-1.jpg?resize=350%2C200&ssl=1 1x, https:\/\/i0.wp.com\/correiodasemana.com\/site\/wp-content\/uploads\/2021\/09\/Dr-Chico-Prado-Trofeu-Dom-Jose-1.jpg?resize=525%2C300&ssl=1 1.5x, https:\/\/i0.wp.com\/correiodasemana.com\/site\/wp-content\/uploads\/2021\/09\/Dr-Chico-Prado-Trofeu-Dom-Jose-1.jpg?resize=700%2C400&ssl=1 2x, https:\/\/i0.wp.com\/correiodasemana.com\/site\/wp-content\/uploads\/2021\/09\/Dr-Chico-Prado-Trofeu-Dom-Jose-1.jpg?resize=1050%2C600&ssl=1 3x, https:\/\/i0.wp.com\/correiodasemana.com\/site\/wp-content\/uploads\/2021\/09\/Dr-Chico-Prado-Trofeu-Dom-Jose-1.jpg?resize=1400%2C800&ssl=1 4x"},"classes":[]},{"id":29735,"url":"https:\/\/correiodasemana.com\/site\/becco-ponto-com-172\/","url_meta":{"origin":30185,"position":2},"title":"Becco ponto Com","author":"adminredacao","date":"Junho 24, 2024","format":false,"excerpt":"Livrai-nos, senhor! Da Medicina: \u201cum doutor para cada dor\u201d. Das festas juninas t\u00e3o carnavalescas. Da gula pelo poder do partido pt, aqui. Da \u201cTaxa do Lixo\u201d voltando na \u00e1gua, ufa! Da runa de bares com pre\u00e7os salgados. Dos buracos no \u201cBoa Vizinhan\u00e7a\u201d, s.o.s, j\u00e1! Da sess\u00e3o \u2018fecha-fecha lojas\u2019 no centro.\u2026","rel":"","context":"In &quot;Becco Ponto Com&quot;","block_context":{"text":"Becco Ponto Com","link":"https:\/\/correiodasemana.com\/site\/category\/becco-ponto-com\/"},"img":{"alt_text":"","src":"https:\/\/i0.wp.com\/correiodasemana.com\/site\/wp-content\/uploads\/2021\/09\/Dr-Chico-Prado-Trofeu-Dom-Jose-1-1.jpg?resize=350%2C200&ssl=1","width":350,"height":200,"srcset":"https:\/\/i0.wp.com\/correiodasemana.com\/site\/wp-content\/uploads\/2021\/09\/Dr-Chico-Prado-Trofeu-Dom-Jose-1-1.jpg?resize=350%2C200&ssl=1 1x, https:\/\/i0.wp.com\/correiodasemana.com\/site\/wp-content\/uploads\/2021\/09\/Dr-Chico-Prado-Trofeu-Dom-Jose-1-1.jpg?resize=525%2C300&ssl=1 1.5x, https:\/\/i0.wp.com\/correiodasemana.com\/site\/wp-content\/uploads\/2021\/09\/Dr-Chico-Prado-Trofeu-Dom-Jose-1-1.jpg?resize=700%2C400&ssl=1 2x"},"classes":[]},{"id":24809,"url":"https:\/\/correiodasemana.com\/site\/becco-ponto-com-122\/","url_meta":{"origin":30185,"position":3},"title":"Becco Ponto Com","author":"adminredacao","date":"Maio 21, 2023","format":false,"excerpt":"LIVRAI-NOS, SENHOR! Das farras pol\u00edticas com bandas caras. Do monop\u00f3lio da empresa Guanabara. Do assalto nos impostos no momento. Da cracol\u00e2ndia assentada no Becco, ui! Dos acordos esp\u00farios pol\u00edticos aqui, ufa! Das ruas virando cal\u00e7ad\u00f5es e mercados. Das a\u00e7\u00f5es partid\u00e1rias ca\u00e7ando pol\u00edticos. Dos farofeiros do voto na pista via 2024.\u2026","rel":"","context":"In &quot;Artigos&quot;","block_context":{"text":"Artigos","link":"https:\/\/correiodasemana.com\/site\/category\/artigos\/"},"img":{"alt_text":"","src":"https:\/\/i0.wp.com\/correiodasemana.com\/site\/wp-content\/uploads\/2021\/09\/Dr-Chico-Prado-Trofeu-Dom-Jose-1.jpg?resize=350%2C200&ssl=1","width":350,"height":200,"srcset":"https:\/\/i0.wp.com\/correiodasemana.com\/site\/wp-content\/uploads\/2021\/09\/Dr-Chico-Prado-Trofeu-Dom-Jose-1.jpg?resize=350%2C200&ssl=1 1x, https:\/\/i0.wp.com\/correiodasemana.com\/site\/wp-content\/uploads\/2021\/09\/Dr-Chico-Prado-Trofeu-Dom-Jose-1.jpg?resize=525%2C300&ssl=1 1.5x, https:\/\/i0.wp.com\/correiodasemana.com\/site\/wp-content\/uploads\/2021\/09\/Dr-Chico-Prado-Trofeu-Dom-Jose-1.jpg?resize=700%2C400&ssl=1 2x, https:\/\/i0.wp.com\/correiodasemana.com\/site\/wp-content\/uploads\/2021\/09\/Dr-Chico-Prado-Trofeu-Dom-Jose-1.jpg?resize=1050%2C600&ssl=1 3x, https:\/\/i0.wp.com\/correiodasemana.com\/site\/wp-content\/uploads\/2021\/09\/Dr-Chico-Prado-Trofeu-Dom-Jose-1.jpg?resize=1400%2C800&ssl=1 4x"},"classes":[]},{"id":30614,"url":"https:\/\/correiodasemana.com\/site\/becco-ponto-com-182\/","url_meta":{"origin":30185,"position":4},"title":"BECCO PONTO.COM","author":"adminredacao","date":"Setembro 9, 2024","format":false,"excerpt":"LIVRAI-NOS, SENHOR! Do fumo arapiraca via taxa do lixo. Ufa, Sobral! Das consultas m\u00e9dicas vapt vupt modernas, ui! Dos pid\u00f5es de votos j\u00e1 nas portas da pobreza! Decep\u00e7\u00e3o das promessas v\u00e3s dos pol\u00edticos. Dos palha\u00e7os trajados de cidad\u00e3os pol\u00edticos. Do medo infernal dos fg\u2019s perderem este ano. Da ruma de\u2026","rel":"","context":"In &quot;Artigos&quot;","block_context":{"text":"Artigos","link":"https:\/\/correiodasemana.com\/site\/category\/artigos\/"},"img":{"alt_text":"","src":"https:\/\/i0.wp.com\/correiodasemana.com\/site\/wp-content\/uploads\/2021\/09\/Dr-Chico-Prado-Trofeu-Dom-Jose-1.jpg?resize=350%2C200&ssl=1","width":350,"height":200,"srcset":"https:\/\/i0.wp.com\/correiodasemana.com\/site\/wp-content\/uploads\/2021\/09\/Dr-Chico-Prado-Trofeu-Dom-Jose-1.jpg?resize=350%2C200&ssl=1 1x, https:\/\/i0.wp.com\/correiodasemana.com\/site\/wp-content\/uploads\/2021\/09\/Dr-Chico-Prado-Trofeu-Dom-Jose-1.jpg?resize=525%2C300&ssl=1 1.5x, https:\/\/i0.wp.com\/correiodasemana.com\/site\/wp-content\/uploads\/2021\/09\/Dr-Chico-Prado-Trofeu-Dom-Jose-1.jpg?resize=700%2C400&ssl=1 2x, https:\/\/i0.wp.com\/correiodasemana.com\/site\/wp-content\/uploads\/2021\/09\/Dr-Chico-Prado-Trofeu-Dom-Jose-1.jpg?resize=1050%2C600&ssl=1 3x, https:\/\/i0.wp.com\/correiodasemana.com\/site\/wp-content\/uploads\/2021\/09\/Dr-Chico-Prado-Trofeu-Dom-Jose-1.jpg?resize=1400%2C800&ssl=1 4x"},"classes":[]},{"id":34990,"url":"https:\/\/correiodasemana.com\/site\/becco-ponto-com-225\/","url_meta":{"origin":30185,"position":5},"title":"BECCO PONTO.COM","author":"adminredacao","date":"Agosto 4, 2025","format":false,"excerpt":"LIVRAI-NOS, SENHOR! Das festas carnavalescas juninas t\u00e3o pol\u00edticas. Dos pol\u00edticos traficantes de voto no dia a dia. De um festival a vir em Sobral, elegendo bab\u00e3o. Da taxa\u00e7\u00e3o de Trump, em 50% ao Brasil, ufa, Ce! Das propagandas de m\u00e9dicos em carro de som. Do festival de bares na cidade\u2026","rel":"","context":"In &quot;Artigos&quot;","block_context":{"text":"Artigos","link":"https:\/\/correiodasemana.com\/site\/category\/artigos\/"},"img":{"alt_text":"","src":"https:\/\/i0.wp.com\/correiodasemana.com\/site\/wp-content\/uploads\/2021\/09\/Dr-Chico-Prado-Trofeu-Dom-Jose-1.jpg?resize=350%2C200&ssl=1","width":350,"height":200,"srcset":"https:\/\/i0.wp.com\/correiodasemana.com\/site\/wp-content\/uploads\/2021\/09\/Dr-Chico-Prado-Trofeu-Dom-Jose-1.jpg?resize=350%2C200&ssl=1 1x, https:\/\/i0.wp.com\/correiodasemana.com\/site\/wp-content\/uploads\/2021\/09\/Dr-Chico-Prado-Trofeu-Dom-Jose-1.jpg?resize=525%2C300&ssl=1 1.5x, https:\/\/i0.wp.com\/correiodasemana.com\/site\/wp-content\/uploads\/2021\/09\/Dr-Chico-Prado-Trofeu-Dom-Jose-1.jpg?resize=700%2C400&ssl=1 2x, https:\/\/i0.wp.com\/correiodasemana.com\/site\/wp-content\/uploads\/2021\/09\/Dr-Chico-Prado-Trofeu-Dom-Jose-1.jpg?resize=1050%2C600&ssl=1 3x, https:\/\/i0.wp.com\/correiodasemana.com\/site\/wp-content\/uploads\/2021\/09\/Dr-Chico-Prado-Trofeu-Dom-Jose-1.jpg?resize=1400%2C800&ssl=1 4x"},"classes":[]}],"jetpack_sharing_enabled":true,"_links":{"self":[{"href":"https:\/\/correiodasemana.com\/site\/wp-json\/wp\/v2\/posts\/30185","targetHints":{"allow":["GET"]}}],"collection":[{"href":"https:\/\/correiodasemana.com\/site\/wp-json\/wp\/v2\/posts"}],"about":[{"href":"https:\/\/correiodasemana.com\/site\/wp-json\/wp\/v2\/types\/post"}],"author":[{"embeddable":true,"href":"https:\/\/correiodasemana.com\/site\/wp-json\/wp\/v2\/users\/7"}],"replies":[{"embeddable":true,"href":"https:\/\/correiodasemana.com\/site\/wp-json\/wp\/v2\/comments?post=30185"}],"version-history":[{"count":1,"href":"https:\/\/correiodasemana.com\/site\/wp-json\/wp\/v2\/posts\/30185\/revisions"}],"predecessor-version":[{"id":30187,"href":"https:\/\/correiodasemana.com\/site\/wp-json\/wp\/v2\/posts\/30185\/revisions\/30187"}],"wp:featuredmedia":[{"embeddable":true,"href":"https:\/\/correiodasemana.com\/site\/wp-json\/wp\/v2\/media\/17437"}],"wp:attachment":[{"href":"https:\/\/correiodasemana.com\/site\/wp-json\/wp\/v2\/media?parent=30185"}],"wp:term":[{"taxonomy":"category","embeddable":true,"href":"https:\/\/correiodasemana.com\/site\/wp-json\/wp\/v2\/categories?post=30185"},{"taxonomy":"post_tag","embeddable":true,"href":"https:\/\/correiodasemana.com\/site\/wp-json\/wp\/v2\/tags?post=30185"}],"curies":[{"name":"wp","href":"https:\/\/api.w.org\/{rel}","templated":true}]}}