{"id":30264,"date":"2024-08-03T15:31:41","date_gmt":"2024-08-03T18:31:41","guid":{"rendered":"https:\/\/correiodasemana.com\/site\/?p=30264"},"modified":"2024-08-03T15:41:34","modified_gmt":"2024-08-03T18:41:34","slug":"poucas-e-boas-41","status":"publish","type":"post","link":"https:\/\/correiodasemana.com\/site\/poucas-e-boas-41\/","title":{"rendered":"POUCAS E BOAS"},"content":{"rendered":"<p><strong>\u201cPadizim r\u00e9i, bem re\u00edm\u201d<\/strong><\/p>\n<p>Estamos em pleno m\u00eas prop\u00edcio para se falar muito em voca\u00e7\u00e3o, algo muitas vezes confundido com profiss\u00e3o. E esse \u00e9 o motivo da frustra\u00e7\u00e3o e do insucesso de muita gente, ocasionado por uma escolha errada quanto \u00e0quilo que resolveu desenvolver na vida.<br \/>\nO Jornal Correio da Semana (CS) e a R\u00e1dio Educadora (RE) despertaram em mim a voca\u00e7\u00e3o para Comunica\u00e7\u00f5es at\u00e9 ent\u00e3o inibida. Depois de muito tempo como leitor\/ouvinte, e tamb\u00e9m depois de uma \u201ccordinha\u201d saud\u00e1vel de amigos, passei a atuar como colunista e apresentador de Programa semanal nesses dois equipamentos da Diocese de Sobral.<br \/>\nNesse per\u00edodo mantinha um bom, mas pouco frequente, relacionamento com o pessoal da R\u00e1dio e do Jornal. Com o tempo, tornei redator do CS (1999-2002) e apresentador de Programa di\u00e1rio, aumentando, assim, meu conv\u00edvio com o pessoal da C\u00faria Diocesana. L\u00e1, onde est\u00e3o localizados esses dois \u00f3rg\u00e3os, tamb\u00e9m est\u00e3o o Abrigo dos Idosos, a Capela N.S\u00aa. das Gra\u00e7as e outras departamentos.<br \/>\nMinha presen\u00e7a constante naquele conglomerado me possibilitou conhecer melhor a import\u00e2ncia da C\u00faria. Por outro lado, despertou em algumas pessoas a curiosidade em saber se eu tamb\u00e9m tinha voca\u00e7\u00e3o para padre ou se, pelo menos, havia sido seminarista. Isso tamb\u00e9m acontecia com outros colegas que trabalhavam na \u201ccasa dos padres\u201d.<br \/>\nCerta vez, um daqueles funcion\u00e1rios havia virado a noite, depois de ter conclu\u00eddo com sucesso sua dura tarefa \u00e0s sete da manh\u00e3, depara-se com velhinhos que j\u00e1 tomavam banho de sol e jogavam conversa fora. Andando lentamente, aquele quase exaurido trabalhador ouviu um idoso pergunta ao outro:<br \/>\n\u201cQUEM SER\u00c1 AQUELE PADIZIM R\u00c9I QUE R\u00c1I ALI? \u00c9 BEM RE\u00cdM, N\u00c9? \u00c9 BACHIM R\u00c9I, GORDIM R\u00c9I, ASSANHADIM R\u00c9I E AINDA R\u00c1I CAXINGANDO. ISSO \u00c9 QUE \u00c9 TER ROCA\u00c7\u00c3O (VOCA\u00c7\u00c3O) PRA P\u00c1DI, N\u00c9!<br \/>\nPois \u00e9, amigos, nesse curto epis\u00f3dio, mesmo no final sendo exaltada a op\u00e7\u00e3o daquele suposto padre em servir a Deus e aos homens, fica expl\u00edcito o tratamento desrespeitoso, impiedoso e discriminat\u00f3rio dispensado por muitas pessoas a alguns sacerdotes.<br \/>\nVale lembrar que existe o posicionamento\/comportamento de alguns religiosos que, mesmo agindo sem maldade, abre precedente para o inimigo. Tornam-se, dessa forma, presas f\u00e1ceis de quem s\u00f3 deseja promover o mal, mesmo que seja por meio da cal\u00fania ou da mentira. Some-se a isso o forte movimento, inclusive intrafamiliar, que tenta dissuadir jovens que t\u00eam pretens\u00e3o de ingressar no sacerd\u00f3cio ou em trabalhos da Igreja Cat\u00f3lica.<br \/>\nPois \u00e9, amigos, estamos no m\u00eas das Voca\u00e7\u00f5es e qu\u00e3o necess\u00e1rio se faz refletiremos mais sobre todas elas, de modo especial a Voca\u00e7\u00e3o do Padre.<br \/>\nEm todo dia 04 de Agosto celebra-se a Festa Lit\u00fargica de S\u00e3o Jo\u00e3o Maria Vianey, o Cura de Ars, que \u00e9 tamb\u00e9m no calend\u00e1rio civil, o Dia do Padre. O Cura de Ars, padroeiro deles, nasceu em 8 de maio de 1786, em Dardilly, Fran\u00e7a, e faleceu em 4 de agosto de 1859, em Ars-sur-Formans, do mesmo pa\u00eds.<br \/>\nNo 2\u00ba Domingo, por ser o DIA DOS PAIS, a reflex\u00e3o deve ser sobre a Voca\u00e7\u00e3o \u00e0 Vida Matrimonial. No 3\u00ba Domingo do M\u00eas ser\u00e1 sobre a Voca\u00e7\u00e3o Religiosa, isto \u00e9, o chamado que rapazes e mo\u00e7as t\u00eam, para serem Frades ou Freiras. O 4\u00ba Domingo deste m\u00eas \u00e9 dedicado \u00e0 Voca\u00e7\u00e3o dos Leigos; E, em anos com cinco domingos, o quinto \u00e9 dedicado \u00e0 Voca\u00e7\u00e3o Catequ\u00e9tica.<br \/>\nMas voltando ao di\u00e1logo dos idosos, sintetizado no t\u00edtulo deste artigo, tenho a esclarecer que aquele trabalhador citado no in\u00edcio tem realmente todas aquelas caracter\u00edsticas citadas. S\u00f3 que agora com os qualificativos aumentados: \u201cAQUELE PADIZIM R\u00c9I T\u00c1 MAIS BEM RE\u00cdM, MAIS BACHIM R\u00c9I, MAIS GORDIM R\u00c9I, MAIS ASSANHADIM R\u00c9I E AINDA R\u00c1I CAXINGA MAIS AINDA\u201d.<br \/>\nVale salientar que, apesar de esse \u201cpadizin r\u00e9i\u201d n\u00e3o se ter ordenado na Igreja Cat\u00f3lica, a etimologia lhe garante tamb\u00e9m ter o t\u00edtulo de \u201cpadre\u201d, palavra que, traduzida do Latim, significa PAI.<br \/>\nContinuo propugnando para que todos os sacerdotes recebam um tratamento mais digno, respeitoso e humano. Enfim, o \u201cpadizim r\u00e9i\u201d que naquele dia sa\u00eda da C\u00faria Diocesana, ap\u00f3s concluir mais uma edi\u00e7\u00e3o do Correio da Semana, era EU: esse padre, ou melhor, esse pai que retornava para sua Igreja Dom\u00e9stica &#8211; sua fam\u00edlia.<br \/>\nQue Deus aben\u00e7oe todos os nossos padres!<\/p>\n<div id='gallery-1' class='gallery galleryid-30264 gallery-columns-6 gallery-size-large'><figure class='gallery-item'>\n\t\t\t<div class='gallery-icon landscape'>\n\t\t\t\t<a href='https:\/\/correiodasemana.com\/site\/poucas-e-boas-41\/whatsapp-image-2024-08-02-at-22-01-02-1\/'><img loading=\"lazy\" width=\"259\" height=\"194\" src=\"https:\/\/correiodasemana.com\/site\/wp-content\/uploads\/2024\/08\/WhatsApp-Image-2024-08-02-at-22.01.02-1.jpeg\" class=\"attachment-large size-large\" alt=\"WhatsApp Image 2024-08-02 at 22.01.02 (1)\" loading=\"lazy\" decoding=\"async\" \/><\/a>\n\t\t\t<\/div><\/figure>\n\t\t<\/div>\n\n","protected":false},"excerpt":{"rendered":"<p>\u201cPadizim r\u00e9i, bem re\u00edm\u201d Estamos em pleno m\u00eas prop\u00edcio para se falar muito em voca\u00e7\u00e3o,&#8230;<\/p>\n","protected":false},"author":7,"featured_media":24516,"comment_status":"open","ping_status":"open","sticky":false,"template":"","format":"standard","meta":{"_jetpack_memberships_contains_paid_content":false,"footnotes":"","jetpack_publicize_message":"","jetpack_publicize_feature_enabled":true,"jetpack_social_post_already_shared":true,"jetpack_social_options":{"image_generator_settings":{"template":"highway","default_image_id":0,"font":"","enabled":false},"version":2}},"categories":[11,82],"tags":[],"class_list":["post-30264","post","type-post","status-publish","format-standard","has-post-thumbnail","hentry","category-artigos","category-poucas-e-boas"],"jetpack_publicize_connections":[],"jetpack_featured_media_url":"https:\/\/correiodasemana.com\/site\/wp-content\/uploads\/2023\/05\/artemisio-da-costa-2.jpg","jetpack-related-posts":[{"id":34956,"url":"https:\/\/correiodasemana.com\/site\/poucas-e-boas-63\/","url_meta":{"origin":30264,"position":0},"title":"POUCAS E BOAS","author":"adminredacao","date":"Agosto 4, 2025","format":false,"excerpt":"\u201cPadizim r\u00e9i, bem re\u00edm...\u201d Estamos em pleno m\u00eas prop\u00edcio para se falar muito em voca\u00e7\u00e3o, algo muitas vezes confundido com profiss\u00e3o. Enquanto a primeira \u00e9 um apelo interno, tend\u00eancia natural para certas ocupa\u00e7\u00f5es, a segunda refere-se a trabalho remunerado. S\u00f3 que a confus\u00e3o entre esses conceitos se transforma no motivo\u2026","rel":"","context":"In &quot;Artigos&quot;","block_context":{"text":"Artigos","link":"https:\/\/correiodasemana.com\/site\/category\/artigos\/"},"img":{"alt_text":"","src":"https:\/\/i0.wp.com\/correiodasemana.com\/site\/wp-content\/uploads\/2023\/05\/artemisio-da-costa-2.jpg?resize=350%2C200&ssl=1","width":350,"height":200},"classes":[]},{"id":36535,"url":"https:\/\/correiodasemana.com\/site\/poucas-e-boas-72\/","url_meta":{"origin":30264,"position":1},"title":"POUCAS E BOAS","author":"adminredacao","date":"Novembro 25, 2025","format":false,"excerpt":"Vicente Lopes lan\u00e7a \u201cParedes do Tempo\u201d No dia 6 de dezembro (s\u00e1bado) estar\u00e1 sendo lan\u00e7ado nas principais plataformas de streaming o novo trabalho de Vicente Lopes, cantor e compositor sobralense. Intitulado \u201cParedes do Tempo\u201d, o novo \u00e1lbum cont\u00e9m sete m\u00fasicas in\u00e9ditas, com exce\u00e7\u00e3o de Lagoa de Alu\u00e1. Al\u00e9m dos parceiros\u2026","rel":"","context":"In &quot;Artigos&quot;","block_context":{"text":"Artigos","link":"https:\/\/correiodasemana.com\/site\/category\/artigos\/"},"img":{"alt_text":"","src":"https:\/\/i0.wp.com\/correiodasemana.com\/site\/wp-content\/uploads\/2023\/05\/artemisio-da-costa-2.jpg?resize=350%2C200&ssl=1","width":350,"height":200},"classes":[]},{"id":9342,"url":"https:\/\/correiodasemana.com\/site\/washington-luiz-e-o-nome-da-nova-aposta-do-guarany-de-sobral\/","url_meta":{"origin":30264,"position":2},"title":"Washington Luiz \u00e9 o nome da nova aposta do Guarany de Sobral","author":"","date":"Outubro 7, 2019","format":false,"excerpt":"O t\u00e9cnico j\u00e1 passou pelo Caucaia, Barbalha, Icasa e Guarani de Juazeiro. Atualmente, o Guarany disputa a Ta\u00e7a Fares Lopes, mas precisa de uma vit\u00f3ria no s\u00e1bado (05) para seguir em frente. Correio da Semana: Como voc\u00ea analisa a sua trajet\u00f3ria? Washington: Se avaliar \u00e9 muito dif\u00edcil, n\u00e3o \u00e9? Desde\u2026","rel":"","context":"In &quot;Atualidade&quot;","block_context":{"text":"Atualidade","link":"https:\/\/correiodasemana.com\/site\/category\/atualidade\/"},"img":{"alt_text":"","src":"https:\/\/i0.wp.com\/correiodasemana.com\/site\/wp-content\/uploads\/2019\/10\/Washington-Luiz-768x432-750x375.jpg?resize=350%2C200&ssl=1","width":350,"height":200,"srcset":"https:\/\/i0.wp.com\/correiodasemana.com\/site\/wp-content\/uploads\/2019\/10\/Washington-Luiz-768x432-750x375.jpg?resize=350%2C200&ssl=1 1x, https:\/\/i0.wp.com\/correiodasemana.com\/site\/wp-content\/uploads\/2019\/10\/Washington-Luiz-768x432-750x375.jpg?resize=525%2C300&ssl=1 1.5x, https:\/\/i0.wp.com\/correiodasemana.com\/site\/wp-content\/uploads\/2019\/10\/Washington-Luiz-768x432-750x375.jpg?resize=700%2C400&ssl=1 2x"},"classes":[]},{"id":23745,"url":"https:\/\/correiodasemana.com\/site\/parabens-correio-da-semana\/","url_meta":{"origin":30264,"position":3},"title":"Parab\u00e9ns, Correio da Semana!","author":"adminredacao","date":"Abril 3, 2023","format":false,"excerpt":"\u00c9 not\u00f3ria a voca\u00e7\u00e3o do sobralense para a cultura e, especialmente nesse enfoque, para o jornalismo escrito. Tal fato \u00e9 oficialmente comprovado com a publica\u00e7\u00e3o de \u201cO Tabyra\u201d, j\u00e1 em 14 de agosto de 1864. Como o primeiro peri\u00f3dico de Sobral, \u201cO Tabyra\u201d circulava aos domingos e sobreviveu at\u00e9 29\u2026","rel":"","context":"In &quot;Atualidade&quot;","block_context":{"text":"Atualidade","link":"https:\/\/correiodasemana.com\/site\/category\/atualidade\/"},"img":{"alt_text":"","src":"https:\/\/i0.wp.com\/correiodasemana.com\/site\/wp-content\/uploads\/2023\/04\/capa-jornal.jpg?resize=350%2C200&ssl=1","width":350,"height":200,"srcset":"https:\/\/i0.wp.com\/correiodasemana.com\/site\/wp-content\/uploads\/2023\/04\/capa-jornal.jpg?resize=350%2C200&ssl=1 1x, https:\/\/i0.wp.com\/correiodasemana.com\/site\/wp-content\/uploads\/2023\/04\/capa-jornal.jpg?resize=525%2C300&ssl=1 1.5x, https:\/\/i0.wp.com\/correiodasemana.com\/site\/wp-content\/uploads\/2023\/04\/capa-jornal.jpg?resize=700%2C400&ssl=1 2x"},"classes":[]},{"id":33647,"url":"https:\/\/correiodasemana.com\/site\/poucas-e-boas-55\/","url_meta":{"origin":30264,"position":4},"title":"POUCAS E BOAS","author":"adminredacao","date":"Maio 5, 2025","format":false,"excerpt":"JOS\u00c9 MARIA SOARES - 100 anos de amor a Sobral e ao R\u00e1dio Quanto o tema \u00e9 \u201cO R\u00e1dio em Sobral\u201d, despontam imediatamente os nomes de Jos\u00e9 Maria Capote Soares e Francisco Marques dos Santos - Marcos da Cruz (1928-2012). Por inolvid\u00e1vel merecimento e justi\u00e7a, esses dois sobralenses se transformaram\u2026","rel":"","context":"In &quot;Artigos&quot;","block_context":{"text":"Artigos","link":"https:\/\/correiodasemana.com\/site\/category\/artigos\/"},"img":{"alt_text":"","src":"https:\/\/i0.wp.com\/correiodasemana.com\/site\/wp-content\/uploads\/2023\/05\/artemisio-da-costa-2.jpg?resize=350%2C200&ssl=1","width":350,"height":200},"classes":[]},{"id":23803,"url":"https:\/\/correiodasemana.com\/site\/aniversario-de-105-anos-do-correio-da-semana\/","url_meta":{"origin":30264,"position":5},"title":"EDUCA\u00c7\u00c3O E CIDADANIA \u2022","author":"adminredacao","date":"Abril 5, 2023","format":false,"excerpt":"Anivers\u00e1rio de 105 Anos do Correio da Semana O Jornal Correio da Semana foi fundado por Dom Jos\u00e9 Tupinamb\u00e1 da Frota, primeiro Bispo da Diocese de Sobral, no dia 31 de mar\u00e7o de 1918 com a sua primeira edi\u00e7\u00e3o. Portanto, completou 105 anos neste 31 de mar\u00e7o de 2023. Por\u2026","rel":"","context":"In &quot;Artigos&quot;","block_context":{"text":"Artigos","link":"https:\/\/correiodasemana.com\/site\/category\/artigos\/"},"img":{"alt_text":"","src":"https:\/\/i0.wp.com\/correiodasemana.com\/site\/wp-content\/uploads\/2021\/08\/Salmito-Campos.jpg?resize=350%2C200&ssl=1","width":350,"height":200,"srcset":"https:\/\/i0.wp.com\/correiodasemana.com\/site\/wp-content\/uploads\/2021\/08\/Salmito-Campos.jpg?resize=350%2C200&ssl=1 1x, https:\/\/i0.wp.com\/correiodasemana.com\/site\/wp-content\/uploads\/2021\/08\/Salmito-Campos.jpg?resize=525%2C300&ssl=1 1.5x, https:\/\/i0.wp.com\/correiodasemana.com\/site\/wp-content\/uploads\/2021\/08\/Salmito-Campos.jpg?resize=700%2C400&ssl=1 2x, https:\/\/i0.wp.com\/correiodasemana.com\/site\/wp-content\/uploads\/2021\/08\/Salmito-Campos.jpg?resize=1050%2C600&ssl=1 3x, https:\/\/i0.wp.com\/correiodasemana.com\/site\/wp-content\/uploads\/2021\/08\/Salmito-Campos.jpg?resize=1400%2C800&ssl=1 4x"},"classes":[]}],"jetpack_sharing_enabled":true,"_links":{"self":[{"href":"https:\/\/correiodasemana.com\/site\/wp-json\/wp\/v2\/posts\/30264","targetHints":{"allow":["GET"]}}],"collection":[{"href":"https:\/\/correiodasemana.com\/site\/wp-json\/wp\/v2\/posts"}],"about":[{"href":"https:\/\/correiodasemana.com\/site\/wp-json\/wp\/v2\/types\/post"}],"author":[{"embeddable":true,"href":"https:\/\/correiodasemana.com\/site\/wp-json\/wp\/v2\/users\/7"}],"replies":[{"embeddable":true,"href":"https:\/\/correiodasemana.com\/site\/wp-json\/wp\/v2\/comments?post=30264"}],"version-history":[{"count":1,"href":"https:\/\/correiodasemana.com\/site\/wp-json\/wp\/v2\/posts\/30264\/revisions"}],"predecessor-version":[{"id":30266,"href":"https:\/\/correiodasemana.com\/site\/wp-json\/wp\/v2\/posts\/30264\/revisions\/30266"}],"wp:featuredmedia":[{"embeddable":true,"href":"https:\/\/correiodasemana.com\/site\/wp-json\/wp\/v2\/media\/24516"}],"wp:attachment":[{"href":"https:\/\/correiodasemana.com\/site\/wp-json\/wp\/v2\/media?parent=30264"}],"wp:term":[{"taxonomy":"category","embeddable":true,"href":"https:\/\/correiodasemana.com\/site\/wp-json\/wp\/v2\/categories?post=30264"},{"taxonomy":"post_tag","embeddable":true,"href":"https:\/\/correiodasemana.com\/site\/wp-json\/wp\/v2\/tags?post=30264"}],"curies":[{"name":"wp","href":"https:\/\/api.w.org\/{rel}","templated":true}]}}