{"id":30421,"date":"2024-08-19T15:25:13","date_gmt":"2024-08-19T18:25:13","guid":{"rendered":"https:\/\/correiodasemana.com\/site\/?p=30421"},"modified":"2024-08-19T15:25:13","modified_gmt":"2024-08-19T18:25:13","slug":"um-aninho-de-alana-pimentinha","status":"publish","type":"post","link":"https:\/\/correiodasemana.com\/site\/um-aninho-de-alana-pimentinha\/","title":{"rendered":"Um aninho de Alana Pimentinha"},"content":{"rendered":"<p>Registramos com alegria o anivers\u00e1rio de 1 aninho da Alana Prado, netinha do Dr. Chico Prado e da Dra. Liduina. Ela \u00e9 Filha da Dra. Lia Luma Prado \u2013 m\u00e9dica veterin\u00e1ria. Festa ocorrida nesta semana no sal\u00e3o e festa do edif\u00edcio Premier, com a presen\u00e7a de familiares e amigos de Alana. Parab\u00e9ns, Alana Pimentinha!<\/p>\n","protected":false},"excerpt":{"rendered":"<p>Registramos com alegria o anivers\u00e1rio de 1 aninho da Alana Prado, netinha do Dr. Chico&#8230;<\/p>\n","protected":false},"author":7,"featured_media":30422,"comment_status":"open","ping_status":"open","sticky":false,"template":"","format":"standard","meta":{"_jetpack_newsletter_access":"","_jetpack_dont_email_post_to_subs":false,"_jetpack_newsletter_tier_id":0,"_jetpack_memberships_contains_paywalled_content":false,"_jetpack_feature_clip_id":0,"_jetpack_memberships_contains_paid_content":false,"footnotes":"","jetpack_publicize_message":"","jetpack_publicize_feature_enabled":true,"jetpack_social_post_already_shared":true,"jetpack_social_options":{"image_generator_settings":{"template":"highway","default_image_id":0,"font":"","enabled":false},"version":2},"jetpack_post_was_ever_published":false},"categories":[1],"tags":[],"class_list":["post-30421","post","type-post","status-publish","format-standard","has-post-thumbnail","hentry","category-atualidade"],"jetpack_publicize_connections":[],"featured_image_urls":{"full":["https:\/\/correiodasemana.com\/site\/wp-content\/uploads\/2024\/08\/Lia-Luma-Prado-e-sua-filha-scaled.jpg",2560,1707,false],"thumbnail":["https:\/\/correiodasemana.com\/site\/wp-content\/uploads\/2024\/08\/Lia-Luma-Prado-e-sua-filha-150x150.jpg",150,150,true],"medium":["https:\/\/correiodasemana.com\/site\/wp-content\/uploads\/2024\/08\/Lia-Luma-Prado-e-sua-filha-300x200.jpg",300,200,true],"medium_large":["https:\/\/correiodasemana.com\/site\/wp-content\/uploads\/2024\/08\/Lia-Luma-Prado-e-sua-filha-768x512.jpg",640,427,true],"large":["https:\/\/correiodasemana.com\/site\/wp-content\/uploads\/2024\/08\/Lia-Luma-Prado-e-sua-filha-1024x683.jpg",640,427,true],"1536x1536":["https:\/\/correiodasemana.com\/site\/wp-content\/uploads\/2024\/08\/Lia-Luma-Prado-e-sua-filha-1536x1024.jpg",1536,1024,true],"2048x2048":["https:\/\/correiodasemana.com\/site\/wp-content\/uploads\/2024\/08\/Lia-Luma-Prado-e-sua-filha-2048x1365.jpg",2048,1365,true],"covernews-featured":["https:\/\/correiodasemana.com\/site\/wp-content\/uploads\/2024\/08\/Lia-Luma-Prado-e-sua-filha-1024x683.jpg",1024,683,true],"covernews-medium":["https:\/\/correiodasemana.com\/site\/wp-content\/uploads\/2024\/08\/Lia-Luma-Prado-e-sua-filha-540x340.jpg",540,340,true]},"author_info":{"info":["adminredacao"]},"category_info":"<a href=\"https:\/\/correiodasemana.com\/site\/category\/atualidade\/\" rel=\"category tag\">Atualidade<\/a>","tag_info":"Atualidade","comment_count":"0","jetpack-related-posts":[{"id":25366,"url":"https:\/\/correiodasemana.com\/site\/becco-ponto-com-127\/","url_meta":{"origin":30421,"position":0},"title":"Becco Ponto Com","author":"adminredacao","date":"Junho 26, 2023","format":false,"excerpt":"LIVRAI-NOS, SENHOR! Da ruma de ministros fazendo, o \u201cL\u201d. Das quadrilhas de pol\u00edticos de hoje. Do fim do forr\u00f3 nordestino t\u00e3o logo. Dos laranjas podres da boa pol\u00edtica. Da solid\u00e3o noturna do beco t\u00e3o sujo. Do poder sufocando a igreja por voto. Do ensino moderno formando analfas. Do fim triste,\u2026","rel":"","context":"In &quot;Artigos&quot;","block_context":{"text":"Artigos","link":"https:\/\/correiodasemana.com\/site\/category\/artigos\/"},"img":{"alt_text":"","src":"https:\/\/i0.wp.com\/correiodasemana.com\/site\/wp-content\/uploads\/2021\/09\/Dr-Chico-Prado-Trofeu-Dom-Jose-1.jpg?resize=350%2C200&ssl=1","width":350,"height":200,"srcset":"https:\/\/i0.wp.com\/correiodasemana.com\/site\/wp-content\/uploads\/2021\/09\/Dr-Chico-Prado-Trofeu-Dom-Jose-1.jpg?resize=350%2C200&ssl=1 1x, https:\/\/i0.wp.com\/correiodasemana.com\/site\/wp-content\/uploads\/2021\/09\/Dr-Chico-Prado-Trofeu-Dom-Jose-1.jpg?resize=525%2C300&ssl=1 1.5x, https:\/\/i0.wp.com\/correiodasemana.com\/site\/wp-content\/uploads\/2021\/09\/Dr-Chico-Prado-Trofeu-Dom-Jose-1.jpg?resize=700%2C400&ssl=1 2x, https:\/\/i0.wp.com\/correiodasemana.com\/site\/wp-content\/uploads\/2021\/09\/Dr-Chico-Prado-Trofeu-Dom-Jose-1.jpg?resize=1050%2C600&ssl=1 3x, https:\/\/i0.wp.com\/correiodasemana.com\/site\/wp-content\/uploads\/2021\/09\/Dr-Chico-Prado-Trofeu-Dom-Jose-1.jpg?resize=1400%2C800&ssl=1 4x"},"classes":[]},{"id":28057,"url":"https:\/\/correiodasemana.com\/site\/becco-ponto-com-153\/","url_meta":{"origin":30421,"position":1},"title":"Becco Ponto Com","author":"adminredacao","date":"Janeiro 15, 2024","format":false,"excerpt":"LIVRAI-NOS, SENHOR! Da ruma de lojas vendendo \u201cgueguel\u201d. Das universidades virando bodegas. Dos laranjas do voto puxa-sacos, ui! Da ruma de seitas cobrando dizimo Da nova cultura do p.t. enlatada. Da gula por impostos do governo. Do povo sem mem\u00f3ria, s\u00f3 vota assim. Da corrida por medicina na vida, ufa!\u2026","rel":"","context":"In &quot;Artigos&quot;","block_context":{"text":"Artigos","link":"https:\/\/correiodasemana.com\/site\/category\/artigos\/"},"img":{"alt_text":"","src":"https:\/\/i0.wp.com\/correiodasemana.com\/site\/wp-content\/uploads\/2021\/09\/Dr-Chico-Prado-Trofeu-Dom-Jose-1.jpg?resize=350%2C200&ssl=1","width":350,"height":200,"srcset":"https:\/\/i0.wp.com\/correiodasemana.com\/site\/wp-content\/uploads\/2021\/09\/Dr-Chico-Prado-Trofeu-Dom-Jose-1.jpg?resize=350%2C200&ssl=1 1x, https:\/\/i0.wp.com\/correiodasemana.com\/site\/wp-content\/uploads\/2021\/09\/Dr-Chico-Prado-Trofeu-Dom-Jose-1.jpg?resize=525%2C300&ssl=1 1.5x, https:\/\/i0.wp.com\/correiodasemana.com\/site\/wp-content\/uploads\/2021\/09\/Dr-Chico-Prado-Trofeu-Dom-Jose-1.jpg?resize=700%2C400&ssl=1 2x, https:\/\/i0.wp.com\/correiodasemana.com\/site\/wp-content\/uploads\/2021\/09\/Dr-Chico-Prado-Trofeu-Dom-Jose-1.jpg?resize=1050%2C600&ssl=1 3x, https:\/\/i0.wp.com\/correiodasemana.com\/site\/wp-content\/uploads\/2021\/09\/Dr-Chico-Prado-Trofeu-Dom-Jose-1.jpg?resize=1400%2C800&ssl=1 4x"},"classes":[]},{"id":28680,"url":"https:\/\/correiodasemana.com\/site\/becco-ponto-com-161\/","url_meta":{"origin":30421,"position":2},"title":"Becco Ponto Com","author":"adminredacao","date":"Mar\u00e7o 11, 2024","format":false,"excerpt":"LIVRAI-NOS, SENHOR! Do mau olhado dos impuros pol\u00edticos. Da ruma de forasteiros na fila do voto. Da ruma de homenagens virando votos. Dos gritos dos exclu\u00eddos do analfa, Lula. Da ruma de l\u00edderes falsos buscando f\u00e3s De um candidato peritista por aqui, ufa! Dos cursos modernos vendendo sonho. Dos doutores\u2026","rel":"","context":"In &quot;Artigos&quot;","block_context":{"text":"Artigos","link":"https:\/\/correiodasemana.com\/site\/category\/artigos\/"},"img":{"alt_text":"","src":"https:\/\/i0.wp.com\/correiodasemana.com\/site\/wp-content\/uploads\/2021\/09\/Dr-Chico-Prado-Trofeu-Dom-Jose-1.jpg?resize=350%2C200&ssl=1","width":350,"height":200,"srcset":"https:\/\/i0.wp.com\/correiodasemana.com\/site\/wp-content\/uploads\/2021\/09\/Dr-Chico-Prado-Trofeu-Dom-Jose-1.jpg?resize=350%2C200&ssl=1 1x, https:\/\/i0.wp.com\/correiodasemana.com\/site\/wp-content\/uploads\/2021\/09\/Dr-Chico-Prado-Trofeu-Dom-Jose-1.jpg?resize=525%2C300&ssl=1 1.5x, https:\/\/i0.wp.com\/correiodasemana.com\/site\/wp-content\/uploads\/2021\/09\/Dr-Chico-Prado-Trofeu-Dom-Jose-1.jpg?resize=700%2C400&ssl=1 2x, https:\/\/i0.wp.com\/correiodasemana.com\/site\/wp-content\/uploads\/2021\/09\/Dr-Chico-Prado-Trofeu-Dom-Jose-1.jpg?resize=1050%2C600&ssl=1 3x, https:\/\/i0.wp.com\/correiodasemana.com\/site\/wp-content\/uploads\/2021\/09\/Dr-Chico-Prado-Trofeu-Dom-Jose-1.jpg?resize=1400%2C800&ssl=1 4x"},"classes":[]},{"id":26991,"url":"https:\/\/correiodasemana.com\/site\/becco-ponto-com-143\/","url_meta":{"origin":30421,"position":3},"title":"Becco Ponto Com","author":"adminredacao","date":"Outubro 23, 2023","format":false,"excerpt":"LIVRAI-NOS, SENHOR! Desta guerra insana t\u00e3o santa. Do fim pol\u00edtico indesej\u00e1vel dos fg\u2019s. Da ruma de cursos via internet, ufa! Do sumi\u00e7o do lula na imprensa. Dos faroleiros da pol\u00edtica nacional. Da turma do pt, buscando peitos, ufa! Da alta da \u00e1gua que vem por a\u00ed: saee. Dos aben\u00e7oados petistas,\u2026","rel":"","context":"In &quot;Artigos&quot;","block_context":{"text":"Artigos","link":"https:\/\/correiodasemana.com\/site\/category\/artigos\/"},"img":{"alt_text":"","src":"https:\/\/i0.wp.com\/correiodasemana.com\/site\/wp-content\/uploads\/2021\/09\/Dr-Chico-Prado-Trofeu-Dom-Jose-1.jpg?resize=350%2C200&ssl=1","width":350,"height":200,"srcset":"https:\/\/i0.wp.com\/correiodasemana.com\/site\/wp-content\/uploads\/2021\/09\/Dr-Chico-Prado-Trofeu-Dom-Jose-1.jpg?resize=350%2C200&ssl=1 1x, https:\/\/i0.wp.com\/correiodasemana.com\/site\/wp-content\/uploads\/2021\/09\/Dr-Chico-Prado-Trofeu-Dom-Jose-1.jpg?resize=525%2C300&ssl=1 1.5x, https:\/\/i0.wp.com\/correiodasemana.com\/site\/wp-content\/uploads\/2021\/09\/Dr-Chico-Prado-Trofeu-Dom-Jose-1.jpg?resize=700%2C400&ssl=1 2x, https:\/\/i0.wp.com\/correiodasemana.com\/site\/wp-content\/uploads\/2021\/09\/Dr-Chico-Prado-Trofeu-Dom-Jose-1.jpg?resize=1050%2C600&ssl=1 3x, https:\/\/i0.wp.com\/correiodasemana.com\/site\/wp-content\/uploads\/2021\/09\/Dr-Chico-Prado-Trofeu-Dom-Jose-1.jpg?resize=1400%2C800&ssl=1 4x"},"classes":[]},{"id":32988,"url":"https:\/\/correiodasemana.com\/site\/academia-sobralense-de-estudos-e-letras-asel-realiza-sessao-solene-comemorativa-ao-dia-internacional-da-mulher\/","url_meta":{"origin":30421,"position":4},"title":"Academia Sobralense de Estudos e Letras-ASEL realiza sess\u00e3o solene comemorativa ao Dia Internacional da Mulher","author":"adminredacao","date":"Mar\u00e7o 17, 2025","format":false,"excerpt":"A Sess\u00e3o Especial alusiva ao DIA DA MULHER realizada, dia 14.3.2025, pela Academia Sobralense de Estudos e Letras-ASEL, foi um dos mais lindos momentos vividos pelos seus Acad\u00eamicos e pelo p\u00fablico presente. M\u00fasicas, falas, poesias e textos tocantes foram apresentados n\u00e3o s\u00f3 pelo Acad\u00eamico Liduino S\u00e1 (Mestre de Cerim\u00f4nia), mas\u2026","rel":"","context":"In &quot;Atualidade&quot;","block_context":{"text":"Atualidade","link":"https:\/\/correiodasemana.com\/site\/category\/atualidade\/"},"img":{"alt_text":"","src":"https:\/\/i0.wp.com\/correiodasemana.com\/site\/wp-content\/uploads\/2025\/03\/fotos-academia-de-letras-24.png?resize=350%2C200&ssl=1","width":350,"height":200,"srcset":"https:\/\/i0.wp.com\/correiodasemana.com\/site\/wp-content\/uploads\/2025\/03\/fotos-academia-de-letras-24.png?resize=350%2C200&ssl=1 1x, https:\/\/i0.wp.com\/correiodasemana.com\/site\/wp-content\/uploads\/2025\/03\/fotos-academia-de-letras-24.png?resize=525%2C300&ssl=1 1.5x, https:\/\/i0.wp.com\/correiodasemana.com\/site\/wp-content\/uploads\/2025\/03\/fotos-academia-de-letras-24.png?resize=700%2C400&ssl=1 2x, https:\/\/i0.wp.com\/correiodasemana.com\/site\/wp-content\/uploads\/2025\/03\/fotos-academia-de-letras-24.png?resize=1050%2C600&ssl=1 3x"},"classes":[]},{"id":31933,"url":"https:\/\/correiodasemana.com\/site\/falta-verde-nas-escolas-de-fortaleza-e-nao-ha-pracas-e-parques-por-perto-que-as-criancas-possam-usar-aponta-pesquisa-inedita\/","url_meta":{"origin":30421,"position":5},"title":"Falta verde nas escolas de Fortaleza, e n\u00e3o h\u00e1 pra\u00e7as e parques por perto que as crian\u00e7as possam usar, aponta pesquisa in\u00e9dita","author":"adminredacao","date":"Dezembro 24, 2024","format":false,"excerpt":"Estudo realizado pelo MapBiomas, a partir de perguntas do Alana, analisou 20.635 escolas de Educa\u00e7\u00e3o Infantil e Ensino Fundamental, em todas as capitais Mais da metade das escolas de Fortaleza (54%) n\u00e3o t\u00eam \u00e1reas verdes. A capital do Cear\u00e1 \u00e9 a terceira pior do pa\u00eds nesse quesito, atr\u00e1s apenas de\u2026","rel":"","context":"In &quot;Atualidade&quot;","block_context":{"text":"Atualidade","link":"https:\/\/correiodasemana.com\/site\/category\/atualidade\/"},"img":{"alt_text":"","src":"https:\/\/i0.wp.com\/correiodasemana.com\/site\/wp-content\/uploads\/2024\/12\/escolas-fortaleza.jpg?resize=350%2C200&ssl=1","width":350,"height":200,"srcset":"https:\/\/i0.wp.com\/correiodasemana.com\/site\/wp-content\/uploads\/2024\/12\/escolas-fortaleza.jpg?resize=350%2C200&ssl=1 1x, https:\/\/i0.wp.com\/correiodasemana.com\/site\/wp-content\/uploads\/2024\/12\/escolas-fortaleza.jpg?resize=525%2C300&ssl=1 1.5x"},"classes":[]}],"jetpack_sharing_enabled":true,"jetpack_featured_media_url":"https:\/\/correiodasemana.com\/site\/wp-content\/uploads\/2024\/08\/Lia-Luma-Prado-e-sua-filha-scaled.jpg","_links":{"self":[{"href":"https:\/\/correiodasemana.com\/site\/wp-json\/wp\/v2\/posts\/30421","targetHints":{"allow":["GET"]}}],"collection":[{"href":"https:\/\/correiodasemana.com\/site\/wp-json\/wp\/v2\/posts"}],"about":[{"href":"https:\/\/correiodasemana.com\/site\/wp-json\/wp\/v2\/types\/post"}],"author":[{"embeddable":true,"href":"https:\/\/correiodasemana.com\/site\/wp-json\/wp\/v2\/users\/7"}],"replies":[{"embeddable":true,"href":"https:\/\/correiodasemana.com\/site\/wp-json\/wp\/v2\/comments?post=30421"}],"version-history":[{"count":1,"href":"https:\/\/correiodasemana.com\/site\/wp-json\/wp\/v2\/posts\/30421\/revisions"}],"predecessor-version":[{"id":30423,"href":"https:\/\/correiodasemana.com\/site\/wp-json\/wp\/v2\/posts\/30421\/revisions\/30423"}],"wp:featuredmedia":[{"embeddable":true,"href":"https:\/\/correiodasemana.com\/site\/wp-json\/wp\/v2\/media\/30422"}],"wp:attachment":[{"href":"https:\/\/correiodasemana.com\/site\/wp-json\/wp\/v2\/media?parent=30421"}],"wp:term":[{"taxonomy":"category","embeddable":true,"href":"https:\/\/correiodasemana.com\/site\/wp-json\/wp\/v2\/categories?post=30421"},{"taxonomy":"post_tag","embeddable":true,"href":"https:\/\/correiodasemana.com\/site\/wp-json\/wp\/v2\/tags?post=30421"}],"curies":[{"name":"wp","href":"https:\/\/api.w.org\/{rel}","templated":true}]}}