{"id":30467,"date":"2024-08-26T17:29:25","date_gmt":"2024-08-26T20:29:25","guid":{"rendered":"https:\/\/correiodasemana.com\/site\/?p=30467"},"modified":"2024-08-26T17:29:25","modified_gmt":"2024-08-26T20:29:25","slug":"governo-do-ceara-anuncia-construcao-de-11-399-cisternas-em-80-municipios-cearenses","status":"publish","type":"post","link":"https:\/\/correiodasemana.com\/site\/governo-do-ceara-anuncia-construcao-de-11-399-cisternas-em-80-municipios-cearenses\/","title":{"rendered":"Governo do Cear\u00e1 anuncia constru\u00e7\u00e3o de 11.399 cisternas em 80 munic\u00edpios cearenses"},"content":{"rendered":"<div><strong>Ordens de servi\u00e7o devem ser assinadas em setembro e a constru\u00e7\u00e3o das cisternas e sistemas de re\u00faso at\u00e9 maio de 2026<\/strong><\/div>\n<p>&nbsp;<\/p>\n<p>O governador Elmano de Freitas e o secret\u00e1rio do Desenvolvimento Agr\u00e1rio (SDA), Mois\u00e9s Braz, anunciaram durante live nas redes sociais, nesta sexta-feira (23), o resultado final do edital de chamada p\u00fablica n\u00ba 03\/2024, destinado \u00e0 constru\u00e7\u00e3o de 11.399 cisternas em 80 munic\u00edpios cearenses, envolvendo investimentos totais da ordem de R$ 83,6 milh\u00f5es. O documento ser\u00e1 publicado no Di\u00e1rio Oficial do Estado (DOE).<br \/>\n\u201cS\u00f3 quem n\u00e3o tem a \u00e1gua sabe a import\u00e2ncia de ter uma cisterna, com \u00e1gua da chuva, para poder fazer o alimento e para beber. N\u00f3s sabemos a import\u00e2ncia disso, de uma fam\u00edlia, que est\u00e1 l\u00e1 no sert\u00e3o, ter uma \u00e1gua de qualidade\u201d, afirmou o chefe do executivo estadual, ao fazer reiterados agradecimentos \u201c\u00e0 parceria do Presidente Lula, que retomou o programa de cisternas\u201d, bem como \u00e0 equipe da SDA, que trabalhou na estrutura\u00e7\u00e3o das a\u00e7\u00f5es. A expectativa, segundo o governador, \u00e9 de que as ordens de servi\u00e7o para o in\u00edcio das constru\u00e7\u00f5es sejam assinadas no pr\u00f3ximo dia 3 de setembro.<br \/>\n\u201cN\u00f3s vamos ter quase R$ 1 bilh\u00e3o de investimentos para as fam\u00edlias de agricultores familiares no estado do Cear\u00e1\u201d, afirmou Elmano de Freitas, lembrando que, al\u00e9m dos R$ 83,6 milh\u00f5es do programa de cisternas, o governo do Estado assinou, recentemente, contrato no montante de R$ 252 milh\u00f5es com o BNDES, relacionado ao Programa Sert\u00e3o Vivo, para projetos produtivos em v\u00e1rios munic\u00edpios cearenses, e contar\u00e1 com mais R$ 600 milh\u00f5es origin\u00e1rios do FIDA, o Fundo Internacional de Desenvolvimento Agr\u00edcola, relacionado ao Programa Paulo Freire II.<br \/>\nO secret\u00e1rio Mois\u00e9s Braz enalteceu a import\u00e2ncia do programa e agradeceu ao governador \u201cpelo compromisso com o desenvolvimento do campo e pelos investimentos que est\u00e3o sendo feitos\u201d. No detalhamento do programa, explicou que para construir as tecnologias sociais, o Governo do Cear\u00e1, por meio da SDA, selecionou e contratar\u00e1 entidades privadas sem fins lucrativos e\/ou cooperativas de trabalho ou de produ\u00e7\u00e3o, divididas em um total de 15 lotes.<br \/>\nSer\u00e3o constru\u00eddas 10.601 cisternas de placas de 16 mil litros, para consumo humano; 607 cisternas cal\u00e7ad\u00e3o, de 52 mil litros, com fomento rural; e 191 sistemas de tratamento e re\u00faso de \u00e1gua domiciliar com fossa ecol\u00f3gica. Os investimentos s\u00e3o da ordem de R$ 83,6 milh\u00f5es, sendo R$ 80,6 milh\u00f5es oriundos do Minist\u00e9rio do Desenvolvimento e Assist\u00eancia Social, Fam\u00edlia e Combate \u00e0 Fome (MDS), com contrapartida de R$ 3 milh\u00f5es do Governo do Cear\u00e1. O edital prev\u00ea a constru\u00e7\u00e3o das cisternas e sistemas de re\u00faso at\u00e9 maio de 2026.<br \/>\nNo caso das cisternas cal\u00e7ad\u00e3o de 52 mil litros, as fam\u00edlias ter\u00e3o direito ao Servi\u00e7o de Atendimento Familiar para Inclus\u00e3o Social e Produtiva (Safisp), por meio do recebimento do Fomento Rural. O fomento \u00e9 a transfer\u00eancia de recursos n\u00e3o reembols\u00e1veis diretamente para as fam\u00edlias benefici\u00e1rias investirem em projetos produtivos.<br \/>\nS\u00e3o benefici\u00e1rias do Programa Cisternas fam\u00edlias de baixa renda residentes na zona rural atingidas pela seca ou falta regular de \u00e1gua. Confira a distribui\u00e7\u00e3o de lotes:<br \/>\nLote 1 (Altaneira, Nova Olinda, Crato, Juazeiro do Norte e Barbalha);<br \/>\nLote 2 (Aurora, Granjeiro, Ipaumirim e V\u00e1rzea Alegre);<br \/>\nLote 3 (Brejo Santo, Jati, Miss\u00e3o Velha e Porteiras);<br \/>\nLote 4 (Acopiara, Baixio, Iguatu, Or\u00f3s e Quixel\u00f4);<br \/>\nLote 5 (Apuiar\u00e9s, Itapipoca, Tururu, Uruburetama e Trairi);<br \/>\nLote 6 (Baturit\u00e9, Capistrano, Pacajus, Caucaia e Barreira);<br \/>\nLote 7 (Guaraciaba do Norte, Ibiapina, S\u00e3o Benedito, Tiangu\u00e1 e Ubajara);<br \/>\nLote 8 (Deputado Irapuan Pinheiro, Milh\u00e3, Momba\u00e7a, Pedra Branca, Piquet Carneiro, Senador Pompeu e Solon\u00f3pole);<br \/>\nLote 9 (Banabui\u00fa, Chor\u00f3, Ibaretama, Quixad\u00e1 e Quixeramobim);<br \/>\nLote 10 (Boa Viagem, Canind\u00e9, Caridade, Madalena, General Sampaio e Paramoti);<br \/>\nLote 11 (Carir\u00e9, Forquilha, Frecheirinha, Varjota e Groa\u00edras);<br \/>\nLote 12 (Massap\u00ea, Meruoca, Pacuj\u00e1, Santana do Acara\u00fa, Mira\u00edma e Morrinhos);<br \/>\nLote 13 (Tamboril, Aiuaba, Parambu, Quiterian\u00f3polis, Monsenhor Tabosa e Tau\u00e1);<br \/>\nLote 14 (Ararend\u00e1, Catunda, Poranga, Santa Quit\u00e9ria, Ipueiras, Crate\u00fas e Nova Russas);<br \/>\nLote 15 (Iracema, Jaguaretama, Ibicuitinga, Jaguaribara e Icapu\u00ed).<\/p>\n<p>Programa Cisternas<br \/>\nO programa Cisternas tem como objetivo promover o acesso \u00e0 \u00e1gua para consumo humano e produ\u00e7\u00e3o de alimentos atrav\u00e9s da implementa\u00e7\u00e3o de tecnologias sociais simples e de baixo custo. No Cear\u00e1, j\u00e1 foram constru\u00eddas 177 mil cisternas, beneficiando mais de 763 mil pessoas desde 2004.<br \/>\nEstabelecido como pol\u00edtica p\u00fablica desde 2003, \u00e9 regulamentado pela Lei n\u00ba 12.873 de 2013, pelo Decreto n\u00ba 9.606 de 2018, e por v\u00e1rias portarias e instru\u00e7\u00f5es normativas. Destina-se a fam\u00edlias rurais de baixa renda (renda per capita de at\u00e9 meio sal\u00e1rio-m\u00ednimo) e a equipamentos p\u00fablicos rurais afetados pela seca ou falta de \u00e1gua, com prioridade para povos e comunidades tradicionais. Para participar, as fam\u00edlias precisam estar inscritas no Cadastro \u00danico para Programas Sociais do Governo Federal.<\/p>\n","protected":false},"excerpt":{"rendered":"<p>Ordens de servi\u00e7o devem ser assinadas em setembro e a constru\u00e7\u00e3o das cisternas e sistemas&#8230;<\/p>\n","protected":false},"author":7,"featured_media":30468,"comment_status":"open","ping_status":"open","sticky":false,"template":"","format":"standard","meta":{"_jetpack_memberships_contains_paid_content":false,"footnotes":"","jetpack_publicize_message":"","jetpack_publicize_feature_enabled":true,"jetpack_social_post_already_shared":true,"jetpack_social_options":{"image_generator_settings":{"template":"highway","default_image_id":0,"font":"","enabled":false},"version":2}},"categories":[1],"tags":[],"class_list":["post-30467","post","type-post","status-publish","format-standard","has-post-thumbnail","hentry","category-atualidade"],"jetpack_publicize_connections":[],"jetpack_featured_media_url":"https:\/\/correiodasemana.com\/site\/wp-content\/uploads\/2024\/08\/DSC3554.jpg","jetpack-related-posts":[{"id":28824,"url":"https:\/\/correiodasemana.com\/site\/caritas-regional-ceara-celebra-a-entrega-de-50-cisternas-de-placas\/","url_meta":{"origin":30467,"position":0},"title":"C\u00e1ritas Regional Cear\u00e1 celebra a entrega de 50 cisternas de placas","author":"adminredacao","date":"Mar\u00e7o 25, 2024","format":false,"excerpt":"Por Paulo C\u00e9sar Oliveira Andrade. No dia 22 de mar\u00e7o de 2024, Dia Mundial da \u00c1gua, A C\u00e1ritas Regional Cear\u00e1, realizou entrega de cisterna de placas do projeto em parceria com a Secretaria de Desenvolvimento Agr\u00e1rio do Cear\u00e1- SDA- \u00c1guas para o bem Viver no Semi\u00e1rido. O evento foi realizado\u2026","rel":"","context":"In &quot;Atualidade&quot;","block_context":{"text":"Atualidade","link":"https:\/\/correiodasemana.com\/site\/category\/atualidade\/"},"img":{"alt_text":"","src":"https:\/\/i0.wp.com\/correiodasemana.com\/site\/wp-content\/uploads\/2024\/03\/WhatsApp-Image-2024-03-23-at-07.48.45-1.jpeg?resize=350%2C200&ssl=1","width":350,"height":200,"srcset":"https:\/\/i0.wp.com\/correiodasemana.com\/site\/wp-content\/uploads\/2024\/03\/WhatsApp-Image-2024-03-23-at-07.48.45-1.jpeg?resize=350%2C200&ssl=1 1x, https:\/\/i0.wp.com\/correiodasemana.com\/site\/wp-content\/uploads\/2024\/03\/WhatsApp-Image-2024-03-23-at-07.48.45-1.jpeg?resize=525%2C300&ssl=1 1.5x, https:\/\/i0.wp.com\/correiodasemana.com\/site\/wp-content\/uploads\/2024\/03\/WhatsApp-Image-2024-03-23-at-07.48.45-1.jpeg?resize=700%2C400&ssl=1 2x, https:\/\/i0.wp.com\/correiodasemana.com\/site\/wp-content\/uploads\/2024\/03\/WhatsApp-Image-2024-03-23-at-07.48.45-1.jpeg?resize=1050%2C600&ssl=1 3x"},"classes":[]},{"id":17062,"url":"https:\/\/correiodasemana.com\/site\/sobral-registra-aumento-no-numero-de-casos-de-dengue-80-dos-focos-sao-residenciais\/","url_meta":{"origin":30467,"position":1},"title":"Sobral registra aumento no n\u00famero de casos de Dengue; 80% dos focos s\u00e3o residenciais","author":"","date":"Julho 27, 2021","format":false,"excerpt":"Por Samuel Carvalho Reda\u00e7\u00e3o Correio da Semana No primeiro semestre de 2021 a Secretaria de Sa\u00fade de Sobral registrou 246 casos de dengue no munic\u00edpio, um crescimento alarmante em compara\u00e7\u00e3o \u00e0 mesma \u00e9poca ano passado, foram confirmados apenas 37 casos. Al\u00e9m da dengue, neste ano j\u00e1 foram confirmados nove casos\u2026","rel":"","context":"In &quot;Atualidade&quot;","block_context":{"text":"Atualidade","link":"https:\/\/correiodasemana.com\/site\/category\/atualidade\/"},"img":{"alt_text":"","src":"https:\/\/i0.wp.com\/correiodasemana.com\/site\/wp-content\/uploads\/2021\/07\/combate-dengue-8.png?resize=350%2C200&ssl=1","width":350,"height":200,"srcset":"https:\/\/i0.wp.com\/correiodasemana.com\/site\/wp-content\/uploads\/2021\/07\/combate-dengue-8.png?resize=350%2C200&ssl=1 1x, https:\/\/i0.wp.com\/correiodasemana.com\/site\/wp-content\/uploads\/2021\/07\/combate-dengue-8.png?resize=525%2C300&ssl=1 1.5x, https:\/\/i0.wp.com\/correiodasemana.com\/site\/wp-content\/uploads\/2021\/07\/combate-dengue-8.png?resize=700%2C400&ssl=1 2x, https:\/\/i0.wp.com\/correiodasemana.com\/site\/wp-content\/uploads\/2021\/07\/combate-dengue-8.png?resize=1050%2C600&ssl=1 3x"},"classes":[]},{"id":15260,"url":"https:\/\/correiodasemana.com\/site\/municipios-prioritarios-vao-receber-investimento-em-oferta-de-agua-no-semiarido\/","url_meta":{"origin":30467,"position":2},"title":"Munic\u00edpios priorit\u00e1rios v\u00e3o receber investimento em oferta de \u00e1gua no semi\u00e1rido","author":"","date":"Janeiro 4, 2021","format":false,"excerpt":"O objetivo \u00e9 reduzir a depend\u00eancia por carros-pipa e criar fontes seguras de abastecimento Minist\u00e9rio do Desenvolvimento Regional selecionou 939 localidades em 319 munic\u00edpios, em nove estados brasileiros, para receber investimento em oferta de \u00e1gua. O objetivo \u00e9 reduzir a depend\u00eancia por carros-pipa, na regi\u00e3o do semi\u00e1rido, e criar fontes\u2026","rel":"","context":"In &quot;Atualidade&quot;","block_context":{"text":"Atualidade","link":"https:\/\/correiodasemana.com\/site\/category\/atualidade\/"},"img":{"alt_text":"","src":"https:\/\/i0.wp.com\/correiodasemana.com\/site\/wp-content\/uploads\/2021\/01\/poco-dagua.jpg?resize=350%2C200&ssl=1","width":350,"height":200},"classes":[]},{"id":28166,"url":"https:\/\/correiodasemana.com\/site\/maior-mina-de-uranio-do-brasil-promete-empregos-mas-especialistas-apontam-risco-de-contaminacao\/","url_meta":{"origin":30467,"position":3},"title":"Maior mina de ur\u00e2nio do Brasil promete empregos, mas especialistas apontam risco de contamina\u00e7\u00e3o","author":"adminredacao","date":"Janeiro 22, 2024","format":false,"excerpt":"Contamina\u00e7\u00e3o das \u00e1guas, chuva \u00e1cida e at\u00e9 casos de c\u00e2ncer s\u00e3o apontados entre os riscos da minera\u00e7\u00e3o. Cons\u00f3rcio respons\u00e1vel pelo projeto afirmou que estudos complementares solicitados pelo Ibama deveriam ser apresentados ainda em 2023. Por\u00a0Tha\u00eds Brito Fonte: g1 CE Mina em Santa Quit\u00e9ria, no Cear\u00e1, pode ser usada para extra\u00e7\u00e3o\u2026","rel":"","context":"In &quot;Atualidade&quot;","block_context":{"text":"Atualidade","link":"https:\/\/correiodasemana.com\/site\/category\/atualidade\/"},"img":{"alt_text":"","src":"https:\/\/i0.wp.com\/correiodasemana.com\/site\/wp-content\/uploads\/2024\/01\/ass.jpg?resize=350%2C200&ssl=1","width":350,"height":200,"srcset":"https:\/\/i0.wp.com\/correiodasemana.com\/site\/wp-content\/uploads\/2024\/01\/ass.jpg?resize=350%2C200&ssl=1 1x, https:\/\/i0.wp.com\/correiodasemana.com\/site\/wp-content\/uploads\/2024\/01\/ass.jpg?resize=525%2C300&ssl=1 1.5x"},"classes":[]},{"id":12191,"url":"https:\/\/correiodasemana.com\/site\/projeto-de-socorro-a-agricultores-familiares-e-aprovado-pela-camara-dos-deputados\/","url_meta":{"origin":30467,"position":4},"title":"Projeto de socorro a agricultores familiares \u00e9 aprovado pela C\u00e2mara dos Deputados","author":"","date":"Julho 25, 2020","format":false,"excerpt":"Texto ainda ser\u00e1 avaliado pelos senadores; PL inclui grupo entre os benefici\u00e1rios do aux\u00edlio emergencial e suspende d\u00edvidas, entre outras medidas A C\u00e2mara dos Deputados aprovou na \u00faltima segunda-feira (20) uma s\u00e9rie de medidas emergenciais que visam ajudar agricultores familiares impactados pela crise econ\u00f4mica em decorr\u00eancia da pandemia da Covid-19.\u2026","rel":"","context":"In &quot;Atualidade&quot;","block_context":{"text":"Atualidade","link":"https:\/\/correiodasemana.com\/site\/category\/atualidade\/"},"img":{"alt_text":"","src":"https:\/\/i0.wp.com\/correiodasemana.com\/site\/wp-content\/uploads\/2020\/07\/agricultores-familiar.jpg?resize=350%2C200&ssl=1","width":350,"height":200,"srcset":"https:\/\/i0.wp.com\/correiodasemana.com\/site\/wp-content\/uploads\/2020\/07\/agricultores-familiar.jpg?resize=350%2C200&ssl=1 1x, https:\/\/i0.wp.com\/correiodasemana.com\/site\/wp-content\/uploads\/2020\/07\/agricultores-familiar.jpg?resize=525%2C300&ssl=1 1.5x, https:\/\/i0.wp.com\/correiodasemana.com\/site\/wp-content\/uploads\/2020\/07\/agricultores-familiar.jpg?resize=700%2C400&ssl=1 2x, https:\/\/i0.wp.com\/correiodasemana.com\/site\/wp-content\/uploads\/2020\/07\/agricultores-familiar.jpg?resize=1050%2C600&ssl=1 3x, https:\/\/i0.wp.com\/correiodasemana.com\/site\/wp-content\/uploads\/2020\/07\/agricultores-familiar.jpg?resize=1400%2C800&ssl=1 4x"},"classes":[]},{"id":12788,"url":"https:\/\/correiodasemana.com\/site\/com-investimento-de-r-158-milhoes-governo-do-ceara-inaugura-obras-e-autoriza-novos-sistemas-de-abastecimento-dagua-e-esgoto\/","url_meta":{"origin":30467,"position":5},"title":"Com investimento de R$ 158 milh\u00f5es, Governo do Cear\u00e1 inaugura obras e autoriza novos sistemas de abastecimento d\u2019\u00e1gua e esgoto","author":"","date":"Agosto 17, 2020","format":false,"excerpt":"Saneamento \u00e9 uma s\u00e9rie de medidas que tornam uma \u00e1rea sadia, limpa e habit\u00e1vel, de acordo com a defini\u00e7\u00e3o apresentada pelo dicion\u00e1rio de portugu\u00eas da Google, proporcionado pela Oxford Languages. Mas, para moradores de locais ainda desprovidos dessa oferta ou que a tenham de forma inadequada, pode significar vida. Por\u2026","rel":"","context":"In &quot;Atualidade&quot;","block_context":{"text":"Atualidade","link":"https:\/\/correiodasemana.com\/site\/category\/atualidade\/"},"img":{"alt_text":"","src":"https:\/\/i0.wp.com\/correiodasemana.com\/site\/wp-content\/uploads\/2020\/08\/200813_SIST-ABASTEC-E-ESGOT-E-OS_CGM0054.jpg?resize=350%2C200&ssl=1","width":350,"height":200,"srcset":"https:\/\/i0.wp.com\/correiodasemana.com\/site\/wp-content\/uploads\/2020\/08\/200813_SIST-ABASTEC-E-ESGOT-E-OS_CGM0054.jpg?resize=350%2C200&ssl=1 1x, https:\/\/i0.wp.com\/correiodasemana.com\/site\/wp-content\/uploads\/2020\/08\/200813_SIST-ABASTEC-E-ESGOT-E-OS_CGM0054.jpg?resize=525%2C300&ssl=1 1.5x, https:\/\/i0.wp.com\/correiodasemana.com\/site\/wp-content\/uploads\/2020\/08\/200813_SIST-ABASTEC-E-ESGOT-E-OS_CGM0054.jpg?resize=700%2C400&ssl=1 2x, https:\/\/i0.wp.com\/correiodasemana.com\/site\/wp-content\/uploads\/2020\/08\/200813_SIST-ABASTEC-E-ESGOT-E-OS_CGM0054.jpg?resize=1050%2C600&ssl=1 3x, https:\/\/i0.wp.com\/correiodasemana.com\/site\/wp-content\/uploads\/2020\/08\/200813_SIST-ABASTEC-E-ESGOT-E-OS_CGM0054.jpg?resize=1400%2C800&ssl=1 4x"},"classes":[]}],"jetpack_sharing_enabled":true,"_links":{"self":[{"href":"https:\/\/correiodasemana.com\/site\/wp-json\/wp\/v2\/posts\/30467","targetHints":{"allow":["GET"]}}],"collection":[{"href":"https:\/\/correiodasemana.com\/site\/wp-json\/wp\/v2\/posts"}],"about":[{"href":"https:\/\/correiodasemana.com\/site\/wp-json\/wp\/v2\/types\/post"}],"author":[{"embeddable":true,"href":"https:\/\/correiodasemana.com\/site\/wp-json\/wp\/v2\/users\/7"}],"replies":[{"embeddable":true,"href":"https:\/\/correiodasemana.com\/site\/wp-json\/wp\/v2\/comments?post=30467"}],"version-history":[{"count":1,"href":"https:\/\/correiodasemana.com\/site\/wp-json\/wp\/v2\/posts\/30467\/revisions"}],"predecessor-version":[{"id":30469,"href":"https:\/\/correiodasemana.com\/site\/wp-json\/wp\/v2\/posts\/30467\/revisions\/30469"}],"wp:featuredmedia":[{"embeddable":true,"href":"https:\/\/correiodasemana.com\/site\/wp-json\/wp\/v2\/media\/30468"}],"wp:attachment":[{"href":"https:\/\/correiodasemana.com\/site\/wp-json\/wp\/v2\/media?parent=30467"}],"wp:term":[{"taxonomy":"category","embeddable":true,"href":"https:\/\/correiodasemana.com\/site\/wp-json\/wp\/v2\/categories?post=30467"},{"taxonomy":"post_tag","embeddable":true,"href":"https:\/\/correiodasemana.com\/site\/wp-json\/wp\/v2\/tags?post=30467"}],"curies":[{"name":"wp","href":"https:\/\/api.w.org\/{rel}","templated":true}]}}