{"id":30504,"date":"2024-08-26T17:40:01","date_gmt":"2024-08-26T20:40:01","guid":{"rendered":"https:\/\/correiodasemana.com\/site\/?p=30504"},"modified":"2024-08-26T17:40:01","modified_gmt":"2024-08-26T20:40:01","slug":"poucas-e-boas-44","status":"publish","type":"post","link":"https:\/\/correiodasemana.com\/site\/poucas-e-boas-44\/","title":{"rendered":"POUCAS E BOAS"},"content":{"rendered":"<p><strong>Menos ruim<\/strong><\/p>\n<div id='gallery-1' class='gallery galleryid-30504 gallery-columns-3 gallery-size-thumbnail'><figure class='gallery-item'>\n\t\t\t<div class='gallery-icon landscape'>\n\t\t\t\t<a href='https:\/\/correiodasemana.com\/site\/poucas-e-boas-44\/whatsapp-image-2024-08-23-at-20-17-28\/'><img loading=\"lazy\" width=\"150\" height=\"150\" src=\"https:\/\/correiodasemana.com\/site\/wp-content\/uploads\/2024\/08\/WhatsApp-Image-2024-08-23-at-20.17.28-150x150.jpeg\" class=\"attachment-thumbnail size-thumbnail\" alt=\"WhatsApp Image 2024-08-23 at 20.17.28\" loading=\"lazy\" decoding=\"async\" \/><\/a>\n\t\t\t<\/div><\/figure>\n\t\t<\/div>\n\n<p>Aos desavisados: Este ano o eleitor ter\u00e1 de eleger: prefeito, vice-prefeito e vereador; E n\u00e3o \u00e9 nenhuma novidade que coisas absurdas e degradantes ocorram em ano de elei\u00e7\u00f5es\/ Dentre elas, promessas irrealiz\u00e1veis, inj\u00farias, xingamentos, lavagem de roupa suja em p\u00fablico e at\u00e9 agress\u00f5es f\u00edsicas. No passado, isso s\u00f3 se comprovava na reta final de campanhas. E os agentes faziam \u00e0s escondidas, de maneira camuflada.<br \/>\nUltimamente, at\u00e9 mesmo sem nem ter come\u00e7ado o per\u00edodo de propaganda permitido por lei, j\u00e1 se assiste na m\u00eddia ao \u201ctrailer\u201d do que de podre vem na sequ\u00eancia. E sem que nenhum dos artistas demonstre qualquer cerim\u00f4nia ou temor da justi\u00e7a. Eles n\u00e3o querem fazer gra\u00e7a, n\u00e3o, enfim, para eles o palha\u00e7o quase sempre \u00e9 o eleitor.<br \/>\nVirou moda alguns meios de comunica\u00e7\u00e3o serem utilizados para tentar mostrar que \u201ceste ou aquele \u00e9 o melhor\u201d. Sem precisar de tanta perspic\u00e1cia d\u00e1 para deduzir que o que querem mesmo \u00e9 tentar passar para o povo \u201cquem \u00e9 o menos ruim\u201d. Em todo o territ\u00f3rio nacional, parte da imprensa nas suas diversas modalidades, as redes sociais, principalmente, j\u00e1 come\u00e7a a ser maldosamente utilizadas por alguns para atingir advers\u00e1rios. Apelam para o covarde recurso da mentira e\/ou de acusa\u00e7\u00f5es ap\u00f3crifas, ou seja, sem a valida\u00e7\u00e3o do seu respons\u00e1vel (do acusador).<br \/>\nPor outro lado, j\u00e1 se observa tamb\u00e9m o uso de estrat\u00e9gias como amea\u00e7as, coa\u00e7\u00e3o, retalia\u00e7\u00f5es e at\u00e9 penaliza\u00e7\u00f5es de supostos advers\u00e1rios. Coisa mesquinha de quem \u00e9 destitu\u00eddo de argumentos para encarar uma disputa licitamente.<br \/>\nPara piorar, partid\u00e1rios cegos e at\u00e9 membros da imprensa &#8211; os sem imparcialidade e sem responsabilidade &#8211; completam o servi\u00e7o. N\u00e3o apenas concordam com quem promove a baixaria, como tamb\u00e9m levam adiante tamanho abuso. D\u00f3i prever que, com a aproxima\u00e7\u00e3o do pleito, a imprensa e as redes sociais ser\u00e3o usadas com mais frequ\u00eancia ainda para t\u00e3o nefasto fim. Abrem, assim, m\u00e3o do seu verdadeiro papel, que \u00e9, estar instruindo, educando e conscientizando o eleitor para votar bem.<br \/>\nPena que muitas v\u00edtimas ou testemunhas dos mais comprometedores fatos, cal\u00fania, amea\u00e7a, coa\u00e7\u00e3o, compra de voto, etc., recusem-se veementemente a assumir a condi\u00e7\u00e3o de denunciantes por temerem repres\u00e1lia ou algo mais grave. Isso porque a Justi\u00e7a ainda n\u00e3o desenvolveu uma estrat\u00e9gia ou dispositivo capaz de se chegar mais f\u00e1cil e rapidamente aos acusados. Ou, ser\u00e1 que j\u00e1 disp\u00f5e, mas falta coragem para usar essa arma?<br \/>\nEnquanto isso n\u00e3o ocorre, muitos lobos com pele de cordeiro continuam agindo, fazendo mau uso dos meios de comunica\u00e7\u00e3o, \u201cestuprando\u201d a mente de comunicadores sem compromisso com a verdade e com o bem, roubando consci\u00eancias e, quem sabe, fazendo isso agora para roubar outras coisas depois.<br \/>\nApesar de tudo, vale a pena insistir em cumprir nosso papel de cidad\u00e3os, preparando-nos para escolher bem. Al\u00e9m de tomar muito cuidado com o que cai na rede (internet), que deve ser primeiramente descoberta sua fonte e seu teor submetido ao teste da verdade, busquemos a hist\u00f3ria de cada candidato e de seus aliados; ou\u00e7amos o que se comenta deles; verifiquemos a credibilidade deles e a de quem fala sobre eles.<br \/>\nEm seguida, que analisemos se o futuro candidato figura na lista dos s\u00e9rios, honestos, de bons prop\u00f3sitos e merecedores do voto. Se n\u00e3o figurar, que seja desprezado e denunciado, se poss\u00edvel, enfim, tanto pode cair na rede um bom pescado como um voraz tubar\u00e3o. Mas cuidado: Denunciar, s\u00f3 com provas.<br \/>\nE m\u00e3os \u00e0 obra!<br \/>\n**<\/p>\n<p><strong>Sujeira<\/strong><br \/>\nEm alguns munic\u00edpios brasileiros gestores \u201csa\u00edntes\u201d est\u00e3o promovendo uma estranha limpeza e quanto mais limpam (as prefeituras) mais sujeira aparece. Pior: em alguns casos, a justi\u00e7a e a popula\u00e7\u00e3o nem pode mais lavar e enxaguar tanto desmando, pois at\u00e9 caixas d\u00b4\u00e1gua j\u00e1 levaram. Em tempo: Associo-me \u00e0 tristeza e ao lamento dos amigos de cidades cearenses, particularmente, onde essa limpeza (ou sujeira?) j\u00e1 vem acontecendo na surdina.<\/p>\n<p><strong>Caiu a m\u00e1scara<\/strong><br \/>\nPor falta de mais rigor da lei e com a coniv\u00eancia de maus eleitores, quase \u00e0s claras pol\u00edticos inescrupulosos continuam se esbaldando nessa farra eleitoral que injustificadamente ainda acontece de quatro em quatro anos. Ainda bem que a cada elei\u00e7\u00e3o caem m\u00e1scaras de alguns que imerecidamente se autoproclamam \u201crepresentantes do povo\u201d.<\/p>\n<p><strong>Decep\u00e7\u00e3o<\/strong><br \/>\nLamento profundamente a decep\u00e7\u00e3o com alguns por aqui, cujas personalidades reais passei a conhecer mais este ano. E, a eles, nada parece ter acontecido: juram de p\u00e9s juntos que permanecem \u201climpos e s\u00e9rios\u201d, como antes. Agora, pergunto: O seu preferido continua mascarado? Tor\u00e7o para que ele n\u00e3o necessite deste artif\u00edcio<\/p>\n<p><strong>\u201cSOS Voto\u201d &#8211; 1491<\/strong><br \/>\n\u00c9 o telefone que o Tribunal Superior Eleitoral disponibiliza para o cidad\u00e3o denunciar mentiras sobre as elei\u00e7\u00f5es 2024. O acesso \u00e9 gratuito por qualquer pessoa, em todas as regi\u00f5es do pa\u00eds. O SOS Voto funciona de segunda a sexta-feira, das 8h \u00e0s 20h, e, no s\u00e1bado, das 9h \u00e0s 17h. Pode atender at\u00e9 mil liga\u00e7\u00f5es di\u00e1rias. Ligue, ligue, ligue!<\/p>\n<p><strong>Rabo preso<\/strong><\/p>\n<div id='gallery-2' class='gallery galleryid-30504 gallery-columns-6 gallery-size-thumbnail'><figure class='gallery-item'>\n\t\t\t<div class='gallery-icon landscape'>\n\t\t\t\t<a href='https:\/\/correiodasemana.com\/site\/poucas-e-boas-44\/whatsapp-image-2024-08-23-at-20-31-31\/'><img loading=\"lazy\" width=\"150\" height=\"150\" src=\"https:\/\/correiodasemana.com\/site\/wp-content\/uploads\/2024\/08\/WhatsApp-Image-2024-08-23-at-20.31.31-150x150.jpeg\" class=\"attachment-thumbnail size-thumbnail\" alt=\"WhatsApp Image 2024-08-23 at 20.31.31\" loading=\"lazy\" decoding=\"async\" \/><\/a>\n\t\t\t<\/div><\/figure>\n\t\t<\/div>\n\n<p>Alguns \u201cdefensores\u201d da causa repudiam veementemente os atos de perversidade contra animais. No entanto, por quest\u00e3o de est\u00e9tica ou para terem mais paz, sil\u00eancio, mandam cortar a cauda dos seus bichinhos; outros, as orelhas; outros mais, as cordas vocais, garras, etc. Assim, donos muitos tamb\u00e9m ficam com rabo preso: E \u00e9 porque tudo isso \u00e9 proibido pelo Conselho Federal de Medicina Veterin\u00e1ria do Brasil.<\/p>\n<p><strong>Desequilibrado<\/strong><br \/>\nSegundo especialista, o corte da cauda de um animal prejudica seu equil\u00edbrio. J\u00e1 eu, prognostico: Se quem autoriza fazer isso fosse a um psiquiatra, muito provavelmente receberia o diagn\u00f3stico de que ele (dono do bicho) n\u00e3o passa de um \u201cDESEQUILIBRADO\u201d.<\/p>\n","protected":false},"excerpt":{"rendered":"<p>Menos ruim Aos desavisados: Este ano o eleitor ter\u00e1 de eleger: prefeito, vice-prefeito e vereador;&#8230;<\/p>\n","protected":false},"author":7,"featured_media":24516,"comment_status":"open","ping_status":"open","sticky":false,"template":"","format":"standard","meta":{"_jetpack_memberships_contains_paid_content":false,"footnotes":"","jetpack_publicize_message":"","jetpack_publicize_feature_enabled":true,"jetpack_social_post_already_shared":true,"jetpack_social_options":{"image_generator_settings":{"template":"highway","default_image_id":0,"font":"","enabled":false},"version":2}},"categories":[11,82],"tags":[],"class_list":["post-30504","post","type-post","status-publish","format-standard","has-post-thumbnail","hentry","category-artigos","category-poucas-e-boas"],"jetpack_publicize_connections":[],"jetpack_featured_media_url":"https:\/\/correiodasemana.com\/site\/wp-content\/uploads\/2023\/05\/artemisio-da-costa-2.jpg","jetpack-related-posts":[{"id":29329,"url":"https:\/\/correiodasemana.com\/site\/poucas-e-boas-35\/","url_meta":{"origin":30504,"position":0},"title":"POUCAS E BOAS","author":"adminredacao","date":"Maio 20, 2024","format":false,"excerpt":"\u201cO HOMEM DA PRA\u00c7A MERECE MAIS\u201d H\u00e1 alguns meses, em passagem r\u00e1pida por um munoc\u00edpio vizinho a Sobral, deparei-me com um grupo de crian\u00e7as de 10 ou 11 anos que ali brincava. Perguntei-lhes se poderiam me dizer algo sobre a pessoa que dava nome \u00e0quela bela pra\u00e7a. Lamentavelmente n\u00e3o consegui\u2026","rel":"","context":"In &quot;Artigos&quot;","block_context":{"text":"Artigos","link":"https:\/\/correiodasemana.com\/site\/category\/artigos\/"},"img":{"alt_text":"","src":"https:\/\/i0.wp.com\/correiodasemana.com\/site\/wp-content\/uploads\/2023\/05\/artemisio-da-costa-2.jpg?resize=350%2C200&ssl=1","width":350,"height":200},"classes":[]},{"id":36920,"url":"https:\/\/correiodasemana.com\/site\/poucas-e-boas-74\/","url_meta":{"origin":30504,"position":1},"title":"POUCAS E BOAS","author":"adminredacao","date":"Janeiro 6, 2026","format":false,"excerpt":"Subestimada e subutilizada\u00a0 Daqui a 274 dias, em 4 de outubro de 2026, os brasileiros voltar\u00e3o \u00e0s urnas para escolher o pr\u00f3ximo presidente da Rep\u00fablica, bem como governadores, senadores, deputados federais, estaduais e distritais no primeiro turno das elei\u00e7\u00f5es. Se necess\u00e1rio for, alguns tamb\u00e9m votar\u00e3o no segundo turno em 25\u2026","rel":"","context":"In &quot;Artigos&quot;","block_context":{"text":"Artigos","link":"https:\/\/correiodasemana.com\/site\/category\/artigos\/"},"img":{"alt_text":"","src":"https:\/\/i0.wp.com\/correiodasemana.com\/site\/wp-content\/uploads\/2023\/05\/artemisio-da-costa-2.jpg?resize=350%2C200&ssl=1","width":350,"height":200},"classes":[]},{"id":30911,"url":"https:\/\/correiodasemana.com\/site\/valho-bem-mais\/","url_meta":{"origin":30504,"position":2},"title":"Valho bem mais!","author":"adminredacao","date":"Outubro 8, 2024","format":false,"excerpt":"Nesses \u00faltimos dias a maioria dos candidatos, seus apoiadores e at\u00e9 a justi\u00e7a (que prender\u00e1 somente em casos extremos) tentam demonstrar uma enorme preocupa\u00e7\u00e3o com o respeito e com a valoriza\u00e7\u00e3o do brasileiro (entenda-se eleitor). Na teoria, trata-se de algo bonito e ben\u00e9fico para todos. J\u00e1 na pr\u00e1tica, pressente-se poss\u00edvel\u2026","rel":"","context":"In &quot;Artigos&quot;","block_context":{"text":"Artigos","link":"https:\/\/correiodasemana.com\/site\/category\/artigos\/"},"img":{"alt_text":"","src":"https:\/\/i0.wp.com\/correiodasemana.com\/site\/wp-content\/uploads\/2023\/05\/artemisio-da-costa-2.jpg?resize=350%2C200&ssl=1","width":350,"height":200},"classes":[]},{"id":10383,"url":"https:\/\/correiodasemana.com\/site\/em-2020-brasileiros-vao-eleger-prefeitos-vice-prefeitos-e-vereadores\/","url_meta":{"origin":30504,"position":3},"title":"Em 2020, brasileiros v\u00e3o eleger prefeitos, vice-prefeitos e vereadores","author":"","date":"Janeiro 5, 2020","format":false,"excerpt":"Por Ag\u00eancia Brasil A partir de 1\u00ba de janeiro de 2020, eleitores, partidos e candidatos devem estar atentos ao calend\u00e1rio definido pelo Tribunal Superior Eleitoral (TSE) para elei\u00e7\u00f5es municipais do ano que vem, quando ser\u00e3o escolhidos prefeitos, vice-prefeitos e vereadores. Pelo calend\u00e1rio eleitoral aprovado pela Corte, todas as pessoas envolvidas\u2026","rel":"","context":"In &quot;Atualidade&quot;","block_context":{"text":"Atualidade","link":"https:\/\/correiodasemana.com\/site\/category\/atualidade\/"},"img":{"alt_text":"","src":"https:\/\/i0.wp.com\/correiodasemana.com\/site\/wp-content\/uploads\/2019\/08\/urna_lecr-e1447217261594.jpg?resize=350%2C200&ssl=1","width":350,"height":200,"srcset":"https:\/\/i0.wp.com\/correiodasemana.com\/site\/wp-content\/uploads\/2019\/08\/urna_lecr-e1447217261594.jpg?resize=350%2C200&ssl=1 1x, https:\/\/i0.wp.com\/correiodasemana.com\/site\/wp-content\/uploads\/2019\/08\/urna_lecr-e1447217261594.jpg?resize=525%2C300&ssl=1 1.5x, https:\/\/i0.wp.com\/correiodasemana.com\/site\/wp-content\/uploads\/2019\/08\/urna_lecr-e1447217261594.jpg?resize=700%2C400&ssl=1 2x, https:\/\/i0.wp.com\/correiodasemana.com\/site\/wp-content\/uploads\/2019\/08\/urna_lecr-e1447217261594.jpg?resize=1050%2C600&ssl=1 3x, https:\/\/i0.wp.com\/correiodasemana.com\/site\/wp-content\/uploads\/2019\/08\/urna_lecr-e1447217261594.jpg?resize=1400%2C800&ssl=1 4x"},"classes":[]},{"id":30435,"url":"https:\/\/correiodasemana.com\/site\/poucas-e-boas-43\/","url_meta":{"origin":30504,"position":4},"title":"POUCAS E BOAS","author":"adminredacao","date":"Agosto 19, 2024","format":false,"excerpt":"E agora, Jos\u00e9? Faltam 50 dias para as Elei\u00e7\u00f5es 2024, ocasi\u00e3o em que mais uma vez iremos eleger prefeitos, vice-prefeitos e vereadores em todo o Brasil. Lamentavelmente, milh\u00f5es de brasileiros continuam esbarrando na indecis\u00e3o ou na falta de confian\u00e7a sintetizadas na frase-t\u00edtulo deste artigo. Num dia como hoje, em 17\u2026","rel":"","context":"In &quot;Artigos&quot;","block_context":{"text":"Artigos","link":"https:\/\/correiodasemana.com\/site\/category\/artigos\/"},"img":{"alt_text":"","src":"https:\/\/i0.wp.com\/correiodasemana.com\/site\/wp-content\/uploads\/2023\/05\/artemisio-da-costa-2.jpg?resize=350%2C200&ssl=1","width":350,"height":200},"classes":[]},{"id":30418,"url":"https:\/\/correiodasemana.com\/site\/eleicoes-2024-mais-de-400-mil-candidaturas-estao-registradas\/","url_meta":{"origin":30504,"position":5},"title":"Elei\u00e7\u00f5es 2024: mais de 400 mil candidaturas est\u00e3o registradas","author":"adminredacao","date":"Agosto 19, 2024","format":false,"excerpt":"Prazo para o registro presencial se encerra \u00e0s 19h desta quinta-feira Por Felipe Pontes - Rep\u00f3rter da Ag\u00eancia Brasil - Bras\u00edlia Os partidos, coliga\u00e7\u00f5es e federa\u00e7\u00f5es t\u00eam at\u00e9 esta quinta-feira (15) registrem os candidatos a prefeito e vereador para as elei\u00e7\u00f5es municipais deste ano, marcadas para 6 de outubro, com\u2026","rel":"","context":"In &quot;Atualidade&quot;","block_context":{"text":"Atualidade","link":"https:\/\/correiodasemana.com\/site\/category\/atualidade\/"},"img":{"alt_text":"","src":"https:\/\/i0.wp.com\/correiodasemana.com\/site\/wp-content\/uploads\/2024\/08\/50429036346_a9271a4327_o.webp?resize=350%2C200&ssl=1","width":350,"height":200,"srcset":"https:\/\/i0.wp.com\/correiodasemana.com\/site\/wp-content\/uploads\/2024\/08\/50429036346_a9271a4327_o.webp?resize=350%2C200&ssl=1 1x, https:\/\/i0.wp.com\/correiodasemana.com\/site\/wp-content\/uploads\/2024\/08\/50429036346_a9271a4327_o.webp?resize=525%2C300&ssl=1 1.5x, https:\/\/i0.wp.com\/correiodasemana.com\/site\/wp-content\/uploads\/2024\/08\/50429036346_a9271a4327_o.webp?resize=700%2C400&ssl=1 2x, https:\/\/i0.wp.com\/correiodasemana.com\/site\/wp-content\/uploads\/2024\/08\/50429036346_a9271a4327_o.webp?resize=1050%2C600&ssl=1 3x"},"classes":[]}],"jetpack_sharing_enabled":true,"_links":{"self":[{"href":"https:\/\/correiodasemana.com\/site\/wp-json\/wp\/v2\/posts\/30504","targetHints":{"allow":["GET"]}}],"collection":[{"href":"https:\/\/correiodasemana.com\/site\/wp-json\/wp\/v2\/posts"}],"about":[{"href":"https:\/\/correiodasemana.com\/site\/wp-json\/wp\/v2\/types\/post"}],"author":[{"embeddable":true,"href":"https:\/\/correiodasemana.com\/site\/wp-json\/wp\/v2\/users\/7"}],"replies":[{"embeddable":true,"href":"https:\/\/correiodasemana.com\/site\/wp-json\/wp\/v2\/comments?post=30504"}],"version-history":[{"count":1,"href":"https:\/\/correiodasemana.com\/site\/wp-json\/wp\/v2\/posts\/30504\/revisions"}],"predecessor-version":[{"id":30507,"href":"https:\/\/correiodasemana.com\/site\/wp-json\/wp\/v2\/posts\/30504\/revisions\/30507"}],"wp:featuredmedia":[{"embeddable":true,"href":"https:\/\/correiodasemana.com\/site\/wp-json\/wp\/v2\/media\/24516"}],"wp:attachment":[{"href":"https:\/\/correiodasemana.com\/site\/wp-json\/wp\/v2\/media?parent=30504"}],"wp:term":[{"taxonomy":"category","embeddable":true,"href":"https:\/\/correiodasemana.com\/site\/wp-json\/wp\/v2\/categories?post=30504"},{"taxonomy":"post_tag","embeddable":true,"href":"https:\/\/correiodasemana.com\/site\/wp-json\/wp\/v2\/tags?post=30504"}],"curies":[{"name":"wp","href":"https:\/\/api.w.org\/{rel}","templated":true}]}}