{"id":30555,"date":"2024-09-02T15:09:43","date_gmt":"2024-09-02T18:09:43","guid":{"rendered":"https:\/\/correiodasemana.com\/site\/?p=30555"},"modified":"2024-09-02T15:09:43","modified_gmt":"2024-09-02T18:09:43","slug":"simposio-vocacional-e-santa-missa-marcam-o-encerramento-do-mes-vocacional-em-sobral","status":"publish","type":"post","link":"https:\/\/correiodasemana.com\/site\/simposio-vocacional-e-santa-missa-marcam-o-encerramento-do-mes-vocacional-em-sobral\/","title":{"rendered":"Simp\u00f3sio Vocacional e Santa Missa marcam o Encerramento do M\u00eas Vocacional em Sobral"},"content":{"rendered":"<p><strong>Diversas express\u00f5es vocacionais participaram no \u00faltimo final de semana do I Simp\u00f3sio Vocacional realizado pela Pastoral Vocacional Diocesana e Santa Missa de Encerramento do m\u00eas dedicado as voca\u00e7\u00f5es.<\/strong><\/p>\n<div id='gallery-1' class='gallery galleryid-30555 gallery-columns-6 gallery-size-thumbnail'><figure class='gallery-item'>\n\t\t\t<div class='gallery-icon landscape'>\n\t\t\t\t<a href='https:\/\/correiodasemana.com\/site\/simposio-vocacional-e-santa-missa-marcam-o-encerramento-do-mes-vocacional-em-sobral\/whatsapp-image-2024-08-28-at-08-58-34\/'><img loading=\"lazy\" width=\"150\" height=\"150\" src=\"https:\/\/correiodasemana.com\/site\/wp-content\/uploads\/2024\/09\/WhatsApp-Image-2024-08-28-at-08.58.34-150x150.jpeg\" class=\"attachment-thumbnail size-thumbnail\" alt=\"WhatsApp Image 2024-08-28 at 08.58.34\" loading=\"lazy\" decoding=\"async\" \/><\/a>\n\t\t\t<\/div><\/figure><figure class='gallery-item'>\n\t\t\t<div class='gallery-icon landscape'>\n\t\t\t\t<a href='https:\/\/correiodasemana.com\/site\/simposio-vocacional-e-santa-missa-marcam-o-encerramento-do-mes-vocacional-em-sobral\/whatsapp-image-2024-08-28-at-08-58-36-1\/'><img loading=\"lazy\" width=\"150\" height=\"150\" src=\"https:\/\/correiodasemana.com\/site\/wp-content\/uploads\/2024\/09\/WhatsApp-Image-2024-08-28-at-08.58.36-1-150x150.jpeg\" class=\"attachment-thumbnail size-thumbnail\" alt=\"WhatsApp Image 2024-08-28 at 08.58.36 (1)\" loading=\"lazy\" decoding=\"async\" \/><\/a>\n\t\t\t<\/div><\/figure><figure class='gallery-item'>\n\t\t\t<div class='gallery-icon landscape'>\n\t\t\t\t<a href='https:\/\/correiodasemana.com\/site\/simposio-vocacional-e-santa-missa-marcam-o-encerramento-do-mes-vocacional-em-sobral\/whatsapp-image-2024-08-28-at-08-58-36\/'><img loading=\"lazy\" width=\"150\" height=\"150\" src=\"https:\/\/correiodasemana.com\/site\/wp-content\/uploads\/2024\/09\/WhatsApp-Image-2024-08-28-at-08.58.36-150x150.jpeg\" class=\"attachment-thumbnail size-thumbnail\" alt=\"WhatsApp Image 2024-08-28 at 08.58.36\" loading=\"lazy\" decoding=\"async\" \/><\/a>\n\t\t\t<\/div><\/figure><figure class='gallery-item'>\n\t\t\t<div class='gallery-icon landscape'>\n\t\t\t\t<a href='https:\/\/correiodasemana.com\/site\/simposio-vocacional-e-santa-missa-marcam-o-encerramento-do-mes-vocacional-em-sobral\/whatsapp-image-2024-08-28-at-08-58-37\/'><img loading=\"lazy\" width=\"150\" height=\"150\" src=\"https:\/\/correiodasemana.com\/site\/wp-content\/uploads\/2024\/09\/WhatsApp-Image-2024-08-28-at-08.58.37-150x150.jpeg\" class=\"attachment-thumbnail size-thumbnail\" alt=\"WhatsApp Image 2024-08-28 at 08.58.37\" loading=\"lazy\" decoding=\"async\" \/><\/a>\n\t\t\t<\/div><\/figure><figure class='gallery-item'>\n\t\t\t<div class='gallery-icon landscape'>\n\t\t\t\t<a href='https:\/\/correiodasemana.com\/site\/simposio-vocacional-e-santa-missa-marcam-o-encerramento-do-mes-vocacional-em-sobral\/whatsapp-image-2024-08-28-at-08-58-38-1\/'><img loading=\"lazy\" width=\"150\" height=\"150\" src=\"https:\/\/correiodasemana.com\/site\/wp-content\/uploads\/2024\/09\/WhatsApp-Image-2024-08-28-at-08.58.38-1-150x150.jpeg\" class=\"attachment-thumbnail size-thumbnail\" alt=\"WhatsApp Image 2024-08-28 at 08.58.38 (1)\" loading=\"lazy\" decoding=\"async\" \/><\/a>\n\t\t\t<\/div><\/figure><figure class='gallery-item'>\n\t\t\t<div class='gallery-icon landscape'>\n\t\t\t\t<a href='https:\/\/correiodasemana.com\/site\/simposio-vocacional-e-santa-missa-marcam-o-encerramento-do-mes-vocacional-em-sobral\/whatsapp-image-2024-08-28-at-08-58-39-1\/'><img loading=\"lazy\" width=\"150\" height=\"150\" src=\"https:\/\/correiodasemana.com\/site\/wp-content\/uploads\/2024\/09\/WhatsApp-Image-2024-08-28-at-08.58.39-1-150x150.jpeg\" class=\"attachment-thumbnail size-thumbnail\" alt=\"WhatsApp Image 2024-08-28 at 08.58.39 (1)\" loading=\"lazy\" decoding=\"async\" \/><\/a>\n\t\t\t<\/div><\/figure><figure class='gallery-item'>\n\t\t\t<div class='gallery-icon landscape'>\n\t\t\t\t<a href='https:\/\/correiodasemana.com\/site\/simposio-vocacional-e-santa-missa-marcam-o-encerramento-do-mes-vocacional-em-sobral\/whatsapp-image-2024-08-28-at-08-58-40\/'><img loading=\"lazy\" width=\"150\" height=\"150\" src=\"https:\/\/correiodasemana.com\/site\/wp-content\/uploads\/2024\/09\/WhatsApp-Image-2024-08-28-at-08.58.40-150x150.jpeg\" class=\"attachment-thumbnail size-thumbnail\" alt=\"WhatsApp Image 2024-08-28 at 08.58.40\" loading=\"lazy\" decoding=\"async\" \/><\/a>\n\t\t\t<\/div><\/figure><figure class='gallery-item'>\n\t\t\t<div class='gallery-icon landscape'>\n\t\t\t\t<a href='https:\/\/correiodasemana.com\/site\/simposio-vocacional-e-santa-missa-marcam-o-encerramento-do-mes-vocacional-em-sobral\/whatsapp-image-2024-08-30-at-14-19-24\/'><img loading=\"lazy\" width=\"150\" height=\"150\" src=\"https:\/\/correiodasemana.com\/site\/wp-content\/uploads\/2024\/09\/WhatsApp-Image-2024-08-30-at-14.19.24-150x150.jpeg\" class=\"attachment-thumbnail size-thumbnail\" alt=\"WhatsApp Image 2024-08-30 at 14.19.24\" srcset=\"https:\/\/correiodasemana.com\/site\/wp-content\/uploads\/2024\/09\/WhatsApp-Image-2024-08-30-at-14.19.24-150x150.jpeg 150w, https:\/\/correiodasemana.com\/site\/wp-content\/uploads\/2024\/09\/WhatsApp-Image-2024-08-30-at-14.19.24-300x300.jpeg 300w, https:\/\/correiodasemana.com\/site\/wp-content\/uploads\/2024\/09\/WhatsApp-Image-2024-08-30-at-14.19.24-1024x1024.jpeg 1024w, https:\/\/correiodasemana.com\/site\/wp-content\/uploads\/2024\/09\/WhatsApp-Image-2024-08-30-at-14.19.24-768x768.jpeg 768w, https:\/\/correiodasemana.com\/site\/wp-content\/uploads\/2024\/09\/WhatsApp-Image-2024-08-30-at-14.19.24.jpeg 1080w\" sizes=\"auto, (max-width: 150px) 100vw, 150px\" loading=\"lazy\" decoding=\"async\" \/><\/a>\n\t\t\t<\/div><\/figure>\n\t\t<\/div>\n\n<p><strong>Simp\u00f3sio Vocacional<\/strong><\/p>\n<p>No raiar de s\u00e1bado, 24 de agosto, aconteceu o I Simp\u00f3sio Vocacional em \u00e2mbito diocesano no audit\u00f3rio do Centro de Ci\u00eancias da Sa\u00fade (CCS), em Sobral.<br \/>\nO encontro teve como objetivo promover, incentivar e orientar a respeito da cria\u00e7\u00e3o e aperfei\u00e7oamento das EVP\u2019s (Equipes Vocacionais Paroquiais).<br \/>\nO assessor do encontro foi o vig\u00e1rio geral e p\u00e1roco da Par\u00f3quia de S\u00e3o Manuel de Marco, Monsenhor Raimundo Nonato Timb\u00f3. Tamb\u00e9m esteve presente o coordenador diocesano da Pastoral Vocacional, Pe. Bruno de Ara\u00fajo e membros da pastoral.<br \/>\nCerca de cinquenta pessoas participaram do encontro, entre presb\u00edteros, religiosos (as), seminaristas e leigos.<\/p>\n<p><strong>Missa de Encerramento<\/strong><br \/>\nNa noite de domingo, 25 de agosto, os fi\u00e9is cat\u00f3licos participaram da Missa do 21\u00ba Domingo do Tempo Comum na S\u00e9 Catedral de Sobral, onde na ocasi\u00e3o foi celebrado o Encerramento do M\u00eas Vocacional em \u00e2mbito diocesano. A missa foi presidida por Pe. Denilson de Sousa, reitor do Semin\u00e1rio Maior de Filosofia S\u00e3o Jo\u00e3o Paulo II e vig\u00e1rio paroquial da Par\u00f3quia da S\u00e9, e concelebrada por Pe. Bruno de Ara\u00fajo, reitor do Semin\u00e1rio Proped\u00eautico e coordenador diocesano da Pastoral Vocacional.<br \/>\nA igreja no Brasil celebra as voca\u00e7\u00f5es durante o m\u00eas de agosto. A cada semana os cat\u00f3licos foram convidados a rezar pelas in\u00fameras voca\u00e7\u00f5es: minist\u00e9rios ordenados, matrim\u00f4nio, religiosos (as) e leigos. Institu\u00eddo em 1981, pela CNBB, em sua 19\u00aa Assembleia Geral, o m\u00eas vocacional tem como objetivo principal conscientizar as comunidades da responsabilidade que compartilham no processo vocacional.<br \/>\nA tem\u00e1tica deste ano foi: \u201cIgreja como uma sinfonia vocacional\u201d e o lema: \u201cPedi, pois, ao Senhor da Messe\u201d (Mt 9, 38). \u00c0 luz do evangelho e inspirado pelo m\u00eas vocacional, Padre Bruno enfatizou sobre a vida vivida em Cristo atrav\u00e9s da doa\u00e7\u00e3o ao servi\u00e7o do reino. \u201cServir ao senhor \u00e9 uma decis\u00e3o fundamental em nossa vida. Tudo ganha um novo sentido, novos ares, e como \u00e9 bom se dedicar a Deus [\u2026] assim como o corpo n\u00e3o se sustenta sem a cabe\u00e7a, a igreja n\u00e3o se sustenta sem Cristo. Que possamos cada vez mais assumirmos o nosso servi\u00e7o com verdade, pois Deus n\u00e3o nos abandona, mas frutifica a obra em n\u00f3s\u201d, disse.<br \/>\nReligiosas das congrega\u00e7\u00f5es: Filhas de Sant\u2019Ana, Irm\u00e3s Reparadoras do Cora\u00e7\u00e3o de Jesus e Josefinas, participaram da celebra\u00e7\u00e3o, bem como seminaristas das duas primeiras etapas formativas, fam\u00edlias, e leigos consagrados das diversas comunidades carism\u00e1ticas.<br \/>\nO m\u00eas vocacional \u00e9 sempre intenso, de ora\u00e7\u00f5es, e atividades por toda a diocese. Ao final da celebra\u00e7\u00e3o, Padre Denilson pediu aos fi\u00e9is que rezassem por toda a igreja particular de Sobral, sobretudo pelos jovens para que encontrem sua voca\u00e7\u00e3o e por todos aqueles que j\u00e1 exercem essa miss\u00e3o.<br \/>\nThais Helena &#8211; Jornalista \u2013 Jornal Correio da Semana<\/p>\n","protected":false},"excerpt":{"rendered":"<p>Diversas express\u00f5es vocacionais participaram no \u00faltimo final de semana do I Simp\u00f3sio Vocacional realizado pela&#8230;<\/p>\n","protected":false},"author":7,"featured_media":30563,"comment_status":"open","ping_status":"open","sticky":false,"template":"","format":"standard","meta":{"_jetpack_newsletter_access":"","_jetpack_dont_email_post_to_subs":false,"_jetpack_newsletter_tier_id":0,"_jetpack_memberships_contains_paywalled_content":false,"_jetpack_feature_clip_id":0,"_jetpack_memberships_contains_paid_content":false,"footnotes":"","jetpack_publicize_message":"","jetpack_publicize_feature_enabled":true,"jetpack_social_post_already_shared":true,"jetpack_social_options":{"image_generator_settings":{"template":"highway","default_image_id":0,"font":"","enabled":false},"version":2},"jetpack_post_was_ever_published":false},"categories":[1],"tags":[],"class_list":["post-30555","post","type-post","status-publish","format-standard","has-post-thumbnail","hentry","category-atualidade"],"jetpack_publicize_connections":[],"featured_image_urls":{"full":["https:\/\/correiodasemana.com\/site\/wp-content\/uploads\/2024\/09\/WhatsApp-Image-2024-08-30-at-14.19.24.jpeg",1080,1080,false],"thumbnail":["https:\/\/correiodasemana.com\/site\/wp-content\/uploads\/2024\/09\/WhatsApp-Image-2024-08-30-at-14.19.24-150x150.jpeg",150,150,true],"medium":["https:\/\/correiodasemana.com\/site\/wp-content\/uploads\/2024\/09\/WhatsApp-Image-2024-08-30-at-14.19.24-300x300.jpeg",300,300,true],"medium_large":["https:\/\/correiodasemana.com\/site\/wp-content\/uploads\/2024\/09\/WhatsApp-Image-2024-08-30-at-14.19.24-768x768.jpeg",640,640,true],"large":["https:\/\/correiodasemana.com\/site\/wp-content\/uploads\/2024\/09\/WhatsApp-Image-2024-08-30-at-14.19.24-1024x1024.jpeg",640,640,true],"1536x1536":["https:\/\/correiodasemana.com\/site\/wp-content\/uploads\/2024\/09\/WhatsApp-Image-2024-08-30-at-14.19.24.jpeg",1080,1080,false],"2048x2048":["https:\/\/correiodasemana.com\/site\/wp-content\/uploads\/2024\/09\/WhatsApp-Image-2024-08-30-at-14.19.24.jpeg",1080,1080,false],"covernews-featured":["https:\/\/correiodasemana.com\/site\/wp-content\/uploads\/2024\/09\/WhatsApp-Image-2024-08-30-at-14.19.24-1024x1024.jpeg",1024,1024,true],"covernews-medium":["https:\/\/correiodasemana.com\/site\/wp-content\/uploads\/2024\/09\/WhatsApp-Image-2024-08-30-at-14.19.24-540x340.jpeg",540,340,true]},"author_info":{"info":["adminredacao"]},"category_info":"<a href=\"https:\/\/correiodasemana.com\/site\/category\/atualidade\/\" rel=\"category tag\">Atualidade<\/a>","tag_info":"Atualidade","comment_count":"0","jetpack-related-posts":[{"id":30327,"url":"https:\/\/correiodasemana.com\/site\/pastoral-vocacional-realiza-abertura-do-mes-das-vocacoes-na-se-catedral-de-sobral\/","url_meta":{"origin":30555,"position":0},"title":"Pastoral Vocacional realiza Abertura do M\u00eas das Voca\u00e7\u00f5es na S\u00e9 Catedral de Sobral","author":"adminredacao","date":"Agosto 12, 2024","format":false,"excerpt":"No primeiro domingo do m\u00eas de agosto, dia 4, a Pastoral Vocacional realizou a abertura do M\u00eas das Voca\u00e7\u00f5es na Diocese de Sobral com a Missa de Abertura do M\u00eas Vocacional na S\u00e9 Catedral de Nossa Senhora da Concei\u00e7\u00e3o presidida pelo reitor do Semin\u00e1rio Maior de Filosofia, Pe. Denilson de\u2026","rel":"","context":"In &quot;Atualidade&quot;","block_context":{"text":"Atualidade","link":"https:\/\/correiodasemana.com\/site\/category\/atualidade\/"},"img":{"alt_text":"","src":"https:\/\/i0.wp.com\/correiodasemana.com\/site\/wp-content\/uploads\/2024\/08\/WhatsApp-Image-2024-08-10-at-16.26.16-scaled.jpeg?resize=350%2C200&ssl=1","width":350,"height":200,"srcset":"https:\/\/i0.wp.com\/correiodasemana.com\/site\/wp-content\/uploads\/2024\/08\/WhatsApp-Image-2024-08-10-at-16.26.16-scaled.jpeg?resize=350%2C200&ssl=1 1x, https:\/\/i0.wp.com\/correiodasemana.com\/site\/wp-content\/uploads\/2024\/08\/WhatsApp-Image-2024-08-10-at-16.26.16-scaled.jpeg?resize=525%2C300&ssl=1 1.5x, https:\/\/i0.wp.com\/correiodasemana.com\/site\/wp-content\/uploads\/2024\/08\/WhatsApp-Image-2024-08-10-at-16.26.16-scaled.jpeg?resize=700%2C400&ssl=1 2x, https:\/\/i0.wp.com\/correiodasemana.com\/site\/wp-content\/uploads\/2024\/08\/WhatsApp-Image-2024-08-10-at-16.26.16-scaled.jpeg?resize=1050%2C600&ssl=1 3x, https:\/\/i0.wp.com\/correiodasemana.com\/site\/wp-content\/uploads\/2024\/08\/WhatsApp-Image-2024-08-10-at-16.26.16-scaled.jpeg?resize=1400%2C800&ssl=1 4x"},"classes":[]},{"id":39609,"url":"https:\/\/correiodasemana.com\/site\/caminhada-e-santa-missa-marcam-abertura-do-mes-vocacional-na-diocese-de-sobral\/","url_meta":{"origin":30555,"position":1},"title":"Caminhada e Santa Missa marcam abertura do M\u00eas Vocacional na Diocese de Sobral","author":"adminredacao","date":"Agosto 24, 2026","format":false,"excerpt":"O Servi\u00e7o de Anima\u00e7\u00e3o Vocacional (SAV) da Diocese de Sobral realizou, na tarde do \u00faltimo s\u00e1bado (01\/08), a abertura oficial do M\u00eas Vocacional 2026, com uma caminhada que partiu do Arco de Nossa Senhora de F\u00e1tima, em Sobral, reunindo cl\u00e9rigos, religiosas, religiosos e leigos das diversas par\u00f3quias, pastorais, comunidades e\u2026","rel":"","context":"In &quot;Diocese&quot;","block_context":{"text":"Diocese","link":"https:\/\/correiodasemana.com\/site\/category\/diocese\/"},"img":{"alt_text":"","src":"https:\/\/i0.wp.com\/correiodasemana.com\/site\/wp-content\/uploads\/2026\/08\/caminhada-santa-missa-sobral-6.jpeg?resize=350%2C200&ssl=1","width":350,"height":200,"srcset":"https:\/\/i0.wp.com\/correiodasemana.com\/site\/wp-content\/uploads\/2026\/08\/caminhada-santa-missa-sobral-6.jpeg?resize=350%2C200&ssl=1 1x, https:\/\/i0.wp.com\/correiodasemana.com\/site\/wp-content\/uploads\/2026\/08\/caminhada-santa-missa-sobral-6.jpeg?resize=525%2C300&ssl=1 1.5x, https:\/\/i0.wp.com\/correiodasemana.com\/site\/wp-content\/uploads\/2026\/08\/caminhada-santa-missa-sobral-6.jpeg?resize=700%2C400&ssl=1 2x"},"classes":[]},{"id":26080,"url":"https:\/\/correiodasemana.com\/site\/dom-vasconcelos-preside-santa-missa-de-abertura-na-se-catedral\/","url_meta":{"origin":30555,"position":2},"title":"Dom Vasconcelos preside Santa Missa de Abertura na S\u00c9 Catedral","author":"adminredacao","date":"Agosto 14, 2023","format":false,"excerpt":"No 18\u00ba Domingo do Tempo Comum, 06, a igreja cat\u00f3lica celebrou a Solenidade da Transfigura\u00e7\u00e3o do Senhor. Em Sobral, houve a abertura oficial do m\u00eas vocacional na S\u00c9 Catedral de Nossa Senhora da Concei\u00e7\u00e3o promovida pela Pastoral Vocacional Diocesana. A celebra\u00e7\u00e3o eucar\u00edstica foi presidida por Dom Vasconcelos, bispo diocesano, e\u2026","rel":"","context":"In &quot;Atualidade&quot;","block_context":{"text":"Atualidade","link":"https:\/\/correiodasemana.com\/site\/category\/atualidade\/"},"img":{"alt_text":"","src":"https:\/\/i0.wp.com\/correiodasemana.com\/site\/wp-content\/uploads\/2023\/08\/DSC9814-scaled.jpg?resize=350%2C200&ssl=1","width":350,"height":200,"srcset":"https:\/\/i0.wp.com\/correiodasemana.com\/site\/wp-content\/uploads\/2023\/08\/DSC9814-scaled.jpg?resize=350%2C200&ssl=1 1x, https:\/\/i0.wp.com\/correiodasemana.com\/site\/wp-content\/uploads\/2023\/08\/DSC9814-scaled.jpg?resize=525%2C300&ssl=1 1.5x, https:\/\/i0.wp.com\/correiodasemana.com\/site\/wp-content\/uploads\/2023\/08\/DSC9814-scaled.jpg?resize=700%2C400&ssl=1 2x, https:\/\/i0.wp.com\/correiodasemana.com\/site\/wp-content\/uploads\/2023\/08\/DSC9814-scaled.jpg?resize=1050%2C600&ssl=1 3x, https:\/\/i0.wp.com\/correiodasemana.com\/site\/wp-content\/uploads\/2023\/08\/DSC9814-scaled.jpg?resize=1400%2C800&ssl=1 4x"},"classes":[]},{"id":31434,"url":"https:\/\/correiodasemana.com\/site\/assembleia-do-servico-de-animacao-vocacional-pastoral-do-regional-ne-1-acontece-em-quixada\/","url_meta":{"origin":30555,"position":3},"title":"Assembleia do Servi\u00e7o de Anima\u00e7\u00e3o Vocacional\/Pastoral do Regional NE 1 acontece em Quixad\u00e1","author":"adminredacao","date":"Novembro 18, 2024","format":false,"excerpt":"Entre os dias 8 e 10 de novembro, a Diocese de Quixad\u00e1 sediou a Assembleia do Servi\u00e7o de Anima\u00e7\u00e3o Vocacional\/Pastoral do Regional Nordeste 1. O encontro aconteceu no Centro Diocesano S\u00e3o Jos\u00e9 e teve como tema: \u201cAnimadores Vocacionais, Peregrinos da Esperan\u00e7a\u201d, e foi assessorado pela Irm\u00e3 Maristela Ganassini (CMOVIC). Estiveram\u2026","rel":"","context":"In &quot;Atualidade&quot;","block_context":{"text":"Atualidade","link":"https:\/\/correiodasemana.com\/site\/category\/atualidade\/"},"img":{"alt_text":"","src":"https:\/\/i0.wp.com\/correiodasemana.com\/site\/wp-content\/uploads\/2024\/11\/Regional-NE-1-em-Quixada-1.jpeg?resize=350%2C200&ssl=1","width":350,"height":200,"srcset":"https:\/\/i0.wp.com\/correiodasemana.com\/site\/wp-content\/uploads\/2024\/11\/Regional-NE-1-em-Quixada-1.jpeg?resize=350%2C200&ssl=1 1x, https:\/\/i0.wp.com\/correiodasemana.com\/site\/wp-content\/uploads\/2024\/11\/Regional-NE-1-em-Quixada-1.jpeg?resize=525%2C300&ssl=1 1.5x, https:\/\/i0.wp.com\/correiodasemana.com\/site\/wp-content\/uploads\/2024\/11\/Regional-NE-1-em-Quixada-1.jpeg?resize=700%2C400&ssl=1 2x, https:\/\/i0.wp.com\/correiodasemana.com\/site\/wp-content\/uploads\/2024\/11\/Regional-NE-1-em-Quixada-1.jpeg?resize=1050%2C600&ssl=1 3x, https:\/\/i0.wp.com\/correiodasemana.com\/site\/wp-content\/uploads\/2024\/11\/Regional-NE-1-em-Quixada-1.jpeg?resize=1400%2C800&ssl=1 4x"},"classes":[]},{"id":9003,"url":"https:\/\/correiodasemana.com\/site\/diocese-de-sobral-promove-despertar-vocacional\/","url_meta":{"origin":30555,"position":4},"title":"Diocese de Sobral promove Despertar Vocacional","author":"","date":"Setembro 8, 2019","format":false,"excerpt":"Cerca de 200 jovens, vindos das diversas par\u00f3quias com o objetivo de refletir sobre a necessidade de ora\u00e7\u00e3o O m\u00eas de agosto, conforme o costume da Igreja no Brasil e de acordo com seu calend\u00e1rio lit\u00fargico, \u00e9 dedicado a ora\u00e7\u00e3o, reflex\u00e3o e a\u00e7\u00e3o nas comunidades sobre o tema das voca\u00e7\u00f5es,\u2026","rel":"","context":"In &quot;Diocese&quot;","block_context":{"text":"Diocese","link":"https:\/\/correiodasemana.com\/site\/category\/diocese\/"},"img":{"alt_text":"","src":"https:\/\/i0.wp.com\/correiodasemana.com\/site\/wp-content\/uploads\/2019\/09\/DSC_0876.jpg?resize=350%2C200&ssl=1","width":350,"height":200,"srcset":"https:\/\/i0.wp.com\/correiodasemana.com\/site\/wp-content\/uploads\/2019\/09\/DSC_0876.jpg?resize=350%2C200&ssl=1 1x, https:\/\/i0.wp.com\/correiodasemana.com\/site\/wp-content\/uploads\/2019\/09\/DSC_0876.jpg?resize=525%2C300&ssl=1 1.5x, https:\/\/i0.wp.com\/correiodasemana.com\/site\/wp-content\/uploads\/2019\/09\/DSC_0876.jpg?resize=700%2C400&ssl=1 2x"},"classes":[]},{"id":29858,"url":"https:\/\/correiodasemana.com\/site\/vocacionados-participam-de-seminario-vocacional-em-caucaia-ce\/","url_meta":{"origin":30555,"position":5},"title":"Vocacionados participam de Semin\u00e1rio Vocacional em Caucaia\/CE","author":"adminredacao","date":"Julho 8, 2024","format":false,"excerpt":"A Comiss\u00e3o Episcopal para os Minist\u00e9rios Ordenados e a Vida Consagrada da CNBB, por meio do Servi\u00e7o de Anima\u00e7\u00e3o Vocacional \/ Pastoral Vocacional (SAV-PV), realizou de 28 a 30 de junho, em Caucaia (CE), o II Semin\u00e1rio Vocacional em n\u00edvel nacional. A iniciativa foi uma oportunidade dos participantes refletirem sobre\u2026","rel":"","context":"In &quot;Atualidade&quot;","block_context":{"text":"Atualidade","link":"https:\/\/correiodasemana.com\/site\/category\/atualidade\/"},"img":{"alt_text":"","src":"https:\/\/i0.wp.com\/correiodasemana.com\/site\/wp-content\/uploads\/2024\/07\/WhatsApp-Image-2024-07-05-at-18.14.30.jpeg?resize=350%2C200&ssl=1","width":350,"height":200,"srcset":"https:\/\/i0.wp.com\/correiodasemana.com\/site\/wp-content\/uploads\/2024\/07\/WhatsApp-Image-2024-07-05-at-18.14.30.jpeg?resize=350%2C200&ssl=1 1x, https:\/\/i0.wp.com\/correiodasemana.com\/site\/wp-content\/uploads\/2024\/07\/WhatsApp-Image-2024-07-05-at-18.14.30.jpeg?resize=525%2C300&ssl=1 1.5x, https:\/\/i0.wp.com\/correiodasemana.com\/site\/wp-content\/uploads\/2024\/07\/WhatsApp-Image-2024-07-05-at-18.14.30.jpeg?resize=700%2C400&ssl=1 2x, https:\/\/i0.wp.com\/correiodasemana.com\/site\/wp-content\/uploads\/2024\/07\/WhatsApp-Image-2024-07-05-at-18.14.30.jpeg?resize=1050%2C600&ssl=1 3x, https:\/\/i0.wp.com\/correiodasemana.com\/site\/wp-content\/uploads\/2024\/07\/WhatsApp-Image-2024-07-05-at-18.14.30.jpeg?resize=1400%2C800&ssl=1 4x"},"classes":[]}],"jetpack_sharing_enabled":true,"jetpack_featured_media_url":"https:\/\/correiodasemana.com\/site\/wp-content\/uploads\/2024\/09\/WhatsApp-Image-2024-08-30-at-14.19.24.jpeg","_links":{"self":[{"href":"https:\/\/correiodasemana.com\/site\/wp-json\/wp\/v2\/posts\/30555","targetHints":{"allow":["GET"]}}],"collection":[{"href":"https:\/\/correiodasemana.com\/site\/wp-json\/wp\/v2\/posts"}],"about":[{"href":"https:\/\/correiodasemana.com\/site\/wp-json\/wp\/v2\/types\/post"}],"author":[{"embeddable":true,"href":"https:\/\/correiodasemana.com\/site\/wp-json\/wp\/v2\/users\/7"}],"replies":[{"embeddable":true,"href":"https:\/\/correiodasemana.com\/site\/wp-json\/wp\/v2\/comments?post=30555"}],"version-history":[{"count":1,"href":"https:\/\/correiodasemana.com\/site\/wp-json\/wp\/v2\/posts\/30555\/revisions"}],"predecessor-version":[{"id":30564,"href":"https:\/\/correiodasemana.com\/site\/wp-json\/wp\/v2\/posts\/30555\/revisions\/30564"}],"wp:featuredmedia":[{"embeddable":true,"href":"https:\/\/correiodasemana.com\/site\/wp-json\/wp\/v2\/media\/30563"}],"wp:attachment":[{"href":"https:\/\/correiodasemana.com\/site\/wp-json\/wp\/v2\/media?parent=30555"}],"wp:term":[{"taxonomy":"category","embeddable":true,"href":"https:\/\/correiodasemana.com\/site\/wp-json\/wp\/v2\/categories?post=30555"},{"taxonomy":"post_tag","embeddable":true,"href":"https:\/\/correiodasemana.com\/site\/wp-json\/wp\/v2\/tags?post=30555"}],"curies":[{"name":"wp","href":"https:\/\/api.w.org\/{rel}","templated":true}]}}