{"id":30619,"date":"2024-09-09T11:53:02","date_gmt":"2024-09-09T14:53:02","guid":{"rendered":"https:\/\/correiodasemana.com\/site\/?p=30619"},"modified":"2024-09-09T11:53:02","modified_gmt":"2024-09-09T14:53:02","slug":"837-mil-pessoas-residiam-em-domicilios-coletivos-no-brasil","status":"publish","type":"post","link":"https:\/\/correiodasemana.com\/site\/837-mil-pessoas-residiam-em-domicilios-coletivos-no-brasil\/","title":{"rendered":"837 mil pessoas residiam em domic\u00edlios coletivos no Brasil"},"content":{"rendered":"<p><strong>Em 2022, 57,2% dos moradores de domic\u00edlios coletivos estavam em penitenci\u00e1rias e 19,2% em asilos. &#8211; Foto: Secretaria de Administra\u00e7\u00e3o Penitenciaria do Estado de Goi\u00e1s<\/strong><\/p>\n<p>Editoria:\u00a0IBGE\u00a0| Caio Belandi<br \/>\nDestaques<br \/>\nEm 2022, 837 mil pessoas residiam em domic\u00edlios coletivos no pa\u00eds, ou 0,4% da popula\u00e7\u00e3o total. \u00c9 a primeira vez que o IBGE divulga dados dessa natureza no \u00e2mbito do Censo, tra\u00e7ando um perfil de idade, sexo e alfabetiza\u00e7\u00e3o dos moradores destes tipos de domic\u00edlios.<br \/>\nO tipo com maior n\u00famero de moradores foi \u201cPenitenci\u00e1ria, centro de deten\u00e7\u00e3o e similar\u201d, onde residiam 479 mil pessoas (57,2% do total de moradores de domic\u00edlio coletivos e 0,2% do total da popula\u00e7\u00e3o brasileira).<br \/>\nO segundo tipo com mais moradores foi \u201cAsilo ou outra institui\u00e7\u00e3o de longa perman\u00eancia para idosos\u201d, com 161 mil pessoas (19,2% do total de moradores de domic\u00edlios coletivos e 0,1% da popula\u00e7\u00e3o brasileira).<br \/>\nNas penitenci\u00e1rias, 96,0% eram homens e 3 a cada 4 moradores tinham de 20 a 39 anos. Apenas nos asilos as mulheres eram a maioria, com 59,8%.<br \/>\nNas penitenci\u00e1rias, a taxa de analfabetismo foi de 6,6%, a menor de todos os tipos de domic\u00edlios coletivos e ligeiramente inferior ao verificado no conjunto da popula\u00e7\u00e3o brasileira (7,0%). Isso se deve ao perfil mais jovem de seus moradores.<br \/>\nPor outro lado, a maior taxa de analfabetismo foi registrada nos \u201cAbrigo, casas de passagem ou rep\u00fablica assistencial para outros grupos vulner\u00e1veis\u201d (31,8%), seguido por asilos (31,0%).<br \/>\nEm 2022, 160 mil pessoas residiam em domic\u00edlios particulares improvisados.<br \/>\nO tipo com maior quantidade foi \u201cTenda ou barraca de lona, pl\u00e1stico ou tecido\u201d, com 57 mil moradores (35,3% dos moradores de domic\u00edlios improvisados e 0,03% da popula\u00e7\u00e3o brasileira). A taxa de analfabetismo neste tipo de domic\u00edlio improvisado foi de 22,3%.<br \/>\nEm 2022, 837 mil pessoas residiam em domic\u00edlios coletivos no pa\u00eds, ou 0,4% da popula\u00e7\u00e3o total do Brasil. O tipo de domic\u00edlio coletivo com maior n\u00famero de moradores foi \u201cPenitenci\u00e1ria, centro de deten\u00e7\u00e3o e similar\u201d, que abrigava 479 mil pessoas, o que corresponde a 57,2% do total de moradores de domic\u00edlio coletivos e 0,2% do total da popula\u00e7\u00e3o brasileira.<br \/>\nAs informa\u00e7\u00f5es s\u00e3o do \u201cCenso Demogr\u00e1fico 2022: Tipos de domic\u00edlios coletivos, improvisados, de uso ocasional e vagos: Resultados do universo\u201d, divulgado hoje (06) pelo IBGE. \u00c9 a primeira vez que o Instituto divulga dados dessa natureza no \u00e2mbito do Censo, tra\u00e7ando um perfil de idade, sexo e alfabetiza\u00e7\u00e3o dos moradores destes tipos de domic\u00edlios.<br \/>\nO evento de divulga\u00e7\u00e3o acontece a partir das 10h na Casa Brasil IBGE, no Pal\u00e1cio da Fazenda, no Centro do Rio de Janeiro. Haver\u00e1 transmiss\u00e3o ao vivo pelo\u00a0IBGE Digital. Os dados tamb\u00e9m est\u00e3o dispon\u00edveis no\u00a0Sidra, na\u00a0Plataforma Geogr\u00e1fica Interativa (PGI)\u00a0e no\u00a0Panorama do Censo.<br \/>\n\u201cPara o Censo 2022, domic\u00edlios coletivos foram definidos como uma institui\u00e7\u00e3o ou estabelecimento onde a rela\u00e7\u00e3o entre as pessoas que nele se encontravam, na data de refer\u00eancia, era regida por normas de subordina\u00e7\u00e3o administrativa\u201d, explica Bruno Perez, analista do IBGE.<\/p>\n","protected":false},"excerpt":{"rendered":"<p>Em 2022, 57,2% dos moradores de domic\u00edlios coletivos estavam em penitenci\u00e1rias e 19,2% em asilos&#8230;.<\/p>\n","protected":false},"author":7,"featured_media":30620,"comment_status":"open","ping_status":"open","sticky":false,"template":"","format":"standard","meta":{"_jetpack_memberships_contains_paid_content":false,"footnotes":"","jetpack_publicize_message":"","jetpack_publicize_feature_enabled":true,"jetpack_social_post_already_shared":true,"jetpack_social_options":{"image_generator_settings":{"template":"highway","default_image_id":0,"font":"","enabled":false},"version":2}},"categories":[1],"tags":[],"class_list":["post-30619","post","type-post","status-publish","format-standard","has-post-thumbnail","hentry","category-atualidade"],"jetpack_publicize_connections":[],"jetpack_featured_media_url":"https:\/\/correiodasemana.com\/site\/wp-content\/uploads\/2024\/09\/Presidio.jpg","jetpack-related-posts":[{"id":28468,"url":"https:\/\/correiodasemana.com\/site\/dados-do-censo-2022-destacam-sobral-como-municipio-do-ceara-que-tem-maior-acesso-a-infraestrutura-basica-de-saneamento\/","url_meta":{"origin":30619,"position":0},"title":"Dados do Censo 2022 destacam Sobral como munic\u00edpio do Cear\u00e1 que tem maior acesso a infraestrutura b\u00e1sica de saneamento","author":"adminredacao","date":"Fevereiro 27, 2024","format":false,"excerpt":"Na sexta-feira (23), o IBGE realizou mais uma divulga\u00e7\u00e3o de resultados do Censo Demogr\u00e1fico 2022, desta vez sobre as Caracter\u00edsticas dos domic\u00edlios coletadas por meio do Question\u00e1rio B\u00e1sico da pesquisa. A publica\u00e7\u00e3o traz informa\u00e7\u00f5es referentes \u00e0 forma de abastecimento de \u00e1gua, destino do lixo, tipo de esgotamento sanit\u00e1rio, exist\u00eancia de\u2026","rel":"","context":"In &quot;Atualidade&quot;","block_context":{"text":"Atualidade","link":"https:\/\/correiodasemana.com\/site\/category\/atualidade\/"},"img":{"alt_text":"","src":"https:\/\/i0.wp.com\/correiodasemana.com\/site\/wp-content\/uploads\/2023\/04\/IBGE-EM-CONDOMINIOS.jpg?resize=350%2C200&ssl=1","width":350,"height":200,"srcset":"https:\/\/i0.wp.com\/correiodasemana.com\/site\/wp-content\/uploads\/2023\/04\/IBGE-EM-CONDOMINIOS.jpg?resize=350%2C200&ssl=1 1x, https:\/\/i0.wp.com\/correiodasemana.com\/site\/wp-content\/uploads\/2023\/04\/IBGE-EM-CONDOMINIOS.jpg?resize=525%2C300&ssl=1 1.5x, https:\/\/i0.wp.com\/correiodasemana.com\/site\/wp-content\/uploads\/2023\/04\/IBGE-EM-CONDOMINIOS.jpg?resize=700%2C400&ssl=1 2x"},"classes":[]},{"id":14536,"url":"https:\/\/correiodasemana.com\/site\/concentracao-de-renda-no-ceara-e-crescente-desde-2014\/","url_meta":{"origin":30619,"position":1},"title":"Concentra\u00e7\u00e3o de Renda no Cear\u00e1 \u00e9 crescente desde 2014","author":"","date":"Novembro 16, 2020","format":false,"excerpt":"Em 2019, com dados da PNAD Cont\u00ednua, o \u00edndice de Gini do rendimento domiciliar per capita do Cear\u00e1 foi de 0,561, apresentando aumento em rela\u00e7\u00e3o a 2012 (0,547), ano inicial da s\u00e9rie do indicador, e a 2014 (0,522), menor \u00edndice da referida s\u00e9rie. A desigualdade monet\u00e1ria no n\u00edvel dos estados\u2026","rel":"","context":"In &quot;Atualidade&quot;","block_context":{"text":"Atualidade","link":"https:\/\/correiodasemana.com\/site\/category\/atualidade\/"},"img":{"alt_text":"","src":"https:\/\/i0.wp.com\/correiodasemana.com\/site\/wp-content\/uploads\/2020\/11\/miseria-eduardo-familia-bsb-2017-8711.jpg?resize=350%2C200&ssl=1","width":350,"height":200,"srcset":"https:\/\/i0.wp.com\/correiodasemana.com\/site\/wp-content\/uploads\/2020\/11\/miseria-eduardo-familia-bsb-2017-8711.jpg?resize=350%2C200&ssl=1 1x, https:\/\/i0.wp.com\/correiodasemana.com\/site\/wp-content\/uploads\/2020\/11\/miseria-eduardo-familia-bsb-2017-8711.jpg?resize=525%2C300&ssl=1 1.5x, https:\/\/i0.wp.com\/correiodasemana.com\/site\/wp-content\/uploads\/2020\/11\/miseria-eduardo-familia-bsb-2017-8711.jpg?resize=700%2C400&ssl=1 2x, https:\/\/i0.wp.com\/correiodasemana.com\/site\/wp-content\/uploads\/2020\/11\/miseria-eduardo-familia-bsb-2017-8711.jpg?resize=1050%2C600&ssl=1 3x"},"classes":[]},{"id":27562,"url":"https:\/\/correiodasemana.com\/site\/domicilios-proprios-predominam-mas-135-deles-nao-tem-documentacao\/","url_meta":{"origin":30619,"position":2},"title":"Domic\u00edlios pr\u00f3prios predominam, mas 13,5% deles n\u00e3o t\u00eam documenta\u00e7\u00e3o","author":"adminredacao","date":"Dezembro 11, 2023","format":false,"excerpt":"O IBGE divulgou dia 06, a\u00a0\u00a0S\u00edntese de Indicadores Sociais: uma an\u00e1lise das condi\u00e7\u00f5es de vida da popula\u00e7\u00e3o brasileira,\u00a0esse estudo\u00a0traz indicadores sobre estrutura econ\u00f4mica e mercado de trabalho; padr\u00e3o de vida e distribui\u00e7\u00e3o de rendimentos; condi\u00e7\u00f5es de moradia e\u00a0educa\u00e7\u00e3o.\u00a0 Destaques A maior parte da popula\u00e7\u00e3o brasileira (64,6%) vive em domic\u00edlios pr\u00f3prios\u2026","rel":"","context":"In &quot;Atualidade&quot;","block_context":{"text":"Atualidade","link":"https:\/\/correiodasemana.com\/site\/category\/atualidade\/"},"img":{"alt_text":"","src":"","width":0,"height":0},"classes":[]},{"id":24073,"url":"https:\/\/correiodasemana.com\/site\/no-ceara-acesso-aos-condominios-e-um-dos-maiores-desafios-para-a-conclusao-do-censo-2022\/","url_meta":{"origin":30619,"position":3},"title":"No Cear\u00e1, acesso aos condom\u00ednios \u00e9 um dos maiores desafios para a conclus\u00e3o do Censo 2022","author":"adminredacao","date":"Abril 17, 2023","format":false,"excerpt":"Editoria:\u00a0Censo 2022\u00a0| Da Reda\u00e7\u00e3o Chegando agora \u00e0 sua reta final no Cear\u00e1, o Censo Demogr\u00e1fico 2022 enfrenta ainda um grande desafio para sua conclus\u00e3o: alcan\u00e7ar as pessoas que residem em condom\u00ednios. Sejam horizontais ou verticais, os arranjos condominiais est\u00e3o mais presentes nas grandes cidades, uma vez que oferecem aos moradores\u2026","rel":"","context":"In &quot;Atualidade&quot;","block_context":{"text":"Atualidade","link":"https:\/\/correiodasemana.com\/site\/category\/atualidade\/"},"img":{"alt_text":"","src":"https:\/\/i0.wp.com\/correiodasemana.com\/site\/wp-content\/uploads\/2023\/04\/IBGE-EM-CONDOMINIOS.jpg?resize=350%2C200&ssl=1","width":350,"height":200,"srcset":"https:\/\/i0.wp.com\/correiodasemana.com\/site\/wp-content\/uploads\/2023\/04\/IBGE-EM-CONDOMINIOS.jpg?resize=350%2C200&ssl=1 1x, https:\/\/i0.wp.com\/correiodasemana.com\/site\/wp-content\/uploads\/2023\/04\/IBGE-EM-CONDOMINIOS.jpg?resize=525%2C300&ssl=1 1.5x, https:\/\/i0.wp.com\/correiodasemana.com\/site\/wp-content\/uploads\/2023\/04\/IBGE-EM-CONDOMINIOS.jpg?resize=700%2C400&ssl=1 2x"},"classes":[]},{"id":28576,"url":"https:\/\/correiodasemana.com\/site\/ibge-divulga-rendimento-domiciliar-per-capita-2023-para-brasil-e-unidades-da-federacao\/","url_meta":{"origin":30619,"position":4},"title":"IBGE divulga rendimento domiciliar per capita 2023 para Brasil e unidades da federa\u00e7\u00e3o","author":"adminredacao","date":"Mar\u00e7o 4, 2024","format":false,"excerpt":"Editoria:\u00a0Estat\u00edsticas Sociais O IBGE divulga hoje os valores dos rendimentos domiciliares per capita referentes a 2023 para o Brasil e unidades da federa\u00e7\u00e3o, calculados com base na Pesquisa Nacional por Amostra de Domic\u00edlios (PNAD) Cont\u00ednua. O rendimento domiciliar per capita para o Brasil foi de R$ 1.893, variando de R$\u2026","rel":"","context":"In &quot;Atualidade&quot;","block_context":{"text":"Atualidade","link":"https:\/\/correiodasemana.com\/site\/category\/atualidade\/"},"img":{"alt_text":"","src":"https:\/\/i0.wp.com\/correiodasemana.com\/site\/wp-content\/uploads\/2024\/03\/renda-domiciliar-per-capita-28.fev_.2024-937x2048-1.png?resize=350%2C200&ssl=1","width":350,"height":200,"srcset":"https:\/\/i0.wp.com\/correiodasemana.com\/site\/wp-content\/uploads\/2024\/03\/renda-domiciliar-per-capita-28.fev_.2024-937x2048-1.png?resize=350%2C200&ssl=1 1x, https:\/\/i0.wp.com\/correiodasemana.com\/site\/wp-content\/uploads\/2024\/03\/renda-domiciliar-per-capita-28.fev_.2024-937x2048-1.png?resize=525%2C300&ssl=1 1.5x, https:\/\/i0.wp.com\/correiodasemana.com\/site\/wp-content\/uploads\/2024\/03\/renda-domiciliar-per-capita-28.fev_.2024-937x2048-1.png?resize=700%2C400&ssl=1 2x"},"classes":[]},{"id":19767,"url":"https:\/\/correiodasemana.com\/site\/pesquisa-mostra-perfil-socioeconomico-de-moradores-do-distrito-federal\/","url_meta":{"origin":30619,"position":5},"title":"Pesquisa mostra perfil socioecon\u00f4mico de moradores do Distrito Federal","author":"","date":"Maio 16, 2022","format":false,"excerpt":"Estudo indica que baixa renda est\u00e1 associada \u00e0 ra\u00e7a Por Pedro Peduzzi - Rep\u00f3rter da Ag\u00eancia Brasil - Bras\u00edlia A Pesquisa Distrital por Amostra de Domic\u00edlios (Pnad do DF), divulgada hoje (9) pela Companhia ade Planejamento do Distrito Federal (Codeplan), apresentou o perfil socioecon\u00f4mico da capital federal em 2021, tendo\u2026","rel":"","context":"In &quot;Atualidade&quot;","block_context":{"text":"Atualidade","link":"https:\/\/correiodasemana.com\/site\/category\/atualidade\/"},"img":{"alt_text":"","src":"https:\/\/i0.wp.com\/correiodasemana.com\/site\/wp-content\/uploads\/2022\/03\/passagens-aereas-brasilia-capa2019-01-820x430-1.jpg?resize=350%2C200&ssl=1","width":350,"height":200,"srcset":"https:\/\/i0.wp.com\/correiodasemana.com\/site\/wp-content\/uploads\/2022\/03\/passagens-aereas-brasilia-capa2019-01-820x430-1.jpg?resize=350%2C200&ssl=1 1x, https:\/\/i0.wp.com\/correiodasemana.com\/site\/wp-content\/uploads\/2022\/03\/passagens-aereas-brasilia-capa2019-01-820x430-1.jpg?resize=525%2C300&ssl=1 1.5x, https:\/\/i0.wp.com\/correiodasemana.com\/site\/wp-content\/uploads\/2022\/03\/passagens-aereas-brasilia-capa2019-01-820x430-1.jpg?resize=700%2C400&ssl=1 2x"},"classes":[]}],"jetpack_sharing_enabled":true,"_links":{"self":[{"href":"https:\/\/correiodasemana.com\/site\/wp-json\/wp\/v2\/posts\/30619","targetHints":{"allow":["GET"]}}],"collection":[{"href":"https:\/\/correiodasemana.com\/site\/wp-json\/wp\/v2\/posts"}],"about":[{"href":"https:\/\/correiodasemana.com\/site\/wp-json\/wp\/v2\/types\/post"}],"author":[{"embeddable":true,"href":"https:\/\/correiodasemana.com\/site\/wp-json\/wp\/v2\/users\/7"}],"replies":[{"embeddable":true,"href":"https:\/\/correiodasemana.com\/site\/wp-json\/wp\/v2\/comments?post=30619"}],"version-history":[{"count":1,"href":"https:\/\/correiodasemana.com\/site\/wp-json\/wp\/v2\/posts\/30619\/revisions"}],"predecessor-version":[{"id":30621,"href":"https:\/\/correiodasemana.com\/site\/wp-json\/wp\/v2\/posts\/30619\/revisions\/30621"}],"wp:featuredmedia":[{"embeddable":true,"href":"https:\/\/correiodasemana.com\/site\/wp-json\/wp\/v2\/media\/30620"}],"wp:attachment":[{"href":"https:\/\/correiodasemana.com\/site\/wp-json\/wp\/v2\/media?parent=30619"}],"wp:term":[{"taxonomy":"category","embeddable":true,"href":"https:\/\/correiodasemana.com\/site\/wp-json\/wp\/v2\/categories?post=30619"},{"taxonomy":"post_tag","embeddable":true,"href":"https:\/\/correiodasemana.com\/site\/wp-json\/wp\/v2\/tags?post=30619"}],"curies":[{"name":"wp","href":"https:\/\/api.w.org\/{rel}","templated":true}]}}