{"id":30626,"date":"2024-09-09T11:54:24","date_gmt":"2024-09-09T14:54:24","guid":{"rendered":"https:\/\/correiodasemana.com\/site\/?p=30626"},"modified":"2024-09-09T11:54:24","modified_gmt":"2024-09-09T14:54:24","slug":"educacao-e-cidadania-61","status":"publish","type":"post","link":"https:\/\/correiodasemana.com\/site\/educacao-e-cidadania-61\/","title":{"rendered":"EDUCA\u00c7\u00c3O E CIDADANIA \u2022"},"content":{"rendered":"<p><strong>A Hist\u00f3ria do Paraquedismo<\/strong><\/p>\n<p>A hist\u00f3ria do paraquedismo tem origem na China, onde os primeiros relatos datam do s\u00e9culo XIV.\u00a0Os chineses saltavam de torres altas com guarda-s\u00f3is para animar as festas do imperador.\u00a0Apesar de n\u00e3o serem paraquedas presos \u00e0s costas, esses saltos mostram que os homens j\u00e1 desejavam imitar os p\u00e1ssaros e saltar de pontos altos.<br \/>\nNo s\u00e9culo seguinte, Leonardo da Vinci idealizou um \u201cprotetor para quedas\u201d em formato de pir\u00e2mide, feito de pano.\u00a0Em 1495, ele escreveria em suas notas: \u201cSe um homem dispuser de uma pe\u00e7a de pano impermeabilizado, tendo seus poros bem tapados com massa de amido e que tenha dez bra\u00e7as de lado, pode atirar-se de qualquer altura, sem danos para si\u201d. Da Vinci \u00e9 considerado tamb\u00e9m o precursor como projetista de um p\u00e1ra-quedas.<br \/>\nO paraquedas moderno foi inventado pelo franc\u00eas Louis-S\u00e9bastien Lenormand, que fez o primeiro salto em p\u00fablico em 1783.\u00a0(iflybrazil.com).<br \/>\nAt\u00e9 hoje h\u00e1 diverg\u00eancias em rela\u00e7\u00e3o de quem realizou o primeiro\u00a0salto de paraquedas\u00a0de um avi\u00e3o. A disputa \u00e9 entre Grant Norton, que saltou com um paraquedas de seda dobrado em seus bra\u00e7os, e Capit\u00e3o Albert Berry, que foi com um paraquedas embalado em uma caixa de metal.<br \/>\nEm 1930, o paraquedismo chegou ao Brasil. Charles Astor iniciou\u00a0cursos de paraquedismo\u00a0no Aeroclube de S\u00e3o Paulo e formou diversos alunos. Com toda a certeza, ele \u00e9 o maior incentivador do esporte em nosso pa\u00eds.<br \/>\nMesmo classificado como um esporte, o uso do paraquedas j\u00e1 teve foco em a\u00e7\u00f5es muito negativas. O maior exemplo foi em 1941, quando o ex\u00e9rcito alem\u00e3o empregou o seu uso como equipamento de guerra, lan\u00e7ando militares para conquistar a ilha de Creta.<br \/>\nO \u00fanico ponto positivo do uso do paraquedas em guerras, foi o grande incentivo que ele recebeu em seu desenvolvimento, o que foi essencial para melhor\u00e1-lo e aprimor\u00e1-lo. Tanto que ap\u00f3s a Segunda Guerra Mundial, o\u00a0paraquedismo\u00a0se desenvolveu em r\u00e1pida velocidade.<br \/>\nO auge do paraquedismo foi alcan\u00e7ado em 2012, quando o austr\u00edaco, Felix Baumgartner, realizou o maior salto de paraquedas de todos os tempos, a uma altura de 39 mil metros, direto da estratosfera.\u00a0(paraquedismoskycompany.com.br).<br \/>\nO\u00a0paraquedismo\u00a0\u00e9 um dos\u00a0esportes radicais\u00a0para quem \u00e9 amante de belas paisagens e, claro, para aqueles que\u00a0gostam de aventura.\u00a0Isso porque o indiv\u00edduo deve realizar saltos em queda livre a partir de uma determinada altura.<br \/>\nO primeiro\u00a0salto profissional\u00a0aconteceu no ano de 1797, em Paris, na Fran\u00e7a, por Andrew Jacques Garnerin e sua esposa. Foi nesse momento que o paraquedismo come\u00e7ou a se expandir pelo mundo.<br \/>\nDurante a Primeira Guerra Mundial, o paraquedismo auxiliou as tropas militares a defenderem seus tripulantes em meios as guerras. No entanto, a sua evolu\u00e7\u00e3o mais conceituada aconteceu durante a Segunda Guerra, per\u00edodo em que o paraquedas foi usado como meio de transporte para o desembarque de tropas e distribui\u00e7\u00e3o\u00a0de alimentos na linha de defesa dos inimigos.<br \/>\nNessa \u00e9poca, o paraquedismo ainda estava muito ligado \u00e0s a\u00e7\u00f5es militares e a uma estrat\u00e9gia de combate ofensiva. Por conta disso, os militares decidiram inovar, aproveitando a oportunidade para se divertir e explorar novos saltos.\u00a0No in\u00edcio do\u00a0paraquedismo no mundo, a grande dificuldade era lidar com a falta de dirigibilidade do paraquedas e o impacto do pouso, que era muito forte. Mas, com o passar dos anos, as t\u00e9cnicas foram aperfei\u00e7oadas e o paraquedismo atingiu o seu \u00e1pice.<br \/>\nNa d\u00e9cada de 70, grandes empresas norte-americanos investiram no desenvolvimento de equipamentos modernos. Entre as melhorias alcan\u00e7adas, vale destacar o aparecimento do sistema de libera\u00e7\u00e3o de tr\u00eas argolas (three ring), considerada a inven\u00e7\u00e3o do s\u00e9culo pelo paraquedismo devido a sua dirigibilidade.<br \/>\nAl\u00e9m disso, essa d\u00e9cada promoveu a cria\u00e7\u00e3o de um formato retangular para o paraquedas. A d\u00e9cada de 80 tamb\u00e9m teve o seu valor para o paraquedismo, pois foi nesse per\u00edodo que surgiram os primeiros\u00a0paraquedas de nove c\u00e9lulas\u00a0(modelo mais tradicional usado at\u00e9 os dias atuais).\u00a0(educamaisbrasil.com.br).<br \/>\nProf. Salmito Campos \u2013 (jornalista e radialista).<\/p>\n","protected":false},"excerpt":{"rendered":"<p>A Hist\u00f3ria do Paraquedismo A hist\u00f3ria do paraquedismo tem origem na China, onde os primeiros&#8230;<\/p>\n","protected":false},"author":7,"featured_media":17116,"comment_status":"open","ping_status":"open","sticky":false,"template":"","format":"standard","meta":{"_jetpack_memberships_contains_paid_content":false,"footnotes":"","jetpack_publicize_message":"","jetpack_publicize_feature_enabled":true,"jetpack_social_post_already_shared":true,"jetpack_social_options":{"image_generator_settings":{"template":"highway","default_image_id":0,"font":"","enabled":false},"version":2}},"categories":[1,81],"tags":[],"class_list":["post-30626","post","type-post","status-publish","format-standard","has-post-thumbnail","hentry","category-atualidade","category-salmito-campos"],"jetpack_publicize_connections":[],"jetpack_featured_media_url":"https:\/\/correiodasemana.com\/site\/wp-content\/uploads\/2021\/08\/Salmito-Campos.jpg","jetpack-related-posts":[{"id":18057,"url":"https:\/\/correiodasemana.com\/site\/um-novo-jeito-de-ser-brasil\/","url_meta":{"origin":30626,"position":0},"title":"Um novo jeito de ser Brasil","author":"","date":"Novembro 19, 2021","format":false,"excerpt":"Afinal, essas vacinas que est\u00e3o aprovadas pela Anvisa, imunizam ou n\u00e3o? Com a recente informa\u00e7ao de uma supelota\u00e7\u00e3o no hospital regional, o medo que estava se distanciando da mente do povo voltou a incomodar e at\u00e9 provocar o autoritarismo do prefeito, fazendo-o amea\u00e7ar os moradores com um decreto de passaporte\u2026","rel":"","context":"In &quot;Artigos&quot;","block_context":{"text":"Artigos","link":"https:\/\/correiodasemana.com\/site\/category\/artigos\/"},"img":{"alt_text":"","src":"https:\/\/i0.wp.com\/correiodasemana.com\/site\/wp-content\/uploads\/2021\/11\/DSC03134-1.jpg?resize=350%2C200&ssl=1","width":350,"height":200,"srcset":"https:\/\/i0.wp.com\/correiodasemana.com\/site\/wp-content\/uploads\/2021\/11\/DSC03134-1.jpg?resize=350%2C200&ssl=1 1x, https:\/\/i0.wp.com\/correiodasemana.com\/site\/wp-content\/uploads\/2021\/11\/DSC03134-1.jpg?resize=525%2C300&ssl=1 1.5x, https:\/\/i0.wp.com\/correiodasemana.com\/site\/wp-content\/uploads\/2021\/11\/DSC03134-1.jpg?resize=700%2C400&ssl=1 2x, https:\/\/i0.wp.com\/correiodasemana.com\/site\/wp-content\/uploads\/2021\/11\/DSC03134-1.jpg?resize=1050%2C600&ssl=1 3x, https:\/\/i0.wp.com\/correiodasemana.com\/site\/wp-content\/uploads\/2021\/11\/DSC03134-1.jpg?resize=1400%2C800&ssl=1 4x"},"classes":[]},{"id":27419,"url":"https:\/\/correiodasemana.com\/site\/sobral-sobral-152\/","url_meta":{"origin":30626,"position":1},"title":"Sobral, Sobral","author":"adminredacao","date":"Novembro 27, 2023","format":false,"excerpt":"MINHAS HIST\u00d3RIAS\u2026 MEU PRIMEIRO AVI\u00c3O! A primeira viagem de avi\u00e3o a gente n\u00e3o esquece. Foquinha, rec\u00e9m-sa\u00eddo do Curso de Comunica\u00e7\u00e3o Social da UFC, trabalhava no jornalismo da TV CIDADE, ent\u00e3o filiada \u00e0 Rede Bandeirantes. In\u00edcio do ano 1980, a equipe foi convidada para uma viagem de avi\u00e3o a Quixeramobim, na\u2026","rel":"","context":"In &quot;Artigos&quot;","block_context":{"text":"Artigos","link":"https:\/\/correiodasemana.com\/site\/category\/artigos\/"},"img":{"alt_text":"","src":"https:\/\/i0.wp.com\/correiodasemana.com\/site\/wp-content\/uploads\/2020\/08\/Carolino-Soares.png?resize=350%2C200&ssl=1","width":350,"height":200,"srcset":"https:\/\/i0.wp.com\/correiodasemana.com\/site\/wp-content\/uploads\/2020\/08\/Carolino-Soares.png?resize=350%2C200&ssl=1 1x, https:\/\/i0.wp.com\/correiodasemana.com\/site\/wp-content\/uploads\/2020\/08\/Carolino-Soares.png?resize=525%2C300&ssl=1 1.5x, https:\/\/i0.wp.com\/correiodasemana.com\/site\/wp-content\/uploads\/2020\/08\/Carolino-Soares.png?resize=700%2C400&ssl=1 2x"},"classes":[]},{"id":14784,"url":"https:\/\/correiodasemana.com\/site\/sobral-ce-e-a-cidade-onde-a-educacao-nao-para\/","url_meta":{"origin":30626,"position":2},"title":"Sobral (CE) \u00e9 a cidade onde a educa\u00e7\u00e3o n\u00e3o para","author":"","date":"Novembro 30, 2020","format":false,"excerpt":"Mesmo em tempo de pandemia, a cidade de Sobral (CE) continua surpreendendo quando o tema \u00e9 educa\u00e7\u00e3o. Na primeira semana de dezembro a rede p\u00fablica de ensino fundamental 1 e 2 far\u00e1 o lan\u00e7amento do novo curr\u00edculo de Ci\u00eancias- alinhado \u00e0 nova Base Nacional Comum Curricular (BNCC)- e que come\u00e7a\u2026","rel":"","context":"In &quot;Atualidade&quot;","block_context":{"text":"Atualidade","link":"https:\/\/correiodasemana.com\/site\/category\/atualidade\/"},"img":{"alt_text":"","src":"https:\/\/i0.wp.com\/correiodasemana.com\/site\/wp-content\/uploads\/2020\/11\/Sobral-se-consolida-com-a-melhor-educao-do-Brasil-no-Ideb-2017.jpeg?resize=350%2C200&ssl=1","width":350,"height":200},"classes":[]},{"id":10608,"url":"https:\/\/correiodasemana.com\/site\/sobralenses-podem-despertar-novos-olhares-para-a-monalisa-e-o-regionalismo\/","url_meta":{"origin":30626,"position":3},"title":"Sobralenses podem despertar Novos Olhares para a Monalisa e o Regionalismo","author":"","date":"Janeiro 27, 2020","format":false,"excerpt":"O sorriso enigm\u00e1tico da Gioconda de Da Vinci ganha novas vers\u00f5es em exposi\u00e7\u00e3o na Casa de Cultura de Sobral. Domingos de Barros Jr Jornalista A exposi\u00e7\u00e3o\u00a0Novos olhares para a Monalisa e o Regionalismo\u00a0est\u00e1\u00a0aberta ao p\u00fablico no\u00a0primeiro\u00a0andar da Casa da\u00a0Cultura de Sobral, desde\u00a0o dia\u00a013 de janeiro.\u00a0O\u00a0evento se estender\u00e1\u00a0\u00e0\u00a0visita\u00e7\u00e3o gratuita at\u00e9 o\u2026","rel":"","context":"In &quot;Atualidade&quot;","block_context":{"text":"Atualidade","link":"https:\/\/correiodasemana.com\/site\/category\/atualidade\/"},"img":{"alt_text":"","src":"https:\/\/i0.wp.com\/correiodasemana.com\/site\/wp-content\/uploads\/2020\/01\/Mona-Lisa-Museu-do-Louvre-Paris.jpg?resize=350%2C200&ssl=1","width":350,"height":200,"srcset":"https:\/\/i0.wp.com\/correiodasemana.com\/site\/wp-content\/uploads\/2020\/01\/Mona-Lisa-Museu-do-Louvre-Paris.jpg?resize=350%2C200&ssl=1 1x, https:\/\/i0.wp.com\/correiodasemana.com\/site\/wp-content\/uploads\/2020\/01\/Mona-Lisa-Museu-do-Louvre-Paris.jpg?resize=525%2C300&ssl=1 1.5x, https:\/\/i0.wp.com\/correiodasemana.com\/site\/wp-content\/uploads\/2020\/01\/Mona-Lisa-Museu-do-Louvre-Paris.jpg?resize=700%2C400&ssl=1 2x"},"classes":[]},{"id":16942,"url":"https:\/\/correiodasemana.com\/site\/com-pandemia-ricos-ganham-42-vezes-mais-que-pobres-nas-regioes-metropolitanas\/","url_meta":{"origin":30626,"position":4},"title":"Com pandemia, ricos ganham 42 vezes mais que pobres nas regi\u00f5es metropolitanas","author":"","date":"Julho 12, 2021","format":false,"excerpt":"O percentual de pessoas vivendo em domic\u00edlios com renda per capita menor que um quarto do sal\u00e1rio m\u00ednimo chegou a 29,4%, mais de 24 milh\u00f5es de pessoas Por Matheus Prado, do CNN Brasil Business, em S\u00e3o Paulo A pandemia do novo coronav\u00edrus ajudou a corroer indicadores econ\u00f4micos e, consequentemente, exacerbar\u2026","rel":"","context":"In &quot;Atualidade&quot;","block_context":{"text":"Atualidade","link":"https:\/\/correiodasemana.com\/site\/category\/atualidade\/"},"img":{"alt_text":"","src":"https:\/\/i0.wp.com\/correiodasemana.com\/site\/wp-content\/uploads\/2021\/07\/image_processing20200201-29235-1kg6s5t.jpg?resize=350%2C200&ssl=1","width":350,"height":200,"srcset":"https:\/\/i0.wp.com\/correiodasemana.com\/site\/wp-content\/uploads\/2021\/07\/image_processing20200201-29235-1kg6s5t.jpg?resize=350%2C200&ssl=1 1x, https:\/\/i0.wp.com\/correiodasemana.com\/site\/wp-content\/uploads\/2021\/07\/image_processing20200201-29235-1kg6s5t.jpg?resize=525%2C300&ssl=1 1.5x, https:\/\/i0.wp.com\/correiodasemana.com\/site\/wp-content\/uploads\/2021\/07\/image_processing20200201-29235-1kg6s5t.jpg?resize=700%2C400&ssl=1 2x"},"classes":[]},{"id":14925,"url":"https:\/\/correiodasemana.com\/site\/em-parceria-com-a-universidade-de-columbia-sobral-quer-agora-revolucionar-o-seu-ensino-de-ciencias\/","url_meta":{"origin":30626,"position":5},"title":"Em parceria com a Universidade de Columbia, Sobral quer agora revolucionar o seu ensino de ci\u00eancias","author":"","date":"Dezembro 7, 2020","format":false,"excerpt":"Mesmo em tempo de pandemia, a cidade de Sobral (CE) continua surpreendendo quando o tema \u00e9 educa\u00e7\u00e3o. Na pr\u00f3xima quarta, dia 3, em parceria com a Universidade de Columbia (EUA), a rede p\u00fablica de ensino fundamental 1 e 2 far\u00e1 o lan\u00e7amento de um projeto de reformula\u00e7\u00e3o completa do ensino\u2026","rel":"","context":"In &quot;Atualidade&quot;","block_context":{"text":"Atualidade","link":"https:\/\/correiodasemana.com\/site\/category\/atualidade\/"},"img":{"alt_text":"","src":"https:\/\/i0.wp.com\/correiodasemana.com\/site\/wp-content\/uploads\/2020\/12\/ab0313960051636f8af79b38f1c37bd9-gpLarge.jpg?resize=350%2C200&ssl=1","width":350,"height":200,"srcset":"https:\/\/i0.wp.com\/correiodasemana.com\/site\/wp-content\/uploads\/2020\/12\/ab0313960051636f8af79b38f1c37bd9-gpLarge.jpg?resize=350%2C200&ssl=1 1x, https:\/\/i0.wp.com\/correiodasemana.com\/site\/wp-content\/uploads\/2020\/12\/ab0313960051636f8af79b38f1c37bd9-gpLarge.jpg?resize=525%2C300&ssl=1 1.5x, https:\/\/i0.wp.com\/correiodasemana.com\/site\/wp-content\/uploads\/2020\/12\/ab0313960051636f8af79b38f1c37bd9-gpLarge.jpg?resize=700%2C400&ssl=1 2x"},"classes":[]}],"jetpack_sharing_enabled":true,"_links":{"self":[{"href":"https:\/\/correiodasemana.com\/site\/wp-json\/wp\/v2\/posts\/30626","targetHints":{"allow":["GET"]}}],"collection":[{"href":"https:\/\/correiodasemana.com\/site\/wp-json\/wp\/v2\/posts"}],"about":[{"href":"https:\/\/correiodasemana.com\/site\/wp-json\/wp\/v2\/types\/post"}],"author":[{"embeddable":true,"href":"https:\/\/correiodasemana.com\/site\/wp-json\/wp\/v2\/users\/7"}],"replies":[{"embeddable":true,"href":"https:\/\/correiodasemana.com\/site\/wp-json\/wp\/v2\/comments?post=30626"}],"version-history":[{"count":1,"href":"https:\/\/correiodasemana.com\/site\/wp-json\/wp\/v2\/posts\/30626\/revisions"}],"predecessor-version":[{"id":30627,"href":"https:\/\/correiodasemana.com\/site\/wp-json\/wp\/v2\/posts\/30626\/revisions\/30627"}],"wp:featuredmedia":[{"embeddable":true,"href":"https:\/\/correiodasemana.com\/site\/wp-json\/wp\/v2\/media\/17116"}],"wp:attachment":[{"href":"https:\/\/correiodasemana.com\/site\/wp-json\/wp\/v2\/media?parent=30626"}],"wp:term":[{"taxonomy":"category","embeddable":true,"href":"https:\/\/correiodasemana.com\/site\/wp-json\/wp\/v2\/categories?post=30626"},{"taxonomy":"post_tag","embeddable":true,"href":"https:\/\/correiodasemana.com\/site\/wp-json\/wp\/v2\/tags?post=30626"}],"curies":[{"name":"wp","href":"https:\/\/api.w.org\/{rel}","templated":true}]}}