{"id":30682,"date":"2024-09-16T15:35:50","date_gmt":"2024-09-16T18:35:50","guid":{"rendered":"https:\/\/correiodasemana.com\/site\/?p=30682"},"modified":"2024-09-16T15:35:50","modified_gmt":"2024-09-16T18:35:50","slug":"brasil-tem-mais-de-30-internacoes-ao-dia-por-tentativa-de-suicidio","status":"publish","type":"post","link":"https:\/\/correiodasemana.com\/site\/brasil-tem-mais-de-30-internacoes-ao-dia-por-tentativa-de-suicidio\/","title":{"rendered":"Brasil tem mais de 30 interna\u00e7\u00f5es ao dia por tentativa de suic\u00eddio"},"content":{"rendered":"<p><strong>Dado \u00e9 da Associa\u00e7\u00e3o Brasileira de Medicina de Emerg\u00eancia (Abramede)<\/strong><\/p>\n<p>Por Paula Laboissi\u00e8re \u2013 Rep\u00f3rter da Ag\u00eancia Brasil &#8211; Bras\u00edlia<\/p>\n<p>O Sistema \u00danico de Sa\u00fade (SUS) registrou, ao longo de 2023, 11.502 interna\u00e7\u00f5es relacionadas a les\u00f5es em que houve inten\u00e7\u00e3o deliberada de infligir dano a si mesmo, o que d\u00e1 uma m\u00e9dia di\u00e1ria de 31\u00a0casos. O total representa\u00a0um aumento de mais de 25% em rela\u00e7\u00e3o aos 9.173 casos registrados quase dez anos antes, em 2014. Os dados foram divulgados nesta quarta-feira (11) pela Associa\u00e7\u00e3o Brasileira de Medicina de Emerg\u00eancia (Abramede).<br \/>\nEm nota, a entidade lembrou que, nesse tipo de circunst\u00e2ncia, m\u00e9dicos de emerg\u00eancia s\u00e3o, geralmente, os primeiros a prestar atendimento ao paciente. Para a associa\u00e7\u00e3o, o aumento de interna\u00e7\u00f5es por tentativas de suic\u00eddio e autoles\u00f5es refor\u00e7a a import\u00e2ncia de capacitar esses profissionais para atender aos casos com rapidez e efici\u00eancia, al\u00e9m de promover acolhimento adequado em situa\u00e7\u00f5es de grande fragilidade emocional.<br \/>\nSegundo a Abramed, os n\u00fameros, j\u00e1 altos, podem ser ainda maiores, em fun\u00e7\u00e3o de poss\u00edveis subnotifica\u00e7\u00f5es, registros inconsistentes e limita\u00e7\u00f5es no acesso ao atendimento em algumas regi\u00f5es do pa\u00eds. Os dados mostram que, em 2016, houve uma oscila\u00e7\u00e3o nas notifica\u00e7\u00f5es de interna\u00e7\u00e3o por tentativas de suic\u00eddio, com leve queda em rela\u00e7\u00e3o aos dois anos anteriores. O \u00edndice voltou a subir em 2018, com um total de 9.438 casos, e alcan\u00e7ou o pico em 2023.<\/p>\n<p><strong>Estados e regi\u00f5es<\/strong><br \/>\nA an\u00e1lise regional das interna\u00e7\u00f5es por les\u00f5es autoprovocadas revela varia\u00e7\u00f5es entre os estados brasileiros. Para a associa\u00e7\u00e3o, em alguns deles, foi registrado\u00a0\u201cum crescimento alarmante\u201d. Alagoas, por exemplo, teve o maior aumento percentual de 2022 para 2023 \u2013 um salto de 89% nas interna\u00e7\u00f5es. Em n\u00fameros absolutos, os casos passaram de 18 para 34 no per\u00edodo.<br \/>\nA Para\u00edba e o Rio de Janeiro, de acordo com a entidade, tamb\u00e9m chamam a aten\u00e7\u00e3o, com aumentos de 71% e 43%, respectivamente. Por outro lado, estados como S\u00e3o Paulo e Minas Gerais, apesar de registrarem n\u00fameros absolutos elevados \u2013\u00a03.872 e 1.702 interna\u00e7\u00f5es, respectivamente, em 2023 \u2013, registraram aumentos percentuais menores, de 5% e 2%, respectivamente.<br \/>\nNum movimento contr\u00e1rio, alguns estados apresentaram redu\u00e7\u00f5es expressivas no n\u00famero de interna\u00e7\u00f5es por tentativas de suic\u00eddio e autoles\u00f5es no ano passado. Amap\u00e1 lidera a lista, com uma queda de 48%, seguido pelo\u00a0Tocantins (27%) e Acre (26%).<br \/>\nA Abramed destaca que a Regi\u00e3o Sul como um todo enfrenta \u201ctend\u00eancia preocupante\u201d de aumento desse tipo der interna\u00e7\u00e3o. Santa Catarina apresentou crescimento de 22% de 2022 para\u00a02023, enquanto o Paran\u00e1 identificou aumento de 16%. O Rio Grande do Sul ficou no topo da lista, com aumento de 33%.<\/p>\n<p><strong>Perfil<\/strong><br \/>\nDe acordo com a associa\u00e7\u00e3o, o perfil de pacientes internados por les\u00f5es autoprovocadas revela uma diferen\u00e7a significativa entre os sexos. Entre 2014 e 2023, o n\u00famero de interna\u00e7\u00f5es de mulheres aumentou de 3.390 para 5.854. J\u00e1 entre os homens, o total de interna\u00e7\u00f5es caiu, ao passar de 5.783 em 2014 para 5.648 em 2023.<br \/>\nEm rela\u00e7\u00e3o \u00e0 faixa et\u00e1ria, o grupo de 20 a 29 anos foi o mais afetado em 2023, com 2.954 interna\u00e7\u00f5es, seguido pelo grupo de 15 a 19 anos, que registrou 1.310 casos. \u201cOs n\u00fameros ressaltam a vulnerabilidade dos jovens adultos e adolescentes, que, juntos, representam uma parcela significativa das tentativas de suic\u00eddio\u201d, avaliou a entidade.<br \/>\nJ\u00e1 as interna\u00e7\u00f5es por les\u00f5es autoprovocadas entre pessoas com 60 anos ou mais somaram 963 casos em 2023. Outro dado relevante \u00e9 o aumento das interna\u00e7\u00f5es entre crian\u00e7as e adolescentes de 10 a 14 anos \u2013 em 2023, foram 601 registros, quase o dobro do observado em 2011 (315 interna\u00e7\u00f5es).<br \/>\nPara a Abramede, embora o atendimento inicial desses casos necessite de \u201cfoco t\u00e9cnico\u201d, \u00e9 importante que a abordagem inclua tamb\u00e9m a identifica\u00e7\u00e3o de sinais de vulnerabilidade emocional, com o objetivo de oferecer suporte integrado. A entidade avalia que uma resposta r\u00e1pida e humanizada pode fazer a diferen\u00e7a no progn\u00f3stico desses pacientes, al\u00e9m de ajudar na preven\u00e7\u00e3o de novos epis\u00f3dios.<\/p>\n<p><strong>Setembro Amarelo<\/strong><br \/>\nNo Brasil, uma das principais campanhas de combate ao estigma na tem\u00e1tica da sa\u00fade mental \u00e9 o Setembro Amarelo que, este ano, tem como lema Se Precisar, Pe\u00e7a Ajuda. Definido por diversas autoridades sanit\u00e1rias como um problema de sa\u00fade p\u00fablica, o suic\u00eddio, no pa\u00eds, responde por cerca de 14 mil registros todos os anos. Isso significa que, a cada dia, em m\u00e9dia, 38 pessoas tiram a pr\u00f3pria vida.<br \/>\nNa avalia\u00e7\u00e3o do psic\u00f3logo e especialista em trauma e urg\u00eancias subjetivas H\u00e9der Bello, transtornos mentais representam fatores de vulnerabilidade em meio \u00e0 tem\u00e1tica do suic\u00eddio \u2013 mas n\u00e3o s\u00e3o os \u00fanicos. Ele cita ainda ser uma pessoa LGBT, estar em situa\u00e7\u00e3o de precariedade financeira ou social, ser refugiado pol\u00edtico ou enfrentar amea\u00e7as, abuso ou viol\u00eancia. \u201cEsses e outros fatores contribuem para processos de idea\u00e7\u00e3o ou at\u00e9 de tentativa de suic\u00eddio.\u201d<br \/>\n\u201cPol\u00edticas p\u00fablicas que possam, de alguma maneira, falar sobre esse assunto, sem tabu, s\u00e3o importantes. Instrumentos nas \u00e1reas de educa\u00e7\u00e3o e sa\u00fade tamb\u00e9m podem ser amplamente divulgados \u2013 justamente pra que a gente possa mostrar que existem possibilidades e recursos amplos para lidar com determinadas situa\u00e7\u00f5es que s\u00e3o realmente muito estressantes e de muita vulnerabilidade.\u201d<\/p>\n<p><strong>Cen\u00e1rio global<\/strong><br \/>\nDados da Organiza\u00e7\u00e3o Mundial da Sa\u00fade (OMS) indicam que, todos os anos, mais de 700 mil pessoas em todo o mundo tiram a pr\u00f3pria vida. A entidade alerta para a necessidade de\u00a0reduzir o estigma\u00a0e encorajar o di\u00e1logo aberto sobre o tema. A proposta \u00e9 romper com a cultura do sil\u00eancio e do estigma, dando lugar \u00e0 abertura ao di\u00e1logo, \u00e0 compreens\u00e3o e ao apoio.<br \/>\nN\u00fameros da entidade mostram que o suic\u00eddio figura, atualmente, como a quarta principal causa de morte entre jovens de 15 a 29 anos. A OMS cita consequ\u00eancias sociais, emocionais e econ\u00f4micas de longo alcance provocadas pelo suic\u00eddio e que afetam profundamente indiv\u00edduos e comunidades como um todo.<br \/>\nReduzir a taxa global de suic\u00eddio em pelo menos um ter\u00e7o at\u00e9 2030 \u00e9 uma das metas dos chamados Objetivos de Desenvolvimento Sustent\u00e1vel, definidos pela Organiza\u00e7\u00e3o das Na\u00e7\u00f5es Unidas (ONU). \u201cOs desafios que levam uma pessoa a tirar a pr\u00f3pria vida s\u00e3o complexos e associam-se a fatores sociais, econ\u00f4micos, culturais e psicol\u00f3gicos, incluindo a nega\u00e7\u00e3o de direitos humanos b\u00e1sicos e acesso a recursos\u201d, destacou a OMS.<\/p>\n","protected":false},"excerpt":{"rendered":"<p>Dado \u00e9 da Associa\u00e7\u00e3o Brasileira de Medicina de Emerg\u00eancia (Abramede) Por Paula Laboissi\u00e8re \u2013 Rep\u00f3rter&#8230;<\/p>\n","protected":false},"author":7,"featured_media":30683,"comment_status":"open","ping_status":"open","sticky":false,"template":"","format":"standard","meta":{"_jetpack_memberships_contains_paid_content":false,"footnotes":"","jetpack_publicize_message":"","jetpack_publicize_feature_enabled":true,"jetpack_social_post_already_shared":true,"jetpack_social_options":{"image_generator_settings":{"template":"highway","default_image_id":0,"font":"","enabled":false},"version":2}},"categories":[1],"tags":[],"class_list":["post-30682","post","type-post","status-publish","format-standard","has-post-thumbnail","hentry","category-atualidade"],"jetpack_publicize_connections":[],"jetpack_featured_media_url":"https:\/\/correiodasemana.com\/site\/wp-content\/uploads\/2024\/09\/mcmgo_abr_070820180688.webp","jetpack-related-posts":[{"id":13455,"url":"https:\/\/correiodasemana.com\/site\/fim-do-preconceito-e-fundamental-para-prevencao-do-suicidio\/","url_meta":{"origin":30682,"position":0},"title":"Fim do preconceito \u00e9 fundamental para preven\u00e7\u00e3o do suic\u00eddio","author":"","date":"Setembro 10, 2020","format":false,"excerpt":"Setembro Amarelo alerta para doen\u00e7as como ansiedade e depress\u00e3o O fim do preconceito com doen\u00e7as mentais, como ansiedade e depress\u00e3o, \u00e9 fundamental para a preven\u00e7\u00e3o ao suic\u00eddio. A afirma\u00e7\u00e3o \u00e9 da coordenadora-geral de Sa\u00fade Mental do Minist\u00e9rio da Sa\u00fade, Dilma Alves Teodoro, e tamb\u00e9m um dos alertas da campanha Setembro\u2026","rel":"","context":"In &quot;Atualidade&quot;","block_context":{"text":"Atualidade","link":"https:\/\/correiodasemana.com\/site\/category\/atualidade\/"},"img":{"alt_text":"","src":"https:\/\/i0.wp.com\/correiodasemana.com\/site\/wp-content\/uploads\/2020\/09\/mcmgo_abr_070820180690.jpg?resize=350%2C200&ssl=1","width":350,"height":200,"srcset":"https:\/\/i0.wp.com\/correiodasemana.com\/site\/wp-content\/uploads\/2020\/09\/mcmgo_abr_070820180690.jpg?resize=350%2C200&ssl=1 1x, https:\/\/i0.wp.com\/correiodasemana.com\/site\/wp-content\/uploads\/2020\/09\/mcmgo_abr_070820180690.jpg?resize=525%2C300&ssl=1 1.5x, https:\/\/i0.wp.com\/correiodasemana.com\/site\/wp-content\/uploads\/2020\/09\/mcmgo_abr_070820180690.jpg?resize=700%2C400&ssl=1 2x, https:\/\/i0.wp.com\/correiodasemana.com\/site\/wp-content\/uploads\/2020\/09\/mcmgo_abr_070820180690.jpg?resize=1050%2C600&ssl=1 3x"},"classes":[]},{"id":21042,"url":"https:\/\/correiodasemana.com\/site\/colaboradores-da-santa-casa-de-sobral-sao-acolhidos-com-abracos-em-conscientizacao-de-prevencao-ao-suicidio\/","url_meta":{"origin":30682,"position":1},"title":"Colaboradores da Santa Casa de Sobral s\u00e3o acolhidos com abra\u00e7os em conscientiza\u00e7\u00e3o de preven\u00e7\u00e3o ao suic\u00eddio","author":"","date":"Setembro 18, 2022","format":false,"excerpt":"O Setembro Amarelo \u00e9 a maior campanha anti estigma do mundo. Ascom Complexo SCMS Os colaboradores da Santa Casa de Miseric\u00f3rdia de Sobral (SCMS) foram acolhidos na segunda-feira (12\/09) com abra\u00e7os. O gesto foi organizado pelo Grupo de Trabalho de Humaniza\u00e7\u00e3o (GTH) da institui\u00e7\u00e3o, e faz parte das a\u00e7\u00f5es de\u2026","rel":"","context":"In &quot;Atualidade&quot;","block_context":{"text":"Atualidade","link":"https:\/\/correiodasemana.com\/site\/category\/atualidade\/"},"img":{"alt_text":"","src":"https:\/\/i0.wp.com\/correiodasemana.com\/site\/wp-content\/uploads\/2022\/09\/Foto-2-1.jpeg?resize=350%2C200&ssl=1","width":350,"height":200,"srcset":"https:\/\/i0.wp.com\/correiodasemana.com\/site\/wp-content\/uploads\/2022\/09\/Foto-2-1.jpeg?resize=350%2C200&ssl=1 1x, https:\/\/i0.wp.com\/correiodasemana.com\/site\/wp-content\/uploads\/2022\/09\/Foto-2-1.jpeg?resize=525%2C300&ssl=1 1.5x, https:\/\/i0.wp.com\/correiodasemana.com\/site\/wp-content\/uploads\/2022\/09\/Foto-2-1.jpeg?resize=700%2C400&ssl=1 2x, https:\/\/i0.wp.com\/correiodasemana.com\/site\/wp-content\/uploads\/2022\/09\/Foto-2-1.jpeg?resize=1050%2C600&ssl=1 3x"},"classes":[]},{"id":13281,"url":"https:\/\/correiodasemana.com\/site\/atendimentos-a-ciclistas-atropelados-crescem-57-de-2010-a-2019\/","url_meta":{"origin":30682,"position":2},"title":"Atendimentos a ciclistas atropelados crescem 57% de 2010 a 2019","author":"","date":"Agosto 31, 2020","format":false,"excerpt":"Neste ano, SUS registrou at\u00e9 junho 690 interna\u00e7\u00f5es O n\u00famero de atendimentos hospitalares a ciclistas atropelados cresceu 57% entre 2010 e 2019. Passaram de 1.024, em 2010, para 1.610, em 2019. Em 2020, at\u00e9 junho, j\u00e1 foram\u00a0pelo menos 690 interna\u00e7\u00f5es registradas no Sistema \u00danico de Sa\u00fade (SUS). Nos \u00faltimos dez\u2026","rel":"","context":"In &quot;Atualidade&quot;","block_context":{"text":"Atualidade","link":"https:\/\/correiodasemana.com\/site\/category\/atualidade\/"},"img":{"alt_text":"","src":"https:\/\/i0.wp.com\/correiodasemana.com\/site\/wp-content\/uploads\/2020\/08\/976781-dia-mundial-sem-carro-13.jpg?resize=350%2C200&ssl=1","width":350,"height":200,"srcset":"https:\/\/i0.wp.com\/correiodasemana.com\/site\/wp-content\/uploads\/2020\/08\/976781-dia-mundial-sem-carro-13.jpg?resize=350%2C200&ssl=1 1x, https:\/\/i0.wp.com\/correiodasemana.com\/site\/wp-content\/uploads\/2020\/08\/976781-dia-mundial-sem-carro-13.jpg?resize=525%2C300&ssl=1 1.5x, https:\/\/i0.wp.com\/correiodasemana.com\/site\/wp-content\/uploads\/2020\/08\/976781-dia-mundial-sem-carro-13.jpg?resize=700%2C400&ssl=1 2x, https:\/\/i0.wp.com\/correiodasemana.com\/site\/wp-content\/uploads\/2020\/08\/976781-dia-mundial-sem-carro-13.jpg?resize=1050%2C600&ssl=1 3x"},"classes":[]},{"id":26698,"url":"https:\/\/correiodasemana.com\/site\/estudo-alerta-para-alta-incidencia-de-suicidio-na-adolescencia\/","url_meta":{"origin":30682,"position":3},"title":"Estudo alerta para alta incid\u00eancia de suic\u00eddio na adolesc\u00eancia","author":"adminredacao","date":"Outubro 1, 2023","format":false,"excerpt":"Dados s\u00e3o da Sociedade Brasileira de Pediatria Por Alana Gandra - Rep\u00f3rter da Ag\u00eancia Brasil - Rio de Janeiro Cerca de mil crian\u00e7as e adolescentes, na faixa et\u00e1ria entre 10 e 19 anos de idade, cometem suic\u00eddio no Brasil a cada ano, de acordo com a s\u00e9rie hist\u00f3rica levantada pela\u2026","rel":"","context":"In &quot;Atualidade&quot;","block_context":{"text":"Atualidade","link":"https:\/\/correiodasemana.com\/site\/category\/atualidade\/"},"img":{"alt_text":"","src":"https:\/\/i0.wp.com\/correiodasemana.com\/site\/wp-content\/uploads\/2023\/01\/ministerio-da-saude.jpg?resize=350%2C200&ssl=1","width":350,"height":200,"srcset":"https:\/\/i0.wp.com\/correiodasemana.com\/site\/wp-content\/uploads\/2023\/01\/ministerio-da-saude.jpg?resize=350%2C200&ssl=1 1x, https:\/\/i0.wp.com\/correiodasemana.com\/site\/wp-content\/uploads\/2023\/01\/ministerio-da-saude.jpg?resize=525%2C300&ssl=1 1.5x, https:\/\/i0.wp.com\/correiodasemana.com\/site\/wp-content\/uploads\/2023\/01\/ministerio-da-saude.jpg?resize=700%2C400&ssl=1 2x"},"classes":[]},{"id":12682,"url":"https:\/\/correiodasemana.com\/site\/pais-deve-registrar-625-mil-novos-casos-de-cancer-ate-2022\/","url_meta":{"origin":30682,"position":4},"title":"Pa\u00eds deve registrar 625 mil novos casos de c\u00e2ncer at\u00e9 2022","author":"","date":"Agosto 10, 2020","format":false,"excerpt":"O oncologista Ramon Andrade de Mello relaciona alta com adiamento do tratamento durante a pandemia A pandemia do novo coronav\u00edrus alterou a rotina das pessoas e uma parcela significativa dos pacientes deixou de procurar um especialista para diagn\u00f3sticos e outros adiaram o tratamento. Em Portugal, um estudo recente do Sistema\u2026","rel":"","context":"In &quot;Atualidade&quot;","block_context":{"text":"Atualidade","link":"https:\/\/correiodasemana.com\/site\/category\/atualidade\/"},"img":{"alt_text":"","src":"https:\/\/i0.wp.com\/correiodasemana.com\/site\/wp-content\/uploads\/2020\/08\/cancer.jpg?resize=350%2C200&ssl=1","width":350,"height":200,"srcset":"https:\/\/i0.wp.com\/correiodasemana.com\/site\/wp-content\/uploads\/2020\/08\/cancer.jpg?resize=350%2C200&ssl=1 1x, https:\/\/i0.wp.com\/correiodasemana.com\/site\/wp-content\/uploads\/2020\/08\/cancer.jpg?resize=525%2C300&ssl=1 1.5x, https:\/\/i0.wp.com\/correiodasemana.com\/site\/wp-content\/uploads\/2020\/08\/cancer.jpg?resize=700%2C400&ssl=1 2x"},"classes":[]},{"id":13447,"url":"https:\/\/correiodasemana.com\/site\/sindrome-associada-a-covid-19-ja-atingiu-197-criancas-e-adolescentes\/","url_meta":{"origin":30682,"position":5},"title":"S\u00edndrome associada \u00e0 covid-19 j\u00e1 atingiu 197 crian\u00e7as e adolescentes","author":"","date":"Setembro 10, 2020","format":false,"excerpt":"Maioria das v\u00edtimas no Brasil tem menos de 10 anos Pelo menos 197 crian\u00e7as e adolescentes brasileiros apresentaram, at\u00e9 o fim de agosto, uma s\u00e9rie de problemas de sa\u00fade que, juntos, podem caracterizar uma nova doen\u00e7a potencialmente associada a covid-19, a S\u00edndrome Inflamat\u00f3ria Multissist\u00eamica Pedi\u00e1trica. De acordo com o Minist\u00e9rio\u2026","rel":"","context":"In &quot;Atualidade&quot;","block_context":{"text":"Atualidade","link":"https:\/\/correiodasemana.com\/site\/category\/atualidade\/"},"img":{"alt_text":"","src":"https:\/\/i0.wp.com\/correiodasemana.com\/site\/wp-content\/uploads\/2020\/09\/fiocruz_0738100820.jpg?resize=350%2C200&ssl=1","width":350,"height":200,"srcset":"https:\/\/i0.wp.com\/correiodasemana.com\/site\/wp-content\/uploads\/2020\/09\/fiocruz_0738100820.jpg?resize=350%2C200&ssl=1 1x, https:\/\/i0.wp.com\/correiodasemana.com\/site\/wp-content\/uploads\/2020\/09\/fiocruz_0738100820.jpg?resize=525%2C300&ssl=1 1.5x, https:\/\/i0.wp.com\/correiodasemana.com\/site\/wp-content\/uploads\/2020\/09\/fiocruz_0738100820.jpg?resize=700%2C400&ssl=1 2x, https:\/\/i0.wp.com\/correiodasemana.com\/site\/wp-content\/uploads\/2020\/09\/fiocruz_0738100820.jpg?resize=1050%2C600&ssl=1 3x"},"classes":[]}],"jetpack_sharing_enabled":true,"_links":{"self":[{"href":"https:\/\/correiodasemana.com\/site\/wp-json\/wp\/v2\/posts\/30682","targetHints":{"allow":["GET"]}}],"collection":[{"href":"https:\/\/correiodasemana.com\/site\/wp-json\/wp\/v2\/posts"}],"about":[{"href":"https:\/\/correiodasemana.com\/site\/wp-json\/wp\/v2\/types\/post"}],"author":[{"embeddable":true,"href":"https:\/\/correiodasemana.com\/site\/wp-json\/wp\/v2\/users\/7"}],"replies":[{"embeddable":true,"href":"https:\/\/correiodasemana.com\/site\/wp-json\/wp\/v2\/comments?post=30682"}],"version-history":[{"count":1,"href":"https:\/\/correiodasemana.com\/site\/wp-json\/wp\/v2\/posts\/30682\/revisions"}],"predecessor-version":[{"id":30684,"href":"https:\/\/correiodasemana.com\/site\/wp-json\/wp\/v2\/posts\/30682\/revisions\/30684"}],"wp:featuredmedia":[{"embeddable":true,"href":"https:\/\/correiodasemana.com\/site\/wp-json\/wp\/v2\/media\/30683"}],"wp:attachment":[{"href":"https:\/\/correiodasemana.com\/site\/wp-json\/wp\/v2\/media?parent=30682"}],"wp:term":[{"taxonomy":"category","embeddable":true,"href":"https:\/\/correiodasemana.com\/site\/wp-json\/wp\/v2\/categories?post=30682"},{"taxonomy":"post_tag","embeddable":true,"href":"https:\/\/correiodasemana.com\/site\/wp-json\/wp\/v2\/tags?post=30682"}],"curies":[{"name":"wp","href":"https:\/\/api.w.org\/{rel}","templated":true}]}}