{"id":30685,"date":"2024-09-16T15:36:53","date_gmt":"2024-09-16T18:36:53","guid":{"rendered":"https:\/\/correiodasemana.com\/site\/?p=30685"},"modified":"2024-09-16T15:36:53","modified_gmt":"2024-09-16T18:36:53","slug":"becco-ponto-com-183","status":"publish","type":"post","link":"https:\/\/correiodasemana.com\/site\/becco-ponto-com-183\/","title":{"rendered":"BECCO PONTO.COM"},"content":{"rendered":"<p>LIVRAI-NOS, SENHOR!<br \/>\nDo ass\u00e9dio nojento dos pol\u00edticos, agora.<br \/>\nDa campanha \u201cn\u00e3o vote para vereador\u201d, ui!<br \/>\nDos candidatos buchas familiares, \u201cos tais\u201d.<br \/>\nDo fim do imp\u00e9rio Ferreira Gomes, um dia!<br \/>\nDos planos de sa\u00fade caros e inoperantes.<br \/>\nDa burguesia falida com medo do poder.<br \/>\nDas promessas do tira e bota a \u201ctaxa de lixo\u201d.<br \/>\nDo amarelo amarelando e o azul azulando.<br \/>\nDa manifesta\u00e7\u00e3o do povo t\u00e3o calado, ui!<br \/>\nDos puxas do r\u00e1dio falando pela moeda.<\/p>\n<p>NOTICIANDO<br \/>\nO Centro Cultural Dom Jos\u00e9 de Sobral anunciando para este ano a n\u00e3o realiza\u00e7\u00e3o do \u201cSetembro Dom Jos\u00e9\u201d em virtude da a\u00e7\u00e3o pol\u00edtica que ora vivemos. A entrega do Trof\u00e9u Dom Jos\u00e9 de Cidadania sempre foi feita com apoio da C\u00e2mara Municipal. No pr\u00f3ximo ano, a nova diretoria realizar\u00e1 na cidade o Setembro Dom Jos\u00e9, firme e forte.<br \/>\nParabenizar nossa artista, \u00c2ngela Noeme, pela sua performance na m\u00fasica moderna. Logo, logo ser\u00e1 uma aposta de sucesso para Sobral. Est\u00e1 com um trabalho autoral e digno de ser visto em todas as plataformas digitais do pa\u00eds. \u00c9 uma grata revela\u00e7\u00e3o do \u201cCanta Sobral Festival\u201d.<br \/>\nO caro escritor sobralense e amigo, Arnaud Cavalcante, lan\u00e7ar\u00e1 mais uma obra de sua seara hist\u00f3rica na cidade. \u201cHist\u00f3rias e Est\u00f3rias de Sobral\u201d em grande estilo. \u00c9 um membro da Academia de Estudos de Letras, por m\u00e9ritos. \u00c9 grande a expectativa do lan\u00e7amento de tal obra cultural da zona Norte. Viva Sobral e sua hist\u00f3ria!<br \/>\nParabenizar o radialista Sabino Loiola, pelo seu trabalho de rep\u00f3rter porreta da Tupinamb\u00e1 FM no programa \u201cParece que Foi Ontem\u201d todas as noites na cidade. \u00c9 um entrevistador de m\u00e3o cheia e faz um trabalho profissional no r\u00e1dio digno de reconhecimento \u00e0 toda prova. \u00c9 o cara da comunica\u00e7\u00e3o, h\u00e1 mais de trinta anos.<br \/>\nDia 14 de dezembro, vem a\u00ed e com ele, o primeiro Encontro dos Jovens da Rua do Fortaleza. Ser\u00e1 comemorado 50 anos de hist\u00f3ria desta turma amiga de Sobral. O encontro vai ser festivo no Clube dos Cal\u00e7adistas, com direito a tert\u00falia e roda de conversas e uma feijoada supimpa.<\/p>\n<p>PERFIL: FERNANDO IBIAPINA SOLON<\/p>\n<div id='gallery-1' class='gallery galleryid-30685 gallery-columns-6 gallery-size-thumbnail'><figure class='gallery-item'>\n\t\t\t<div class='gallery-icon landscape'>\n\t\t\t\t<a href='https:\/\/correiodasemana.com\/site\/becco-ponto-com-183\/fernando-solon-o-campeao-2\/'><img loading=\"lazy\" width=\"150\" height=\"150\" src=\"https:\/\/correiodasemana.com\/site\/wp-content\/uploads\/2024\/09\/Fernando-Solon-o-Campeao-1-150x150.jpg\" class=\"attachment-thumbnail size-thumbnail\" alt=\"Fernando Solon o Campe\u00e3o\" srcset=\"https:\/\/correiodasemana.com\/site\/wp-content\/uploads\/2024\/09\/Fernando-Solon-o-Campeao-1-150x150.jpg 150w, https:\/\/correiodasemana.com\/site\/wp-content\/uploads\/2024\/09\/Fernando-Solon-o-Campeao-1-300x300.jpg 300w, https:\/\/correiodasemana.com\/site\/wp-content\/uploads\/2024\/09\/Fernando-Solon-o-Campeao-1.jpg 414w\" sizes=\"auto, (max-width: 150px) 100vw, 150px\" loading=\"lazy\" decoding=\"async\" \/><\/a>\n\t\t\t<\/div><\/figure>\n\t\t<\/div>\n\n<p>Um cidad\u00e3o com todas as letras, digno amigo do Becco do Cotovelo, o eterno campe\u00e3o de audi\u00eancia do r\u00e1dio sobralense, que h\u00e1 mais de 50 anos faz hist\u00f3ria no r\u00e1dio da zona Norte. Falo do \u00edcone, Fernando Solon, que hoje figura como o perfil da semana neste Jornal da Diocese em minha coluna Becco Ponto Com, por m\u00e9ritos e reconhecimento profissional.<\/p>\n<p>LIVRE PENSAR:<br \/>\n\u201cA l\u00e1grima \u00e9 o sal doce de um rosto triste ou alegre de viver\u201d. (Poeta Chico Prado &#8211; \u00b4Presidente do Centro Cultural Dom Jos\u00e9 de Sobral).1<\/p>\n","protected":false},"excerpt":{"rendered":"<p>LIVRAI-NOS, SENHOR! Do ass\u00e9dio nojento dos pol\u00edticos, agora. Da campanha \u201cn\u00e3o vote para vereador\u201d, ui!&#8230;<\/p>\n","protected":false},"author":7,"featured_media":17437,"comment_status":"open","ping_status":"open","sticky":false,"template":"","format":"standard","meta":{"_jetpack_memberships_contains_paid_content":false,"footnotes":"","jetpack_publicize_message":"","jetpack_publicize_feature_enabled":true,"jetpack_social_post_already_shared":true,"jetpack_social_options":{"image_generator_settings":{"template":"highway","default_image_id":0,"font":"","enabled":false},"version":2}},"categories":[11,27],"tags":[],"class_list":["post-30685","post","type-post","status-publish","format-standard","has-post-thumbnail","hentry","category-artigos","category-becco-ponto-com"],"jetpack_publicize_connections":[],"jetpack_featured_media_url":"https:\/\/correiodasemana.com\/site\/wp-content\/uploads\/2021\/09\/Dr-Chico-Prado-Trofeu-Dom-Jose-1.jpg","jetpack-related-posts":[{"id":30546,"url":"https:\/\/correiodasemana.com\/site\/becco-ponto-com-181\/","url_meta":{"origin":30685,"position":0},"title":"BECCO PONTO.COM","author":"adminredacao","date":"Setembro 2, 2024","format":false,"excerpt":"LIVRAI-NOS, SENHOR! Do ass\u00e9dio nojento dos pol\u00edticos, agora. Da campanha \u201cn\u00e3o vote para vereador\u201d, ui! Dos candidatos buchas familiares, \u201cos tais\u201d. Do fim do imp\u00e9rio Ferreira Gomes, um dia! Dos planos de sa\u00fade caros e inoperantes. Da burguesia falida com medo do poder. Das promessas do tira e bota a\u2026","rel":"","context":"In &quot;Artigos&quot;","block_context":{"text":"Artigos","link":"https:\/\/correiodasemana.com\/site\/category\/artigos\/"},"img":{"alt_text":"","src":"https:\/\/i0.wp.com\/correiodasemana.com\/site\/wp-content\/uploads\/2021\/09\/Dr-Chico-Prado-Trofeu-Dom-Jose-1.jpg?resize=350%2C200&ssl=1","width":350,"height":200,"srcset":"https:\/\/i0.wp.com\/correiodasemana.com\/site\/wp-content\/uploads\/2021\/09\/Dr-Chico-Prado-Trofeu-Dom-Jose-1.jpg?resize=350%2C200&ssl=1 1x, https:\/\/i0.wp.com\/correiodasemana.com\/site\/wp-content\/uploads\/2021\/09\/Dr-Chico-Prado-Trofeu-Dom-Jose-1.jpg?resize=525%2C300&ssl=1 1.5x, https:\/\/i0.wp.com\/correiodasemana.com\/site\/wp-content\/uploads\/2021\/09\/Dr-Chico-Prado-Trofeu-Dom-Jose-1.jpg?resize=700%2C400&ssl=1 2x, https:\/\/i0.wp.com\/correiodasemana.com\/site\/wp-content\/uploads\/2021\/09\/Dr-Chico-Prado-Trofeu-Dom-Jose-1.jpg?resize=1050%2C600&ssl=1 3x, https:\/\/i0.wp.com\/correiodasemana.com\/site\/wp-content\/uploads\/2021\/09\/Dr-Chico-Prado-Trofeu-Dom-Jose-1.jpg?resize=1400%2C800&ssl=1 4x"},"classes":[]},{"id":16729,"url":"https:\/\/correiodasemana.com\/site\/becco-ponto-com-40\/","url_meta":{"origin":30685,"position":1},"title":"Becco ponto Com","author":"","date":"Junho 14, 2021","format":false,"excerpt":"Livrai-nos, senhor! 01. Dos ataques a democracia por pol\u00edticos corruptos. 02. Dos novos ricos semi-analfabetos formados de anel. 03. Das escolas de ensino e modernas casas de moedas, ui! 04. Da crise institucional do crime articulada no poder. 05. Dos gabinetes de fofocas de \u00f3dio nas redes sociais. 06. Do\u2026","rel":"","context":"In &quot;Artigos&quot;","block_context":{"text":"Artigos","link":"https:\/\/correiodasemana.com\/site\/category\/artigos\/"},"img":{"alt_text":"","src":"https:\/\/i0.wp.com\/correiodasemana.com\/site\/wp-content\/uploads\/2021\/04\/Chico-Prado-22.jpg?resize=350%2C200&ssl=1","width":350,"height":200,"srcset":"https:\/\/i0.wp.com\/correiodasemana.com\/site\/wp-content\/uploads\/2021\/04\/Chico-Prado-22.jpg?resize=350%2C200&ssl=1 1x, https:\/\/i0.wp.com\/correiodasemana.com\/site\/wp-content\/uploads\/2021\/04\/Chico-Prado-22.jpg?resize=525%2C300&ssl=1 1.5x, https:\/\/i0.wp.com\/correiodasemana.com\/site\/wp-content\/uploads\/2021\/04\/Chico-Prado-22.jpg?resize=700%2C400&ssl=1 2x"},"classes":[]},{"id":34640,"url":"https:\/\/correiodasemana.com\/site\/becco-ponto-com-222\/","url_meta":{"origin":30685,"position":2},"title":"BECCO PONTO.COM","author":"adminredacao","date":"Julho 15, 2025","format":false,"excerpt":"LIVRAI-NOS, SENHOR! Das festas juninas \u201cp\u00e3o e circo\u201d ao pov\u00e3o do voto. Da farra do boi nas escolas \u201cP\u00e9 de Meias\u201d via pt. Da pol\u00edcia federal botando quente no Cear\u00e1, ui! Do feir\u00e3o a c\u00e9u aberto nas Pra\u00e7as da cidade, ufa! Dos pol\u00edticos vendendo almas ao diabo pelo voto. Das\u2026","rel":"","context":"In &quot;Artigos&quot;","block_context":{"text":"Artigos","link":"https:\/\/correiodasemana.com\/site\/category\/artigos\/"},"img":{"alt_text":"","src":"https:\/\/i0.wp.com\/correiodasemana.com\/site\/wp-content\/uploads\/2021\/09\/Dr-Chico-Prado-Trofeu-Dom-Jose-1.jpg?resize=350%2C200&ssl=1","width":350,"height":200,"srcset":"https:\/\/i0.wp.com\/correiodasemana.com\/site\/wp-content\/uploads\/2021\/09\/Dr-Chico-Prado-Trofeu-Dom-Jose-1.jpg?resize=350%2C200&ssl=1 1x, https:\/\/i0.wp.com\/correiodasemana.com\/site\/wp-content\/uploads\/2021\/09\/Dr-Chico-Prado-Trofeu-Dom-Jose-1.jpg?resize=525%2C300&ssl=1 1.5x, https:\/\/i0.wp.com\/correiodasemana.com\/site\/wp-content\/uploads\/2021\/09\/Dr-Chico-Prado-Trofeu-Dom-Jose-1.jpg?resize=700%2C400&ssl=1 2x, https:\/\/i0.wp.com\/correiodasemana.com\/site\/wp-content\/uploads\/2021\/09\/Dr-Chico-Prado-Trofeu-Dom-Jose-1.jpg?resize=1050%2C600&ssl=1 3x, https:\/\/i0.wp.com\/correiodasemana.com\/site\/wp-content\/uploads\/2021\/09\/Dr-Chico-Prado-Trofeu-Dom-Jose-1.jpg?resize=1400%2C800&ssl=1 4x"},"classes":[]},{"id":35424,"url":"https:\/\/correiodasemana.com\/site\/becco-ponto-com-229\/","url_meta":{"origin":30685,"position":3},"title":"BECCO PONTO.COM","author":"adminredacao","date":"Setembro 1, 2025","format":false,"excerpt":"LIVRAI-NOS, SENHOR! Das casinhas de pombos que s\u00e3o os apartamentos modernos. Dos verbetes do canastr\u00e3o, Lula, pai de todos os corruptos. Das contas do \u201cReizinho Ivo\u201d, cair na malha fina dos pol\u00edticos. De uma vaca preta nas ruas aterrorizando os pol\u00edticos, ui! Da grita da turma do bico chorando o\u2026","rel":"","context":"In &quot;Artigos&quot;","block_context":{"text":"Artigos","link":"https:\/\/correiodasemana.com\/site\/category\/artigos\/"},"img":{"alt_text":"","src":"https:\/\/i0.wp.com\/correiodasemana.com\/site\/wp-content\/uploads\/2021\/09\/Dr-Chico-Prado-Trofeu-Dom-Jose-1-1.jpg?resize=350%2C200&ssl=1","width":350,"height":200,"srcset":"https:\/\/i0.wp.com\/correiodasemana.com\/site\/wp-content\/uploads\/2021\/09\/Dr-Chico-Prado-Trofeu-Dom-Jose-1-1.jpg?resize=350%2C200&ssl=1 1x, https:\/\/i0.wp.com\/correiodasemana.com\/site\/wp-content\/uploads\/2021\/09\/Dr-Chico-Prado-Trofeu-Dom-Jose-1-1.jpg?resize=525%2C300&ssl=1 1.5x, https:\/\/i0.wp.com\/correiodasemana.com\/site\/wp-content\/uploads\/2021\/09\/Dr-Chico-Prado-Trofeu-Dom-Jose-1-1.jpg?resize=700%2C400&ssl=1 2x"},"classes":[]},{"id":16789,"url":"https:\/\/correiodasemana.com\/site\/becco-ponto-com-41\/","url_meta":{"origin":30685,"position":4},"title":"Becco ponto Com","author":"","date":"Junho 20, 2021","format":false,"excerpt":"LIVRAI-NOS, SENHOR! Da cpi pol\u00edtica das cloroquinas bolsonarianas, ufa! Das mamatas tocadas como propinas em c\u00e2maras, ui! Do surto nas igrejas evang\u00e9licas sem o tal d\u00edzimo. Do ensino moderno de alunos ao professor analfas. Do mi-mi-mi pol\u00edtico da vacina\u00e7\u00e3o brasileira na rede. Do ca\u00e7a j\u00e1 solta eleitoral de pol\u00edticos corruptos.\u2026","rel":"","context":"In &quot;Artigos&quot;","block_context":{"text":"Artigos","link":"https:\/\/correiodasemana.com\/site\/category\/artigos\/"},"img":{"alt_text":"","src":"https:\/\/i0.wp.com\/correiodasemana.com\/site\/wp-content\/uploads\/2021\/04\/Chico-Prado-22.jpg?resize=350%2C200&ssl=1","width":350,"height":200,"srcset":"https:\/\/i0.wp.com\/correiodasemana.com\/site\/wp-content\/uploads\/2021\/04\/Chico-Prado-22.jpg?resize=350%2C200&ssl=1 1x, https:\/\/i0.wp.com\/correiodasemana.com\/site\/wp-content\/uploads\/2021\/04\/Chico-Prado-22.jpg?resize=525%2C300&ssl=1 1.5x, https:\/\/i0.wp.com\/correiodasemana.com\/site\/wp-content\/uploads\/2021\/04\/Chico-Prado-22.jpg?resize=700%2C400&ssl=1 2x"},"classes":[]},{"id":26313,"url":"https:\/\/correiodasemana.com\/site\/becco-ponto-com-135\/","url_meta":{"origin":30685,"position":5},"title":"Becco Ponto Com","author":"adminredacao","date":"Agosto 27, 2023","format":false,"excerpt":"LIVRAI-NOS, SENHOR! Das tais caras amarradas dos m\u00e9dicos. Da nossa imprensa babona por amor! Do saAe entrando no povo sem d\u00f3, ui! Do festival de multas no Estado do pt. Da ruma de candidatos bucha dos fgs. Da cruzada dos prefeitos por peitos, ui! Dos forasteiros do poder fazendo fita.\u2026","rel":"","context":"In &quot;Artigos&quot;","block_context":{"text":"Artigos","link":"https:\/\/correiodasemana.com\/site\/category\/artigos\/"},"img":{"alt_text":"","src":"https:\/\/i0.wp.com\/correiodasemana.com\/site\/wp-content\/uploads\/2021\/09\/Dr-Chico-Prado-Trofeu-Dom-Jose-1.jpg?resize=350%2C200&ssl=1","width":350,"height":200,"srcset":"https:\/\/i0.wp.com\/correiodasemana.com\/site\/wp-content\/uploads\/2021\/09\/Dr-Chico-Prado-Trofeu-Dom-Jose-1.jpg?resize=350%2C200&ssl=1 1x, https:\/\/i0.wp.com\/correiodasemana.com\/site\/wp-content\/uploads\/2021\/09\/Dr-Chico-Prado-Trofeu-Dom-Jose-1.jpg?resize=525%2C300&ssl=1 1.5x, https:\/\/i0.wp.com\/correiodasemana.com\/site\/wp-content\/uploads\/2021\/09\/Dr-Chico-Prado-Trofeu-Dom-Jose-1.jpg?resize=700%2C400&ssl=1 2x, https:\/\/i0.wp.com\/correiodasemana.com\/site\/wp-content\/uploads\/2021\/09\/Dr-Chico-Prado-Trofeu-Dom-Jose-1.jpg?resize=1050%2C600&ssl=1 3x, https:\/\/i0.wp.com\/correiodasemana.com\/site\/wp-content\/uploads\/2021\/09\/Dr-Chico-Prado-Trofeu-Dom-Jose-1.jpg?resize=1400%2C800&ssl=1 4x"},"classes":[]}],"jetpack_sharing_enabled":true,"_links":{"self":[{"href":"https:\/\/correiodasemana.com\/site\/wp-json\/wp\/v2\/posts\/30685","targetHints":{"allow":["GET"]}}],"collection":[{"href":"https:\/\/correiodasemana.com\/site\/wp-json\/wp\/v2\/posts"}],"about":[{"href":"https:\/\/correiodasemana.com\/site\/wp-json\/wp\/v2\/types\/post"}],"author":[{"embeddable":true,"href":"https:\/\/correiodasemana.com\/site\/wp-json\/wp\/v2\/users\/7"}],"replies":[{"embeddable":true,"href":"https:\/\/correiodasemana.com\/site\/wp-json\/wp\/v2\/comments?post=30685"}],"version-history":[{"count":1,"href":"https:\/\/correiodasemana.com\/site\/wp-json\/wp\/v2\/posts\/30685\/revisions"}],"predecessor-version":[{"id":30688,"href":"https:\/\/correiodasemana.com\/site\/wp-json\/wp\/v2\/posts\/30685\/revisions\/30688"}],"wp:featuredmedia":[{"embeddable":true,"href":"https:\/\/correiodasemana.com\/site\/wp-json\/wp\/v2\/media\/17437"}],"wp:attachment":[{"href":"https:\/\/correiodasemana.com\/site\/wp-json\/wp\/v2\/media?parent=30685"}],"wp:term":[{"taxonomy":"category","embeddable":true,"href":"https:\/\/correiodasemana.com\/site\/wp-json\/wp\/v2\/categories?post=30685"},{"taxonomy":"post_tag","embeddable":true,"href":"https:\/\/correiodasemana.com\/site\/wp-json\/wp\/v2\/tags?post=30685"}],"curies":[{"name":"wp","href":"https:\/\/api.w.org\/{rel}","templated":true}]}}