{"id":30752,"date":"2024-09-23T16:34:51","date_gmt":"2024-09-23T19:34:51","guid":{"rendered":"https:\/\/correiodasemana.com\/site\/?p=30752"},"modified":"2024-09-23T16:34:51","modified_gmt":"2024-09-23T19:34:51","slug":"becco-ponto-com-184","status":"publish","type":"post","link":"https:\/\/correiodasemana.com\/site\/becco-ponto-com-184\/","title":{"rendered":"BECCO PONTO.COM"},"content":{"rendered":"<p>LIVRAI-NOS, SENHOR!<br \/>\nDas pesquisas encomendadas t\u00e3o cru\u00e9is.<br \/>\nDos novos ricos feios e importantes, ufa!<br \/>\nDa revolu\u00e7\u00e3o da taxa do lixo entre n\u00f3s.<br \/>\nDo bl\u00e1-bl\u00e1-bl\u00e1 dos pol\u00edticos coron\u00e9is, ui!<br \/>\nDo mi-mi-mi da taxa do lixo e que virou meme.<br \/>\nDos ataques calados da oposi\u00e7\u00e3o rude.<br \/>\nDas dondocas religiosas por interesses.<br \/>\nDo medo dos fg\u2019s de perderem as mamas.<br \/>\nDa cultura t\u00e3o engessada no momento.<br \/>\nDos pol\u00edticos bolachinhas os \u201cvira-vira\u201d.<\/p>\n<p>NOTICIANDO<br \/>\nFoi muito legal a comemora\u00e7\u00e3o do anivers\u00e1rio do ex-deputado Haroldo Sanford, em Fortaleza, s\u00e1bado passado, com almo\u00e7o e iguarias do mar em grande estilo e em seu apartamento. Os seus filhos e amigos \u00edntimos estiveram na festa que comemorou os 99 anos de vida deste grande pol\u00edtico da hist\u00f3ria do Brasil. A sua esposa F\u00e1tima, fez as honras da casa com eleg\u00e2ncia de sempre. Salve nosso coronel!<br \/>\nO digno radialista Ivan Frota, na parada para se eleger mais uma vez como vereador em Sobral. \u00c9 um amigo de f\u00e9 e tem folha de servi\u00e7o prestado \u00e0 nossa comunidade h\u00e1 anos. Um grande nome do Becco do Cotovelo e merece nova chance. Eu creio!<br \/>\nRui Silva, Fernando Solon e Expedito Vasconcelos receber\u00e3o diplomas da aabc e do Centro Cultural Dom Jos\u00e9 em homenagem ao Dia do R\u00e1dio. O ato de entrega acontecer\u00e1 no Caf\u00e9 Jaibaras, s\u00e1bado que vem, em grande estilo. Todos os homenageados t\u00eam mais de 50 anos de profiss\u00e3o t\u00e3o digna. Viva o r\u00e1dio sobralense antigo e seus \u00edcones, ainda vivos.<br \/>\nQuem sempre tem visitado o Becco, digo o Caf\u00e9 Jaibaras e com frequ\u00eancia \u00e9 o empres\u00e1rio na \u00e1rea de tr\u00e2nsito, o amigo Ribeiro de Paulo. Seu papo \u00e9 firme e merece considera\u00e7\u00e3o dos bequeanos. Um amigo digno de registro desta nossa coluna. O Expedito e este escriba ciceroneiam sempre a sua presen\u00e7a no espa\u00e7o do cora\u00e7\u00e3o de Sobral.<br \/>\nComo nos Estados Unidos da Am\u00e9rica, um homem e uma mulher correm em busca do poder \u00e0 toda prova: Oscar Rodrigues e Izolda Cela. Que cidade americanizada \u00e9 esta nossa cheia de cenas fortes.<\/p>\n<p>PERFIL: RADIALISTA SABINO MELO<\/p>\n<div id='gallery-1' class='gallery galleryid-30752 gallery-columns-6 gallery-size-thumbnail'><figure class='gallery-item'>\n\t\t\t<div class='gallery-icon portrait'>\n\t\t\t\t<a href='https:\/\/correiodasemana.com\/site\/becco-ponto-com-184\/sabino-melo-redialista\/'><img loading=\"lazy\" width=\"150\" height=\"150\" src=\"https:\/\/correiodasemana.com\/site\/wp-content\/uploads\/2024\/09\/Sabino-Melo-redialista-150x150.jpg\" class=\"attachment-thumbnail size-thumbnail\" alt=\"Sabino Melo redialista\" loading=\"lazy\" decoding=\"async\" \/><\/a>\n\t\t\t<\/div><\/figure>\n\t\t<\/div>\n\n<p>Um cidad\u00e3o com todas as letras, digno radialista consagrado na cidade e que hoje pelas ondas da Tupinamb\u00e1 FM, faz o giro de entrevistas no programa \u201cParece que Foi Ontem\u201d. Falo do caro amigo, Sabino Melo, que h\u00e1 mais de trinta anos faz r\u00e1dio com profissionalismo digno de registro e hoje figura como o perfil da semana no m\u00eas que comemoramos o Dia do R\u00e1dio, neste noticioso.<\/p>\n<p>LIVRE PENSAR<br \/>\n\u201cViver \u00e9 aprender sempre o caminho sagrado na dire\u00e7\u00e3o da paz e do amor solid\u00e1rio\u201d. (Poeta Chico Prado &#8211; Presidente do Centro Cultural Dom Jos\u00e9 de Sobral)<\/p>\n","protected":false},"excerpt":{"rendered":"<p>LIVRAI-NOS, SENHOR! Das pesquisas encomendadas t\u00e3o cru\u00e9is. Dos novos ricos feios e importantes, ufa! Da&#8230;<\/p>\n","protected":false},"author":7,"featured_media":17437,"comment_status":"open","ping_status":"open","sticky":false,"template":"","format":"standard","meta":{"_jetpack_memberships_contains_paid_content":false,"footnotes":"","jetpack_publicize_message":"","jetpack_publicize_feature_enabled":true,"jetpack_social_post_already_shared":true,"jetpack_social_options":{"image_generator_settings":{"template":"highway","default_image_id":0,"font":"","enabled":false},"version":2}},"categories":[11,27],"tags":[],"class_list":["post-30752","post","type-post","status-publish","format-standard","has-post-thumbnail","hentry","category-artigos","category-becco-ponto-com"],"jetpack_publicize_connections":[],"jetpack_featured_media_url":"https:\/\/correiodasemana.com\/site\/wp-content\/uploads\/2021\/09\/Dr-Chico-Prado-Trofeu-Dom-Jose-1.jpg","jetpack-related-posts":[{"id":21415,"url":"https:\/\/correiodasemana.com\/site\/becco-ponto-com-105\/","url_meta":{"origin":30752,"position":0},"title":"Becco ponto Com","author":"","date":"Outubro 30, 2022","format":false,"excerpt":"Livrai-nos, senhor! 01. Das santas e sat\u00e2nicas elei\u00e7\u00f5es deste ano. 02. Da viol\u00eancia dominante no distrito Jaibaras. 03. Dos debates sem nexos na tv brasileira, ufa! 04. Dos doutores modernos cantando de galo. 05. Da virada dos aproveitadores t\u00e3o politicos. 06. Dos bazares de molambos nas lojas fineses. 07. Da\u2026","rel":"","context":"In &quot;Artigos&quot;","block_context":{"text":"Artigos","link":"https:\/\/correiodasemana.com\/site\/category\/artigos\/"},"img":{"alt_text":"","src":"https:\/\/i0.wp.com\/correiodasemana.com\/site\/wp-content\/uploads\/2021\/09\/Dr-Chico-Prado-Trofeu-Dom-Jose-1-1.jpg?resize=350%2C200&ssl=1","width":350,"height":200,"srcset":"https:\/\/i0.wp.com\/correiodasemana.com\/site\/wp-content\/uploads\/2021\/09\/Dr-Chico-Prado-Trofeu-Dom-Jose-1-1.jpg?resize=350%2C200&ssl=1 1x, https:\/\/i0.wp.com\/correiodasemana.com\/site\/wp-content\/uploads\/2021\/09\/Dr-Chico-Prado-Trofeu-Dom-Jose-1-1.jpg?resize=525%2C300&ssl=1 1.5x, https:\/\/i0.wp.com\/correiodasemana.com\/site\/wp-content\/uploads\/2021\/09\/Dr-Chico-Prado-Trofeu-Dom-Jose-1-1.jpg?resize=700%2C400&ssl=1 2x"},"classes":[]},{"id":34217,"url":"https:\/\/correiodasemana.com\/site\/becco-ponto-com-218\/","url_meta":{"origin":30752,"position":1},"title":"BECCO PONTO.COM","author":"adminredacao","date":"Junho 16, 2025","format":false,"excerpt":"LIVRAI-NOS, SENHOR! Das paradas modernas e pol\u00edticas: \u201ct\u00f4 no voto\u201d, ufa! Das quadrilhas p\u00e3o e circo para o pov\u00e3o, j\u00e1 aqui. Da famosa cpi da Santa Casa vai da pizza de novo. Da ruma de cursos formando analfabetos, logo. Do bl\u00e1 bl\u00e1 bl\u00e1 do golpe virando pizza no pa\u00eds. Ui!\u2026","rel":"","context":"In &quot;Artigos&quot;","block_context":{"text":"Artigos","link":"https:\/\/correiodasemana.com\/site\/category\/artigos\/"},"img":{"alt_text":"","src":"https:\/\/i0.wp.com\/correiodasemana.com\/site\/wp-content\/uploads\/2021\/09\/Dr-Chico-Prado-Trofeu-Dom-Jose-1-1.jpg?resize=350%2C200&ssl=1","width":350,"height":200,"srcset":"https:\/\/i0.wp.com\/correiodasemana.com\/site\/wp-content\/uploads\/2021\/09\/Dr-Chico-Prado-Trofeu-Dom-Jose-1-1.jpg?resize=350%2C200&ssl=1 1x, https:\/\/i0.wp.com\/correiodasemana.com\/site\/wp-content\/uploads\/2021\/09\/Dr-Chico-Prado-Trofeu-Dom-Jose-1-1.jpg?resize=525%2C300&ssl=1 1.5x, https:\/\/i0.wp.com\/correiodasemana.com\/site\/wp-content\/uploads\/2021\/09\/Dr-Chico-Prado-Trofeu-Dom-Jose-1-1.jpg?resize=700%2C400&ssl=1 2x"},"classes":[]},{"id":32479,"url":"https:\/\/correiodasemana.com\/site\/becco-ponto-com-201\/","url_meta":{"origin":30752,"position":2},"title":"Becco Ponto Com","author":"adminredacao","date":"Fevereiro 10, 2025","format":false,"excerpt":"LIVRAI-NOS, SENHOR! Do poder der manipula\u00e7\u00e3o do voto de cabresto. Da queda do imp\u00e9rio \u201cFerreira Gomes\u201d no Estado. Do chora que d\u00f3i menos dos perdedores ainda. Dos importantes sem import\u00e2ncia alguma, aqui. Da invas\u00e3o dos descamisados na cidade e no Becco. Da ruma de propagandas de cl\u00ednicas m\u00e9dicas, ui! Da\u2026","rel":"","context":"In &quot;Artigos&quot;","block_context":{"text":"Artigos","link":"https:\/\/correiodasemana.com\/site\/category\/artigos\/"},"img":{"alt_text":"","src":"https:\/\/i0.wp.com\/correiodasemana.com\/site\/wp-content\/uploads\/2021\/09\/Dr-Chico-Prado-Trofeu-Dom-Jose-1.jpg?resize=350%2C200&ssl=1","width":350,"height":200,"srcset":"https:\/\/i0.wp.com\/correiodasemana.com\/site\/wp-content\/uploads\/2021\/09\/Dr-Chico-Prado-Trofeu-Dom-Jose-1.jpg?resize=350%2C200&ssl=1 1x, https:\/\/i0.wp.com\/correiodasemana.com\/site\/wp-content\/uploads\/2021\/09\/Dr-Chico-Prado-Trofeu-Dom-Jose-1.jpg?resize=525%2C300&ssl=1 1.5x, https:\/\/i0.wp.com\/correiodasemana.com\/site\/wp-content\/uploads\/2021\/09\/Dr-Chico-Prado-Trofeu-Dom-Jose-1.jpg?resize=700%2C400&ssl=1 2x, https:\/\/i0.wp.com\/correiodasemana.com\/site\/wp-content\/uploads\/2021\/09\/Dr-Chico-Prado-Trofeu-Dom-Jose-1.jpg?resize=1050%2C600&ssl=1 3x, https:\/\/i0.wp.com\/correiodasemana.com\/site\/wp-content\/uploads\/2021\/09\/Dr-Chico-Prado-Trofeu-Dom-Jose-1.jpg?resize=1400%2C800&ssl=1 4x"},"classes":[]},{"id":30066,"url":"https:\/\/correiodasemana.com\/site\/becco-ponto-com-176\/","url_meta":{"origin":30752,"position":3},"title":"BECCO PONTO.COM","author":"adminredacao","date":"Julho 22, 2024","format":false,"excerpt":"LIVRAI-NOS, SENHOR! Da gula por votos dos pol\u00edticos. Dos puxa sacos, por amor ainda. Da taxa do lixo matando os pobres. Da mistura \u201cpol\u00edticos x fac\u00e7\u00f5es\u201d, ui! De uma oposi\u00e7\u00e3o burra de novo! Do medinho dos fg\u2019s perder o poder. Do bl\u00e1, bl\u00e1 de Ciro, nas redes. Perdeu! Dos cursos\u2026","rel":"","context":"In &quot;Artigos&quot;","block_context":{"text":"Artigos","link":"https:\/\/correiodasemana.com\/site\/category\/artigos\/"},"img":{"alt_text":"","src":"https:\/\/i0.wp.com\/correiodasemana.com\/site\/wp-content\/uploads\/2021\/09\/Dr-Chico-Prado-Trofeu-Dom-Jose-1.jpg?resize=350%2C200&ssl=1","width":350,"height":200,"srcset":"https:\/\/i0.wp.com\/correiodasemana.com\/site\/wp-content\/uploads\/2021\/09\/Dr-Chico-Prado-Trofeu-Dom-Jose-1.jpg?resize=350%2C200&ssl=1 1x, https:\/\/i0.wp.com\/correiodasemana.com\/site\/wp-content\/uploads\/2021\/09\/Dr-Chico-Prado-Trofeu-Dom-Jose-1.jpg?resize=525%2C300&ssl=1 1.5x, https:\/\/i0.wp.com\/correiodasemana.com\/site\/wp-content\/uploads\/2021\/09\/Dr-Chico-Prado-Trofeu-Dom-Jose-1.jpg?resize=700%2C400&ssl=1 2x, https:\/\/i0.wp.com\/correiodasemana.com\/site\/wp-content\/uploads\/2021\/09\/Dr-Chico-Prado-Trofeu-Dom-Jose-1.jpg?resize=1050%2C600&ssl=1 3x, https:\/\/i0.wp.com\/correiodasemana.com\/site\/wp-content\/uploads\/2021\/09\/Dr-Chico-Prado-Trofeu-Dom-Jose-1.jpg?resize=1400%2C800&ssl=1 4x"},"classes":[]},{"id":20808,"url":"https:\/\/correiodasemana.com\/site\/becco-ponto-com-97\/","url_meta":{"origin":30752,"position":4},"title":"Becco ponto Com","author":"","date":"Agosto 29, 2022","format":false,"excerpt":"Livrai-nos, senhor! 01. Do lixo cultural das novelas da Rede Globo. 02. Do tranca pol\u00edtico dado aos fg\u2019s nas elei\u00e7\u00f5es deste ano. 03. Do lula, rouco, rato e louco nas entrevistas do dia a dia. 04. Dos puxas de plant\u00e3o em busca do voto de cabresto por aqui. 05. De\u2026","rel":"","context":"In &quot;Artigos&quot;","block_context":{"text":"Artigos","link":"https:\/\/correiodasemana.com\/site\/category\/artigos\/"},"img":{"alt_text":"","src":"https:\/\/i0.wp.com\/correiodasemana.com\/site\/wp-content\/uploads\/2021\/09\/Dr-Chico-Prado-Trofeu-Dom-Jose-1-1.jpg?resize=350%2C200&ssl=1","width":350,"height":200,"srcset":"https:\/\/i0.wp.com\/correiodasemana.com\/site\/wp-content\/uploads\/2021\/09\/Dr-Chico-Prado-Trofeu-Dom-Jose-1-1.jpg?resize=350%2C200&ssl=1 1x, https:\/\/i0.wp.com\/correiodasemana.com\/site\/wp-content\/uploads\/2021\/09\/Dr-Chico-Prado-Trofeu-Dom-Jose-1-1.jpg?resize=525%2C300&ssl=1 1.5x, https:\/\/i0.wp.com\/correiodasemana.com\/site\/wp-content\/uploads\/2021\/09\/Dr-Chico-Prado-Trofeu-Dom-Jose-1-1.jpg?resize=700%2C400&ssl=1 2x"},"classes":[]},{"id":27485,"url":"https:\/\/correiodasemana.com\/site\/becco-ponto-com-148\/","url_meta":{"origin":30752,"position":5},"title":"Becco Ponto Com","author":"adminredacao","date":"Dezembro 4, 2023","format":false,"excerpt":"LIVRAI-NOS, SENHOR! Dos casamentos movidos a \u201cPix Presentes\u201d Dos t\u00edtulos persona non grata via c\u00e2mara. Do mi mi mi dos pol\u00edticos de ocasi\u00e3o em 2024. Da piada de vice em uma viagem a Portugal, j\u00e1! Da ruma de calangos em cima do , ufa! Dos fgs perderem o poder \u201cvia\u2026","rel":"","context":"In &quot;Artigos&quot;","block_context":{"text":"Artigos","link":"https:\/\/correiodasemana.com\/site\/category\/artigos\/"},"img":{"alt_text":"","src":"https:\/\/i0.wp.com\/correiodasemana.com\/site\/wp-content\/uploads\/2021\/09\/Dr-Chico-Prado-Trofeu-Dom-Jose-1.jpg?resize=350%2C200&ssl=1","width":350,"height":200,"srcset":"https:\/\/i0.wp.com\/correiodasemana.com\/site\/wp-content\/uploads\/2021\/09\/Dr-Chico-Prado-Trofeu-Dom-Jose-1.jpg?resize=350%2C200&ssl=1 1x, https:\/\/i0.wp.com\/correiodasemana.com\/site\/wp-content\/uploads\/2021\/09\/Dr-Chico-Prado-Trofeu-Dom-Jose-1.jpg?resize=525%2C300&ssl=1 1.5x, https:\/\/i0.wp.com\/correiodasemana.com\/site\/wp-content\/uploads\/2021\/09\/Dr-Chico-Prado-Trofeu-Dom-Jose-1.jpg?resize=700%2C400&ssl=1 2x, https:\/\/i0.wp.com\/correiodasemana.com\/site\/wp-content\/uploads\/2021\/09\/Dr-Chico-Prado-Trofeu-Dom-Jose-1.jpg?resize=1050%2C600&ssl=1 3x, https:\/\/i0.wp.com\/correiodasemana.com\/site\/wp-content\/uploads\/2021\/09\/Dr-Chico-Prado-Trofeu-Dom-Jose-1.jpg?resize=1400%2C800&ssl=1 4x"},"classes":[]}],"jetpack_sharing_enabled":true,"_links":{"self":[{"href":"https:\/\/correiodasemana.com\/site\/wp-json\/wp\/v2\/posts\/30752","targetHints":{"allow":["GET"]}}],"collection":[{"href":"https:\/\/correiodasemana.com\/site\/wp-json\/wp\/v2\/posts"}],"about":[{"href":"https:\/\/correiodasemana.com\/site\/wp-json\/wp\/v2\/types\/post"}],"author":[{"embeddable":true,"href":"https:\/\/correiodasemana.com\/site\/wp-json\/wp\/v2\/users\/7"}],"replies":[{"embeddable":true,"href":"https:\/\/correiodasemana.com\/site\/wp-json\/wp\/v2\/comments?post=30752"}],"version-history":[{"count":1,"href":"https:\/\/correiodasemana.com\/site\/wp-json\/wp\/v2\/posts\/30752\/revisions"}],"predecessor-version":[{"id":30754,"href":"https:\/\/correiodasemana.com\/site\/wp-json\/wp\/v2\/posts\/30752\/revisions\/30754"}],"wp:featuredmedia":[{"embeddable":true,"href":"https:\/\/correiodasemana.com\/site\/wp-json\/wp\/v2\/media\/17437"}],"wp:attachment":[{"href":"https:\/\/correiodasemana.com\/site\/wp-json\/wp\/v2\/media?parent=30752"}],"wp:term":[{"taxonomy":"category","embeddable":true,"href":"https:\/\/correiodasemana.com\/site\/wp-json\/wp\/v2\/categories?post=30752"},{"taxonomy":"post_tag","embeddable":true,"href":"https:\/\/correiodasemana.com\/site\/wp-json\/wp\/v2\/tags?post=30752"}],"curies":[{"name":"wp","href":"https:\/\/api.w.org\/{rel}","templated":true}]}}