{"id":30766,"date":"2024-09-23T16:39:39","date_gmt":"2024-09-23T19:39:39","guid":{"rendered":"https:\/\/correiodasemana.com\/site\/?p=30766"},"modified":"2024-09-23T16:39:39","modified_gmt":"2024-09-23T19:39:39","slug":"padre-zezinho-comemora-os-50-anos-de-dois-sucessos-fonte-gravadora-paulinas-comep","status":"publish","type":"post","link":"https:\/\/correiodasemana.com\/site\/padre-zezinho-comemora-os-50-anos-de-dois-sucessos-fonte-gravadora-paulinas-comep\/","title":{"rendered":"Padre Zezinho comemora os 50 anos de dois sucessos Fonte: Gravadora Paulinas-Comep"},"content":{"rendered":"<p>\u00c9 imposs\u00edvel um cat\u00f3lico no Brasil n\u00e3o conhecer estas duas can\u00e7\u00f5es: \u201cAmar como Jesus amou\u201d [https:\/\/bfan.link\/historias-que-eu-conto-e-canto] e \u201cMaria de Nazar\u00e9\u201d [https:\/\/bfan.link\/historias-que-eu-conto-e-canto]. S\u00f3 de mencionar, a letra e melodia v\u00eam automaticamente desses grandes sucessos de Pe. Zezinho, scj, que completam 50 anos em 2024.<br \/>\nAt\u00e9 hoje, grande \u00e9 a repercuss\u00e3o, indo al\u00e9m de gera\u00e7\u00f5es e na\u00e7\u00f5es: as m\u00fasicas foram gravadas em italiano, espanhol e franc\u00eas e ingl\u00eas e interpretadas por in\u00fameros artistas brasileiros e estrangeiros.<br \/>\nOriginalmente, as can\u00e7\u00f5es foram lan\u00e7adas no LP \u201cHist\u00f3rias que conto e canto\u201d [https:\/\/bfan.link\/historias-que-eu-conto-e-canto] e, depois, relan\u00e7adas em outros \u00e1lbuns, mas sempre com a marca de milhares de c\u00f3pias vendidas, seja em LP, K7 ou CD. J\u00e1 na era digital, cada uma das m\u00fasicas \u201cAmar como Jesus amou\u201d e \u201cMaria de Nazar\u00e9\u201d possuem mais de 10 milh\u00f5es de streams acessos nas diversas plataformas digitais. Sem contar nas in\u00fameras r\u00e9plicas feitas pelo povo nas redes sociais.<\/p>\n<p>Pe. Zezinho, scj com o LP \u201cHist\u00f3rias que eu conto e canto\u201d de 1974 (Foto: Juliene Barros)<br \/>\nUma revolu\u00e7\u00e3o na m\u00fasica para a catequese<br \/>\nO que, de repente, muita gente n\u00e3o sabe \u00e9 que a m\u00fasica voltada para as crian\u00e7as foi composta de forma bem inesperada. Pe. Zezinho, scj estava em turn\u00ea pela Europa. Em Portugal, ap\u00f3s uma confer\u00eancia na cidade de Coimbra, uma menina, junto com o pai, veio mesmo com o papel e caneta na m\u00e3o e perguntou ao padre como era a vida de Jesus. Ele, tentando falar no sotaque portug\u00eas, respondeu: \u201cSe queres saber como Jesus era, tens que amar como Jesus. E n\u00e3o s\u00f3: tu tens que pensar como Jesus! Tu tens que sorrir como Jesus e dormir em paz como Jesus\u201d.<br \/>\n\u201cAh, que lindo! Eu quero escrever!\u201d: foi a resposta da menina. Um encontro que ficou marcado no cora\u00e7\u00e3o do sacerdote e, j\u00e1 no dia seguinte, ele comp\u00f4s a can\u00e7\u00e3o.<br \/>\nEra 1974, ano da Revolu\u00e7\u00e3o dos Cravos, quando teve fim a ditadura no pa\u00eds portugu\u00eas. \u201cAmar como Jesus amou\u201d foi logo apresentada na Par\u00f3quia de Arroios em Lisboa e foi e \u00e9 uma revolu\u00e7\u00e3o at\u00e9 aos dias de hoje.<br \/>\nUma m\u00fasica fruto de uma experi\u00eancia simples e, ao mesmo tempo, concreta. Uma letra que apresenta o passo a passo de como ser feliz!<\/p>\n<p>Maria de Nazar\u00e9 nasceu do cora\u00e7\u00e3o do povo<br \/>\nPe. Zezinho, scj era p\u00e1roco na Igreja S\u00e3o Judas em S\u00e3o Paulo quando, aos poucos, alguns versos surgiram. Mas ele sentia que faltava alguma coisa\u2026 Passou um tempo e, na viagem a Portugal, lembrou que poderia apresentar uma melodia suave \u00e0 Nossa Senhora. Ainda n\u00e3o tinha letra. O intuito era \u201ccantarolar\u201d como crian\u00e7as para a M\u00e3e de Deus.<br \/>\nEntretanto, o pr\u00f3prio povo foi dando mais forma \u00e0 composi\u00e7\u00e3o e, daquela melodia, saiu: \u201cAve-Maria, Ave-Maria, Ave-Maria, M\u00e3e de Jesus\u201d. Ainda faltava algo, por\u00e9m, pouco a pouco, verso por verso, o sacerdote completou a can\u00e7\u00e3o.<br \/>\nOs cravos da revolu\u00e7\u00e3o foram sinal de liberdade em Portugal. Maria de Nazar\u00e9 foi a mulher mais livre de todas porque entregou-se absolutamente \u00e0 vontade de Deus. S\u00f3 de cantar essa m\u00fasica, cada pessoa sente o desejo de oferecer flores \u00e0 M\u00e3e de Deus: \u201cMaria que eu quero bem, Maria do puro amor; igual a voc\u00ea, ningu\u00e9m, m\u00e3e pura do meu Senhor\u201d.<br \/>\nPor Gracielle Reis<\/p>\n","protected":false},"excerpt":{"rendered":"<p>\u00c9 imposs\u00edvel um cat\u00f3lico no Brasil n\u00e3o conhecer estas duas can\u00e7\u00f5es: \u201cAmar como Jesus amou\u201d&#8230;<\/p>\n","protected":false},"author":7,"featured_media":30767,"comment_status":"open","ping_status":"open","sticky":false,"template":"","format":"standard","meta":{"_jetpack_memberships_contains_paid_content":false,"footnotes":"","jetpack_publicize_message":"","jetpack_publicize_feature_enabled":true,"jetpack_social_post_already_shared":true,"jetpack_social_options":{"image_generator_settings":{"template":"highway","default_image_id":0,"font":"","enabled":false},"version":2}},"categories":[1],"tags":[],"class_list":["post-30766","post","type-post","status-publish","format-standard","has-post-thumbnail","hentry","category-atualidade"],"jetpack_publicize_connections":[],"jetpack_featured_media_url":"https:\/\/correiodasemana.com\/site\/wp-content\/uploads\/2024\/09\/Jornal-Correio-da-Semana-No-1038-2.jpg","jetpack-related-posts":[{"id":14356,"url":"https:\/\/correiodasemana.com\/site\/sobral-sobral-14\/","url_meta":{"origin":30766,"position":0},"title":"Sobral, Sobral","author":"","date":"Novembro 2, 2020","format":false,"excerpt":"UM CRETINO RICO VALE MAIS QUE UM FIL\u00d3SOFO POBRE (MATHURIN R\u00c9GNIER, poeta franc\u00eas) MINHAS HIST\u00d3RIAS\u2026 NELSON (S\u00d3 DE MAU) N\u00c3O CANTOU BOEMIA Esta quem me contou foi o ZEZINHO PONTE, presidente da C\u00c2MARA DOS DIRIGENTES LOJISTAS (CDL) e filho do empres\u00e1rio e pol\u00edtico sobralense AUR\u00c9LIO PONTE, ao me presentear com\u2026","rel":"","context":"In &quot;Artigos&quot;","block_context":{"text":"Artigos","link":"https:\/\/correiodasemana.com\/site\/category\/artigos\/"},"img":{"alt_text":"","src":"https:\/\/i0.wp.com\/correiodasemana.com\/site\/wp-content\/uploads\/2020\/11\/sobral-sobral-150x150.png?resize=350%2C200&ssl=1","width":350,"height":200},"classes":[]},{"id":28981,"url":"https:\/\/correiodasemana.com\/site\/padre-zezinho-aos-bispos-ouvir-as-autoridades-eclesiais-foi-o-modo-que-encontrei-de-ser-catequista\/","url_meta":{"origin":30766,"position":1},"title":"Padre Zezinho aos bispos: \u201cOuvir as autoridades eclesiais foi o modo que encontrei de ser catequista\u201d","author":"adminredacao","date":"Abril 22, 2024","format":false,"excerpt":"Fonte: CNBB Em passagem por Aparecida (SP), durante uma das sess\u00f5es de hoje, dia 17, na 61\u00aa edi\u00e7\u00e3o da Assembleia Geral (AG) da Confer\u00eancia Nacional dos Bispos do Brasil (CNBB), o padre Jos\u00e9 Fernandes de Oliveira, SCJ, popularmente conhecido como Padre Zezinho, contou sua trajet\u00f3ria na evangeliza\u00e7\u00e3o por meio da\u2026","rel":"","context":"In &quot;Atualidade&quot;","block_context":{"text":"Atualidade","link":"https:\/\/correiodasemana.com\/site\/category\/atualidade\/"},"img":{"alt_text":"","src":"https:\/\/i0.wp.com\/correiodasemana.com\/site\/wp-content\/uploads\/2024\/04\/Padre-Zezinho.jpeg?resize=350%2C200&ssl=1","width":350,"height":200,"srcset":"https:\/\/i0.wp.com\/correiodasemana.com\/site\/wp-content\/uploads\/2024\/04\/Padre-Zezinho.jpeg?resize=350%2C200&ssl=1 1x, https:\/\/i0.wp.com\/correiodasemana.com\/site\/wp-content\/uploads\/2024\/04\/Padre-Zezinho.jpeg?resize=525%2C300&ssl=1 1.5x, https:\/\/i0.wp.com\/correiodasemana.com\/site\/wp-content\/uploads\/2024\/04\/Padre-Zezinho.jpeg?resize=700%2C400&ssl=1 2x, https:\/\/i0.wp.com\/correiodasemana.com\/site\/wp-content\/uploads\/2024\/04\/Padre-Zezinho.jpeg?resize=1050%2C600&ssl=1 3x"},"classes":[]},{"id":23988,"url":"https:\/\/correiodasemana.com\/site\/sobralsobral\/","url_meta":{"origin":30766,"position":2},"title":"Sobral,Sobral","author":"adminredacao","date":"Abril 11, 2023","format":false,"excerpt":"Esque\u00e7a o mal que \ud835\uddf9\ud835\uddf5\ud835\uddf2 fizeram, mas n\u00e3o a li\u00e7\u00e3o que \ud835\ude03\ud835\uddfc\ud835\uddf0\ud835\uddf2\u0302 aprendeu!! BOM DIA !! HIST\u00d3RIAS... QUEM COMP\u00d4S \u201cO HOMEM\u201d PARA ROBERTO CARLOS??? No imagin\u00e1rio da MPB corre h\u00e1 d\u00e9cadas uma lenda sobre a verdadeira autoria de um dos maiores sucessos da carreira do rei ROBERTO CARLOS. Ocorreu muito\u2026","rel":"","context":"In &quot;Artigos&quot;","block_context":{"text":"Artigos","link":"https:\/\/correiodasemana.com\/site\/category\/artigos\/"},"img":{"alt_text":"","src":"https:\/\/i0.wp.com\/correiodasemana.com\/site\/wp-content\/uploads\/2021\/02\/artigo-carolino-radio.png?resize=350%2C200&ssl=1","width":350,"height":200,"srcset":"https:\/\/i0.wp.com\/correiodasemana.com\/site\/wp-content\/uploads\/2021\/02\/artigo-carolino-radio.png?resize=350%2C200&ssl=1 1x, https:\/\/i0.wp.com\/correiodasemana.com\/site\/wp-content\/uploads\/2021\/02\/artigo-carolino-radio.png?resize=525%2C300&ssl=1 1.5x, https:\/\/i0.wp.com\/correiodasemana.com\/site\/wp-content\/uploads\/2021\/02\/artigo-carolino-radio.png?resize=700%2C400&ssl=1 2x"},"classes":[]},{"id":22238,"url":"https:\/\/correiodasemana.com\/site\/adeus-monsenhor-jonas-abib\/","url_meta":{"origin":30766,"position":3},"title":"ADEUS Monsenhor Jonas Abib","author":"","date":"Dezembro 14, 2022","format":false,"excerpt":"Monsenhor Jonas Abib foi o fundador da Comunidade Can\u00e7\u00e3o Nova e presidente da Funda\u00e7\u00e3o Jo\u00e3o Paulo II, mantenedora do Sistema Can\u00e7\u00e3o Nova de Comunica\u00e7\u00e3o e da Rede de Desenvolvimento Social Can\u00e7\u00e3o Nova. A Comunidade Can\u00e7\u00e3o Nova, informou, atrav\u00e9s de um comunicado, sobre o falecimento do seu fundador, monsenhor Jonas Abib,\u2026","rel":"","context":"In &quot;Atualidade&quot;","block_context":{"text":"Atualidade","link":"https:\/\/correiodasemana.com\/site\/category\/atualidade\/"},"img":{"alt_text":"","src":"https:\/\/i0.wp.com\/correiodasemana.com\/site\/wp-content\/uploads\/2022\/12\/cq5dam.thumbnail.cropped.750.422-6.jpeg?resize=350%2C200&ssl=1","width":350,"height":200,"srcset":"https:\/\/i0.wp.com\/correiodasemana.com\/site\/wp-content\/uploads\/2022\/12\/cq5dam.thumbnail.cropped.750.422-6.jpeg?resize=350%2C200&ssl=1 1x, https:\/\/i0.wp.com\/correiodasemana.com\/site\/wp-content\/uploads\/2022\/12\/cq5dam.thumbnail.cropped.750.422-6.jpeg?resize=525%2C300&ssl=1 1.5x, https:\/\/i0.wp.com\/correiodasemana.com\/site\/wp-content\/uploads\/2022\/12\/cq5dam.thumbnail.cropped.750.422-6.jpeg?resize=700%2C400&ssl=1 2x"},"classes":[]},{"id":22710,"url":"https:\/\/correiodasemana.com\/site\/22710-2\/","url_meta":{"origin":30766,"position":4},"title":"Show no Rio liga can\u00e7\u00f5es de v\u00e1rias \u00e9pocas a obra de Machado de Assis","author":"","date":"Janeiro 13, 2023","format":false,"excerpt":"Com ingressos populares (R$ 20 a inteira e R$ 10 a meia-entrada) e classifica\u00e7\u00e3o livre, o Centro da M\u00fasica Carioca Artur T\u00e1vola, localizado na Tijuca, zona norte do Rio, recebe hoje (13), \u00e0s 19h, o espet\u00e1culo Cantos Fluminenses. O show faz uma liga\u00e7\u00e3o entre composi\u00e7\u00f5es musicais sobre a capital do\u2026","rel":"","context":"In &quot;Atualidade&quot;","block_context":{"text":"Atualidade","link":"https:\/\/correiodasemana.com\/site\/category\/atualidade\/"},"img":{"alt_text":"","src":"https:\/\/i0.wp.com\/correiodasemana.com\/site\/wp-content\/uploads\/2023\/01\/Cantos-Fluminenses_Foto-Dan-Coelho2.jpg?resize=350%2C200&ssl=1","width":350,"height":200,"srcset":"https:\/\/i0.wp.com\/correiodasemana.com\/site\/wp-content\/uploads\/2023\/01\/Cantos-Fluminenses_Foto-Dan-Coelho2.jpg?resize=350%2C200&ssl=1 1x, https:\/\/i0.wp.com\/correiodasemana.com\/site\/wp-content\/uploads\/2023\/01\/Cantos-Fluminenses_Foto-Dan-Coelho2.jpg?resize=525%2C300&ssl=1 1.5x, https:\/\/i0.wp.com\/correiodasemana.com\/site\/wp-content\/uploads\/2023\/01\/Cantos-Fluminenses_Foto-Dan-Coelho2.jpg?resize=700%2C400&ssl=1 2x, https:\/\/i0.wp.com\/correiodasemana.com\/site\/wp-content\/uploads\/2023\/01\/Cantos-Fluminenses_Foto-Dan-Coelho2.jpg?resize=1050%2C600&ssl=1 3x"},"classes":[]},{"id":28203,"url":"https:\/\/correiodasemana.com\/site\/em-tempo-212\/","url_meta":{"origin":30766,"position":5},"title":"EM TEMPO \u2022","author":"adminredacao","date":"Janeiro 29, 2024","format":false,"excerpt":"IFCE tem 410 vagas no SISU O campus de Sobral do Instituto Federal de Educa\u00e7\u00e3o, Ci\u00eancia e Tecnologia do Cear\u00e1 (IFCE) vai ofertar 410 vagas em seis cursos de gradua\u00e7\u00e3o para o Sistema de Sele\u00e7\u00e3o Unificada (Sisu) em 2024. As inscri\u00e7\u00f5es podem ser feitas at\u00e9 25 de janeiro, em acessounico.mec.gov.br.\u2026","rel":"","context":"In &quot;Artigos&quot;","block_context":{"text":"Artigos","link":"https:\/\/correiodasemana.com\/site\/category\/artigos\/"},"img":{"alt_text":"","src":"https:\/\/i0.wp.com\/correiodasemana.com\/site\/wp-content\/uploads\/2024\/01\/1_alan_morais-25142196-150x150.png?resize=350%2C200&ssl=1","width":350,"height":200,"srcset":"https:\/\/i0.wp.com\/correiodasemana.com\/site\/wp-content\/uploads\/2024\/01\/1_alan_morais-25142196-150x150.png?resize=350%2C200&ssl=1 1x, https:\/\/i0.wp.com\/correiodasemana.com\/site\/wp-content\/uploads\/2024\/01\/1_alan_morais-25142196-150x150.png?resize=525%2C300&ssl=1 1.5x, https:\/\/i0.wp.com\/correiodasemana.com\/site\/wp-content\/uploads\/2024\/01\/1_alan_morais-25142196-150x150.png?resize=700%2C400&ssl=1 2x"},"classes":[]}],"jetpack_sharing_enabled":true,"_links":{"self":[{"href":"https:\/\/correiodasemana.com\/site\/wp-json\/wp\/v2\/posts\/30766","targetHints":{"allow":["GET"]}}],"collection":[{"href":"https:\/\/correiodasemana.com\/site\/wp-json\/wp\/v2\/posts"}],"about":[{"href":"https:\/\/correiodasemana.com\/site\/wp-json\/wp\/v2\/types\/post"}],"author":[{"embeddable":true,"href":"https:\/\/correiodasemana.com\/site\/wp-json\/wp\/v2\/users\/7"}],"replies":[{"embeddable":true,"href":"https:\/\/correiodasemana.com\/site\/wp-json\/wp\/v2\/comments?post=30766"}],"version-history":[{"count":1,"href":"https:\/\/correiodasemana.com\/site\/wp-json\/wp\/v2\/posts\/30766\/revisions"}],"predecessor-version":[{"id":30768,"href":"https:\/\/correiodasemana.com\/site\/wp-json\/wp\/v2\/posts\/30766\/revisions\/30768"}],"wp:featuredmedia":[{"embeddable":true,"href":"https:\/\/correiodasemana.com\/site\/wp-json\/wp\/v2\/media\/30767"}],"wp:attachment":[{"href":"https:\/\/correiodasemana.com\/site\/wp-json\/wp\/v2\/media?parent=30766"}],"wp:term":[{"taxonomy":"category","embeddable":true,"href":"https:\/\/correiodasemana.com\/site\/wp-json\/wp\/v2\/categories?post=30766"},{"taxonomy":"post_tag","embeddable":true,"href":"https:\/\/correiodasemana.com\/site\/wp-json\/wp\/v2\/tags?post=30766"}],"curies":[{"name":"wp","href":"https:\/\/api.w.org\/{rel}","templated":true}]}}