{"id":30847,"date":"2024-10-02T21:56:56","date_gmt":"2024-10-03T00:56:56","guid":{"rendered":"https:\/\/correiodasemana.com\/site\/?p=30847"},"modified":"2024-10-02T21:56:56","modified_gmt":"2024-10-03T00:56:56","slug":"quase-paroquia-de-sao-francisco-de-assis-e-criada-no-distrito-de-parapui","status":"publish","type":"post","link":"https:\/\/correiodasemana.com\/site\/quase-paroquia-de-sao-francisco-de-assis-e-criada-no-distrito-de-parapui\/","title":{"rendered":"Quase-Par\u00f3quia de S\u00e3o Francisco de Assis \u00e9 criada no Distrito de Parapu\u00ed"},"content":{"rendered":"<div id='gallery-1' class='gallery galleryid-30847 gallery-columns-6 gallery-size-thumbnail'><figure class='gallery-item'>\n\t\t\t<div class='gallery-icon landscape'>\n\t\t\t\t<a href='https:\/\/correiodasemana.com\/site\/quase-paroquia-de-sao-francisco-de-assis-e-criada-no-distrito-de-parapui\/dsc_2683\/'><img loading=\"lazy\" width=\"150\" height=\"150\" src=\"https:\/\/correiodasemana.com\/site\/wp-content\/uploads\/2024\/10\/DSC_2683-150x150.jpg\" class=\"attachment-thumbnail size-thumbnail\" alt=\"DSC_2683\" loading=\"lazy\" decoding=\"async\" \/><\/a>\n\t\t\t<\/div><\/figure><figure class='gallery-item'>\n\t\t\t<div class='gallery-icon landscape'>\n\t\t\t\t<a href='https:\/\/correiodasemana.com\/site\/quase-paroquia-de-sao-francisco-de-assis-e-criada-no-distrito-de-parapui\/dsc_2785\/'><img loading=\"lazy\" width=\"150\" height=\"150\" src=\"https:\/\/correiodasemana.com\/site\/wp-content\/uploads\/2024\/10\/DSC_2785-150x150.jpg\" class=\"attachment-thumbnail size-thumbnail\" alt=\"DSC_2785\" loading=\"lazy\" decoding=\"async\" \/><\/a>\n\t\t\t<\/div><\/figure><figure class='gallery-item'>\n\t\t\t<div class='gallery-icon landscape'>\n\t\t\t\t<a href='https:\/\/correiodasemana.com\/site\/quase-paroquia-de-sao-francisco-de-assis-e-criada-no-distrito-de-parapui\/dsc_2818\/'><img loading=\"lazy\" width=\"150\" height=\"150\" src=\"https:\/\/correiodasemana.com\/site\/wp-content\/uploads\/2024\/10\/DSC_2818-150x150.jpg\" class=\"attachment-thumbnail size-thumbnail\" alt=\"DSC_2818\" loading=\"lazy\" decoding=\"async\" \/><\/a>\n\t\t\t<\/div><\/figure><figure class='gallery-item'>\n\t\t\t<div class='gallery-icon landscape'>\n\t\t\t\t<a href='https:\/\/correiodasemana.com\/site\/quase-paroquia-de-sao-francisco-de-assis-e-criada-no-distrito-de-parapui\/dsc_2871\/'><img loading=\"lazy\" width=\"150\" height=\"150\" src=\"https:\/\/correiodasemana.com\/site\/wp-content\/uploads\/2024\/10\/DSC_2871-150x150.jpg\" class=\"attachment-thumbnail size-thumbnail\" alt=\"DSC_2871\" loading=\"lazy\" decoding=\"async\" \/><\/a>\n\t\t\t<\/div><\/figure><figure class='gallery-item'>\n\t\t\t<div class='gallery-icon landscape'>\n\t\t\t\t<a href='https:\/\/correiodasemana.com\/site\/quase-paroquia-de-sao-francisco-de-assis-e-criada-no-distrito-de-parapui\/dsc_2935\/'><img loading=\"lazy\" width=\"150\" height=\"150\" src=\"https:\/\/correiodasemana.com\/site\/wp-content\/uploads\/2024\/10\/DSC_2935-150x150.jpg\" class=\"attachment-thumbnail size-thumbnail\" alt=\"DSC_2935\" loading=\"lazy\" decoding=\"async\" \/><\/a>\n\t\t\t<\/div><\/figure><figure class='gallery-item'>\n\t\t\t<div class='gallery-icon landscape'>\n\t\t\t\t<a href='https:\/\/correiodasemana.com\/site\/quase-paroquia-de-sao-francisco-de-assis-e-criada-no-distrito-de-parapui\/dsc_2940\/'><img loading=\"lazy\" width=\"150\" height=\"150\" src=\"https:\/\/correiodasemana.com\/site\/wp-content\/uploads\/2024\/10\/DSC_2940-150x150.jpg\" class=\"attachment-thumbnail size-thumbnail\" alt=\"DSC_2940\" loading=\"lazy\" decoding=\"async\" \/><\/a>\n\t\t\t<\/div><\/figure><figure class='gallery-item'>\n\t\t\t<div class='gallery-icon landscape'>\n\t\t\t\t<a href='https:\/\/correiodasemana.com\/site\/quase-paroquia-de-sao-francisco-de-assis-e-criada-no-distrito-de-parapui\/dsc_3070\/'><img loading=\"lazy\" width=\"150\" height=\"150\" src=\"https:\/\/correiodasemana.com\/site\/wp-content\/uploads\/2024\/10\/DSC_3070-150x150.jpg\" class=\"attachment-thumbnail size-thumbnail\" alt=\"DSC_3070\" loading=\"lazy\" decoding=\"async\" \/><\/a>\n\t\t\t<\/div><\/figure><figure class='gallery-item'>\n\t\t\t<div class='gallery-icon landscape'>\n\t\t\t\t<a href='https:\/\/correiodasemana.com\/site\/quase-paroquia-de-sao-francisco-de-assis-e-criada-no-distrito-de-parapui\/dsc_3088\/'><img loading=\"lazy\" width=\"150\" height=\"150\" src=\"https:\/\/correiodasemana.com\/site\/wp-content\/uploads\/2024\/10\/DSC_3088-150x150.jpg\" class=\"attachment-thumbnail size-thumbnail\" alt=\"DSC_3088\" loading=\"lazy\" decoding=\"async\" \/><\/a>\n\t\t\t<\/div><\/figure><figure class='gallery-item'>\n\t\t\t<div class='gallery-icon landscape'>\n\t\t\t\t<a href='https:\/\/correiodasemana.com\/site\/quase-paroquia-de-sao-francisco-de-assis-e-criada-no-distrito-de-parapui\/dsc_3096\/'><img loading=\"lazy\" width=\"150\" height=\"150\" src=\"https:\/\/correiodasemana.com\/site\/wp-content\/uploads\/2024\/10\/DSC_3096-150x150.jpg\" class=\"attachment-thumbnail size-thumbnail\" alt=\"DSC_3096\" loading=\"lazy\" decoding=\"async\" \/><\/a>\n\t\t\t<\/div><\/figure><figure class='gallery-item'>\n\t\t\t<div class='gallery-icon landscape'>\n\t\t\t\t<a href='https:\/\/correiodasemana.com\/site\/quase-paroquia-de-sao-francisco-de-assis-e-criada-no-distrito-de-parapui\/dsc_3136\/'><img loading=\"lazy\" width=\"150\" height=\"150\" src=\"https:\/\/correiodasemana.com\/site\/wp-content\/uploads\/2024\/10\/DSC_3136-150x150.jpg\" class=\"attachment-thumbnail size-thumbnail\" alt=\"DSC_3136\" loading=\"lazy\" decoding=\"async\" \/><\/a>\n\t\t\t<\/div><\/figure><figure class='gallery-item'>\n\t\t\t<div class='gallery-icon landscape'>\n\t\t\t\t<a href='https:\/\/correiodasemana.com\/site\/quase-paroquia-de-sao-francisco-de-assis-e-criada-no-distrito-de-parapui\/dsc_3144\/'><img loading=\"lazy\" width=\"150\" height=\"150\" src=\"https:\/\/correiodasemana.com\/site\/wp-content\/uploads\/2024\/10\/DSC_3144-150x150.jpg\" class=\"attachment-thumbnail size-thumbnail\" alt=\"DSC_3144\" loading=\"lazy\" decoding=\"async\" \/><\/a>\n\t\t\t<\/div><\/figure><figure class='gallery-item'>\n\t\t\t<div class='gallery-icon landscape'>\n\t\t\t\t<a href='https:\/\/correiodasemana.com\/site\/quase-paroquia-de-sao-francisco-de-assis-e-criada-no-distrito-de-parapui\/dsc_3230\/'><img loading=\"lazy\" width=\"150\" height=\"150\" src=\"https:\/\/correiodasemana.com\/site\/wp-content\/uploads\/2024\/10\/DSC_3230-150x150.jpg\" class=\"attachment-thumbnail size-thumbnail\" alt=\"DSC_3230\" loading=\"lazy\" decoding=\"async\" \/><\/a>\n\t\t\t<\/div><\/figure>\n\t\t<\/div>\n\n<p>Na abertura da festa em honra ao padroeiro, S\u00e3o Francisco de Assis, a comunidade paroquial se reuniu para celebrar a cria\u00e7\u00e3o da Quase-Par\u00f3quia de Parapu\u00ed, distrito do munic\u00edpio de Santana do Acara\u00fa, em Santa Missa presidida por Dom Vasconcelos, bispo diocesano de Sobral.<br \/>\nO decreto de cria\u00e7\u00e3o da quase-par\u00f3quia e nomea\u00e7\u00e3o do quase-p\u00e1roco, Pe. Ronaldo Marques, foi lido pelo p\u00e1roco da Par\u00f3quia de Sant\u2019Ana, Pe. J\u00fanior Melo. Dom Vasconcelos apresentou os escritos do decreto a toda assembleia presente, marcando assim o in\u00edcio de uma nova hist\u00f3ria para esta por\u00e7\u00e3o do povo de Deus.<br \/>\n\u201cEsse processo contou com a colabora\u00e7\u00e3o das comunidades, conselhos, grupos, pastorais, movimentos, que foram surgindo ao longo desse processo. A igreja \u00e9 o povo de Deus que somos todos n\u00f3s, e o templo \u00e9 a presen\u00e7a de Deus entre n\u00f3s\u201d, disse o bispo em homilia. Continuou ainda ressaltando que todo aquele que tem um servi\u00e7o pastoral, seja ele qual for, \u00e9 um servo dos servos de Deus. \u201cN\u00f3s somos servos do reino, n\u00e3o podemos nos esquecer que Jesus precisa ser conhecido, amado e seguido\u201d, findou.<br \/>\nAp\u00f3s a homilia, Padre Ronaldo realizou a profiss\u00e3o de f\u00e9 e juramento diante do bispo e da comunidade comprometendo-se mais ainda com o zelo pastoral e os trabalhos junto aos paroquianos.<br \/>\n\u201cEu n\u00e3o fiz mais do que minha obriga\u00e7\u00e3o por essa comunidade. N\u00f3s partilhamos juntos esse mist\u00e9rio grandioso que \u00e9 o amor de Deus por n\u00f3s. E quero continuar caminhando junto com voc\u00eas rumo ao c\u00e9u\u201d, afirmou o quase-p\u00e1roco, Pe. Ronaldo.<\/p>\n<p>Tha\u00eds Helena &#8211; Reda\u00e7\u00e3o &#8211; Jornal Correio da Semana<\/p>\n","protected":false},"excerpt":{"rendered":"<p>Na abertura da festa em honra ao padroeiro, S\u00e3o Francisco de Assis, a comunidade paroquial&#8230;<\/p>\n","protected":false},"author":7,"featured_media":30859,"comment_status":"open","ping_status":"open","sticky":false,"template":"","format":"standard","meta":{"_jetpack_memberships_contains_paid_content":false,"footnotes":"","jetpack_publicize_message":"","jetpack_publicize_feature_enabled":true,"jetpack_social_post_already_shared":true,"jetpack_social_options":{"image_generator_settings":{"template":"highway","default_image_id":0,"font":"","enabled":false},"version":2}},"categories":[1],"tags":[],"class_list":["post-30847","post","type-post","status-publish","format-standard","has-post-thumbnail","hentry","category-atualidade"],"jetpack_publicize_connections":[],"jetpack_featured_media_url":"https:\/\/correiodasemana.com\/site\/wp-content\/uploads\/2024\/10\/DSC_3230-scaled.jpg","jetpack-related-posts":[{"id":30565,"url":"https:\/\/correiodasemana.com\/site\/dom-vasconcelos-realiza-visita-pastoral-a-area-missionaria-de-sao-francisco-de-assis-em-parapui\/","url_meta":{"origin":30847,"position":0},"title":"Dom Vasconcelos realiza Visita Pastoral \u00e0 \u00c1rea Mission\u00e1ria de S\u00e3o Francisco de Assis em Parapu\u00ed","author":"adminredacao","date":"Setembro 2, 2024","format":false,"excerpt":"A comunidade paroquial da \u00c1rea Mission\u00e1ria de S\u00e3o Francisco de Assis em Parapu\u00ed, distrito de Santana do Acara\u00fa, h\u00e1 cerca de 50km de Sobral, administrada por Pe. Ronaldo Marques, recebeu de 23 a 25 de agosto a visita pastoral de Dom Jos\u00e9 Luiz Gomes de Vasconcelos, bispo diocesano de Sobral.\u2026","rel":"","context":"In &quot;Atualidade&quot;","block_context":{"text":"Atualidade","link":"https:\/\/correiodasemana.com\/site\/category\/atualidade\/"},"img":{"alt_text":"","src":"https:\/\/i0.wp.com\/correiodasemana.com\/site\/wp-content\/uploads\/2024\/09\/VISITA-PASTORAL-EM-PARAPUI-SANTANA-DO-ACARAU-7.jpg?resize=350%2C200&ssl=1","width":350,"height":200,"srcset":"https:\/\/i0.wp.com\/correiodasemana.com\/site\/wp-content\/uploads\/2024\/09\/VISITA-PASTORAL-EM-PARAPUI-SANTANA-DO-ACARAU-7.jpg?resize=350%2C200&ssl=1 1x, https:\/\/i0.wp.com\/correiodasemana.com\/site\/wp-content\/uploads\/2024\/09\/VISITA-PASTORAL-EM-PARAPUI-SANTANA-DO-ACARAU-7.jpg?resize=525%2C300&ssl=1 1.5x, https:\/\/i0.wp.com\/correiodasemana.com\/site\/wp-content\/uploads\/2024\/09\/VISITA-PASTORAL-EM-PARAPUI-SANTANA-DO-ACARAU-7.jpg?resize=700%2C400&ssl=1 2x, https:\/\/i0.wp.com\/correiodasemana.com\/site\/wp-content\/uploads\/2024\/09\/VISITA-PASTORAL-EM-PARAPUI-SANTANA-DO-ACARAU-7.jpg?resize=1050%2C600&ssl=1 3x"},"classes":[]},{"id":30861,"url":"https:\/\/correiodasemana.com\/site\/em-ubauna-criacao-da-quase-paroquia-de-sao-francisco-de-assis-marca-festa-do-padroeiro\/","url_meta":{"origin":30847,"position":1},"title":"Em Uba\u00fana, cria\u00e7\u00e3o da quase-par\u00f3quia de S\u00e3o Francisco de Assis marca festa do padroeiro","author":"adminredacao","date":"Outubro 2, 2024","format":false,"excerpt":"Com o aumento da popula\u00e7\u00e3o desta pequena por\u00e7\u00e3o do povo de Deus, foi criada na noite da \u00faltima quinta-feira, 26 de setembro, durante a missa do terceiro dia da festa do padroeiro, a quase-par\u00f3quia de S\u00e3o Francisco de Assis no distrito de Uba\u00fana, pertencente ao munic\u00edpio de Corea\u00fa. Este territ\u00f3rio\u2026","rel":"","context":"In &quot;Atualidade&quot;","block_context":{"text":"Atualidade","link":"https:\/\/correiodasemana.com\/site\/category\/atualidade\/"},"img":{"alt_text":"","src":"https:\/\/i0.wp.com\/correiodasemana.com\/site\/wp-content\/uploads\/2024\/10\/DSC_5023.jpg?resize=350%2C200&ssl=1","width":350,"height":200,"srcset":"https:\/\/i0.wp.com\/correiodasemana.com\/site\/wp-content\/uploads\/2024\/10\/DSC_5023.jpg?resize=350%2C200&ssl=1 1x, https:\/\/i0.wp.com\/correiodasemana.com\/site\/wp-content\/uploads\/2024\/10\/DSC_5023.jpg?resize=525%2C300&ssl=1 1.5x, https:\/\/i0.wp.com\/correiodasemana.com\/site\/wp-content\/uploads\/2024\/10\/DSC_5023.jpg?resize=700%2C400&ssl=1 2x, https:\/\/i0.wp.com\/correiodasemana.com\/site\/wp-content\/uploads\/2024\/10\/DSC_5023.jpg?resize=1050%2C600&ssl=1 3x, https:\/\/i0.wp.com\/correiodasemana.com\/site\/wp-content\/uploads\/2024\/10\/DSC_5023.jpg?resize=1400%2C800&ssl=1 4x"},"classes":[]},{"id":32506,"url":"https:\/\/correiodasemana.com\/site\/distrito-de-rafael-arruda-acolhe-o-3o-quase-paroco-pe-joao-oliveira-em-missa-com-rito-de-posse-canonica\/","url_meta":{"origin":30847,"position":2},"title":"Distrito de Rafael Arruda acolhe o 3\u00ba quase-p\u00e1roco, Pe. Jo\u00e3o Oliveira em Missa com Rito de Posse Can\u00f4nica","author":"adminredacao","date":"Fevereiro 10, 2025","format":false,"excerpt":"Em Rafael Arruda, distrito situado a cerca de 44km de Sobral, Dom Vasconcelos presidiu a Santa Missa com Rito de Posse Can\u00f4nica do 3\u00ba quase-p\u00e1roco da Quase-Par\u00f3quia de S\u00e3o Francisco de Assis, Padre Jo\u00e3o Batista Oliveira, na noite desta sexta-feira, 07 de fevereiro. A celebra\u00e7\u00e3o teve in\u00edcio com a leitura\u2026","rel":"","context":"In &quot;Atualidade&quot;","block_context":{"text":"Atualidade","link":"https:\/\/correiodasemana.com\/site\/category\/atualidade\/"},"img":{"alt_text":"","src":"https:\/\/i0.wp.com\/correiodasemana.com\/site\/wp-content\/uploads\/2025\/02\/WhatsApp-Image-2025-02-08-at-17.51.23-1.jpeg?resize=350%2C200&ssl=1","width":350,"height":200,"srcset":"https:\/\/i0.wp.com\/correiodasemana.com\/site\/wp-content\/uploads\/2025\/02\/WhatsApp-Image-2025-02-08-at-17.51.23-1.jpeg?resize=350%2C200&ssl=1 1x, https:\/\/i0.wp.com\/correiodasemana.com\/site\/wp-content\/uploads\/2025\/02\/WhatsApp-Image-2025-02-08-at-17.51.23-1.jpeg?resize=525%2C300&ssl=1 1.5x, https:\/\/i0.wp.com\/correiodasemana.com\/site\/wp-content\/uploads\/2025\/02\/WhatsApp-Image-2025-02-08-at-17.51.23-1.jpeg?resize=700%2C400&ssl=1 2x, https:\/\/i0.wp.com\/correiodasemana.com\/site\/wp-content\/uploads\/2025\/02\/WhatsApp-Image-2025-02-08-at-17.51.23-1.jpeg?resize=1050%2C600&ssl=1 3x, https:\/\/i0.wp.com\/correiodasemana.com\/site\/wp-content\/uploads\/2025\/02\/WhatsApp-Image-2025-02-08-at-17.51.23-1.jpeg?resize=1400%2C800&ssl=1 4x"},"classes":[]},{"id":22946,"url":"https:\/\/correiodasemana.com\/site\/padre-ronaldo-marques-e-apresentado-como-novo-vigario-paroquial-da-area-pastoral-de-sao-francisco-de-assis-em-parapui\/","url_meta":{"origin":30847,"position":3},"title":"Padre Ronaldo Marques \u00e9 apresentado como novo Vig\u00e1rio Paroquial da \u00c1rea Pastoral de S\u00e3o Francisco de Assis, em Parapu\u00ed","author":"adminredacao","date":"Janeiro 22, 2023","format":false,"excerpt":"A quarta-feira (18\/01) foi de muita festa para a comunidade paroquial da \u00c1rea Pastoral de S\u00e3o Francisco de Assis em Parapu\u00ed - Santana do Acara\u00fa. Os paroquianos acolheram seu novo Vig\u00e1rio Paroquial, Pe. Ronaldo Marques da Costa, durante a Santa Missa presidida por Dom Jos\u00e9 Luiz Gomes de Vasconcelos. Ap\u00f3s\u2026","rel":"","context":"In &quot;Atualidade&quot;","block_context":{"text":"Atualidade","link":"https:\/\/correiodasemana.com\/site\/category\/atualidade\/"},"img":{"alt_text":"","src":"https:\/\/i0.wp.com\/correiodasemana.com\/site\/wp-content\/uploads\/2023\/01\/novo-paroco-diocese-de-sobral-8.jpeg?resize=350%2C200&ssl=1","width":350,"height":200,"srcset":"https:\/\/i0.wp.com\/correiodasemana.com\/site\/wp-content\/uploads\/2023\/01\/novo-paroco-diocese-de-sobral-8.jpeg?resize=350%2C200&ssl=1 1x, https:\/\/i0.wp.com\/correiodasemana.com\/site\/wp-content\/uploads\/2023\/01\/novo-paroco-diocese-de-sobral-8.jpeg?resize=525%2C300&ssl=1 1.5x, https:\/\/i0.wp.com\/correiodasemana.com\/site\/wp-content\/uploads\/2023\/01\/novo-paroco-diocese-de-sobral-8.jpeg?resize=700%2C400&ssl=1 2x, https:\/\/i0.wp.com\/correiodasemana.com\/site\/wp-content\/uploads\/2023\/01\/novo-paroco-diocese-de-sobral-8.jpeg?resize=1050%2C600&ssl=1 3x, https:\/\/i0.wp.com\/correiodasemana.com\/site\/wp-content\/uploads\/2023\/01\/novo-paroco-diocese-de-sobral-8.jpeg?resize=1400%2C800&ssl=1 4x"},"classes":[]},{"id":27942,"url":"https:\/\/correiodasemana.com\/site\/paroquia-de-santana-do-acarau-celebra-a-chegada-do-seu-19o-paroco-pe-junior-melo\/","url_meta":{"origin":30847,"position":4},"title":"Par\u00f3quia de Santana do Acara\u00fa celebra a chegada do seu 19\u00ba p\u00e1roco, Pe. Junior Melo","author":"adminredacao","date":"Janeiro 5, 2024","format":false,"excerpt":"A numerosa por\u00e7\u00e3o do povo de Deus da Par\u00f3quia dedicada a av\u00f3 de Jesus, Senhora Sant\u2019Ana em Santana do Acara\u00fa, acolheu com bastante alegria seu 19\u00ba p\u00e1roco, Pe. Francisco J\u00fanior Melo, na tarde do \u00faltimo s\u00e1bado, 23 de dezembro. Diversas express\u00f5es pastorais, capelas, comunidades, seminaristas, religiosas, ex paroquianos e todo\u2026","rel":"","context":"In &quot;Atualidade&quot;","block_context":{"text":"Atualidade","link":"https:\/\/correiodasemana.com\/site\/category\/atualidade\/"},"img":{"alt_text":"","src":"https:\/\/i0.wp.com\/correiodasemana.com\/site\/wp-content\/uploads\/2024\/01\/Matewria-Santana-1-scaled.jpg?resize=350%2C200&ssl=1","width":350,"height":200,"srcset":"https:\/\/i0.wp.com\/correiodasemana.com\/site\/wp-content\/uploads\/2024\/01\/Matewria-Santana-1-scaled.jpg?resize=350%2C200&ssl=1 1x, https:\/\/i0.wp.com\/correiodasemana.com\/site\/wp-content\/uploads\/2024\/01\/Matewria-Santana-1-scaled.jpg?resize=525%2C300&ssl=1 1.5x, https:\/\/i0.wp.com\/correiodasemana.com\/site\/wp-content\/uploads\/2024\/01\/Matewria-Santana-1-scaled.jpg?resize=700%2C400&ssl=1 2x, https:\/\/i0.wp.com\/correiodasemana.com\/site\/wp-content\/uploads\/2024\/01\/Matewria-Santana-1-scaled.jpg?resize=1050%2C600&ssl=1 3x, https:\/\/i0.wp.com\/correiodasemana.com\/site\/wp-content\/uploads\/2024\/01\/Matewria-Santana-1-scaled.jpg?resize=1400%2C800&ssl=1 4x"},"classes":[]},{"id":27770,"url":"https:\/\/correiodasemana.com\/site\/paroquia-de-groairas-celebra-80-anos-de-criacao\/","url_meta":{"origin":30847,"position":5},"title":"Par\u00f3quia de Groa\u00edras celebra 80 anos de cria\u00e7\u00e3o","author":"adminredacao","date":"Dezembro 19, 2023","format":false,"excerpt":"O povo Groairense est\u00e1 celebrando oitenta anos de cria\u00e7\u00e3o da Par\u00f3quia de Nossa Senhora do Ros\u00e1rio. No \u00faltimo domingo, 10\/12, Dom Vasconcelos presidiu a missa do primeiro dia do Tr\u00edduo alusivo a data festiva na igreja matriz acompanhado do p\u00e1roco, Pe. Joc\u00e9lio Medeiros. De acordo com os arquivos da par\u00f3quia,\u2026","rel":"","context":"In &quot;Atualidade&quot;","block_context":{"text":"Atualidade","link":"https:\/\/correiodasemana.com\/site\/category\/atualidade\/"},"img":{"alt_text":"","src":"https:\/\/i0.wp.com\/correiodasemana.com\/site\/wp-content\/uploads\/2023\/12\/WhatsApp-Image-2023-12-15-at-20.05.26-1.jpeg?resize=350%2C200&ssl=1","width":350,"height":200,"srcset":"https:\/\/i0.wp.com\/correiodasemana.com\/site\/wp-content\/uploads\/2023\/12\/WhatsApp-Image-2023-12-15-at-20.05.26-1.jpeg?resize=350%2C200&ssl=1 1x, https:\/\/i0.wp.com\/correiodasemana.com\/site\/wp-content\/uploads\/2023\/12\/WhatsApp-Image-2023-12-15-at-20.05.26-1.jpeg?resize=525%2C300&ssl=1 1.5x, https:\/\/i0.wp.com\/correiodasemana.com\/site\/wp-content\/uploads\/2023\/12\/WhatsApp-Image-2023-12-15-at-20.05.26-1.jpeg?resize=700%2C400&ssl=1 2x, https:\/\/i0.wp.com\/correiodasemana.com\/site\/wp-content\/uploads\/2023\/12\/WhatsApp-Image-2023-12-15-at-20.05.26-1.jpeg?resize=1050%2C600&ssl=1 3x, https:\/\/i0.wp.com\/correiodasemana.com\/site\/wp-content\/uploads\/2023\/12\/WhatsApp-Image-2023-12-15-at-20.05.26-1.jpeg?resize=1400%2C800&ssl=1 4x"},"classes":[]}],"jetpack_sharing_enabled":true,"_links":{"self":[{"href":"https:\/\/correiodasemana.com\/site\/wp-json\/wp\/v2\/posts\/30847","targetHints":{"allow":["GET"]}}],"collection":[{"href":"https:\/\/correiodasemana.com\/site\/wp-json\/wp\/v2\/posts"}],"about":[{"href":"https:\/\/correiodasemana.com\/site\/wp-json\/wp\/v2\/types\/post"}],"author":[{"embeddable":true,"href":"https:\/\/correiodasemana.com\/site\/wp-json\/wp\/v2\/users\/7"}],"replies":[{"embeddable":true,"href":"https:\/\/correiodasemana.com\/site\/wp-json\/wp\/v2\/comments?post=30847"}],"version-history":[{"count":1,"href":"https:\/\/correiodasemana.com\/site\/wp-json\/wp\/v2\/posts\/30847\/revisions"}],"predecessor-version":[{"id":30860,"href":"https:\/\/correiodasemana.com\/site\/wp-json\/wp\/v2\/posts\/30847\/revisions\/30860"}],"wp:featuredmedia":[{"embeddable":true,"href":"https:\/\/correiodasemana.com\/site\/wp-json\/wp\/v2\/media\/30859"}],"wp:attachment":[{"href":"https:\/\/correiodasemana.com\/site\/wp-json\/wp\/v2\/media?parent=30847"}],"wp:term":[{"taxonomy":"category","embeddable":true,"href":"https:\/\/correiodasemana.com\/site\/wp-json\/wp\/v2\/categories?post=30847"},{"taxonomy":"post_tag","embeddable":true,"href":"https:\/\/correiodasemana.com\/site\/wp-json\/wp\/v2\/tags?post=30847"}],"curies":[{"name":"wp","href":"https:\/\/api.w.org\/{rel}","templated":true}]}}