{"id":30861,"date":"2024-10-02T21:58:52","date_gmt":"2024-10-03T00:58:52","guid":{"rendered":"https:\/\/correiodasemana.com\/site\/?p=30861"},"modified":"2024-10-02T21:58:52","modified_gmt":"2024-10-03T00:58:52","slug":"em-ubauna-criacao-da-quase-paroquia-de-sao-francisco-de-assis-marca-festa-do-padroeiro","status":"publish","type":"post","link":"https:\/\/correiodasemana.com\/site\/em-ubauna-criacao-da-quase-paroquia-de-sao-francisco-de-assis-marca-festa-do-padroeiro\/","title":{"rendered":"Em Uba\u00fana, cria\u00e7\u00e3o da quase-par\u00f3quia de S\u00e3o Francisco de Assis marca festa do padroeiro"},"content":{"rendered":"<div id='gallery-1' class='gallery galleryid-30861 gallery-columns-6 gallery-size-thumbnail'><figure class='gallery-item'>\n\t\t\t<div class='gallery-icon landscape'>\n\t\t\t\t<a href='https:\/\/correiodasemana.com\/site\/em-ubauna-criacao-da-quase-paroquia-de-sao-francisco-de-assis-marca-festa-do-padroeiro\/dsc_4584\/'><img loading=\"lazy\" width=\"150\" height=\"150\" src=\"https:\/\/correiodasemana.com\/site\/wp-content\/uploads\/2024\/10\/DSC_4584-150x150.jpg\" class=\"attachment-thumbnail size-thumbnail\" alt=\"DSC_4584\" loading=\"lazy\" decoding=\"async\" \/><\/a>\n\t\t\t<\/div><\/figure><figure class='gallery-item'>\n\t\t\t<div class='gallery-icon landscape'>\n\t\t\t\t<a href='https:\/\/correiodasemana.com\/site\/em-ubauna-criacao-da-quase-paroquia-de-sao-francisco-de-assis-marca-festa-do-padroeiro\/dsc_4600\/'><img loading=\"lazy\" width=\"150\" height=\"150\" src=\"https:\/\/correiodasemana.com\/site\/wp-content\/uploads\/2024\/10\/DSC_4600-150x150.jpg\" class=\"attachment-thumbnail size-thumbnail\" alt=\"DSC_4600\" loading=\"lazy\" decoding=\"async\" \/><\/a>\n\t\t\t<\/div><\/figure><figure class='gallery-item'>\n\t\t\t<div class='gallery-icon landscape'>\n\t\t\t\t<a href='https:\/\/correiodasemana.com\/site\/em-ubauna-criacao-da-quase-paroquia-de-sao-francisco-de-assis-marca-festa-do-padroeiro\/dsc_4668\/'><img loading=\"lazy\" width=\"150\" height=\"150\" src=\"https:\/\/correiodasemana.com\/site\/wp-content\/uploads\/2024\/10\/DSC_4668-150x150.jpg\" class=\"attachment-thumbnail size-thumbnail\" alt=\"DSC_4668\" loading=\"lazy\" decoding=\"async\" \/><\/a>\n\t\t\t<\/div><\/figure><figure class='gallery-item'>\n\t\t\t<div class='gallery-icon landscape'>\n\t\t\t\t<a href='https:\/\/correiodasemana.com\/site\/em-ubauna-criacao-da-quase-paroquia-de-sao-francisco-de-assis-marca-festa-do-padroeiro\/dsc_4680\/'><img loading=\"lazy\" width=\"150\" height=\"150\" src=\"https:\/\/correiodasemana.com\/site\/wp-content\/uploads\/2024\/10\/DSC_4680-150x150.jpg\" class=\"attachment-thumbnail size-thumbnail\" alt=\"DSC_4680\" loading=\"lazy\" decoding=\"async\" \/><\/a>\n\t\t\t<\/div><\/figure><figure class='gallery-item'>\n\t\t\t<div class='gallery-icon landscape'>\n\t\t\t\t<a href='https:\/\/correiodasemana.com\/site\/em-ubauna-criacao-da-quase-paroquia-de-sao-francisco-de-assis-marca-festa-do-padroeiro\/dsc_4741\/'><img loading=\"lazy\" width=\"150\" height=\"150\" src=\"https:\/\/correiodasemana.com\/site\/wp-content\/uploads\/2024\/10\/DSC_4741-150x150.jpg\" class=\"attachment-thumbnail size-thumbnail\" alt=\"DSC_4741\" loading=\"lazy\" decoding=\"async\" \/><\/a>\n\t\t\t<\/div><\/figure><figure class='gallery-item'>\n\t\t\t<div class='gallery-icon landscape'>\n\t\t\t\t<a href='https:\/\/correiodasemana.com\/site\/em-ubauna-criacao-da-quase-paroquia-de-sao-francisco-de-assis-marca-festa-do-padroeiro\/dsc_4808\/'><img loading=\"lazy\" width=\"150\" height=\"150\" src=\"https:\/\/correiodasemana.com\/site\/wp-content\/uploads\/2024\/10\/DSC_4808-150x150.jpg\" class=\"attachment-thumbnail size-thumbnail\" alt=\"DSC_4808\" loading=\"lazy\" decoding=\"async\" \/><\/a>\n\t\t\t<\/div><\/figure><figure class='gallery-item'>\n\t\t\t<div class='gallery-icon landscape'>\n\t\t\t\t<a href='https:\/\/correiodasemana.com\/site\/em-ubauna-criacao-da-quase-paroquia-de-sao-francisco-de-assis-marca-festa-do-padroeiro\/dsc_4822\/'><img loading=\"lazy\" width=\"150\" height=\"150\" src=\"https:\/\/correiodasemana.com\/site\/wp-content\/uploads\/2024\/10\/DSC_4822-150x150.jpg\" class=\"attachment-thumbnail size-thumbnail\" alt=\"DSC_4822\" loading=\"lazy\" decoding=\"async\" \/><\/a>\n\t\t\t<\/div><\/figure><figure class='gallery-item'>\n\t\t\t<div class='gallery-icon landscape'>\n\t\t\t\t<a href='https:\/\/correiodasemana.com\/site\/em-ubauna-criacao-da-quase-paroquia-de-sao-francisco-de-assis-marca-festa-do-padroeiro\/dsc_5023\/'><img loading=\"lazy\" width=\"150\" height=\"150\" src=\"https:\/\/correiodasemana.com\/site\/wp-content\/uploads\/2024\/10\/DSC_5023-150x150.jpg\" class=\"attachment-thumbnail size-thumbnail\" alt=\"DSC_5023\" loading=\"lazy\" decoding=\"async\" \/><\/a>\n\t\t\t<\/div><\/figure><figure class='gallery-item'>\n\t\t\t<div class='gallery-icon landscape'>\n\t\t\t\t<a href='https:\/\/correiodasemana.com\/site\/em-ubauna-criacao-da-quase-paroquia-de-sao-francisco-de-assis-marca-festa-do-padroeiro\/dsc_5121\/'><img loading=\"lazy\" width=\"150\" height=\"150\" src=\"https:\/\/correiodasemana.com\/site\/wp-content\/uploads\/2024\/10\/DSC_5121-150x150.jpg\" class=\"attachment-thumbnail size-thumbnail\" alt=\"DSC_5121\" loading=\"lazy\" decoding=\"async\" \/><\/a>\n\t\t\t<\/div><\/figure><figure class='gallery-item'>\n\t\t\t<div class='gallery-icon landscape'>\n\t\t\t\t<a href='https:\/\/correiodasemana.com\/site\/em-ubauna-criacao-da-quase-paroquia-de-sao-francisco-de-assis-marca-festa-do-padroeiro\/dsc_5131\/'><img loading=\"lazy\" width=\"150\" height=\"150\" src=\"https:\/\/correiodasemana.com\/site\/wp-content\/uploads\/2024\/10\/DSC_5131-150x150.jpg\" class=\"attachment-thumbnail size-thumbnail\" alt=\"DSC_5131\" loading=\"lazy\" decoding=\"async\" \/><\/a>\n\t\t\t<\/div><\/figure>\n\t\t<\/div>\n\n<p>Com o aumento da popula\u00e7\u00e3o desta pequena por\u00e7\u00e3o do povo de Deus, foi criada na noite da \u00faltima quinta-feira, 26 de setembro, durante a missa do terceiro dia da festa do padroeiro, a quase-par\u00f3quia de S\u00e3o Francisco de Assis no distrito de Uba\u00fana, pertencente ao munic\u00edpio de Corea\u00fa.<br \/>\nEste territ\u00f3rio paroquial foi desmembrado da Par\u00f3quia de Nossa Senhora da Sa\u00fade de Frecheirinha e conta agora com uma \u00e1rea total de 276km abrangendo assim mais de vinte comunidades.<br \/>\nA celebra\u00e7\u00e3o foi presidida por Dom Vasconcelos, bispo diocesano de Sobral e concelebrada por padres diocesanos e frades capuchinhos. O decreto de ere\u00e7\u00e3o can\u00f4nica da quase-par\u00f3quia foi lido por Monsenhor Nonato Timb\u00f3, vig\u00e1rio geral e chanceler da C\u00faria. O p\u00e1roco da Par\u00f3quia de Frecheirinha, Pe. Em\u00eddio Moura, leu o decreto de nomea\u00e7\u00e3o do quase-p\u00e1roco, Pe. Maur\u00edlio Xavier.<br \/>\nEm homilia, Dom Vasconcelos recomendou aos fi\u00e9is que se ajudem mutuamente para que vivam em a\u00e7\u00e3o na verdadeira comunh\u00e3o pastoral, evangelizadora e administrativa. \u201c\u00c9 um dia hist\u00f3rico para todos n\u00f3s que estamos aqui hoje prestigiando esse momento, principalmente para o povo de Uba\u00fana. Houveram muitas necessidades at\u00e9 chegarmos aqui e precis\u00e1vamos dar mais um passo. A partir de agora essa comunidade ter\u00e1 vida pr\u00f3pria, pois, est\u00e1 se desmembrando da Par\u00f3quia de Frecheirinha\u201d, ressaltou.<br \/>\nAp\u00f3s a prega\u00e7\u00e3o, o quase-p\u00e1roco realizou a profiss\u00e3o de f\u00e9 e o juramento de fidelidade diante do bispo e de toda a igreja que se fez presente, renovando assim seu compromisso pastoral.<br \/>\nEm suas considera\u00e7\u00f5es, Padre Maur\u00edlio agradeceu a Dom Vasconcelos por sua disposi\u00e7\u00e3o incans\u00e1vel em percorrer os quatro cantos da diocese em prol da evangeliza\u00e7\u00e3o e realizando os trabalhos pastorais. Agradeceu ainda a comunidade paroquial de Uba\u00fana. \u201cO nosso povo \u00e9 religioso e acolhedor, portanto, estou muito feliz em estar nessa comunidade\u201d, disse.<\/p>\n<p><strong>Hist\u00f3ria<\/strong><br \/>\nA pedra fundamental da Capela de S\u00e3o Francisco do Trapi\u00e1, hoje Uba\u00fana, foi lan\u00e7ada por padre Bernardino Lustosa em 09 de outubro de 1883.<br \/>\nConstru\u00edda pelo coronel David Machado Portela Filho, a capela foi o cumprimento da promessa feita por sua m\u00e3e, Dona Rosa Francisca do Esp\u00edrito Santo, conhecida como \u201cRosa Carneiro\u201d, no curso final da Guerra do Paraguai. Dona Rosa recorreu a S\u00e3o Francisco, que era seu santo de devo\u00e7\u00e3o e prometeu erguer uma capela ao santo se os filhos fossem poupados dos flagelos da guerra. Com o imediato fim do conflito, os filhos se viram salvos e Dona Rosa doou meia l\u00e9gua de fundos no lugar denominado Trapiazinho para a constru\u00e7\u00e3o da capela. Dona Rosa faleceu no dia 31 de maio de 1884 sem ver finalizada a obra por ela idealizada.<br \/>\nAp\u00f3s a constru\u00e7\u00e3o da capela, Uba\u00fana passou 67 anos na Par\u00f3quia de Corea\u00fa acompanhando simultaneamente o ordenamento pastoral daquela par\u00f3quia at\u00e9 1950, quando Dom Jos\u00e9 Tupinamb\u00e1 da Frota, primeiro bispo de Sobral, expediu a portaria de cria\u00e7\u00e3o da Par\u00f3quia de Nossa Senhora da Sa\u00fade em 03 de novembro daquele mesmo ano. A partir de ent\u00e3o, Uba\u00fana passou a integrar o territ\u00f3rio paroquial de Frecheirinha.<br \/>\nEm 2001, Uba\u00fana volta a ser assistida pela Par\u00f3quia de Corea\u00fa, ali permanece at\u00e9 o ano de 2005, per\u00edodo em que \u00e9 reintegrada \u00e0 Par\u00f3quia de Frecheirinha onde permaneceu at\u00e9 pouco tempo. Pelo marco inicial de sua constru\u00e7\u00e3o j\u00e1 s\u00e3o 141 anos de evangeliza\u00e7\u00e3o e de gra\u00e7as abundantes.<\/p>\n<p>Tha\u00eds Helena &#8211; Reda\u00e7\u00e3o &#8211; Jornal Correio da Semana<\/p>\n","protected":false},"excerpt":{"rendered":"<p>Com o aumento da popula\u00e7\u00e3o desta pequena por\u00e7\u00e3o do povo de Deus, foi criada na&#8230;<\/p>\n","protected":false},"author":7,"featured_media":30869,"comment_status":"open","ping_status":"open","sticky":false,"template":"","format":"standard","meta":{"_jetpack_memberships_contains_paid_content":false,"footnotes":"","jetpack_publicize_message":"","jetpack_publicize_feature_enabled":true,"jetpack_social_post_already_shared":true,"jetpack_social_options":{"image_generator_settings":{"template":"highway","default_image_id":0,"font":"","enabled":false},"version":2}},"categories":[1],"tags":[],"class_list":["post-30861","post","type-post","status-publish","format-standard","has-post-thumbnail","hentry","category-atualidade"],"jetpack_publicize_connections":[],"jetpack_featured_media_url":"https:\/\/correiodasemana.com\/site\/wp-content\/uploads\/2024\/10\/DSC_5023.jpg","jetpack-related-posts":[{"id":30847,"url":"https:\/\/correiodasemana.com\/site\/quase-paroquia-de-sao-francisco-de-assis-e-criada-no-distrito-de-parapui\/","url_meta":{"origin":30861,"position":0},"title":"Quase-Par\u00f3quia de S\u00e3o Francisco de Assis \u00e9 criada no Distrito de Parapu\u00ed","author":"adminredacao","date":"Outubro 2, 2024","format":false,"excerpt":"Na abertura da festa em honra ao padroeiro, S\u00e3o Francisco de Assis, a comunidade paroquial se reuniu para celebrar a cria\u00e7\u00e3o da Quase-Par\u00f3quia de Parapu\u00ed, distrito do munic\u00edpio de Santana do Acara\u00fa, em Santa Missa presidida por Dom Vasconcelos, bispo diocesano de Sobral. O decreto de cria\u00e7\u00e3o da quase-par\u00f3quia e\u2026","rel":"","context":"In &quot;Atualidade&quot;","block_context":{"text":"Atualidade","link":"https:\/\/correiodasemana.com\/site\/category\/atualidade\/"},"img":{"alt_text":"","src":"https:\/\/i0.wp.com\/correiodasemana.com\/site\/wp-content\/uploads\/2024\/10\/DSC_3230-scaled.jpg?resize=350%2C200&ssl=1","width":350,"height":200,"srcset":"https:\/\/i0.wp.com\/correiodasemana.com\/site\/wp-content\/uploads\/2024\/10\/DSC_3230-scaled.jpg?resize=350%2C200&ssl=1 1x, https:\/\/i0.wp.com\/correiodasemana.com\/site\/wp-content\/uploads\/2024\/10\/DSC_3230-scaled.jpg?resize=525%2C300&ssl=1 1.5x, https:\/\/i0.wp.com\/correiodasemana.com\/site\/wp-content\/uploads\/2024\/10\/DSC_3230-scaled.jpg?resize=700%2C400&ssl=1 2x, https:\/\/i0.wp.com\/correiodasemana.com\/site\/wp-content\/uploads\/2024\/10\/DSC_3230-scaled.jpg?resize=1050%2C600&ssl=1 3x, https:\/\/i0.wp.com\/correiodasemana.com\/site\/wp-content\/uploads\/2024\/10\/DSC_3230-scaled.jpg?resize=1400%2C800&ssl=1 4x"},"classes":[]},{"id":26770,"url":"https:\/\/correiodasemana.com\/site\/dom-vasconcelos-realiza-visita-pastoral-a-paroquia-de-frecheirinha\/","url_meta":{"origin":30861,"position":1},"title":"Dom Vasconcelos realiza visita pastoral \u00e0 Par\u00f3quia de Frecheirinha","author":"adminredacao","date":"Outubro 9, 2023","format":false,"excerpt":"\u00a0 \u00a0 \u00a0 \u00a0 \u00a0 \u00a0 \u00a0 \u00a0 \u00a0 \u00a0 \u00a0 \u00a0 \u00a0 \u00a0 \u00a0 \u00a0 \u00a0 \u00a0 \u00a0 \u00a0 \u00a0 \u00a0 \u00a0 \u00a0 \u00a0 Em profunda proximidade com os diocesanos, Dom Vasconcelos realizou uma visita pastoral \u00e0 Par\u00f3quia de Nossa Senhora da Sa\u00fade de Frecheirinha entre os dias 05\u2026","rel":"","context":"In &quot;Atualidade&quot;","block_context":{"text":"Atualidade","link":"https:\/\/correiodasemana.com\/site\/category\/atualidade\/"},"img":{"alt_text":"","src":"https:\/\/i0.wp.com\/correiodasemana.com\/site\/wp-content\/uploads\/2023\/10\/Acolhida-de-Dom-Vasconcelos-e-momento-civico-no-patamar-da-igreja-matriz-300x199.jpeg?resize=350%2C200&ssl=1","width":350,"height":200},"classes":[]},{"id":33071,"url":"https:\/\/correiodasemana.com\/site\/paroquias-celebram-festa-de-sao-jose-padroeiro-do-ceara\/","url_meta":{"origin":30861,"position":2},"title":"Par\u00f3quias celebram Festa de S\u00e3o Jos\u00e9, padroeiro do Cear\u00e1","author":"adminredacao","date":"Mar\u00e7o 24, 2025","format":false,"excerpt":"No \u00faltimo dia 19 de mar\u00e7o, a Igreja Cat\u00f3lica celebrou a Solenidade de S\u00e3o Jos\u00e9, patrono da Igreja e padroeiro do Cear\u00e1. Em outras capelas, \u00e1reas pastorais\/mission\u00e1rias, santu\u00e1rios e par\u00f3quias, as celebra\u00e7\u00f5es tamb\u00e9m foram marcadas pela expressiva participa\u00e7\u00e3o da comunidade paroquial. FESTA DE S\u00c3O JOS\u00c9 NO SUMAR\u00c9 SEMIN\u00c1RIO PROPED\u00caUTICO S\u00c3O\u2026","rel":"","context":"In &quot;Atualidade&quot;","block_context":{"text":"Atualidade","link":"https:\/\/correiodasemana.com\/site\/category\/atualidade\/"},"img":{"alt_text":"","src":"https:\/\/i0.wp.com\/correiodasemana.com\/site\/wp-content\/uploads\/2025\/03\/IGREJA-DO-SUMARE-1.jpg?resize=350%2C200&ssl=1","width":350,"height":200,"srcset":"https:\/\/i0.wp.com\/correiodasemana.com\/site\/wp-content\/uploads\/2025\/03\/IGREJA-DO-SUMARE-1.jpg?resize=350%2C200&ssl=1 1x, https:\/\/i0.wp.com\/correiodasemana.com\/site\/wp-content\/uploads\/2025\/03\/IGREJA-DO-SUMARE-1.jpg?resize=525%2C300&ssl=1 1.5x, https:\/\/i0.wp.com\/correiodasemana.com\/site\/wp-content\/uploads\/2025\/03\/IGREJA-DO-SUMARE-1.jpg?resize=700%2C400&ssl=1 2x, https:\/\/i0.wp.com\/correiodasemana.com\/site\/wp-content\/uploads\/2025\/03\/IGREJA-DO-SUMARE-1.jpg?resize=1050%2C600&ssl=1 3x, https:\/\/i0.wp.com\/correiodasemana.com\/site\/wp-content\/uploads\/2025\/03\/IGREJA-DO-SUMARE-1.jpg?resize=1400%2C800&ssl=1 4x"},"classes":[]},{"id":30162,"url":"https:\/\/correiodasemana.com\/site\/paroquia-de-nossa-senhora-da-saude-em-frecheirinha-tem-novo-paroco-e-vigario-paroquial\/","url_meta":{"origin":30861,"position":3},"title":"Par\u00f3quia de Nossa Senhora da Sa\u00fade em Frecheirinha, tem novo p\u00e1roco e vig\u00e1rio paroquial","author":"adminredacao","date":"Julho 29, 2024","format":false,"excerpt":"Na noite da \u00faltima quarta-feira, 24 de julho, Dom Vasconcelos deu posse ao novo p\u00e1roco da Par\u00f3quia de Nossa Senhora da Sa\u00fade em Frecheirinha, Pe. Em\u00eddio Moura, e apresentou o novo vig\u00e1rio paroquial, Pe. Renato Welton. A celebra\u00e7\u00e3o eucar\u00edstica com rito de posse can\u00f4nica aconteceu na igreja matriz e contou\u2026","rel":"","context":"In &quot;Atualidade&quot;","block_context":{"text":"Atualidade","link":"https:\/\/correiodasemana.com\/site\/category\/atualidade\/"},"img":{"alt_text":"","src":"https:\/\/i0.wp.com\/correiodasemana.com\/site\/wp-content\/uploads\/2024\/07\/Frecheirinha-5.jpeg?resize=350%2C200&ssl=1","width":350,"height":200,"srcset":"https:\/\/i0.wp.com\/correiodasemana.com\/site\/wp-content\/uploads\/2024\/07\/Frecheirinha-5.jpeg?resize=350%2C200&ssl=1 1x, https:\/\/i0.wp.com\/correiodasemana.com\/site\/wp-content\/uploads\/2024\/07\/Frecheirinha-5.jpeg?resize=525%2C300&ssl=1 1.5x, https:\/\/i0.wp.com\/correiodasemana.com\/site\/wp-content\/uploads\/2024\/07\/Frecheirinha-5.jpeg?resize=700%2C400&ssl=1 2x, https:\/\/i0.wp.com\/correiodasemana.com\/site\/wp-content\/uploads\/2024\/07\/Frecheirinha-5.jpeg?resize=1050%2C600&ssl=1 3x, https:\/\/i0.wp.com\/correiodasemana.com\/site\/wp-content\/uploads\/2024\/07\/Frecheirinha-5.jpeg?resize=1400%2C800&ssl=1 4x"},"classes":[]},{"id":37610,"url":"https:\/\/correiodasemana.com\/site\/a-area-pastoral-de-jordao-celebrou-9-anos-de-criacao-e-14-anos-de-sacerdocio-de-pe-assis\/","url_meta":{"origin":30861,"position":4},"title":"A \u00c1rea Pastoral de Jord\u00e3o celebrou 9 anos de cria\u00e7\u00e3o e 14 anos de sacerd\u00f3cio de Pe. Assis","author":"adminredacao","date":"Mar\u00e7o 3, 2026","format":false,"excerpt":"Desmembrada da Par\u00f3quia do Cristo Ressuscitado, foi institu\u00edda em 31 de janeiro de 2017, por decreto de Dom Jos\u00e9 Luiz Gomes de Vasconcelos, ocasi\u00e3o em que tamb\u00e9m foi apresentada a provis\u00e3o de nomea\u00e7\u00e3o do seu primeiro administrador paroquial, o Padre Francisco de Assis Neto. No dia da cria\u00e7\u00e3o, a capela\u2026","rel":"","context":"In &quot;Atualidade&quot;","block_context":{"text":"Atualidade","link":"https:\/\/correiodasemana.com\/site\/category\/atualidade\/"},"img":{"alt_text":"","src":"https:\/\/i0.wp.com\/correiodasemana.com\/site\/wp-content\/uploads\/2026\/03\/WhatsApp-Image-2026-02-25-at-09.38.01-2.jpeg?resize=350%2C200&ssl=1","width":350,"height":200,"srcset":"https:\/\/i0.wp.com\/correiodasemana.com\/site\/wp-content\/uploads\/2026\/03\/WhatsApp-Image-2026-02-25-at-09.38.01-2.jpeg?resize=350%2C200&ssl=1 1x, https:\/\/i0.wp.com\/correiodasemana.com\/site\/wp-content\/uploads\/2026\/03\/WhatsApp-Image-2026-02-25-at-09.38.01-2.jpeg?resize=525%2C300&ssl=1 1.5x, https:\/\/i0.wp.com\/correiodasemana.com\/site\/wp-content\/uploads\/2026\/03\/WhatsApp-Image-2026-02-25-at-09.38.01-2.jpeg?resize=700%2C400&ssl=1 2x, https:\/\/i0.wp.com\/correiodasemana.com\/site\/wp-content\/uploads\/2026\/03\/WhatsApp-Image-2026-02-25-at-09.38.01-2.jpeg?resize=1050%2C600&ssl=1 3x, https:\/\/i0.wp.com\/correiodasemana.com\/site\/wp-content\/uploads\/2026\/03\/WhatsApp-Image-2026-02-25-at-09.38.01-2.jpeg?resize=1400%2C800&ssl=1 4x"},"classes":[]},{"id":34869,"url":"https:\/\/correiodasemana.com\/site\/festa-de-nossa-senhora-da-saude-de-jordao-2025-fe-tradicao-e-cultura\/","url_meta":{"origin":30861,"position":5},"title":"Festa de Nossa Senhora da Sa\u00fade de Jord\u00e3o 2025: F\u00e9, Tradi\u00e7\u00e3o e Cultura","author":"adminredacao","date":"Julho 28, 2025","format":false,"excerpt":"Entre os dias 14 e 24 de agosto de 2025, o Distrito de Jord\u00e3o, em Sobral, vivenciar\u00e1 intensamente a Festa de Nossa Senhora da Sa\u00fade, um dos eventos religiosos mais tradicionais da regi\u00e3o. Com o tema \u201cNossa Senhora da Sa\u00fade: disc\u00edpula e peregrina da Esperan\u00e7a\u201d, a celebra\u00e7\u00e3o dos festejos promete\u2026","rel":"","context":"In &quot;Atualidade&quot;","block_context":{"text":"Atualidade","link":"https:\/\/correiodasemana.com\/site\/category\/atualidade\/"},"img":{"alt_text":"","src":"https:\/\/i0.wp.com\/correiodasemana.com\/site\/wp-content\/uploads\/2025\/07\/festa-nossa-senhora-2.jpeg?resize=350%2C200&ssl=1","width":350,"height":200,"srcset":"https:\/\/i0.wp.com\/correiodasemana.com\/site\/wp-content\/uploads\/2025\/07\/festa-nossa-senhora-2.jpeg?resize=350%2C200&ssl=1 1x, https:\/\/i0.wp.com\/correiodasemana.com\/site\/wp-content\/uploads\/2025\/07\/festa-nossa-senhora-2.jpeg?resize=525%2C300&ssl=1 1.5x, https:\/\/i0.wp.com\/correiodasemana.com\/site\/wp-content\/uploads\/2025\/07\/festa-nossa-senhora-2.jpeg?resize=700%2C400&ssl=1 2x"},"classes":[]}],"jetpack_sharing_enabled":true,"_links":{"self":[{"href":"https:\/\/correiodasemana.com\/site\/wp-json\/wp\/v2\/posts\/30861","targetHints":{"allow":["GET"]}}],"collection":[{"href":"https:\/\/correiodasemana.com\/site\/wp-json\/wp\/v2\/posts"}],"about":[{"href":"https:\/\/correiodasemana.com\/site\/wp-json\/wp\/v2\/types\/post"}],"author":[{"embeddable":true,"href":"https:\/\/correiodasemana.com\/site\/wp-json\/wp\/v2\/users\/7"}],"replies":[{"embeddable":true,"href":"https:\/\/correiodasemana.com\/site\/wp-json\/wp\/v2\/comments?post=30861"}],"version-history":[{"count":1,"href":"https:\/\/correiodasemana.com\/site\/wp-json\/wp\/v2\/posts\/30861\/revisions"}],"predecessor-version":[{"id":30872,"href":"https:\/\/correiodasemana.com\/site\/wp-json\/wp\/v2\/posts\/30861\/revisions\/30872"}],"wp:featuredmedia":[{"embeddable":true,"href":"https:\/\/correiodasemana.com\/site\/wp-json\/wp\/v2\/media\/30869"}],"wp:attachment":[{"href":"https:\/\/correiodasemana.com\/site\/wp-json\/wp\/v2\/media?parent=30861"}],"wp:term":[{"taxonomy":"category","embeddable":true,"href":"https:\/\/correiodasemana.com\/site\/wp-json\/wp\/v2\/categories?post=30861"},{"taxonomy":"post_tag","embeddable":true,"href":"https:\/\/correiodasemana.com\/site\/wp-json\/wp\/v2\/tags?post=30861"}],"curies":[{"name":"wp","href":"https:\/\/api.w.org\/{rel}","templated":true}]}}