{"id":30873,"date":"2024-10-02T22:00:03","date_gmt":"2024-10-03T01:00:03","guid":{"rendered":"https:\/\/correiodasemana.com\/site\/?p=30873"},"modified":"2024-10-02T22:00:18","modified_gmt":"2024-10-03T01:00:18","slug":"paroquia-de-sao-manuel-realiza-encontro-formativo-sobre-comunicacao-e-liturgia","status":"publish","type":"post","link":"https:\/\/correiodasemana.com\/site\/paroquia-de-sao-manuel-realiza-encontro-formativo-sobre-comunicacao-e-liturgia\/","title":{"rendered":"Par\u00f3quia de S\u00e3o Manuel realiza Encontro Formativo sobre Comunica\u00e7\u00e3o e Liturgia"},"content":{"rendered":"<div id='gallery-1' class='gallery galleryid-30873 gallery-columns-6 gallery-size-thumbnail'><figure class='gallery-item'>\n\t\t\t<div class='gallery-icon landscape'>\n\t\t\t\t<a href='https:\/\/correiodasemana.com\/site\/paroquia-de-sao-manuel-realiza-encontro-formativo-sobre-comunicacao-e-liturgia\/whatsapp-image-2024-09-27-at-15-35-08\/'><img loading=\"lazy\" width=\"150\" height=\"150\" src=\"https:\/\/correiodasemana.com\/site\/wp-content\/uploads\/2024\/10\/WhatsApp-Image-2024-09-27-at-15.35.08-150x150.jpeg\" class=\"attachment-thumbnail size-thumbnail\" alt=\"WhatsApp Image 2024-09-27 at 15.35.08\" loading=\"lazy\" decoding=\"async\" \/><\/a>\n\t\t\t<\/div><\/figure><figure class='gallery-item'>\n\t\t\t<div class='gallery-icon landscape'>\n\t\t\t\t<a href='https:\/\/correiodasemana.com\/site\/paroquia-de-sao-manuel-realiza-encontro-formativo-sobre-comunicacao-e-liturgia\/whatsapp-image-2024-09-27-at-15-35-10\/'><img loading=\"lazy\" width=\"150\" height=\"150\" src=\"https:\/\/correiodasemana.com\/site\/wp-content\/uploads\/2024\/10\/WhatsApp-Image-2024-09-27-at-15.35.10-150x150.jpeg\" class=\"attachment-thumbnail size-thumbnail\" alt=\"WhatsApp Image 2024-09-27 at 15.35.10\" loading=\"lazy\" decoding=\"async\" \/><\/a>\n\t\t\t<\/div><\/figure><figure class='gallery-item'>\n\t\t\t<div class='gallery-icon portrait'>\n\t\t\t\t<a href='https:\/\/correiodasemana.com\/site\/paroquia-de-sao-manuel-realiza-encontro-formativo-sobre-comunicacao-e-liturgia\/whatsapp-image-2024-09-27-at-15-35-11\/'><img loading=\"lazy\" width=\"150\" height=\"150\" src=\"https:\/\/correiodasemana.com\/site\/wp-content\/uploads\/2024\/10\/WhatsApp-Image-2024-09-27-at-15.35.11-150x150.jpeg\" class=\"attachment-thumbnail size-thumbnail\" alt=\"WhatsApp Image 2024-09-27 at 15.35.11\" loading=\"lazy\" decoding=\"async\" \/><\/a>\n\t\t\t<\/div><\/figure><figure class='gallery-item'>\n\t\t\t<div class='gallery-icon landscape'>\n\t\t\t\t<a href='https:\/\/correiodasemana.com\/site\/paroquia-de-sao-manuel-realiza-encontro-formativo-sobre-comunicacao-e-liturgia\/whatsapp-image-2024-09-27-at-15-49-58\/'><img loading=\"lazy\" width=\"150\" height=\"150\" src=\"https:\/\/correiodasemana.com\/site\/wp-content\/uploads\/2024\/10\/WhatsApp-Image-2024-09-27-at-15.49.58-150x150.jpeg\" class=\"attachment-thumbnail size-thumbnail\" alt=\"WhatsApp Image 2024-09-27 at 15.49.58\" loading=\"lazy\" decoding=\"async\" \/><\/a>\n\t\t\t<\/div><\/figure>\n\t\t<\/div>\n\n<p>No dia 14 de setembro, a Par\u00f3quia de S\u00e3o Manuel localizada no munic\u00edpio de Marco, promoveu um Encontro Formativo sobre Comunica\u00e7\u00e3o e Liturgia no audit\u00f3rio Dom Vasconcelos nas depend\u00eancias do Santu\u00e1rio do Sagrado Cora\u00e7\u00e3o de Jesus.<br \/>\nA Banda Municipal de Marco marcou presen\u00e7a para acolher os mais de 50 participantes de toda a regi\u00e3o que integram os grupos de liturgia, canto, ministros da palavra, eucaristia e pastoral da comunica\u00e7\u00e3o.<br \/>\nO di\u00e1cono Alex Te\u00f3filo conduziu a ora\u00e7\u00e3o inicial e enfatizou a import\u00e2ncia do aprofundamento em comunica\u00e7\u00e3o e liturgia. Posteriormente, o Minist\u00e9rio de M\u00fasica Filhos de Si\u00e3o realizou o momento de louvor.<br \/>\nPadre Lucione Queiroz, p\u00e1roco da Par\u00f3quia de Nossa Senhora do Perp\u00e9tuo Socorro e coordenador diocesano de liturgia, ministrou uma palestra sobre o tema: \u201cEquipes de Liturgia: fun\u00e7\u00f5es e modo de atua\u00e7\u00e3o\u201d, e explanou diversos aspectos relevantes para explora\u00e7\u00e3o sobretudo da equipe celebrativa. O presb\u00edtero tamb\u00e9m frisou a necessidade de formar uma equipe lit\u00fargica que realize retiros espirituais e momentos formativos, criando assim uma verdadeira pastoral.<br \/>\nDando continuidade, o p\u00e1roco da Par\u00f3quia de Santa Maria Madalena e coordenador diocesano da Pascom, Pe. Josivan Cruz, trabalhou o tema: \u201cComunica\u00e7\u00e3o da A\u00e7\u00e3o Evangelizadora\u201d. Abordando as realidades do cotidiano dos agentes de pastoral, o sacerdote citou diversas a\u00e7\u00f5es a serem realizadas por parte dos membros da pastoral da comunica\u00e7\u00e3o, bem como, da pastoral lit\u00fargica, principalmente o fortalecimento dos la\u00e7os de uni\u00e3o e respeito, melhorando assim a comunica\u00e7\u00e3o.<br \/>\nO evento foi organizado pela Par\u00f3quia de S\u00e3o Manuel, na pessoa do p\u00e1roco e vig\u00e1rio geral, Monsenhor Nonato Timb\u00f3 que esteve presente durante todo o encontro.<br \/>\nThais Helena &#8211; Reda\u00e7\u00e3o &#8211; Jornal Correio da Semana<\/p>\n","protected":false},"excerpt":{"rendered":"<p>No dia 14 de setembro, a Par\u00f3quia de S\u00e3o Manuel localizada no munic\u00edpio de Marco,&#8230;<\/p>\n","protected":false},"author":7,"featured_media":30876,"comment_status":"open","ping_status":"open","sticky":false,"template":"","format":"standard","meta":{"_jetpack_memberships_contains_paid_content":false,"footnotes":"","jetpack_publicize_message":"","jetpack_publicize_feature_enabled":true,"jetpack_social_post_already_shared":true,"jetpack_social_options":{"image_generator_settings":{"template":"highway","default_image_id":0,"font":"","enabled":false},"version":2}},"categories":[1],"tags":[],"class_list":["post-30873","post","type-post","status-publish","format-standard","has-post-thumbnail","hentry","category-atualidade"],"jetpack_publicize_connections":[],"jetpack_featured_media_url":"https:\/\/correiodasemana.com\/site\/wp-content\/uploads\/2024\/10\/WhatsApp-Image-2024-09-27-at-15.35.11.jpeg","jetpack-related-posts":[{"id":25529,"url":"https:\/\/correiodasemana.com\/site\/paroquia-de-sao-manuel-do-marco-sedia-encontro-diocesano-do-apostolado-da-oracao\/","url_meta":{"origin":30873,"position":0},"title":"Par\u00f3quia de S\u00e3o Manuel do Marco sedia Encontro Diocesano do Apostolado da Ora\u00e7\u00e3o","author":"adminredacao","date":"Julho 3, 2023","format":false,"excerpt":"Ao som de c\u00e2nticos devocionais o Apostolado da Ora\u00e7\u00e3o de diversas par\u00f3quias da Diocese de Sobral participaram do encontro diocesano no Santu\u00e1rio do Sagrado Cora\u00e7\u00e3o de Jesus em Marco neste s\u00e1bado, dia 01\/07. O Apostolado da Ora\u00e7\u00e3o \u00e9 um movimento religioso composto por leigos cat\u00f3licos. A finalidade \u00e9 a santifica\u00e7\u00e3o\u2026","rel":"","context":"In &quot;Atualidade&quot;","block_context":{"text":"Atualidade","link":"https:\/\/correiodasemana.com\/site\/category\/atualidade\/"},"img":{"alt_text":"","src":"https:\/\/i0.wp.com\/correiodasemana.com\/site\/wp-content\/uploads\/2023\/07\/aaaaaaa.jpg?resize=350%2C200&ssl=1","width":350,"height":200,"srcset":"https:\/\/i0.wp.com\/correiodasemana.com\/site\/wp-content\/uploads\/2023\/07\/aaaaaaa.jpg?resize=350%2C200&ssl=1 1x, https:\/\/i0.wp.com\/correiodasemana.com\/site\/wp-content\/uploads\/2023\/07\/aaaaaaa.jpg?resize=525%2C300&ssl=1 1.5x"},"classes":[]},{"id":18400,"url":"https:\/\/correiodasemana.com\/site\/em-celebracao-solene-pe-nonato-timbo-de-paiva-recebe-titulo-de-monsenhor\/","url_meta":{"origin":30873,"position":1},"title":"Em celebra\u00e7\u00e3o solene, Pe. Nonato Timb\u00f3 de Paiva recebe t\u00edtulo de Monsenhor","author":"","date":"Dezembro 20, 2021","format":false,"excerpt":"Por Thais Helena (Reda\u00e7\u00e3o Jornal Correio da Semana) Na \u00faltima segunda-feira, 13, dia da virgem e m\u00e1rtir Santa Luzia, toda a comunidade paroquial da cidade de Marco\/CE esteve reunida no adro da Igreja Matriz de S\u00e3o Manuel para celebrar a solene liturgia, onde Dom Vasconcelos entregou o t\u00edtulo de Monsenhor\u2026","rel":"","context":"In &quot;Atualidade&quot;","block_context":{"text":"Atualidade","link":"https:\/\/correiodasemana.com\/site\/category\/atualidade\/"},"img":{"alt_text":"","src":"https:\/\/i0.wp.com\/correiodasemana.com\/site\/wp-content\/uploads\/2021\/12\/monsenhor-timbo-diocese-de-sobral-3.jpeg?resize=350%2C200&ssl=1","width":350,"height":200,"srcset":"https:\/\/i0.wp.com\/correiodasemana.com\/site\/wp-content\/uploads\/2021\/12\/monsenhor-timbo-diocese-de-sobral-3.jpeg?resize=350%2C200&ssl=1 1x, https:\/\/i0.wp.com\/correiodasemana.com\/site\/wp-content\/uploads\/2021\/12\/monsenhor-timbo-diocese-de-sobral-3.jpeg?resize=525%2C300&ssl=1 1.5x, https:\/\/i0.wp.com\/correiodasemana.com\/site\/wp-content\/uploads\/2021\/12\/monsenhor-timbo-diocese-de-sobral-3.jpeg?resize=700%2C400&ssl=1 2x"},"classes":[]},{"id":30410,"url":"https:\/\/correiodasemana.com\/site\/festa-de-sao-lourenco-diaconos-celebram-vocacao-ministerial-para-o-servico\/","url_meta":{"origin":30873,"position":2},"title":"Festa de S\u00e3o Louren\u00e7o: Di\u00e1conos celebram voca\u00e7\u00e3o ministerial para o servi\u00e7o","author":"adminredacao","date":"Agosto 19, 2024","format":false,"excerpt":"A igreja celebrou no \u00faltimo s\u00e1bado, 10 de agosto, a festa lit\u00fargica de S\u00e3o Louren\u00e7o, padroeiro dos di\u00e1conos. Sendo uma voca\u00e7\u00e3o ministerial para o servi\u00e7o, o di\u00e1cono atua na Palavra de Deus, na caridade e na liturgia. Atualmente, a Diocese de Sobral conta com vinte di\u00e1conos permanentes. Uma parte destes\u2026","rel":"","context":"In &quot;Atualidade&quot;","block_context":{"text":"Atualidade","link":"https:\/\/correiodasemana.com\/site\/category\/atualidade\/"},"img":{"alt_text":"","src":"https:\/\/i0.wp.com\/correiodasemana.com\/site\/wp-content\/uploads\/2024\/08\/WhatsApp-Image-2024-08-16-at-12.34.33.jpeg?resize=350%2C200&ssl=1","width":350,"height":200,"srcset":"https:\/\/i0.wp.com\/correiodasemana.com\/site\/wp-content\/uploads\/2024\/08\/WhatsApp-Image-2024-08-16-at-12.34.33.jpeg?resize=350%2C200&ssl=1 1x, https:\/\/i0.wp.com\/correiodasemana.com\/site\/wp-content\/uploads\/2024\/08\/WhatsApp-Image-2024-08-16-at-12.34.33.jpeg?resize=525%2C300&ssl=1 1.5x, https:\/\/i0.wp.com\/correiodasemana.com\/site\/wp-content\/uploads\/2024\/08\/WhatsApp-Image-2024-08-16-at-12.34.33.jpeg?resize=700%2C400&ssl=1 2x, https:\/\/i0.wp.com\/correiodasemana.com\/site\/wp-content\/uploads\/2024\/08\/WhatsApp-Image-2024-08-16-at-12.34.33.jpeg?resize=1050%2C600&ssl=1 3x, https:\/\/i0.wp.com\/correiodasemana.com\/site\/wp-content\/uploads\/2024\/08\/WhatsApp-Image-2024-08-16-at-12.34.33.jpeg?resize=1400%2C800&ssl=1 4x"},"classes":[]},{"id":37890,"url":"https:\/\/correiodasemana.com\/site\/formacao-espiritualidade-e-comunhao-marcam-i-catedral-liturgico-em-sobral\/","url_meta":{"origin":30873,"position":3},"title":"Forma\u00e7\u00e3o, espiritualidade e comunh\u00e3o marcam I Catedral Lit\u00fargico em Sobral","author":"adminredacao","date":"Abril 11, 2026","format":false,"excerpt":"A Par\u00f3quia de Nossa Senhora da Concei\u00e7\u00e3o realizou, no \u00faltimo s\u00e1bado (14\/03), o I Catedral Lit\u00fargico, iniciativa que integra o projeto Liturgia Itinerante, promovido pelo Pilar do P\u00e3o da Regi\u00e3o Episcopal Sede. O encontro aconteceu na Casa M\u00e3e de Deus, no bairro Dom Expedito. O projeto j\u00e1 realizou diversos encontros\u2026","rel":"","context":"In &quot;Atualidade&quot;","block_context":{"text":"Atualidade","link":"https:\/\/correiodasemana.com\/site\/category\/atualidade\/"},"img":{"alt_text":"","src":"https:\/\/i0.wp.com\/correiodasemana.com\/site\/wp-content\/uploads\/2026\/04\/Formacao-espiritualidade-9.jpeg?resize=350%2C200&ssl=1","width":350,"height":200,"srcset":"https:\/\/i0.wp.com\/correiodasemana.com\/site\/wp-content\/uploads\/2026\/04\/Formacao-espiritualidade-9.jpeg?resize=350%2C200&ssl=1 1x, https:\/\/i0.wp.com\/correiodasemana.com\/site\/wp-content\/uploads\/2026\/04\/Formacao-espiritualidade-9.jpeg?resize=525%2C300&ssl=1 1.5x, https:\/\/i0.wp.com\/correiodasemana.com\/site\/wp-content\/uploads\/2026\/04\/Formacao-espiritualidade-9.jpeg?resize=700%2C400&ssl=1 2x"},"classes":[]},{"id":35015,"url":"https:\/\/correiodasemana.com\/site\/jubileu-dos-presbiteros-marca-dia-do-padre-na-paroquia-de-sao-manuel-em-marco\/","url_meta":{"origin":30873,"position":4},"title":"Jubileu dos Presb\u00edteros marca Dia do Padre na Par\u00f3quia de S\u00e3o Manuel, em Marco","author":"adminredacao","date":"Agosto 17, 2025","format":false,"excerpt":"Na \u00faltima segunda-feira (4), mem\u00f3ria lit\u00fargica de S\u00e3o Jo\u00e3o Maria Vianney e Dia do Padre, os sacerdotes da Diocese de Sobral viveram a data de forma especial, participando do Jubileu dos Presb\u00edteros, realizado na cidade de Marco e sediado na Par\u00f3quia de S\u00e3o Manuel. O encontro teve in\u00edcio no Centro\u2026","rel":"","context":"In &quot;Atualidade&quot;","block_context":{"text":"Atualidade","link":"https:\/\/correiodasemana.com\/site\/category\/atualidade\/"},"img":{"alt_text":"","src":"https:\/\/i0.wp.com\/correiodasemana.com\/site\/wp-content\/uploads\/2025\/08\/jubileu-de-marcos-12.jpeg?resize=350%2C200&ssl=1","width":350,"height":200,"srcset":"https:\/\/i0.wp.com\/correiodasemana.com\/site\/wp-content\/uploads\/2025\/08\/jubileu-de-marcos-12.jpeg?resize=350%2C200&ssl=1 1x, https:\/\/i0.wp.com\/correiodasemana.com\/site\/wp-content\/uploads\/2025\/08\/jubileu-de-marcos-12.jpeg?resize=525%2C300&ssl=1 1.5x, https:\/\/i0.wp.com\/correiodasemana.com\/site\/wp-content\/uploads\/2025\/08\/jubileu-de-marcos-12.jpeg?resize=700%2C400&ssl=1 2x, https:\/\/i0.wp.com\/correiodasemana.com\/site\/wp-content\/uploads\/2025\/08\/jubileu-de-marcos-12.jpeg?resize=1050%2C600&ssl=1 3x, https:\/\/i0.wp.com\/correiodasemana.com\/site\/wp-content\/uploads\/2025\/08\/jubileu-de-marcos-12.jpeg?resize=1400%2C800&ssl=1 4x"},"classes":[]},{"id":27381,"url":"https:\/\/correiodasemana.com\/site\/em-marco-paroquia-de-sao-manuel-celebra-festa-em-honra-ao-padroeiro\/","url_meta":{"origin":30873,"position":5},"title":"Em Marco, Par\u00f3quia de S\u00e3o Manuel celebra festa em honra ao padroeiro","author":"adminredacao","date":"Novembro 27, 2023","format":false,"excerpt":"Com muito fervor e devo\u00e7\u00e3o os paroquianos da Par\u00f3quia de S\u00e3o Manuel estiveram reunidos de 09 a 19 de novembro no adro da igreja matriz do munic\u00edpio de Marco para celebrar a festa em honra a S\u00e3o Manuel, padroeiro do povo marquense. O Dia de S\u00e3o Manuel encontra-se no calend\u00e1rio\u2026","rel":"","context":"In &quot;Atualidade&quot;","block_context":{"text":"Atualidade","link":"https:\/\/correiodasemana.com\/site\/category\/atualidade\/"},"img":{"alt_text":"","src":"https:\/\/i0.wp.com\/correiodasemana.com\/site\/wp-content\/uploads\/2023\/11\/WhatsApp-Image-2023-11-24-at-16.53.26.jpeg?resize=350%2C200&ssl=1","width":350,"height":200,"srcset":"https:\/\/i0.wp.com\/correiodasemana.com\/site\/wp-content\/uploads\/2023\/11\/WhatsApp-Image-2023-11-24-at-16.53.26.jpeg?resize=350%2C200&ssl=1 1x, https:\/\/i0.wp.com\/correiodasemana.com\/site\/wp-content\/uploads\/2023\/11\/WhatsApp-Image-2023-11-24-at-16.53.26.jpeg?resize=525%2C300&ssl=1 1.5x, https:\/\/i0.wp.com\/correiodasemana.com\/site\/wp-content\/uploads\/2023\/11\/WhatsApp-Image-2023-11-24-at-16.53.26.jpeg?resize=700%2C400&ssl=1 2x, https:\/\/i0.wp.com\/correiodasemana.com\/site\/wp-content\/uploads\/2023\/11\/WhatsApp-Image-2023-11-24-at-16.53.26.jpeg?resize=1050%2C600&ssl=1 3x, https:\/\/i0.wp.com\/correiodasemana.com\/site\/wp-content\/uploads\/2023\/11\/WhatsApp-Image-2023-11-24-at-16.53.26.jpeg?resize=1400%2C800&ssl=1 4x"},"classes":[]}],"jetpack_sharing_enabled":true,"_links":{"self":[{"href":"https:\/\/correiodasemana.com\/site\/wp-json\/wp\/v2\/posts\/30873","targetHints":{"allow":["GET"]}}],"collection":[{"href":"https:\/\/correiodasemana.com\/site\/wp-json\/wp\/v2\/posts"}],"about":[{"href":"https:\/\/correiodasemana.com\/site\/wp-json\/wp\/v2\/types\/post"}],"author":[{"embeddable":true,"href":"https:\/\/correiodasemana.com\/site\/wp-json\/wp\/v2\/users\/7"}],"replies":[{"embeddable":true,"href":"https:\/\/correiodasemana.com\/site\/wp-json\/wp\/v2\/comments?post=30873"}],"version-history":[{"count":1,"href":"https:\/\/correiodasemana.com\/site\/wp-json\/wp\/v2\/posts\/30873\/revisions"}],"predecessor-version":[{"id":30878,"href":"https:\/\/correiodasemana.com\/site\/wp-json\/wp\/v2\/posts\/30873\/revisions\/30878"}],"wp:featuredmedia":[{"embeddable":true,"href":"https:\/\/correiodasemana.com\/site\/wp-json\/wp\/v2\/media\/30876"}],"wp:attachment":[{"href":"https:\/\/correiodasemana.com\/site\/wp-json\/wp\/v2\/media?parent=30873"}],"wp:term":[{"taxonomy":"category","embeddable":true,"href":"https:\/\/correiodasemana.com\/site\/wp-json\/wp\/v2\/categories?post=30873"},{"taxonomy":"post_tag","embeddable":true,"href":"https:\/\/correiodasemana.com\/site\/wp-json\/wp\/v2\/tags?post=30873"}],"curies":[{"name":"wp","href":"https:\/\/api.w.org\/{rel}","templated":true}]}}