{"id":30879,"date":"2024-10-02T22:01:07","date_gmt":"2024-10-03T01:01:07","guid":{"rendered":"https:\/\/correiodasemana.com\/site\/?p=30879"},"modified":"2024-10-02T22:01:07","modified_gmt":"2024-10-03T01:01:07","slug":"becco-ponto-com-185","status":"publish","type":"post","link":"https:\/\/correiodasemana.com\/site\/becco-ponto-com-185\/","title":{"rendered":"BECCO PONTO.COM"},"content":{"rendered":"<p>LIVRAI-NOS, SENHOR!<br \/>\nDos candidatos buchas, desta elei\u00e7\u00e3o t\u00e3o conturbada.<br \/>\nDo fim melanc\u00f3lico de uma oligarquia na zona norte.<br \/>\nDos bab\u00f5es de plant\u00e3o em tempo de elei\u00e7\u00f5es: \u201cos puxas\u201d.<br \/>\nDa ruma de bandidos do voto na fila das elei\u00e7\u00f5es, ufa!<br \/>\nDas brigas por pol\u00edticos de ocasi\u00e3o: \u201cos tais corruptos\u201d.<br \/>\nDo grito da popula\u00e7\u00e3o eleitoreira por p\u00e3o e sai o lixo.<br \/>\nDa burguesia falida daqui em cima do muro e sempre.<br \/>\nDo ensino p\u00fablico pagando o aluno para estudar, ufa!<br \/>\nDo povo votar para vereador nos tais da \u201ctaxa do lixo\u201d.<br \/>\nDa briga surda de uma pol\u00edtica suja entre n\u00f3s, ufa!<\/p>\n<p>NOTICIANDO<br \/>\nO grupo de Escoteiros Sobralenses Marechal Rondon, dirigido pelo amigo, Reginaldo Marque esteve visitando o Becco do Cotovelo, s\u00e1bado passado e foi recebido pelo empres\u00e1rio, Expedito Vasconcelos e este escriba em uma manh\u00e3 agrad\u00e1vel. Foi mostrado o grupo aos bequeanos. L\u00e1, sim foi fotografado o momento m\u00e1gico desta visita t\u00e3o cidad\u00e3.<br \/>\nO efeito pesquisa na cidade tem rendido disputa acirrada entre as equipes da campanha de ambos os lados. A rixa tem se tornado feia deixando sim, o embate caindo de n\u00edvel cidad\u00e3o. \u00c9 hora de uma conscientiza\u00e7\u00e3o para j\u00e1, n\u00e3o influenciar o eleitor \u00e0s brigas desnecess\u00e1rias e de baixo n\u00edvel.<br \/>\nO Centro Cultural e aabc ir\u00e3o comemorar o \u201cDia do Becco\u201d, em outubro no Caf\u00e9 Jaibaras. O homenageado do ano ser\u00e1 o senador Cid Gomes, que vai receber a comenda \u201cAmigo do Becco\u201d mais uma vez e por m\u00e9ritos. Valer\u00e1 a pena este reconhecimento a este amante do Becco, h\u00e1 tantos anos.<br \/>\nSetembro, m\u00eas de Dom Jos\u00e9, vida e obra deste grande sobralense ilustre que viveu intensamente o amor \u00e0 sua terra natal com intensidade de cidad\u00e3o de Deus e do mundo. Lembrar Dom Jos\u00e9 \u00e9 saborear virtudes de um homem que nasceu para fazer o bem e a sua comunidade cat\u00f3lica, h\u00e1 tantos anos imortal em sua casa e seu eterno ber\u00e7o, a sua Sobral.<br \/>\nSem esquecer o \u201cDia do R\u00e1dio\u201d, entre n\u00f3s e de bem alvitre lembrarmos os nossos monstros sagrados da comunica\u00e7\u00e3o passada, Fernando Solon, Rui Silva, Expedito Vasconcelos, Ti\u00e3o Albuquerque e Atibones Ximenes e outros que deixaram suas marcas na hist\u00f3ria da radiofonia da regi\u00e3o Norte, com zelo e determina\u00e7\u00e3o. Viva o r\u00e1dio sobralense e seus vultos imortais: Jos\u00e9 Maria Soares, o nosso papa do s\u00e9culo, por m\u00e9ritos no Cear\u00e1.<\/p>\n<p>PERFIL: RADIALISTA SEBASTI\u00c3O ALBUQUERQUE<\/p>\n<div id='gallery-1' class='gallery galleryid-30879 gallery-columns-6 gallery-size-thumbnail'><figure class='gallery-item'>\n\t\t\t<div class='gallery-icon portrait'>\n\t\t\t\t<a href='https:\/\/correiodasemana.com\/site\/becco-ponto-com-185\/sebastiao-albuquerque\/'><img loading=\"lazy\" width=\"150\" height=\"150\" src=\"https:\/\/correiodasemana.com\/site\/wp-content\/uploads\/2024\/10\/Sebastiao-Albuquerque-150x150.jpg\" class=\"attachment-thumbnail size-thumbnail\" alt=\"Sebasti\u00e3o Albuquerque\" loading=\"lazy\" decoding=\"async\" \/><\/a>\n\t\t\t<\/div><\/figure>\n\t\t<\/div>\n\n<p>Um cidad\u00e3o com todas as letras, digno sobralense e amigo do Becco do Cotovelo, homem afeito a fazer o bem e um radialista consagrado na regi\u00e3o Norte. Falo do caro e boa pra\u00e7a Sebasti\u00e3o Albuquerque, que hoje figura e por m\u00e9ritos, como o perfil desta semana do r\u00e1dio em nossa coluna neste noticioso da Diocese;<\/p>\n<p>LIVRE PENSAR:<br \/>\n\u201cO sil\u00eancio \u00e9 a cura da alma em um instante marcante da vida humana\u201d. (Poeta Chico Prado &#8211; Presidente do Centro Cultural Dom Jos\u00e9 de Sobral)<\/p>\n","protected":false},"excerpt":{"rendered":"<p>LIVRAI-NOS, SENHOR! Dos candidatos buchas, desta elei\u00e7\u00e3o t\u00e3o conturbada. Do fim melanc\u00f3lico de uma oligarquia&#8230;<\/p>\n","protected":false},"author":7,"featured_media":17437,"comment_status":"open","ping_status":"open","sticky":false,"template":"","format":"standard","meta":{"_jetpack_memberships_contains_paid_content":false,"footnotes":"","jetpack_publicize_message":"","jetpack_publicize_feature_enabled":true,"jetpack_social_post_already_shared":true,"jetpack_social_options":{"image_generator_settings":{"template":"highway","default_image_id":0,"font":"","enabled":false},"version":2}},"categories":[11,27],"tags":[],"class_list":["post-30879","post","type-post","status-publish","format-standard","has-post-thumbnail","hentry","category-artigos","category-becco-ponto-com"],"jetpack_publicize_connections":[],"jetpack_featured_media_url":"https:\/\/correiodasemana.com\/site\/wp-content\/uploads\/2021\/09\/Dr-Chico-Prado-Trofeu-Dom-Jose-1.jpg","jetpack-related-posts":[{"id":8222,"url":"https:\/\/correiodasemana.com\/site\/becco-ponto-com\/","url_meta":{"origin":30879,"position":0},"title":"Becco ponto com","author":"","date":"Julho 8, 2019","format":false,"excerpt":"LIVRAI-NOS, SENHOR! do brado dos rebeldes peititas via lula. da ira contra o bolsonaro t\u00e3o militar. das quadrilhas vem politica para 2020. do lixo musical nas paradas t\u00e3o fanks. do papo farol dos antes lava ratos, ui! das faculdades via internet formando. do brado dos pobres sem tetos mortos. da\u2026","rel":"","context":"In &quot;Artigos&quot;","block_context":{"text":"Artigos","link":"https:\/\/correiodasemana.com\/site\/category\/artigos\/"},"img":{"alt_text":"","src":"https:\/\/i0.wp.com\/correiodasemana.com\/site\/wp-content\/uploads\/2019\/07\/becco.jpg?resize=350%2C200&ssl=1","width":350,"height":200,"srcset":"https:\/\/i0.wp.com\/correiodasemana.com\/site\/wp-content\/uploads\/2019\/07\/becco.jpg?resize=350%2C200&ssl=1 1x, https:\/\/i0.wp.com\/correiodasemana.com\/site\/wp-content\/uploads\/2019\/07\/becco.jpg?resize=525%2C300&ssl=1 1.5x, https:\/\/i0.wp.com\/correiodasemana.com\/site\/wp-content\/uploads\/2019\/07\/becco.jpg?resize=700%2C400&ssl=1 2x"},"classes":[]},{"id":21151,"url":"https:\/\/correiodasemana.com\/site\/becco-ponto-com-102\/","url_meta":{"origin":30879,"position":1},"title":"Becco ponto Com","author":"","date":"Outubro 2, 2022","format":false,"excerpt":"Livrai-nos, senhor! 01. Dos resultados das urnas nas elei\u00e7\u00f5es. 02. Do mel cruel nos bares da cidade, ufa! 03. Dos ignorantes a hist\u00f3ria de Sobral, ui! 04. Dos fg\u2019s perderem estas elei\u00e7\u00f5es no ce. 05. Da corrup\u00e7\u00e3o ganhar for\u00e7a em 2023, ui! 06. Da demora em abrir o centro da\u2026","rel":"","context":"In &quot;Artigos&quot;","block_context":{"text":"Artigos","link":"https:\/\/correiodasemana.com\/site\/category\/artigos\/"},"img":{"alt_text":"","src":"https:\/\/i0.wp.com\/correiodasemana.com\/site\/wp-content\/uploads\/2021\/09\/Dr-Chico-Prado-Trofeu-Dom-Jose-1-1.jpg?resize=350%2C200&ssl=1","width":350,"height":200,"srcset":"https:\/\/i0.wp.com\/correiodasemana.com\/site\/wp-content\/uploads\/2021\/09\/Dr-Chico-Prado-Trofeu-Dom-Jose-1-1.jpg?resize=350%2C200&ssl=1 1x, https:\/\/i0.wp.com\/correiodasemana.com\/site\/wp-content\/uploads\/2021\/09\/Dr-Chico-Prado-Trofeu-Dom-Jose-1-1.jpg?resize=525%2C300&ssl=1 1.5x, https:\/\/i0.wp.com\/correiodasemana.com\/site\/wp-content\/uploads\/2021\/09\/Dr-Chico-Prado-Trofeu-Dom-Jose-1-1.jpg?resize=700%2C400&ssl=1 2x"},"classes":[]},{"id":28940,"url":"https:\/\/correiodasemana.com\/site\/becco-ponto-com-163\/","url_meta":{"origin":30879,"position":2},"title":"Becco Ponto Com","author":"adminredacao","date":"Abril 15, 2024","format":false,"excerpt":"\u00a0 LIVRAI-NOS, SENHOR! Da chegada do bando do voto. Da eterna f\u00e1brica de multa, aqui! Da briga de craque dos fgs. Ufa! Da ruma de partidos pol\u00edticos, ui! Do bl\u00e1, bl\u00e1, bl\u00e1 de \u201cLulinha Paz e Amor\u201d. Da ruma de buchas na pista. Vota! Das igrejas na pista das elei\u00e7\u00f5es.\u2026","rel":"","context":"In &quot;Artigos&quot;","block_context":{"text":"Artigos","link":"https:\/\/correiodasemana.com\/site\/category\/artigos\/"},"img":{"alt_text":"","src":"https:\/\/i0.wp.com\/correiodasemana.com\/site\/wp-content\/uploads\/2021\/09\/Dr-Chico-Prado-Trofeu-Dom-Jose-1.jpg?resize=350%2C200&ssl=1","width":350,"height":200,"srcset":"https:\/\/i0.wp.com\/correiodasemana.com\/site\/wp-content\/uploads\/2021\/09\/Dr-Chico-Prado-Trofeu-Dom-Jose-1.jpg?resize=350%2C200&ssl=1 1x, https:\/\/i0.wp.com\/correiodasemana.com\/site\/wp-content\/uploads\/2021\/09\/Dr-Chico-Prado-Trofeu-Dom-Jose-1.jpg?resize=525%2C300&ssl=1 1.5x, https:\/\/i0.wp.com\/correiodasemana.com\/site\/wp-content\/uploads\/2021\/09\/Dr-Chico-Prado-Trofeu-Dom-Jose-1.jpg?resize=700%2C400&ssl=1 2x, https:\/\/i0.wp.com\/correiodasemana.com\/site\/wp-content\/uploads\/2021\/09\/Dr-Chico-Prado-Trofeu-Dom-Jose-1.jpg?resize=1050%2C600&ssl=1 3x, https:\/\/i0.wp.com\/correiodasemana.com\/site\/wp-content\/uploads\/2021\/09\/Dr-Chico-Prado-Trofeu-Dom-Jose-1.jpg?resize=1400%2C800&ssl=1 4x"},"classes":[]},{"id":30614,"url":"https:\/\/correiodasemana.com\/site\/becco-ponto-com-182\/","url_meta":{"origin":30879,"position":3},"title":"BECCO PONTO.COM","author":"adminredacao","date":"Setembro 9, 2024","format":false,"excerpt":"LIVRAI-NOS, SENHOR! Do fumo arapiraca via taxa do lixo. Ufa, Sobral! Das consultas m\u00e9dicas vapt vupt modernas, ui! Dos pid\u00f5es de votos j\u00e1 nas portas da pobreza! Decep\u00e7\u00e3o das promessas v\u00e3s dos pol\u00edticos. Dos palha\u00e7os trajados de cidad\u00e3os pol\u00edticos. Do medo infernal dos fg\u2019s perderem este ano. Da ruma de\u2026","rel":"","context":"In &quot;Artigos&quot;","block_context":{"text":"Artigos","link":"https:\/\/correiodasemana.com\/site\/category\/artigos\/"},"img":{"alt_text":"","src":"https:\/\/i0.wp.com\/correiodasemana.com\/site\/wp-content\/uploads\/2021\/09\/Dr-Chico-Prado-Trofeu-Dom-Jose-1.jpg?resize=350%2C200&ssl=1","width":350,"height":200,"srcset":"https:\/\/i0.wp.com\/correiodasemana.com\/site\/wp-content\/uploads\/2021\/09\/Dr-Chico-Prado-Trofeu-Dom-Jose-1.jpg?resize=350%2C200&ssl=1 1x, https:\/\/i0.wp.com\/correiodasemana.com\/site\/wp-content\/uploads\/2021\/09\/Dr-Chico-Prado-Trofeu-Dom-Jose-1.jpg?resize=525%2C300&ssl=1 1.5x, https:\/\/i0.wp.com\/correiodasemana.com\/site\/wp-content\/uploads\/2021\/09\/Dr-Chico-Prado-Trofeu-Dom-Jose-1.jpg?resize=700%2C400&ssl=1 2x, https:\/\/i0.wp.com\/correiodasemana.com\/site\/wp-content\/uploads\/2021\/09\/Dr-Chico-Prado-Trofeu-Dom-Jose-1.jpg?resize=1050%2C600&ssl=1 3x, https:\/\/i0.wp.com\/correiodasemana.com\/site\/wp-content\/uploads\/2021\/09\/Dr-Chico-Prado-Trofeu-Dom-Jose-1.jpg?resize=1400%2C800&ssl=1 4x"},"classes":[]},{"id":29972,"url":"https:\/\/correiodasemana.com\/site\/becco-ponto-com-175\/","url_meta":{"origin":30879,"position":4},"title":"BECCO PONTO.COM","author":"adminredacao","date":"Julho 16, 2024","format":false,"excerpt":"LIVRAI-NOS, SENHOR! Da bufa falsa at\u00e9 no votar, ufa! Do Becco virando cracol\u00e2ndia. Dos pol\u00edticos bolachinhas, ufa! Do pt de Lula, voltando a roubar. Das escolas modernas via papo. Da viol\u00eancia matando todo o dia. Dos gastos para eleger um edil. Das pesquisas encomendadas, ui! Da briga surda nas fm\u2019s\u2026","rel":"","context":"In &quot;Artigos&quot;","block_context":{"text":"Artigos","link":"https:\/\/correiodasemana.com\/site\/category\/artigos\/"},"img":{"alt_text":"","src":"https:\/\/i0.wp.com\/correiodasemana.com\/site\/wp-content\/uploads\/2021\/09\/Dr-Chico-Prado-Trofeu-Dom-Jose-1.jpg?resize=350%2C200&ssl=1","width":350,"height":200,"srcset":"https:\/\/i0.wp.com\/correiodasemana.com\/site\/wp-content\/uploads\/2021\/09\/Dr-Chico-Prado-Trofeu-Dom-Jose-1.jpg?resize=350%2C200&ssl=1 1x, https:\/\/i0.wp.com\/correiodasemana.com\/site\/wp-content\/uploads\/2021\/09\/Dr-Chico-Prado-Trofeu-Dom-Jose-1.jpg?resize=525%2C300&ssl=1 1.5x, https:\/\/i0.wp.com\/correiodasemana.com\/site\/wp-content\/uploads\/2021\/09\/Dr-Chico-Prado-Trofeu-Dom-Jose-1.jpg?resize=700%2C400&ssl=1 2x, https:\/\/i0.wp.com\/correiodasemana.com\/site\/wp-content\/uploads\/2021\/09\/Dr-Chico-Prado-Trofeu-Dom-Jose-1.jpg?resize=1050%2C600&ssl=1 3x, https:\/\/i0.wp.com\/correiodasemana.com\/site\/wp-content\/uploads\/2021\/09\/Dr-Chico-Prado-Trofeu-Dom-Jose-1.jpg?resize=1400%2C800&ssl=1 4x"},"classes":[]},{"id":17244,"url":"https:\/\/correiodasemana.com\/site\/becco-ponto-com-49\/","url_meta":{"origin":30879,"position":5},"title":"Becco ponto Com","author":"","date":"Agosto 15, 2021","format":false,"excerpt":"LIVRAI-NOS, SENHOR! 01. Dos abusos a santa democracia em Bras\u00edlia via votos. 02. Da corrida dos corruptos via votos ao poder via 2022. 03. Das escolas bodegas negociando diplomas ano a ano. 04. Da santa correria \u00e0s religi\u00f5es via milagres inventados. 05. Dos puxas-sacos e n\u00e3o carro\u00e7as nos munic\u00edpios nossos.\u2026","rel":"","context":"In &quot;Artigos&quot;","block_context":{"text":"Artigos","link":"https:\/\/correiodasemana.com\/site\/category\/artigos\/"},"img":{"alt_text":"","src":"https:\/\/i0.wp.com\/correiodasemana.com\/site\/wp-content\/uploads\/2021\/04\/Chico-Prado-22.jpg?resize=350%2C200&ssl=1","width":350,"height":200,"srcset":"https:\/\/i0.wp.com\/correiodasemana.com\/site\/wp-content\/uploads\/2021\/04\/Chico-Prado-22.jpg?resize=350%2C200&ssl=1 1x, https:\/\/i0.wp.com\/correiodasemana.com\/site\/wp-content\/uploads\/2021\/04\/Chico-Prado-22.jpg?resize=525%2C300&ssl=1 1.5x, https:\/\/i0.wp.com\/correiodasemana.com\/site\/wp-content\/uploads\/2021\/04\/Chico-Prado-22.jpg?resize=700%2C400&ssl=1 2x"},"classes":[]}],"jetpack_sharing_enabled":true,"_links":{"self":[{"href":"https:\/\/correiodasemana.com\/site\/wp-json\/wp\/v2\/posts\/30879","targetHints":{"allow":["GET"]}}],"collection":[{"href":"https:\/\/correiodasemana.com\/site\/wp-json\/wp\/v2\/posts"}],"about":[{"href":"https:\/\/correiodasemana.com\/site\/wp-json\/wp\/v2\/types\/post"}],"author":[{"embeddable":true,"href":"https:\/\/correiodasemana.com\/site\/wp-json\/wp\/v2\/users\/7"}],"replies":[{"embeddable":true,"href":"https:\/\/correiodasemana.com\/site\/wp-json\/wp\/v2\/comments?post=30879"}],"version-history":[{"count":1,"href":"https:\/\/correiodasemana.com\/site\/wp-json\/wp\/v2\/posts\/30879\/revisions"}],"predecessor-version":[{"id":30881,"href":"https:\/\/correiodasemana.com\/site\/wp-json\/wp\/v2\/posts\/30879\/revisions\/30881"}],"wp:featuredmedia":[{"embeddable":true,"href":"https:\/\/correiodasemana.com\/site\/wp-json\/wp\/v2\/media\/17437"}],"wp:attachment":[{"href":"https:\/\/correiodasemana.com\/site\/wp-json\/wp\/v2\/media?parent=30879"}],"wp:term":[{"taxonomy":"category","embeddable":true,"href":"https:\/\/correiodasemana.com\/site\/wp-json\/wp\/v2\/categories?post=30879"},{"taxonomy":"post_tag","embeddable":true,"href":"https:\/\/correiodasemana.com\/site\/wp-json\/wp\/v2\/tags?post=30879"}],"curies":[{"name":"wp","href":"https:\/\/api.w.org\/{rel}","templated":true}]}}