{"id":31282,"date":"2024-11-03T17:36:59","date_gmt":"2024-11-03T20:36:59","guid":{"rendered":"https:\/\/correiodasemana.com\/site\/?p=31282"},"modified":"2024-11-03T17:36:59","modified_gmt":"2024-11-03T20:36:59","slug":"nao-foram-voces","status":"publish","type":"post","link":"https:\/\/correiodasemana.com\/site\/nao-foram-voces\/","title":{"rendered":"\u201cN\u00c3O! FORAM VOC\u00caS!\u201d"},"content":{"rendered":"<p>H\u00e1 algum tempo deparei-me com uma discuss\u00e3o no Facebook a respeito da qualidade, ou melhor, da falta de qualidade de alguns programas e de alguns comunicadores da radiofonia local. A quest\u00e3o foi levantada por um ass\u00edduo ouvinte de r\u00e1dio, daqueles apaixonados pelo sem fio. Daqueles que ziguezagueiam diariamente no dial, em busca do melhor para escutar; Enfim, trata-se de ouvinte qualificad\u00edssimo, homem de personalidade e cultura invej\u00e1veis.<br \/>\nAssociaram-se \u00e0 preocupa\u00e7\u00e3o dele alguns comunicadores e muitos outros ouvintes. Insistentemente, instigaram-me a compartilhar minha avalia\u00e7\u00e3o e algumas sugest\u00f5es visando \u00e0 melhoria da comunica\u00e7\u00e3o pelo r\u00e1dio.<br \/>\nMais leitura, mais conhecimento e consci\u00eancia do que vai falar, mais respeito ao nosso vern\u00e1culo, mais reciclagem, mais treinamento, mais responsabilidade nas afirma\u00e7\u00f5es, mais respeito ao ouvinte (banimento do palavreado chulo), criteriosa sele\u00e7\u00e3o da parte de quem forma radialista atrav\u00e9s dos cursos profissionalizantes e mais vigil\u00e2ncia das dire\u00e7\u00f5es e do sindicato da categoria a respeito do que ir\u00e1 ao ar, bem como quando \u00e0 capacidade e \u00e0 idoneidade dos que ir\u00e3o empunhar um microfone. Essas foram algumas das ideias e sugest\u00f5es com que pude contribuir naquele debate.<br \/>\nAl\u00e9m dessas medidas, pe\u00e7o permiss\u00e3o para acrescentar mais duas coisinhas: humildade e independ\u00eancia dos profissionais. Subservi\u00eancia de forma nenhuma, principalmente a (subservi\u00eancia) pol\u00edtica. Infelizmente, o que ocorre \u00e9 que muitos profissionais do microfone tratam pol\u00edticos n\u00e3o como empregados do povo, mas como patr\u00f5es a quem se deve obedi\u00eancia cega e ilimitada. \u00c9 tamb\u00e9m lament\u00e1vel que alguns comunicadores ainda acham que ter um microfone na m\u00e3o garante status de todo-poderoso, fazendo arrotar uma falsa valentia n\u00e3o para argumentar, mas para afrontar, para tentar intimidar e ganhar no grito. Ledo engano, pois a verdadeira coragem implica em combater usando a educa\u00e7\u00e3o e do poder de persuas\u00e3o, embasado no conhecimento e na imparcialidade.<br \/>\nComo radialista, considero imprescind\u00edvel que cada um (de n\u00f3s) seja capaz de reconhecer as falhas, ter humildade para aceitar e agradecer avalia\u00e7\u00f5es sinceras, para assumir erros e para pedir ajuda a fim de melhorar. Trata-se de uma virtude extremamente essencial n\u00e3o apenas ao comunicador, mas a todo ser humano.<br \/>\nEsse modo de visualizar a quest\u00e3o do r\u00e1dio de hoje chega a confundir colegas menos esclarecidos ou de baixa taxa de humildade. Tacharam\u2013me at\u00e9 de jogar do lado contr\u00e1rio, ou seja, ser contra a categoria. Discordo frontalmente quando ou\u00e7o companheiro dizer: estando o radialista certo ou errado estou do lado dele. Para o bem de todos, meu senso de imparcialidade n\u00e3o permite curvar-me a esta terr\u00edvel incoer\u00eancia, a este corporativismo irrespons\u00e1vel<br \/>\nPor falar nosso, relembro que semanalmente eu mantinha nesta Coluna o t\u00f3pico \u201cP\u00c9ROLAS DO R\u00c1DIO\u201d, que, a pedidos, retorna j\u00e1 hoje (leia abaixo). Pois bem, aqui e acol\u00e1 eu esbarrava com alguns desses \u201cpobres necessitados\u201d de mais humildade. Num dos casos tive de parodiar Picasso.<br \/>\n\u201cN\u00c3O! FORAM VOC\u00caS!\u201d. Assim respondeu o pintor espanhol Pablo Picasso (1881-1973), quando visitado e indagado por oficiais nazistas em 1940, a respeito da fotografia do quadro Guernica encontrada em seu apartamento em Paris. A obra mostra, na vis\u00e3o do artista, a situa\u00e7\u00e3o em que ficou a cidade de Guernica, ap\u00f3s bombardeio pelos avi\u00f5es da Luftwaffe de Adolf Hitler.<br \/>\nPerguntaram, ent\u00e3o, os militares: \u201cFOI VOC\u00ca QUE FEZ ISSO?\u201d De forma taxativa e sarcasticamente disse Picasso: \u201cN\u00c3O! FORAM VOC\u00caS!\u201d. Coisa de g\u00eanio.<br \/>\nMesmo em menor n\u00famero do que o dos cumprimentos e agradecimentos de companheiros, ouvintes e leitores, tamb\u00e9m tomo conhecimento da insatisfa\u00e7\u00e3o de alguns, geralmente s\u00e3o autores das aut\u00eanticas \u201cobras de arte sonoras\u201d, que aqui se transformam nas P\u00e9rolas do R\u00e1dio. Eu soube, at\u00e9, que alguns chegavam a fazer beicinho e se melindram bastante.<br \/>\nPois n\u00e3o \u00e9 que dois deles chegaram a mim e perguntaram: \u201cFOI VOC\u00ca QUE FEZ ISSO?\u201d, referindo-se ao t\u00f3pico da Coluna.<br \/>\nA resposta, id\u00eantica \u00e0 de Picasso, estava na ponta da l\u00edngua: \u201cN\u00c3O! FORAM VOC\u00caS!\u201d. Mas meus amiguinhos n\u00e3o entenderam. Enfim, quem comete o erro ou deslizes?<br \/>\nDesejo que os colegas saibam que s\u00f3 quero ajudar. E ser ajudado. E daqui vai um recado \u00e0queles que usaram o Facebook para tentar melhorar nossa categoria: que continuem! Isso faz bem a n\u00f3s, tanto como homens\/mulheres e como profissionais.<br \/>\nE a n\u00f3s, profissionais, mais humildade, e m\u00e3os \u00e0 obra para dar mais qualidade \u00e0 nossa comunica\u00e7\u00e3o. Particularmente, e de cora\u00e7\u00e3o, pe\u00e7o a todos: Quando eu errar, CORRIJAM-ME, por favor. Uma coisa garanto: Serei eternamente grato pela valiosa colabora\u00e7\u00e3o.<br \/>\n****<br \/>\nP\u00e9rolas do R\u00e1dio<br \/>\nUm leitor\/ouvinte me repassou o que um radialista lhe sugeriu: \u201cN\u00e3o perda tempo lendo as P\u00e9rolas do R\u00e1dio\u201d. Agora, se o colega ler pelo menos essa ficar\u00e1 sabendo que: Perca \u00e9 verbo; perda (preju\u00edzo) \u00e9 substantivo. \u00c9 direito do companheiro n\u00e3o gostar das P\u00e9rolas. Tamb\u00e9m \u00e9 direito dos ouvintes exigirem que ele n\u00e3o as produza com tanta frequ\u00eancia e que ele deixe de maltratar tanto nosso sofrido Portugu\u00eas. E corrigindo seu desabafo, que o amigo diga, doravante, com acerto: \u201cN\u00c3O PERCA TEMPO LENDO AS P\u00c9ROLAS DO R\u00c1DIO\u201d.<\/p>\n<p>DIA DO RADIALISTA: N\u00c3O CONFUNDA MAIS<br \/>\nA respeito das datas que homenageiam os profissionais que militam no R\u00e1dio pairam muitas d\u00favidas, inclusive entre radialistas. Eis as principais datas do r\u00e1dio:<br \/>\n21 DE SETEMBRO &#8211; Dia Internacional do R\u00e1dio e do Radialista. Trata-se da data em que Orson Welles, em 1930, fez a sua hist\u00f3rica transmiss\u00e3o da adapta\u00e7\u00e3o de \u201cA Guerra dos Mundos\u201d, baseado no romance do ingl\u00eas H.G. Wells, no programa Teatro Merc\u00fario no Ar, em Londres, Inglaterra.<br \/>\n25 DE SETEMBRO &#8211; Dia Nacional da Radiodifus\u00e3o &#8211; Data do nascimento de Edgar Roquette Pinto (1884-1954), fundador da primeira emissora de radiodifus\u00e3o do Brasil, a Sociedade no Rio de Janeiro.<br \/>\n7 DE NOVEMBRO &#8211; Dia oficial do Radialista no Brasil, criada h\u00e1 onze anos. Data natal\u00edcia do compositor, m\u00fasico, pol\u00edtico e radialista Ary Barroso (foto). Ary Evangelista de Resende Barroso, nasceu a 7 de novembro de 1903, em Ub\u00e1 (MG), e faleceu no dia 9 de fevereiro de 1964 (domingo de carnaval), no Rio de Janeiro, RJ.<br \/>\nO Dia Nacional do Radialista, antes comemorado em 21.09, nasceu do projeto do advogado, radialista e deputado Jo\u00e3o Sandes Junior (PP-GO), que culminou na lei 11.327, de 24.07.2006, conforme Di\u00e1rio oficial da Uni\u00e3o de 25.07.06.<\/p>\n","protected":false},"excerpt":{"rendered":"<p>H\u00e1 algum tempo deparei-me com uma discuss\u00e3o no Facebook a respeito da qualidade, ou melhor,&#8230;<\/p>\n","protected":false},"author":7,"featured_media":24516,"comment_status":"open","ping_status":"open","sticky":false,"template":"","format":"standard","meta":{"_jetpack_memberships_contains_paid_content":false,"footnotes":"","jetpack_publicize_message":"","jetpack_publicize_feature_enabled":true,"jetpack_social_post_already_shared":true,"jetpack_social_options":{"image_generator_settings":{"template":"highway","default_image_id":0,"font":"","enabled":false},"version":2}},"categories":[11,82],"tags":[],"class_list":["post-31282","post","type-post","status-publish","format-standard","has-post-thumbnail","hentry","category-artigos","category-poucas-e-boas"],"jetpack_publicize_connections":[],"jetpack_featured_media_url":"https:\/\/correiodasemana.com\/site\/wp-content\/uploads\/2023\/05\/artemisio-da-costa-2.jpg","jetpack-related-posts":[{"id":26619,"url":"https:\/\/correiodasemana.com\/site\/poucas-e-boas-17\/","url_meta":{"origin":31282,"position":0},"title":"POUCAS E BOAS","author":"adminredacao","date":"Setembro 25, 2023","format":false,"excerpt":"\u201cR\u00e1dio: Oportunidade perdida...\u201d No Brasil, desde 2006, o Dia Nacional dos Radialistas passou a ser comemorado em 07 de novembro, numa homenagem ao m\u00fasico, pol\u00edtico e radialista Ary Barroso (1903-1964). Trata-se de profissionais que, juntamente com os que fazem jornal, televis\u00e3o e as novas m\u00eddias (internet), s\u00e3o os principais agentes\u2026","rel":"","context":"In &quot;Artigos&quot;","block_context":{"text":"Artigos","link":"https:\/\/correiodasemana.com\/site\/category\/artigos\/"},"img":{"alt_text":"","src":"https:\/\/i0.wp.com\/correiodasemana.com\/site\/wp-content\/uploads\/2023\/05\/artemisio-da-costa-2.jpg?resize=350%2C200&ssl=1","width":350,"height":200},"classes":[]},{"id":17920,"url":"https:\/\/correiodasemana.com\/site\/ary-barroso\/","url_meta":{"origin":31282,"position":1},"title":"Ary Barroso","author":"","date":"Novembro 7, 2021","format":false,"excerpt":"No Brasil, desde 2006, o Dia Nacional dos Radialistas passou a ser comemorado em 07 de novembro, numa homenagem ao m\u00fasico, pol\u00edtico e radialista Ary Barroso (1903-1964). Tratam-se de profissionais que, juntamente com os que fazem jornal, televis\u00e3o e as novas m\u00eddias (internet), s\u00e3o os principais agentes na famosa senten\u00e7a\u2026","rel":"","context":"In &quot;Artigos&quot;","block_context":{"text":"Artigos","link":"https:\/\/correiodasemana.com\/site\/category\/artigos\/"},"img":{"alt_text":"","src":"https:\/\/i0.wp.com\/correiodasemana.com\/site\/wp-content\/uploads\/2020\/02\/artemisio-da-costa.jpg?resize=350%2C200&ssl=1","width":350,"height":200},"classes":[]},{"id":25384,"url":"https:\/\/correiodasemana.com\/site\/radio-educadora-fm-107-5-ouvintes-participam-de-santa-missa-em-comemoracao-aos-64-anos-de-criacao\/","url_meta":{"origin":31282,"position":2},"title":"R\u00e1dio Educadora FM 107.5: Ouvintes participam de Santa Missa em comemora\u00e7\u00e3o aos 64 anos de cria\u00e7\u00e3o","author":"adminredacao","date":"Junho 26, 2023","format":false,"excerpt":"Reunidos no p\u00e1tio da C\u00faria Diocesana, os ouvintes encontraram-se na tarde desta sexta-feira, 23\/06, para celebrar os sessenta e quatro anos da R\u00e1dio Educadora FM 107.5. O diretor administrativo, Pe. Lucas Moreira, celebrou a Santa Missa em a\u00e7\u00e3o de gra\u00e7as. A R\u00e1dio Educadora do Nordeste, nasceu do esfor\u00e7o do Monsenhor\u2026","rel":"","context":"In &quot;Atualidade&quot;","block_context":{"text":"Atualidade","link":"https:\/\/correiodasemana.com\/site\/category\/atualidade\/"},"img":{"alt_text":"","src":"https:\/\/i0.wp.com\/correiodasemana.com\/site\/wp-content\/uploads\/2023\/06\/radio-educadora-64-anos-diocese-de-sobral-7.jpeg?resize=350%2C200&ssl=1","width":350,"height":200,"srcset":"https:\/\/i0.wp.com\/correiodasemana.com\/site\/wp-content\/uploads\/2023\/06\/radio-educadora-64-anos-diocese-de-sobral-7.jpeg?resize=350%2C200&ssl=1 1x, https:\/\/i0.wp.com\/correiodasemana.com\/site\/wp-content\/uploads\/2023\/06\/radio-educadora-64-anos-diocese-de-sobral-7.jpeg?resize=525%2C300&ssl=1 1.5x, https:\/\/i0.wp.com\/correiodasemana.com\/site\/wp-content\/uploads\/2023\/06\/radio-educadora-64-anos-diocese-de-sobral-7.jpeg?resize=700%2C400&ssl=1 2x, https:\/\/i0.wp.com\/correiodasemana.com\/site\/wp-content\/uploads\/2023\/06\/radio-educadora-64-anos-diocese-de-sobral-7.jpeg?resize=1050%2C600&ssl=1 3x, https:\/\/i0.wp.com\/correiodasemana.com\/site\/wp-content\/uploads\/2023\/06\/radio-educadora-64-anos-diocese-de-sobral-7.jpeg?resize=1400%2C800&ssl=1 4x"},"classes":[]},{"id":31913,"url":"https:\/\/correiodasemana.com\/site\/radio-educadora-radialistas-reunem-se-para-missa-em-acao-de-gracas\/","url_meta":{"origin":31282,"position":3},"title":"R\u00e1dio Educadora: Radialistas re\u00fanem-se para Missa em A\u00e7\u00e3o de Gra\u00e7as","author":"adminredacao","date":"Dezembro 24, 2024","format":false,"excerpt":"Na tarde desta sexta-feira, 20 de dezembro, os radialistas da R\u00e1dio Educadora FM 107.5 participaram da Missa em A\u00e7\u00e3o de Gra\u00e7as pelas conquistas realizadas neste ano de 2024, em um momento de confraterniza\u00e7\u00e3o. A missa foi presidida por Padre Lucas Moreira, diretor da emissora. Estiveram presentes comunicadores e ouvintes que\u2026","rel":"","context":"In &quot;Atualidade&quot;","block_context":{"text":"Atualidade","link":"https:\/\/correiodasemana.com\/site\/category\/atualidade\/"},"img":{"alt_text":"","src":"https:\/\/i0.wp.com\/correiodasemana.com\/site\/wp-content\/uploads\/2024\/12\/paroquia-dom-jose-4-scaled.jpg?resize=350%2C200&ssl=1","width":350,"height":200,"srcset":"https:\/\/i0.wp.com\/correiodasemana.com\/site\/wp-content\/uploads\/2024\/12\/paroquia-dom-jose-4-scaled.jpg?resize=350%2C200&ssl=1 1x, https:\/\/i0.wp.com\/correiodasemana.com\/site\/wp-content\/uploads\/2024\/12\/paroquia-dom-jose-4-scaled.jpg?resize=525%2C300&ssl=1 1.5x, https:\/\/i0.wp.com\/correiodasemana.com\/site\/wp-content\/uploads\/2024\/12\/paroquia-dom-jose-4-scaled.jpg?resize=700%2C400&ssl=1 2x, https:\/\/i0.wp.com\/correiodasemana.com\/site\/wp-content\/uploads\/2024\/12\/paroquia-dom-jose-4-scaled.jpg?resize=1050%2C600&ssl=1 3x, https:\/\/i0.wp.com\/correiodasemana.com\/site\/wp-content\/uploads\/2024\/12\/paroquia-dom-jose-4-scaled.jpg?resize=1400%2C800&ssl=1 4x"},"classes":[]},{"id":30264,"url":"https:\/\/correiodasemana.com\/site\/poucas-e-boas-41\/","url_meta":{"origin":31282,"position":4},"title":"POUCAS E BOAS","author":"adminredacao","date":"Agosto 3, 2024","format":false,"excerpt":"\u201cPadizim r\u00e9i, bem re\u00edm\u201d Estamos em pleno m\u00eas prop\u00edcio para se falar muito em voca\u00e7\u00e3o, algo muitas vezes confundido com profiss\u00e3o. E esse \u00e9 o motivo da frustra\u00e7\u00e3o e do insucesso de muita gente, ocasionado por uma escolha errada quanto \u00e0quilo que resolveu desenvolver na vida. O Jornal Correio da\u2026","rel":"","context":"In &quot;Artigos&quot;","block_context":{"text":"Artigos","link":"https:\/\/correiodasemana.com\/site\/category\/artigos\/"},"img":{"alt_text":"","src":"https:\/\/i0.wp.com\/correiodasemana.com\/site\/wp-content\/uploads\/2023\/05\/artemisio-da-costa-2.jpg?resize=350%2C200&ssl=1","width":350,"height":200},"classes":[]},{"id":15883,"url":"https:\/\/correiodasemana.com\/site\/araujo-pachelle-uma-paixao-pelo-radio\/","url_meta":{"origin":31282,"position":5},"title":"Ara\u00fajo Pachelle, uma paix\u00e3o pelo R\u00e1dio","author":"","date":"Mar\u00e7o 7, 2021","format":false,"excerpt":"O r\u00e1dio \u00e9 um meio de comunica\u00e7\u00e3o completo, que se completa dentro de cada ouvinte. O som \u00e9 sua caracter\u00edstica principal. Se faz no agora. Tem o poder de provocar imagens, despertar curiosidades, instigar todos os sentidos. E \u00e9 com essas palavras que homenageamos ao Sr. Ara\u00fajo Pachelle. Radialista, jornalista,\u2026","rel":"","context":"In &quot;Atualidade&quot;","block_context":{"text":"Atualidade","link":"https:\/\/correiodasemana.com\/site\/category\/atualidade\/"},"img":{"alt_text":"","src":"https:\/\/i0.wp.com\/correiodasemana.com\/site\/wp-content\/uploads\/2021\/03\/Pachelle-e-Anita.jpg?resize=350%2C200&ssl=1","width":350,"height":200,"srcset":"https:\/\/i0.wp.com\/correiodasemana.com\/site\/wp-content\/uploads\/2021\/03\/Pachelle-e-Anita.jpg?resize=350%2C200&ssl=1 1x, https:\/\/i0.wp.com\/correiodasemana.com\/site\/wp-content\/uploads\/2021\/03\/Pachelle-e-Anita.jpg?resize=525%2C300&ssl=1 1.5x, https:\/\/i0.wp.com\/correiodasemana.com\/site\/wp-content\/uploads\/2021\/03\/Pachelle-e-Anita.jpg?resize=700%2C400&ssl=1 2x"},"classes":[]}],"jetpack_sharing_enabled":true,"_links":{"self":[{"href":"https:\/\/correiodasemana.com\/site\/wp-json\/wp\/v2\/posts\/31282","targetHints":{"allow":["GET"]}}],"collection":[{"href":"https:\/\/correiodasemana.com\/site\/wp-json\/wp\/v2\/posts"}],"about":[{"href":"https:\/\/correiodasemana.com\/site\/wp-json\/wp\/v2\/types\/post"}],"author":[{"embeddable":true,"href":"https:\/\/correiodasemana.com\/site\/wp-json\/wp\/v2\/users\/7"}],"replies":[{"embeddable":true,"href":"https:\/\/correiodasemana.com\/site\/wp-json\/wp\/v2\/comments?post=31282"}],"version-history":[{"count":1,"href":"https:\/\/correiodasemana.com\/site\/wp-json\/wp\/v2\/posts\/31282\/revisions"}],"predecessor-version":[{"id":31283,"href":"https:\/\/correiodasemana.com\/site\/wp-json\/wp\/v2\/posts\/31282\/revisions\/31283"}],"wp:featuredmedia":[{"embeddable":true,"href":"https:\/\/correiodasemana.com\/site\/wp-json\/wp\/v2\/media\/24516"}],"wp:attachment":[{"href":"https:\/\/correiodasemana.com\/site\/wp-json\/wp\/v2\/media?parent=31282"}],"wp:term":[{"taxonomy":"category","embeddable":true,"href":"https:\/\/correiodasemana.com\/site\/wp-json\/wp\/v2\/categories?post=31282"},{"taxonomy":"post_tag","embeddable":true,"href":"https:\/\/correiodasemana.com\/site\/wp-json\/wp\/v2\/tags?post=31282"}],"curies":[{"name":"wp","href":"https:\/\/api.w.org\/{rel}","templated":true}]}}