{"id":31291,"date":"2024-11-03T17:40:36","date_gmt":"2024-11-03T20:40:36","guid":{"rendered":"https:\/\/correiodasemana.com\/site\/?p=31291"},"modified":"2024-11-03T17:40:36","modified_gmt":"2024-11-03T20:40:36","slug":"diocese-de-sobral-realizara-42a-assembleia-diocesana-de-evangelizacao","status":"publish","type":"post","link":"https:\/\/correiodasemana.com\/site\/diocese-de-sobral-realizara-42a-assembleia-diocesana-de-evangelizacao\/","title":{"rendered":"Diocese de Sobral realizar\u00e1 42\u00aa Assembleia Diocesana de Evangeliza\u00e7\u00e3o"},"content":{"rendered":"<p>Nos dias 08 e 09 de novembro a igreja diocesana de Sobral realizar\u00e1 a 42\u00aa Assembleia Diocesana de Evangeliza\u00e7\u00e3o, com o tema: \u201cPeregrinos da Esperan\u00e7a\u201d e o lema: \u201cEnsina-nos a rezar\u201d. (Lc. 11,1). O encontro acontecer\u00e1 no Centro de Treinamento Dom Aldo Di Cillo Pagotto (Cetreso), em Sobral.<br \/>\nEste ano a assembleia tem o car\u00e1ter formativo e oracional e ser\u00e1 assessorada por Padre Arnoldo Sales, coordenador diocesano de evangeliza\u00e7\u00e3o da Diocese de Itapipoca, e contar\u00e1 com cerca de 146 participantes de toda a diocese.<br \/>\nO encontro re\u00fane o Clero Diocesano, um representante do CPP de cada par\u00f3quia, representantes das pastorais, movimentos e servi\u00e7os; religiosas, novas comunidades, entre outras representa\u00e7\u00f5es para pautar a\u00e7\u00f5es pastorais importantes para a Igreja Particular.<br \/>\nEstar em unidade na assembleia \u00e9 sinal de express\u00e3o viva da sinodalidade vivida por anos, mas que agora \u00e9 chamada a um aprofundamento no seu modo de viver.<br \/>\nThais Helena &#8211; Jornalista &#8211; Jornal Correio da Semana<\/p>\n","protected":false},"excerpt":{"rendered":"<p>Nos dias 08 e 09 de novembro a igreja diocesana de Sobral realizar\u00e1 a 42\u00aa&#8230;<\/p>\n","protected":false},"author":7,"featured_media":31292,"comment_status":"open","ping_status":"open","sticky":false,"template":"","format":"standard","meta":{"_jetpack_newsletter_access":"","_jetpack_dont_email_post_to_subs":false,"_jetpack_newsletter_tier_id":0,"_jetpack_memberships_contains_paywalled_content":false,"_jetpack_feature_clip_id":0,"_jetpack_memberships_contains_paid_content":false,"footnotes":"","jetpack_publicize_message":"","jetpack_publicize_feature_enabled":true,"jetpack_social_post_already_shared":true,"jetpack_social_options":{"image_generator_settings":{"template":"highway","default_image_id":0,"font":"","enabled":false},"version":2},"jetpack_post_was_ever_published":false},"categories":[1],"tags":[],"class_list":["post-31291","post","type-post","status-publish","format-standard","has-post-thumbnail","hentry","category-atualidade"],"jetpack_publicize_connections":[],"featured_image_urls":{"full":["https:\/\/correiodasemana.com\/site\/wp-content\/uploads\/2024\/11\/WhatsApp-Image-2024-11-02-at-19.00.16.jpeg",1080,1080,false],"thumbnail":["https:\/\/correiodasemana.com\/site\/wp-content\/uploads\/2024\/11\/WhatsApp-Image-2024-11-02-at-19.00.16-150x150.jpeg",150,150,true],"medium":["https:\/\/correiodasemana.com\/site\/wp-content\/uploads\/2024\/11\/WhatsApp-Image-2024-11-02-at-19.00.16-300x300.jpeg",300,300,true],"medium_large":["https:\/\/correiodasemana.com\/site\/wp-content\/uploads\/2024\/11\/WhatsApp-Image-2024-11-02-at-19.00.16-768x768.jpeg",640,640,true],"large":["https:\/\/correiodasemana.com\/site\/wp-content\/uploads\/2024\/11\/WhatsApp-Image-2024-11-02-at-19.00.16-1024x1024.jpeg",640,640,true],"1536x1536":["https:\/\/correiodasemana.com\/site\/wp-content\/uploads\/2024\/11\/WhatsApp-Image-2024-11-02-at-19.00.16.jpeg",1080,1080,false],"2048x2048":["https:\/\/correiodasemana.com\/site\/wp-content\/uploads\/2024\/11\/WhatsApp-Image-2024-11-02-at-19.00.16.jpeg",1080,1080,false],"covernews-featured":["https:\/\/correiodasemana.com\/site\/wp-content\/uploads\/2024\/11\/WhatsApp-Image-2024-11-02-at-19.00.16-1024x1024.jpeg",1024,1024,true],"covernews-medium":["https:\/\/correiodasemana.com\/site\/wp-content\/uploads\/2024\/11\/WhatsApp-Image-2024-11-02-at-19.00.16-540x340.jpeg",540,340,true]},"author_info":{"info":["adminredacao"]},"category_info":"<a href=\"https:\/\/correiodasemana.com\/site\/category\/atualidade\/\" rel=\"category tag\">Atualidade<\/a>","tag_info":"Atualidade","comment_count":"0","jetpack-related-posts":[{"id":31373,"url":"https:\/\/correiodasemana.com\/site\/diocese-de-sobral-realiza-42a-assembleia-diocesana-de-evangelizacao\/","url_meta":{"origin":31291,"position":0},"title":"Diocese de Sobral realiza 42\u00aa Assembleia Diocesana de Evangeliza\u00e7\u00e3o","author":"adminredacao","date":"Novembro 18, 2024","format":false,"excerpt":"Nos dias 8 e 9 de novembro, aconteceu a 42\u00aa Assembleia Diocesana de Evangeliza\u00e7\u00e3o no Centro de Treinamento de Sobral Dom Aldo Di Cillo Pagotto (Cetreso), com o tema: \u201cPeregrinos da Esperan\u00e7a\u201d, e o lema: \u201cEnsinai-nos a rezar\u201d. (Lc 11, 1). Nesta edi\u00e7\u00e3o, o intuito foi de favorecer espa\u00e7o para\u2026","rel":"","context":"In &quot;Atualidade&quot;","block_context":{"text":"Atualidade","link":"https:\/\/correiodasemana.com\/site\/category\/atualidade\/"},"img":{"alt_text":"","src":"https:\/\/i0.wp.com\/correiodasemana.com\/site\/wp-content\/uploads\/2024\/11\/42-assembleia-diocesana-de-sobral-4.jpeg?resize=350%2C200&ssl=1","width":350,"height":200,"srcset":"https:\/\/i0.wp.com\/correiodasemana.com\/site\/wp-content\/uploads\/2024\/11\/42-assembleia-diocesana-de-sobral-4.jpeg?resize=350%2C200&ssl=1 1x, https:\/\/i0.wp.com\/correiodasemana.com\/site\/wp-content\/uploads\/2024\/11\/42-assembleia-diocesana-de-sobral-4.jpeg?resize=525%2C300&ssl=1 1.5x, https:\/\/i0.wp.com\/correiodasemana.com\/site\/wp-content\/uploads\/2024\/11\/42-assembleia-diocesana-de-sobral-4.jpeg?resize=700%2C400&ssl=1 2x, https:\/\/i0.wp.com\/correiodasemana.com\/site\/wp-content\/uploads\/2024\/11\/42-assembleia-diocesana-de-sobral-4.jpeg?resize=1050%2C600&ssl=1 3x, https:\/\/i0.wp.com\/correiodasemana.com\/site\/wp-content\/uploads\/2024\/11\/42-assembleia-diocesana-de-sobral-4.jpeg?resize=1400%2C800&ssl=1 4x"},"classes":[]},{"id":39672,"url":"https:\/\/correiodasemana.com\/site\/assembleia-diocesana-do-laicato-renova-lideranca-e-reafirma-missao-evangelizadora-dos-leigos\/","url_meta":{"origin":31291,"position":1},"title":"Assembleia Diocesana do Laicato renova lideran\u00e7a e reafirma miss\u00e3o evangelizadora dos leigos","author":"adminredacao","date":"Agosto 24, 2026","format":false,"excerpt":"A Diocese de Sobral realizou, neste s\u00e1bado (25\/07), a Assembleia Diocesana do Laicato, no Audit\u00f3rio Dom Walfrido, na C\u00faria Diocesana de Sobral. O encontro reuniu o bispo diocesano, Dom Jos\u00e9 Luiz Gomes de Vasconcelos, e representantes leigos de diversos grupos, movimentos e pastorais. A programa\u00e7\u00e3o teve in\u00edcio com um momento\u2026","rel":"","context":"In &quot;Diocese&quot;","block_context":{"text":"Diocese","link":"https:\/\/correiodasemana.com\/site\/category\/diocese\/"},"img":{"alt_text":"","src":"https:\/\/i0.wp.com\/correiodasemana.com\/site\/wp-content\/uploads\/2026\/08\/assembleia-do-laicato-3.jpeg?resize=350%2C200&ssl=1","width":350,"height":200,"srcset":"https:\/\/i0.wp.com\/correiodasemana.com\/site\/wp-content\/uploads\/2026\/08\/assembleia-do-laicato-3.jpeg?resize=350%2C200&ssl=1 1x, https:\/\/i0.wp.com\/correiodasemana.com\/site\/wp-content\/uploads\/2026\/08\/assembleia-do-laicato-3.jpeg?resize=525%2C300&ssl=1 1.5x, https:\/\/i0.wp.com\/correiodasemana.com\/site\/wp-content\/uploads\/2026\/08\/assembleia-do-laicato-3.jpeg?resize=700%2C400&ssl=1 2x, https:\/\/i0.wp.com\/correiodasemana.com\/site\/wp-content\/uploads\/2026\/08\/assembleia-do-laicato-3.jpeg?resize=1050%2C600&ssl=1 3x"},"classes":[]},{"id":39707,"url":"https:\/\/correiodasemana.com\/site\/conselho-diocesano-de-evangelizacao-define-proximos-passos-do-processo-sinodal-na-diocese-de-sobral\/","url_meta":{"origin":31291,"position":2},"title":"Conselho Diocesano de Evangeliza\u00e7\u00e3o define pr\u00f3ximos passos do processo sinodal na Diocese de Sobral","author":"adminredacao","date":"Agosto 24, 2026","format":false,"excerpt":"O Conselho Diocesano de Evangeliza\u00e7\u00e3o reuniu-se na \u00faltima quarta-feira (12\/08), no Audit\u00f3rio Dom Walfrido, na C\u00faria Diocesana de Sobral. Desta vez, a reuni\u00e3o foi voltada para avaliar o processo sinodal em curso na Diocese e definir os pr\u00f3ximos passos da caminhada evangelizadora. O encontro contou com a presen\u00e7a do bispo\u2026","rel":"","context":"In &quot;Diocese&quot;","block_context":{"text":"Diocese","link":"https:\/\/correiodasemana.com\/site\/category\/diocese\/"},"img":{"alt_text":"","src":"https:\/\/i0.wp.com\/correiodasemana.com\/site\/wp-content\/uploads\/2026\/08\/conselho-diocesano-de-sobral-3.jpeg?resize=350%2C200&ssl=1","width":350,"height":200,"srcset":"https:\/\/i0.wp.com\/correiodasemana.com\/site\/wp-content\/uploads\/2026\/08\/conselho-diocesano-de-sobral-3.jpeg?resize=350%2C200&ssl=1 1x, https:\/\/i0.wp.com\/correiodasemana.com\/site\/wp-content\/uploads\/2026\/08\/conselho-diocesano-de-sobral-3.jpeg?resize=525%2C300&ssl=1 1.5x, https:\/\/i0.wp.com\/correiodasemana.com\/site\/wp-content\/uploads\/2026\/08\/conselho-diocesano-de-sobral-3.jpeg?resize=700%2C400&ssl=1 2x, https:\/\/i0.wp.com\/correiodasemana.com\/site\/wp-content\/uploads\/2026\/08\/conselho-diocesano-de-sobral-3.jpeg?resize=1050%2C600&ssl=1 3x"},"classes":[]},{"id":21636,"url":"https:\/\/correiodasemana.com\/site\/diocese-de-sobral-promove-40a-assembleia-diocesana-de-evangelizacao\/","url_meta":{"origin":31291,"position":3},"title":"Diocese de Sobral promove 40\u00aa Assembleia Diocesana de Evangeliza\u00e7\u00e3o","author":"","date":"Novembro 13, 2022","format":false,"excerpt":"A Diocese de Sobral promoveu nos dias 04 e 05 de novembro, sua Assembleia Diocesana de Evangeliza\u00e7\u00e3o, no CETRESO (Centro de Treinamento de Sobral) O evento contou com a participa\u00e7\u00e3o do bispo diocesano, Dom Vasconcelos, clero, religiosas (os), seminaristas, coordenadores diocesanos dos grupos, pastorais, movimentos e pilares. Tamb\u00e9m marcou presen\u00e7a,\u2026","rel":"","context":"In &quot;Atualidade&quot;","block_context":{"text":"Atualidade","link":"https:\/\/correiodasemana.com\/site\/category\/atualidade\/"},"img":{"alt_text":"","src":"https:\/\/i0.wp.com\/correiodasemana.com\/site\/wp-content\/uploads\/2022\/11\/encontro-diocesano.jpg?resize=350%2C200&ssl=1","width":350,"height":200,"srcset":"https:\/\/i0.wp.com\/correiodasemana.com\/site\/wp-content\/uploads\/2022\/11\/encontro-diocesano.jpg?resize=350%2C200&ssl=1 1x, https:\/\/i0.wp.com\/correiodasemana.com\/site\/wp-content\/uploads\/2022\/11\/encontro-diocesano.jpg?resize=525%2C300&ssl=1 1.5x, https:\/\/i0.wp.com\/correiodasemana.com\/site\/wp-content\/uploads\/2022\/11\/encontro-diocesano.jpg?resize=700%2C400&ssl=1 2x, https:\/\/i0.wp.com\/correiodasemana.com\/site\/wp-content\/uploads\/2022\/11\/encontro-diocesano.jpg?resize=1050%2C600&ssl=1 3x"},"classes":[]},{"id":15684,"url":"https:\/\/correiodasemana.com\/site\/38a-assembleia-diocesana-de-evangelizacao-e-realizada-pela-diocese-de-sobral\/","url_meta":{"origin":31291,"position":4},"title":"38\u00aa Assembleia Diocesana de Evangeliza\u00e7\u00e3o \u00e9 realizada pela Diocese de Sobral","author":"","date":"Fevereiro 16, 2021","format":false,"excerpt":"Por Samuel Carvalho - Reda\u00e7\u00e3o Correio da Semana No dia 6 de fevereiro, \u00e0s 09h, aconteceu a 38\u00aa assembleia diocesana de evangeliza\u00e7\u00e3o da Diocese de Sobral no Audit\u00f3rio Dom Walfrido. Compuseram a mesa o bispo diocesano Dom Jos\u00e9 Luiz Gomes de Vasconcelos, o vig\u00e1rio episcopal da regi\u00e3o sede e vig\u00e1rio\u2026","rel":"","context":"In &quot;Diocese&quot;","block_context":{"text":"Diocese","link":"https:\/\/correiodasemana.com\/site\/category\/diocese\/"},"img":{"alt_text":"","src":"https:\/\/i0.wp.com\/correiodasemana.com\/site\/wp-content\/uploads\/2021\/02\/DSC2806.jpg?resize=350%2C200&ssl=1","width":350,"height":200,"srcset":"https:\/\/i0.wp.com\/correiodasemana.com\/site\/wp-content\/uploads\/2021\/02\/DSC2806.jpg?resize=350%2C200&ssl=1 1x, https:\/\/i0.wp.com\/correiodasemana.com\/site\/wp-content\/uploads\/2021\/02\/DSC2806.jpg?resize=525%2C300&ssl=1 1.5x, https:\/\/i0.wp.com\/correiodasemana.com\/site\/wp-content\/uploads\/2021\/02\/DSC2806.jpg?resize=700%2C400&ssl=1 2x"},"classes":[]},{"id":36338,"url":"https:\/\/correiodasemana.com\/site\/43a-assembleia-diocesana-de-evangelizacao-reune-cerca-de-200-participantes\/","url_meta":{"origin":31291,"position":5},"title":"43\u00aa Assembleia Diocesana de Evangeliza\u00e7\u00e3o re\u00fane cerca de 200 participantes","author":"adminredacao","date":"Novembro 12, 2025","format":false,"excerpt":"Com o tema \u201cCaminhar juntos: alegrias e desafios da sinodalidade\u201d, a Diocese de Sobral realizou, nos dias 7 e 8 de novembro, a 43\u00aa Assembleia Diocesana de Evangeliza\u00e7\u00e3o, no Centro de Treinamento Dom Aldo Di Cillo Pagotto (Cetreso), em Sobral. O encontro reuniu cerca de duzentos participantes, entre clero, religiosas\u2026","rel":"","context":"In &quot;Atualidade&quot;","block_context":{"text":"Atualidade","link":"https:\/\/correiodasemana.com\/site\/category\/atualidade\/"},"img":{"alt_text":"","src":"https:\/\/i0.wp.com\/correiodasemana.com\/site\/wp-content\/uploads\/2025\/11\/WhatsApp-Image-2025-11-10-at-00.04.41-4.jpeg?resize=350%2C200&ssl=1","width":350,"height":200,"srcset":"https:\/\/i0.wp.com\/correiodasemana.com\/site\/wp-content\/uploads\/2025\/11\/WhatsApp-Image-2025-11-10-at-00.04.41-4.jpeg?resize=350%2C200&ssl=1 1x, https:\/\/i0.wp.com\/correiodasemana.com\/site\/wp-content\/uploads\/2025\/11\/WhatsApp-Image-2025-11-10-at-00.04.41-4.jpeg?resize=525%2C300&ssl=1 1.5x, https:\/\/i0.wp.com\/correiodasemana.com\/site\/wp-content\/uploads\/2025\/11\/WhatsApp-Image-2025-11-10-at-00.04.41-4.jpeg?resize=700%2C400&ssl=1 2x, https:\/\/i0.wp.com\/correiodasemana.com\/site\/wp-content\/uploads\/2025\/11\/WhatsApp-Image-2025-11-10-at-00.04.41-4.jpeg?resize=1050%2C600&ssl=1 3x, https:\/\/i0.wp.com\/correiodasemana.com\/site\/wp-content\/uploads\/2025\/11\/WhatsApp-Image-2025-11-10-at-00.04.41-4.jpeg?resize=1400%2C800&ssl=1 4x"},"classes":[]}],"jetpack_sharing_enabled":true,"jetpack_featured_media_url":"https:\/\/correiodasemana.com\/site\/wp-content\/uploads\/2024\/11\/WhatsApp-Image-2024-11-02-at-19.00.16.jpeg","_links":{"self":[{"href":"https:\/\/correiodasemana.com\/site\/wp-json\/wp\/v2\/posts\/31291","targetHints":{"allow":["GET"]}}],"collection":[{"href":"https:\/\/correiodasemana.com\/site\/wp-json\/wp\/v2\/posts"}],"about":[{"href":"https:\/\/correiodasemana.com\/site\/wp-json\/wp\/v2\/types\/post"}],"author":[{"embeddable":true,"href":"https:\/\/correiodasemana.com\/site\/wp-json\/wp\/v2\/users\/7"}],"replies":[{"embeddable":true,"href":"https:\/\/correiodasemana.com\/site\/wp-json\/wp\/v2\/comments?post=31291"}],"version-history":[{"count":1,"href":"https:\/\/correiodasemana.com\/site\/wp-json\/wp\/v2\/posts\/31291\/revisions"}],"predecessor-version":[{"id":31293,"href":"https:\/\/correiodasemana.com\/site\/wp-json\/wp\/v2\/posts\/31291\/revisions\/31293"}],"wp:featuredmedia":[{"embeddable":true,"href":"https:\/\/correiodasemana.com\/site\/wp-json\/wp\/v2\/media\/31292"}],"wp:attachment":[{"href":"https:\/\/correiodasemana.com\/site\/wp-json\/wp\/v2\/media?parent=31291"}],"wp:term":[{"taxonomy":"category","embeddable":true,"href":"https:\/\/correiodasemana.com\/site\/wp-json\/wp\/v2\/categories?post=31291"},{"taxonomy":"post_tag","embeddable":true,"href":"https:\/\/correiodasemana.com\/site\/wp-json\/wp\/v2\/tags?post=31291"}],"curies":[{"name":"wp","href":"https:\/\/api.w.org\/{rel}","templated":true}]}}