{"id":31297,"date":"2024-11-03T17:44:39","date_gmt":"2024-11-03T20:44:39","guid":{"rendered":"https:\/\/correiodasemana.com\/site\/?p=31297"},"modified":"2024-11-03T17:44:39","modified_gmt":"2024-11-03T20:44:39","slug":"becco-ponto-com-190","status":"publish","type":"post","link":"https:\/\/correiodasemana.com\/site\/becco-ponto-com-190\/","title":{"rendered":"Becco ponto Com"},"content":{"rendered":"<p><strong>LIVRAI-NOS, SENHOR!<\/strong><br \/>\nDo choro farsante dos pol\u00edticos brasileiros, ufa!<br \/>\nDa sess\u00e3o paga e passa nas faculdades particulares.<br \/>\nDe uma nova \u201cC\u00e2mara camarada\u201d como as demais, ui!<br \/>\nDa cara de \u201cAndr\u00e9\u201d dos pol\u00edticos rezando para o povo.<br \/>\nDa perda de votos do PT de Lula, pelo Brasil afora, ufa!<br \/>\nDa \u201cBola de Ouro\u201d em outro pa\u00eds tomaram de Viny Jr.<br \/>\nDa ruma de lojas de vinte reais na pra\u00e7a e \u00e9 modismo.<br \/>\nDa ca\u00edda do poder Fg\u2019s na escalada pol\u00edtica moderna.<br \/>\nDa expuls\u00e3o do l\u00edder nacional Ciro Gomes do PDT, ufa!<br \/>\nDos puxa sacos virando a casaca na imprensa local.<\/p>\n<p><strong>NOTICIANDO<\/strong><br \/>\nUm grande profissional na \u00e1rea da sa\u00fade bucal e da zona Norte, tem nome: Dr. S\u00e9rgio Siebra, dentista especialista em pr\u00f3tese dent\u00e1ria que vem fazendo um trabalho digno de registro em sua \u00e1rea de atua\u00e7\u00e3o na sa\u00fade bucal. \u00c9 um grande profissional.<br \/>\nA academia do Sesi, merece sim, ser reconhecida na cidade como um local digno de respeito e amizade entre seus profissionais que d\u00e3o o sustent\u00e1culo ao bom trabalho desenvolvido naquela \u00e1rea esportiva. Merece a considera\u00e7\u00e3o e o reconhecimento desta casa de fazer o bem social para toda regi\u00e3o Norte.<br \/>\nParabenizar ao amigo de um r\u00e1dio novo. Eu falo do cidad\u00e3o, Paulo Porfirio, que mudou de idade nesta semana. \u00c9 o cara de mostrar as mazelas de Sobral e toda zona norte. Faz um r\u00e1dio s\u00e9rio pelas ondas da R\u00e1dio Paraiso FM, como rep\u00f3rter timoneiro da not\u00edcia.<br \/>\nA R\u00e1dio Pioneira tem uma atua\u00e7\u00e3o marcante em toda zona Norte do Cear\u00e1, com sua nova programa\u00e7\u00e3o no ar e agora com um grande profissional dando o tom das not\u00edcias. Falo de Juninho Linhares, \u201cO Rep\u00f3rter Ecl\u00e9tico\u201d, que se destaca como a fera desta grande emissora.<br \/>\nIvan Frota vem a\u00ed, com for\u00e7a total para o Becco do Cotovelo, ano que vem e com apoio do Centro Cultural Dom Jos\u00e9, da AABC e da Secretaria de Cultura do Governo, Oscar Rodrigues. Os bequeanos apostam neste novo projeto na cidade de Dom Jos\u00e9.<\/p>\n<p><strong><a href=\"https:\/\/correiodasemana.com\/site\/becco-ponto-com-190\/adriano-duarte\/\" rel=\"attachment wp-att-31298\"><img fetchpriority=\"high\" decoding=\"async\" class=\" wp-image-31298 alignright\" src=\"https:\/\/correiodasemana.com\/site\/wp-content\/uploads\/2024\/11\/Adriano-DUARTE.jpeg\" alt=\"\" width=\"199\" height=\"342\" srcset=\"https:\/\/correiodasemana.com\/site\/wp-content\/uploads\/2024\/11\/Adriano-DUARTE.jpeg 379w, https:\/\/correiodasemana.com\/site\/wp-content\/uploads\/2024\/11\/Adriano-DUARTE-175x300.jpeg 175w\" sizes=\"(max-width: 199px) 100vw, 199px\" \/><\/a>PERFIL: DR. ADRIANO DUARTE<\/strong><br \/>\nUm cidad\u00e3o com todas as letras, digno professor e radialista amigo de Sobral. Falo do caro, Dr. Adriano Duarte, hoje, ilustra nossa coluna por m\u00e9ritos. \u00c9 um grande profissional da \u00e1rea jur\u00eddica, um historiador de m\u00e3o cheia e um sobralense amigo. Viva Sobral!<\/p>\n<p><strong>LIVRE PENSAR:<\/strong><br \/>\n\u201cO poeta \u00e9 um ponto final do sil\u00eancio. Uma dor s\u00f3 sua\u201d. (Poeta Chico Prado &#8211; Presidente do Centro Cultural Dom Jos\u00e9 de Sobral)<\/p>\n","protected":false},"excerpt":{"rendered":"<p>LIVRAI-NOS, SENHOR! Do choro farsante dos pol\u00edticos brasileiros, ufa! Da sess\u00e3o paga e passa nas&#8230;<\/p>\n","protected":false},"author":7,"featured_media":17508,"comment_status":"open","ping_status":"open","sticky":false,"template":"","format":"standard","meta":{"_jetpack_memberships_contains_paid_content":false,"footnotes":"","jetpack_publicize_message":"","jetpack_publicize_feature_enabled":true,"jetpack_social_post_already_shared":true,"jetpack_social_options":{"image_generator_settings":{"template":"highway","default_image_id":0,"font":"","enabled":false},"version":2}},"categories":[11,27],"tags":[],"class_list":["post-31297","post","type-post","status-publish","format-standard","has-post-thumbnail","hentry","category-artigos","category-becco-ponto-com"],"jetpack_publicize_connections":[],"jetpack_featured_media_url":"https:\/\/correiodasemana.com\/site\/wp-content\/uploads\/2021\/09\/Dr-Chico-Prado-Trofeu-Dom-Jose-1-1.jpg","jetpack-related-posts":[{"id":19838,"url":"https:\/\/correiodasemana.com\/site\/becco-ponto-com-85\/","url_meta":{"origin":31297,"position":0},"title":"Becco ponto Com","author":"","date":"Maio 26, 2022","format":false,"excerpt":"Livrai-nos, senhor! 01. Da Dengue assolando Sobral de a\u00e7\u00facar. 02. Do bl\u00e1 bl\u00e1 dos t\u00edtulos de cidadania aqui. 03. Do \u2018bafo de boca\u2019 do coronel Ciro Gomes. 04. Do festival de \u2018multas injustas\u2019 na cidade. 05. Dos analfabetos nas redes sociais, ufa! 06. Do cartel desenfreado da gasolina aqui. 07.\u2026","rel":"","context":"In &quot;Artigos&quot;","block_context":{"text":"Artigos","link":"https:\/\/correiodasemana.com\/site\/category\/artigos\/"},"img":{"alt_text":"","src":"https:\/\/i0.wp.com\/correiodasemana.com\/site\/wp-content\/uploads\/2021\/09\/Dr-Chico-Prado-Trofeu-Dom-Jose-1-1.jpg?resize=350%2C200&ssl=1","width":350,"height":200,"srcset":"https:\/\/i0.wp.com\/correiodasemana.com\/site\/wp-content\/uploads\/2021\/09\/Dr-Chico-Prado-Trofeu-Dom-Jose-1-1.jpg?resize=350%2C200&ssl=1 1x, https:\/\/i0.wp.com\/correiodasemana.com\/site\/wp-content\/uploads\/2021\/09\/Dr-Chico-Prado-Trofeu-Dom-Jose-1-1.jpg?resize=525%2C300&ssl=1 1.5x, https:\/\/i0.wp.com\/correiodasemana.com\/site\/wp-content\/uploads\/2021\/09\/Dr-Chico-Prado-Trofeu-Dom-Jose-1-1.jpg?resize=700%2C400&ssl=1 2x"},"classes":[]},{"id":30185,"url":"https:\/\/correiodasemana.com\/site\/becco-ponto-com-177\/","url_meta":{"origin":31297,"position":1},"title":"BECCO PONTO COM","author":"adminredacao","date":"Julho 29, 2024","format":false,"excerpt":"LIVRAI-NOS, SENHOR! De um m\u00e9dico para cada dor, ufa! Dos puxas dela na \u00e1rea por amor. Do \u201clixo neles\u201d gerar votos contra. Do rombo do pt no pa\u00eds, via Lula, ui! Das f\u00e1bricas de formar m\u00e9dicos. Do \u201cvar\u201d mengo na \u00e1rea do p\u00eanalti. Do Ciro, batendo do pt via Elmano.\u2026","rel":"","context":"In &quot;Artigos&quot;","block_context":{"text":"Artigos","link":"https:\/\/correiodasemana.com\/site\/category\/artigos\/"},"img":{"alt_text":"","src":"https:\/\/i0.wp.com\/correiodasemana.com\/site\/wp-content\/uploads\/2021\/09\/Dr-Chico-Prado-Trofeu-Dom-Jose-1.jpg?resize=350%2C200&ssl=1","width":350,"height":200,"srcset":"https:\/\/i0.wp.com\/correiodasemana.com\/site\/wp-content\/uploads\/2021\/09\/Dr-Chico-Prado-Trofeu-Dom-Jose-1.jpg?resize=350%2C200&ssl=1 1x, https:\/\/i0.wp.com\/correiodasemana.com\/site\/wp-content\/uploads\/2021\/09\/Dr-Chico-Prado-Trofeu-Dom-Jose-1.jpg?resize=525%2C300&ssl=1 1.5x, https:\/\/i0.wp.com\/correiodasemana.com\/site\/wp-content\/uploads\/2021\/09\/Dr-Chico-Prado-Trofeu-Dom-Jose-1.jpg?resize=700%2C400&ssl=1 2x, https:\/\/i0.wp.com\/correiodasemana.com\/site\/wp-content\/uploads\/2021\/09\/Dr-Chico-Prado-Trofeu-Dom-Jose-1.jpg?resize=1050%2C600&ssl=1 3x, https:\/\/i0.wp.com\/correiodasemana.com\/site\/wp-content\/uploads\/2021\/09\/Dr-Chico-Prado-Trofeu-Dom-Jose-1.jpg?resize=1400%2C800&ssl=1 4x"},"classes":[]},{"id":27415,"url":"https:\/\/correiodasemana.com\/site\/becco-ponto-com-147\/","url_meta":{"origin":31297,"position":2},"title":"Becco Ponto Com","author":"adminredacao","date":"Novembro 27, 2023","format":false,"excerpt":"LIVRAI-NOS, SENHOR! Do babado: abre e fecha centro. Dos camaradas do poder deles. Do Cid, abandonado pelo \u201cpt Lula\u201d. Das m\u00fasicas modernas \u2018lixos\u2019, ufa! Do virando cracol\u00e2ndia, \u2018o dia todo\u2019. Dos carnabraus da vida. \u00c9 droga. Da ruma de cursos empresas, ufa! Da cegueira do Lula, no discurso. Da sele\u00e7\u00e3o\u2026","rel":"","context":"In &quot;Artigos&quot;","block_context":{"text":"Artigos","link":"https:\/\/correiodasemana.com\/site\/category\/artigos\/"},"img":{"alt_text":"","src":"https:\/\/i0.wp.com\/correiodasemana.com\/site\/wp-content\/uploads\/2021\/09\/Dr-Chico-Prado-Trofeu-Dom-Jose-1.jpg?resize=350%2C200&ssl=1","width":350,"height":200,"srcset":"https:\/\/i0.wp.com\/correiodasemana.com\/site\/wp-content\/uploads\/2021\/09\/Dr-Chico-Prado-Trofeu-Dom-Jose-1.jpg?resize=350%2C200&ssl=1 1x, https:\/\/i0.wp.com\/correiodasemana.com\/site\/wp-content\/uploads\/2021\/09\/Dr-Chico-Prado-Trofeu-Dom-Jose-1.jpg?resize=525%2C300&ssl=1 1.5x, https:\/\/i0.wp.com\/correiodasemana.com\/site\/wp-content\/uploads\/2021\/09\/Dr-Chico-Prado-Trofeu-Dom-Jose-1.jpg?resize=700%2C400&ssl=1 2x, https:\/\/i0.wp.com\/correiodasemana.com\/site\/wp-content\/uploads\/2021\/09\/Dr-Chico-Prado-Trofeu-Dom-Jose-1.jpg?resize=1050%2C600&ssl=1 3x, https:\/\/i0.wp.com\/correiodasemana.com\/site\/wp-content\/uploads\/2021\/09\/Dr-Chico-Prado-Trofeu-Dom-Jose-1.jpg?resize=1400%2C800&ssl=1 4x"},"classes":[]},{"id":19708,"url":"https:\/\/correiodasemana.com\/site\/becco-ponto-com-84\/","url_meta":{"origin":31297,"position":3},"title":"Becco ponto Com","author":"","date":"Maio 8, 2022","format":false,"excerpt":"Livrai-nos, Senhor! 01. Dos buracos nos bairros de Sobral, ufa! 02. Da campanha sem gra\u00e7a dos poderosos. 03. Do cartel sem fim nas cidades grandes! 04. Dos doutores formados na m\u00cddia social. 05. Da ira de Ciro na campanha presidencial. 06. Da f\u00e1brica de multas covardes entre n\u00f3s. 07. Da\u2026","rel":"","context":"In &quot;Atualidade&quot;","block_context":{"text":"Atualidade","link":"https:\/\/correiodasemana.com\/site\/category\/atualidade\/"},"img":{"alt_text":"","src":"https:\/\/i0.wp.com\/correiodasemana.com\/site\/wp-content\/uploads\/2021\/09\/Dr-Chico-Prado-Trofeu-Dom-Jose-1-1.jpg?resize=350%2C200&ssl=1","width":350,"height":200,"srcset":"https:\/\/i0.wp.com\/correiodasemana.com\/site\/wp-content\/uploads\/2021\/09\/Dr-Chico-Prado-Trofeu-Dom-Jose-1-1.jpg?resize=350%2C200&ssl=1 1x, https:\/\/i0.wp.com\/correiodasemana.com\/site\/wp-content\/uploads\/2021\/09\/Dr-Chico-Prado-Trofeu-Dom-Jose-1-1.jpg?resize=525%2C300&ssl=1 1.5x, https:\/\/i0.wp.com\/correiodasemana.com\/site\/wp-content\/uploads\/2021\/09\/Dr-Chico-Prado-Trofeu-Dom-Jose-1-1.jpg?resize=700%2C400&ssl=1 2x"},"classes":[]},{"id":27088,"url":"https:\/\/correiodasemana.com\/site\/becco-ponto-com-144\/","url_meta":{"origin":31297,"position":4},"title":"Becco Ponto Com","author":"adminredacao","date":"Outubro 30, 2023","format":false,"excerpt":"LIVRAI-NOS, SENHOR! Da ruma de cursos no brasil. Da fal\u00eancia do com\u00e9rcio, ufa! Dos eleitores pede-pede, j\u00e1 a\u00ed. Das c\u00e2maras semi-analfas, ufa! Do nosso r\u00e1dio t\u00e3o careta, ui! Do canto de carroceria no cid. Dos peitistas no peito por aqui. Da volta dos pol\u00edticos na pista. Da ruma de faculdade\u2026","rel":"","context":"In &quot;Artigos&quot;","block_context":{"text":"Artigos","link":"https:\/\/correiodasemana.com\/site\/category\/artigos\/"},"img":{"alt_text":"","src":"https:\/\/i0.wp.com\/correiodasemana.com\/site\/wp-content\/uploads\/2021\/09\/Dr-Chico-Prado-Trofeu-Dom-Jose-1.jpg?resize=350%2C200&ssl=1","width":350,"height":200,"srcset":"https:\/\/i0.wp.com\/correiodasemana.com\/site\/wp-content\/uploads\/2021\/09\/Dr-Chico-Prado-Trofeu-Dom-Jose-1.jpg?resize=350%2C200&ssl=1 1x, https:\/\/i0.wp.com\/correiodasemana.com\/site\/wp-content\/uploads\/2021\/09\/Dr-Chico-Prado-Trofeu-Dom-Jose-1.jpg?resize=525%2C300&ssl=1 1.5x, https:\/\/i0.wp.com\/correiodasemana.com\/site\/wp-content\/uploads\/2021\/09\/Dr-Chico-Prado-Trofeu-Dom-Jose-1.jpg?resize=700%2C400&ssl=1 2x, https:\/\/i0.wp.com\/correiodasemana.com\/site\/wp-content\/uploads\/2021\/09\/Dr-Chico-Prado-Trofeu-Dom-Jose-1.jpg?resize=1050%2C600&ssl=1 3x, https:\/\/i0.wp.com\/correiodasemana.com\/site\/wp-content\/uploads\/2021\/09\/Dr-Chico-Prado-Trofeu-Dom-Jose-1.jpg?resize=1400%2C800&ssl=1 4x"},"classes":[]},{"id":34312,"url":"https:\/\/correiodasemana.com\/site\/becco-ponto-com-219\/","url_meta":{"origin":31297,"position":5},"title":"BECCO PONTO.COM","author":"adminredacao","date":"Junho 23, 2025","format":false,"excerpt":"LIVRAI-NOS, SENHOR! Da cpi da santa casa virar um dia pizza. Das quadrilhas politicas t\u00e3o fracas, ui! Da invas\u00e3o no becco de barracas, ufa! Do esquecimento de dom jos\u00e9 na placa. Das faculdades formando inv\u00e1lidos, ui! Das articula\u00e7\u00f5es contra um tal golpe. Do pt com medinho de ciro, ciro, ciro,\u2026","rel":"","context":"In &quot;Artigos&quot;","block_context":{"text":"Artigos","link":"https:\/\/correiodasemana.com\/site\/category\/artigos\/"},"img":{"alt_text":"","src":"https:\/\/i0.wp.com\/correiodasemana.com\/site\/wp-content\/uploads\/2021\/09\/Dr-Chico-Prado-Trofeu-Dom-Jose-1-1.jpg?resize=350%2C200&ssl=1","width":350,"height":200,"srcset":"https:\/\/i0.wp.com\/correiodasemana.com\/site\/wp-content\/uploads\/2021\/09\/Dr-Chico-Prado-Trofeu-Dom-Jose-1-1.jpg?resize=350%2C200&ssl=1 1x, https:\/\/i0.wp.com\/correiodasemana.com\/site\/wp-content\/uploads\/2021\/09\/Dr-Chico-Prado-Trofeu-Dom-Jose-1-1.jpg?resize=525%2C300&ssl=1 1.5x, https:\/\/i0.wp.com\/correiodasemana.com\/site\/wp-content\/uploads\/2021\/09\/Dr-Chico-Prado-Trofeu-Dom-Jose-1-1.jpg?resize=700%2C400&ssl=1 2x"},"classes":[]}],"jetpack_sharing_enabled":true,"_links":{"self":[{"href":"https:\/\/correiodasemana.com\/site\/wp-json\/wp\/v2\/posts\/31297","targetHints":{"allow":["GET"]}}],"collection":[{"href":"https:\/\/correiodasemana.com\/site\/wp-json\/wp\/v2\/posts"}],"about":[{"href":"https:\/\/correiodasemana.com\/site\/wp-json\/wp\/v2\/types\/post"}],"author":[{"embeddable":true,"href":"https:\/\/correiodasemana.com\/site\/wp-json\/wp\/v2\/users\/7"}],"replies":[{"embeddable":true,"href":"https:\/\/correiodasemana.com\/site\/wp-json\/wp\/v2\/comments?post=31297"}],"version-history":[{"count":2,"href":"https:\/\/correiodasemana.com\/site\/wp-json\/wp\/v2\/posts\/31297\/revisions"}],"predecessor-version":[{"id":31300,"href":"https:\/\/correiodasemana.com\/site\/wp-json\/wp\/v2\/posts\/31297\/revisions\/31300"}],"wp:featuredmedia":[{"embeddable":true,"href":"https:\/\/correiodasemana.com\/site\/wp-json\/wp\/v2\/media\/17508"}],"wp:attachment":[{"href":"https:\/\/correiodasemana.com\/site\/wp-json\/wp\/v2\/media?parent=31297"}],"wp:term":[{"taxonomy":"category","embeddable":true,"href":"https:\/\/correiodasemana.com\/site\/wp-json\/wp\/v2\/categories?post=31297"},{"taxonomy":"post_tag","embeddable":true,"href":"https:\/\/correiodasemana.com\/site\/wp-json\/wp\/v2\/tags?post=31297"}],"curies":[{"name":"wp","href":"https:\/\/api.w.org\/{rel}","templated":true}]}}