{"id":31301,"date":"2024-11-03T17:51:19","date_gmt":"2024-11-03T20:51:19","guid":{"rendered":"https:\/\/correiodasemana.com\/site\/?p=31301"},"modified":"2024-11-03T17:51:36","modified_gmt":"2024-11-03T20:51:36","slug":"capela-de-nossa-senhora-da-conceicao-em-patriarca-celebra-260-anos-de-fundacao-com-missa-presidida-por-dom-vasconcelos","status":"publish","type":"post","link":"https:\/\/correiodasemana.com\/site\/capela-de-nossa-senhora-da-conceicao-em-patriarca-celebra-260-anos-de-fundacao-com-missa-presidida-por-dom-vasconcelos\/","title":{"rendered":"Capela de Nossa Senhora da Concei\u00e7\u00e3o, em Patriarca, celebra 260 anos de funda\u00e7\u00e3o com missa presidida por Dom Vasconcelos"},"content":{"rendered":"<p>Na noite do dia 31 de outubro de 2024, quinta-feira, sua excel\u00eancia reverend\u00edssima Dom Lu\u00eds Gomes de Vasconcelos, nosso bispo diocesano, presidiu a Santa Missa em comemora\u00e7\u00e3o aos 260 anos de funda\u00e7\u00e3o da Capela de Nossa Senhora da Concei\u00e7\u00e3o, localizada no Distrito de Patriarca.<br \/>\nA Celebra\u00e7\u00e3o lit\u00fargica ocorreu em dois momentos. Inicialmente, com uma solene prociss\u00e3o pela Rua Jos\u00e9 Jander que d\u00e1 acesso \u00e0 Pra\u00e7a Jo\u00e3o Gon\u00e7alves, entorno da referida capela, onde foi concelebrada a Santa Missa pelos sacerdotes Padre Raimundo \u00cdtalo Arcanjo de Sousa, administrador paroquial da \u00c1rea Pastoral da Divina Miseric\u00f3rdia, Padre Deckson Lee Top, reitor do Santu\u00e1rio da Fazenda da Esperan\u00e7a, e tamb\u00e9m pelo Di\u00e1cono Edmar Filho.<br \/>\nDurante a homilia, Dom Vasconcelos exortou os fi\u00e9is a contemplarem o plano da Salva\u00e7\u00e3o que atua na hist\u00f3ria e se faz vis\u00edvel diante da resist\u00eancia de uma capela aparentemente t\u00e3o singela, mas que se tornou um dos primeiros ber\u00e7os da f\u00e9 cat\u00f3lica na Diocese de Sobral e foi respons\u00e1vel pela consolida\u00e7\u00e3o do povo que mora nessa regi\u00e3o. Estimulou tamb\u00e9m a comunidade a se revestir da \u201cArmadura de Deus\u201d com qual \u00e9 poss\u00edvel superar as dificuldades cotidianas e a seguir o exemplo da Virgem Maria.<br \/>\nAntes da ben\u00e7\u00e3o final, o Sr. Bispo comunicou que a Capela de Patriarca havia recebido um valioso \u201cpresente\u201d, uma Ben\u00e7\u00e3o Apost\u00f3lica enviada pelo Papa Francisco cujo o texto afirma: \u201cSua Santidade Francisco concede a desejada Ben\u00e7\u00e3o Apost\u00f3lica ao Pe. Raimundo \u00cdtalo Arcanjo de Sousa e a todos os fi\u00e9is da Capela de Nossa Senhora da Concei\u00e7\u00e3o de Patriarca por ocasi\u00e3o do 260\u00ba Anivers\u00e1rio de Funda\u00e7\u00e3o da Capela e invoca, por intercess\u00e3o de Maria Sant\u00edssima, abund\u00e2ncia das gra\u00e7as divinas\u201d.<br \/>\nAp\u00f3s a leitura do documento exposto em um quadro, Dom Vasconcelos convidou a assembleia e o clero para uma foto coletiva e realizou o hasteamento da bandeira, dando in\u00edcio oficialmente a Festa da Imaculada Concei\u00e7\u00e3o com o tema \u201cCapela de Patriarca: h\u00e1 260 anos, a Imaculada Concei\u00e7\u00e3o nos ensina a ser Igreja\u201d. A saber, a capela de Patriarca foi erigida em 1718, no formato de uma ermida, pr\u00f3xima \u00e0 Fazenda S\u00e3o Jos\u00e9 da Mutuca que deu origem ao distrito. No entanto, passou por uma profunda reforma e chegou \u00e0 vers\u00e3o que conhecemos hoje apenas em 1764.<\/p>\n<p><a href=\"https:\/\/correiodasemana.com\/site\/capela-de-nossa-senhora-da-conceicao-em-patriarca-celebra-260-anos-de-fundacao-com-missa-presidida-por-dom-vasconcelos\/dsc_6017\/\" rel=\"attachment wp-att-31302\"><img fetchpriority=\"high\" decoding=\"async\" class=\"aligncenter size-full wp-image-31302\" src=\"https:\/\/correiodasemana.com\/site\/wp-content\/uploads\/2024\/11\/DSC_6017.jpg\" alt=\"\" width=\"1620\" height=\"1080\" srcset=\"https:\/\/correiodasemana.com\/site\/wp-content\/uploads\/2024\/11\/DSC_6017.jpg 1620w, https:\/\/correiodasemana.com\/site\/wp-content\/uploads\/2024\/11\/DSC_6017-300x200.jpg 300w, https:\/\/correiodasemana.com\/site\/wp-content\/uploads\/2024\/11\/DSC_6017-1024x683.jpg 1024w, https:\/\/correiodasemana.com\/site\/wp-content\/uploads\/2024\/11\/DSC_6017-768x512.jpg 768w, https:\/\/correiodasemana.com\/site\/wp-content\/uploads\/2024\/11\/DSC_6017-1536x1024.jpg 1536w\" sizes=\"(max-width: 1620px) 100vw, 1620px\" \/><\/a> <a href=\"https:\/\/correiodasemana.com\/site\/capela-de-nossa-senhora-da-conceicao-em-patriarca-celebra-260-anos-de-fundacao-com-missa-presidida-por-dom-vasconcelos\/dsc_6097\/\" rel=\"attachment wp-att-31303\"><img decoding=\"async\" class=\"aligncenter size-full wp-image-31303\" src=\"https:\/\/correiodasemana.com\/site\/wp-content\/uploads\/2024\/11\/DSC_6097.jpg\" alt=\"\" width=\"1620\" height=\"1080\" srcset=\"https:\/\/correiodasemana.com\/site\/wp-content\/uploads\/2024\/11\/DSC_6097.jpg 1620w, https:\/\/correiodasemana.com\/site\/wp-content\/uploads\/2024\/11\/DSC_6097-300x200.jpg 300w, https:\/\/correiodasemana.com\/site\/wp-content\/uploads\/2024\/11\/DSC_6097-1024x683.jpg 1024w, https:\/\/correiodasemana.com\/site\/wp-content\/uploads\/2024\/11\/DSC_6097-768x512.jpg 768w, https:\/\/correiodasemana.com\/site\/wp-content\/uploads\/2024\/11\/DSC_6097-1536x1024.jpg 1536w\" sizes=\"(max-width: 1620px) 100vw, 1620px\" \/><\/a> <a href=\"https:\/\/correiodasemana.com\/site\/capela-de-nossa-senhora-da-conceicao-em-patriarca-celebra-260-anos-de-fundacao-com-missa-presidida-por-dom-vasconcelos\/dsc_6130\/\" rel=\"attachment wp-att-31304\"><img decoding=\"async\" class=\"aligncenter size-full wp-image-31304\" src=\"https:\/\/correiodasemana.com\/site\/wp-content\/uploads\/2024\/11\/DSC_6130.jpg\" alt=\"\" width=\"1620\" height=\"1080\" srcset=\"https:\/\/correiodasemana.com\/site\/wp-content\/uploads\/2024\/11\/DSC_6130.jpg 1620w, https:\/\/correiodasemana.com\/site\/wp-content\/uploads\/2024\/11\/DSC_6130-300x200.jpg 300w, https:\/\/correiodasemana.com\/site\/wp-content\/uploads\/2024\/11\/DSC_6130-1024x683.jpg 1024w, https:\/\/correiodasemana.com\/site\/wp-content\/uploads\/2024\/11\/DSC_6130-768x512.jpg 768w, https:\/\/correiodasemana.com\/site\/wp-content\/uploads\/2024\/11\/DSC_6130-1536x1024.jpg 1536w\" sizes=\"(max-width: 1620px) 100vw, 1620px\" \/><\/a> <a href=\"https:\/\/correiodasemana.com\/site\/capela-de-nossa-senhora-da-conceicao-em-patriarca-celebra-260-anos-de-fundacao-com-missa-presidida-por-dom-vasconcelos\/dsc_6228\/\" rel=\"attachment wp-att-31305\"><img loading=\"lazy\" decoding=\"async\" class=\"aligncenter size-full wp-image-31305\" src=\"https:\/\/correiodasemana.com\/site\/wp-content\/uploads\/2024\/11\/DSC_6228.jpg\" alt=\"\" width=\"1620\" height=\"1080\" srcset=\"https:\/\/correiodasemana.com\/site\/wp-content\/uploads\/2024\/11\/DSC_6228.jpg 1620w, https:\/\/correiodasemana.com\/site\/wp-content\/uploads\/2024\/11\/DSC_6228-300x200.jpg 300w, https:\/\/correiodasemana.com\/site\/wp-content\/uploads\/2024\/11\/DSC_6228-1024x683.jpg 1024w, https:\/\/correiodasemana.com\/site\/wp-content\/uploads\/2024\/11\/DSC_6228-768x512.jpg 768w, https:\/\/correiodasemana.com\/site\/wp-content\/uploads\/2024\/11\/DSC_6228-1536x1024.jpg 1536w\" sizes=\"(max-width: 1620px) 100vw, 1620px\" \/><\/a> <a href=\"https:\/\/correiodasemana.com\/site\/capela-de-nossa-senhora-da-conceicao-em-patriarca-celebra-260-anos-de-fundacao-com-missa-presidida-por-dom-vasconcelos\/dsc_6284\/\" rel=\"attachment wp-att-31306\"><img loading=\"lazy\" decoding=\"async\" class=\"aligncenter size-full wp-image-31306\" src=\"https:\/\/correiodasemana.com\/site\/wp-content\/uploads\/2024\/11\/DSC_6284.jpg\" alt=\"\" width=\"1620\" height=\"1080\" srcset=\"https:\/\/correiodasemana.com\/site\/wp-content\/uploads\/2024\/11\/DSC_6284.jpg 1620w, https:\/\/correiodasemana.com\/site\/wp-content\/uploads\/2024\/11\/DSC_6284-300x200.jpg 300w, https:\/\/correiodasemana.com\/site\/wp-content\/uploads\/2024\/11\/DSC_6284-1024x683.jpg 1024w, https:\/\/correiodasemana.com\/site\/wp-content\/uploads\/2024\/11\/DSC_6284-768x512.jpg 768w, https:\/\/correiodasemana.com\/site\/wp-content\/uploads\/2024\/11\/DSC_6284-1536x1024.jpg 1536w\" sizes=\"(max-width: 1620px) 100vw, 1620px\" \/><\/a> <a href=\"https:\/\/correiodasemana.com\/site\/capela-de-nossa-senhora-da-conceicao-em-patriarca-celebra-260-anos-de-fundacao-com-missa-presidida-por-dom-vasconcelos\/dsc_6359\/\" rel=\"attachment wp-att-31307\"><img loading=\"lazy\" decoding=\"async\" class=\"aligncenter size-full wp-image-31307\" src=\"https:\/\/correiodasemana.com\/site\/wp-content\/uploads\/2024\/11\/DSC_6359.jpg\" alt=\"\" width=\"1620\" height=\"1080\" srcset=\"https:\/\/correiodasemana.com\/site\/wp-content\/uploads\/2024\/11\/DSC_6359.jpg 1620w, https:\/\/correiodasemana.com\/site\/wp-content\/uploads\/2024\/11\/DSC_6359-300x200.jpg 300w, https:\/\/correiodasemana.com\/site\/wp-content\/uploads\/2024\/11\/DSC_6359-1024x683.jpg 1024w, https:\/\/correiodasemana.com\/site\/wp-content\/uploads\/2024\/11\/DSC_6359-768x512.jpg 768w, https:\/\/correiodasemana.com\/site\/wp-content\/uploads\/2024\/11\/DSC_6359-1536x1024.jpg 1536w\" sizes=\"(max-width: 1620px) 100vw, 1620px\" \/><\/a> <a href=\"https:\/\/correiodasemana.com\/site\/capela-de-nossa-senhora-da-conceicao-em-patriarca-celebra-260-anos-de-fundacao-com-missa-presidida-por-dom-vasconcelos\/dsc_6432-2\/\" rel=\"attachment wp-att-31308\"><img loading=\"lazy\" decoding=\"async\" class=\"aligncenter size-full wp-image-31308\" src=\"https:\/\/correiodasemana.com\/site\/wp-content\/uploads\/2024\/11\/DSC_6432.jpg\" alt=\"\" width=\"1620\" height=\"1080\" srcset=\"https:\/\/correiodasemana.com\/site\/wp-content\/uploads\/2024\/11\/DSC_6432.jpg 1620w, https:\/\/correiodasemana.com\/site\/wp-content\/uploads\/2024\/11\/DSC_6432-300x200.jpg 300w, https:\/\/correiodasemana.com\/site\/wp-content\/uploads\/2024\/11\/DSC_6432-1024x683.jpg 1024w, https:\/\/correiodasemana.com\/site\/wp-content\/uploads\/2024\/11\/DSC_6432-768x512.jpg 768w, https:\/\/correiodasemana.com\/site\/wp-content\/uploads\/2024\/11\/DSC_6432-1536x1024.jpg 1536w\" sizes=\"(max-width: 1620px) 100vw, 1620px\" \/><\/a> <a href=\"https:\/\/correiodasemana.com\/site\/capela-de-nossa-senhora-da-conceicao-em-patriarca-celebra-260-anos-de-fundacao-com-missa-presidida-por-dom-vasconcelos\/dsc_6704\/\" rel=\"attachment wp-att-31309\"><img loading=\"lazy\" decoding=\"async\" class=\"aligncenter size-full wp-image-31309\" src=\"https:\/\/correiodasemana.com\/site\/wp-content\/uploads\/2024\/11\/DSC_6704.jpg\" alt=\"\" width=\"1620\" height=\"1080\" srcset=\"https:\/\/correiodasemana.com\/site\/wp-content\/uploads\/2024\/11\/DSC_6704.jpg 1620w, https:\/\/correiodasemana.com\/site\/wp-content\/uploads\/2024\/11\/DSC_6704-300x200.jpg 300w, https:\/\/correiodasemana.com\/site\/wp-content\/uploads\/2024\/11\/DSC_6704-1024x683.jpg 1024w, https:\/\/correiodasemana.com\/site\/wp-content\/uploads\/2024\/11\/DSC_6704-768x512.jpg 768w, https:\/\/correiodasemana.com\/site\/wp-content\/uploads\/2024\/11\/DSC_6704-1536x1024.jpg 1536w\" sizes=\"(max-width: 1620px) 100vw, 1620px\" \/><\/a> <a href=\"https:\/\/correiodasemana.com\/site\/capela-de-nossa-senhora-da-conceicao-em-patriarca-celebra-260-anos-de-fundacao-com-missa-presidida-por-dom-vasconcelos\/dsc_6722\/\" rel=\"attachment wp-att-31310\"><img loading=\"lazy\" decoding=\"async\" class=\"aligncenter size-full wp-image-31310\" src=\"https:\/\/correiodasemana.com\/site\/wp-content\/uploads\/2024\/11\/DSC_6722.jpg\" alt=\"\" width=\"1620\" height=\"1080\" srcset=\"https:\/\/correiodasemana.com\/site\/wp-content\/uploads\/2024\/11\/DSC_6722.jpg 1620w, https:\/\/correiodasemana.com\/site\/wp-content\/uploads\/2024\/11\/DSC_6722-300x200.jpg 300w, https:\/\/correiodasemana.com\/site\/wp-content\/uploads\/2024\/11\/DSC_6722-1024x683.jpg 1024w, https:\/\/correiodasemana.com\/site\/wp-content\/uploads\/2024\/11\/DSC_6722-768x512.jpg 768w, https:\/\/correiodasemana.com\/site\/wp-content\/uploads\/2024\/11\/DSC_6722-1536x1024.jpg 1536w\" sizes=\"(max-width: 1620px) 100vw, 1620px\" \/><\/a> <a href=\"https:\/\/correiodasemana.com\/site\/capela-de-nossa-senhora-da-conceicao-em-patriarca-celebra-260-anos-de-fundacao-com-missa-presidida-por-dom-vasconcelos\/dsc_6781\/\" rel=\"attachment wp-att-31311\"><img loading=\"lazy\" decoding=\"async\" class=\"aligncenter size-full wp-image-31311\" src=\"https:\/\/correiodasemana.com\/site\/wp-content\/uploads\/2024\/11\/DSC_6781.jpg\" alt=\"\" width=\"1620\" height=\"1080\" srcset=\"https:\/\/correiodasemana.com\/site\/wp-content\/uploads\/2024\/11\/DSC_6781.jpg 1620w, https:\/\/correiodasemana.com\/site\/wp-content\/uploads\/2024\/11\/DSC_6781-300x200.jpg 300w, https:\/\/correiodasemana.com\/site\/wp-content\/uploads\/2024\/11\/DSC_6781-1024x683.jpg 1024w, https:\/\/correiodasemana.com\/site\/wp-content\/uploads\/2024\/11\/DSC_6781-768x512.jpg 768w, https:\/\/correiodasemana.com\/site\/wp-content\/uploads\/2024\/11\/DSC_6781-1536x1024.jpg 1536w\" sizes=\"(max-width: 1620px) 100vw, 1620px\" \/><\/a> <a href=\"https:\/\/correiodasemana.com\/site\/capela-de-nossa-senhora-da-conceicao-em-patriarca-celebra-260-anos-de-fundacao-com-missa-presidida-por-dom-vasconcelos\/dsc_6848\/\" rel=\"attachment wp-att-31312\"><img loading=\"lazy\" decoding=\"async\" class=\"aligncenter size-full wp-image-31312\" src=\"https:\/\/correiodasemana.com\/site\/wp-content\/uploads\/2024\/11\/DSC_6848-rotated.jpg\" alt=\"\" width=\"1080\" height=\"1620\" srcset=\"https:\/\/correiodasemana.com\/site\/wp-content\/uploads\/2024\/11\/DSC_6848-rotated.jpg 1080w, https:\/\/correiodasemana.com\/site\/wp-content\/uploads\/2024\/11\/DSC_6848-200x300.jpg 200w, https:\/\/correiodasemana.com\/site\/wp-content\/uploads\/2024\/11\/DSC_6848-683x1024.jpg 683w, https:\/\/correiodasemana.com\/site\/wp-content\/uploads\/2024\/11\/DSC_6848-768x1152.jpg 768w, https:\/\/correiodasemana.com\/site\/wp-content\/uploads\/2024\/11\/DSC_6848-1024x1536.jpg 1024w\" sizes=\"(max-width: 1080px) 100vw, 1080px\" \/><\/a> <a href=\"https:\/\/correiodasemana.com\/site\/capela-de-nossa-senhora-da-conceicao-em-patriarca-celebra-260-anos-de-fundacao-com-missa-presidida-por-dom-vasconcelos\/foto-grande-7\/\" rel=\"attachment wp-att-31313\"><img loading=\"lazy\" decoding=\"async\" class=\"aligncenter size-full wp-image-31313\" src=\"https:\/\/correiodasemana.com\/site\/wp-content\/uploads\/2024\/11\/foto-grande-rotated.jpg\" alt=\"\" width=\"1080\" height=\"1620\" srcset=\"https:\/\/correiodasemana.com\/site\/wp-content\/uploads\/2024\/11\/foto-grande-rotated.jpg 1080w, https:\/\/correiodasemana.com\/site\/wp-content\/uploads\/2024\/11\/foto-grande-200x300.jpg 200w, https:\/\/correiodasemana.com\/site\/wp-content\/uploads\/2024\/11\/foto-grande-683x1024.jpg 683w, https:\/\/correiodasemana.com\/site\/wp-content\/uploads\/2024\/11\/foto-grande-768x1152.jpg 768w, https:\/\/correiodasemana.com\/site\/wp-content\/uploads\/2024\/11\/foto-grande-1024x1536.jpg 1024w\" sizes=\"(max-width: 1080px) 100vw, 1080px\" \/><\/a><\/p>\n","protected":false},"excerpt":{"rendered":"<p>Na noite do dia 31 de outubro de 2024, quinta-feira, sua excel\u00eancia reverend\u00edssima Dom Lu\u00eds&#8230;<\/p>\n","protected":false},"author":7,"featured_media":31308,"comment_status":"open","ping_status":"open","sticky":false,"template":"","format":"standard","meta":{"_jetpack_memberships_contains_paid_content":false,"footnotes":"","jetpack_publicize_message":"","jetpack_publicize_feature_enabled":true,"jetpack_social_post_already_shared":true,"jetpack_social_options":{"image_generator_settings":{"template":"highway","default_image_id":0,"font":"","enabled":false},"version":2}},"categories":[1],"tags":[],"class_list":["post-31301","post","type-post","status-publish","format-standard","has-post-thumbnail","hentry","category-atualidade"],"jetpack_publicize_connections":[],"jetpack_featured_media_url":"https:\/\/correiodasemana.com\/site\/wp-content\/uploads\/2024\/11\/DSC_6432.jpg","jetpack-related-posts":[{"id":31316,"url":"https:\/\/correiodasemana.com\/site\/a-capela-nossa-senhora-da-conceicao-de-sao-jose-atual-patriarca\/","url_meta":{"origin":31301,"position":0},"title":"A Capela Nossa Senhora da Concei\u00e7\u00e3o de S\u00e3o Jos\u00e9, atual Patriarca","author":"adminredacao","date":"Novembro 3, 2024","format":false,"excerpt":"O Curato do Acara\u00fa que depois origem \u00e0 Par\u00f3quia de Nossa Senhora da Concei\u00e7\u00e3o de Sobral e \u00e0 pr\u00f3pria Diocese, tinha um territ\u00f3rio que ia da Serra da Ibiapaba at\u00e9 o rio Munda\u00fa, abrangendo as ribeiras do Corea\u00fa, Acara\u00fa, Aracatia\u00e7u e parte do Munda\u00fa. O Mons. Sadoc de Ara\u00fajo informa-nos\u2026","rel":"","context":"In &quot;Atualidade&quot;","block_context":{"text":"Atualidade","link":"https:\/\/correiodasemana.com\/site\/category\/atualidade\/"},"img":{"alt_text":"","src":"https:\/\/i0.wp.com\/correiodasemana.com\/site\/wp-content\/uploads\/2024\/11\/WhatsApp-Image-2024-11-01-at-15.51.24.jpeg?resize=350%2C200&ssl=1","width":350,"height":200,"srcset":"https:\/\/i0.wp.com\/correiodasemana.com\/site\/wp-content\/uploads\/2024\/11\/WhatsApp-Image-2024-11-01-at-15.51.24.jpeg?resize=350%2C200&ssl=1 1x, https:\/\/i0.wp.com\/correiodasemana.com\/site\/wp-content\/uploads\/2024\/11\/WhatsApp-Image-2024-11-01-at-15.51.24.jpeg?resize=525%2C300&ssl=1 1.5x, https:\/\/i0.wp.com\/correiodasemana.com\/site\/wp-content\/uploads\/2024\/11\/WhatsApp-Image-2024-11-01-at-15.51.24.jpeg?resize=700%2C400&ssl=1 2x, https:\/\/i0.wp.com\/correiodasemana.com\/site\/wp-content\/uploads\/2024\/11\/WhatsApp-Image-2024-11-01-at-15.51.24.jpeg?resize=1050%2C600&ssl=1 3x"},"classes":[]},{"id":26770,"url":"https:\/\/correiodasemana.com\/site\/dom-vasconcelos-realiza-visita-pastoral-a-paroquia-de-frecheirinha\/","url_meta":{"origin":31301,"position":1},"title":"Dom Vasconcelos realiza visita pastoral \u00e0 Par\u00f3quia de Frecheirinha","author":"adminredacao","date":"Outubro 9, 2023","format":false,"excerpt":"\u00a0 \u00a0 \u00a0 \u00a0 \u00a0 \u00a0 \u00a0 \u00a0 \u00a0 \u00a0 \u00a0 \u00a0 \u00a0 \u00a0 \u00a0 \u00a0 \u00a0 \u00a0 \u00a0 \u00a0 \u00a0 \u00a0 \u00a0 \u00a0 \u00a0 Em profunda proximidade com os diocesanos, Dom Vasconcelos realizou uma visita pastoral \u00e0 Par\u00f3quia de Nossa Senhora da Sa\u00fade de Frecheirinha entre os dias 05\u2026","rel":"","context":"In &quot;Atualidade&quot;","block_context":{"text":"Atualidade","link":"https:\/\/correiodasemana.com\/site\/category\/atualidade\/"},"img":{"alt_text":"","src":"https:\/\/i0.wp.com\/correiodasemana.com\/site\/wp-content\/uploads\/2023\/10\/Acolhida-de-Dom-Vasconcelos-e-momento-civico-no-patamar-da-igreja-matriz-300x199.jpeg?resize=350%2C200&ssl=1","width":350,"height":200},"classes":[]},{"id":35953,"url":"https:\/\/correiodasemana.com\/site\/procissao-e-missa-solene-reunem-fieis-na-festa-de-nossa-senhora-aparecida-na-catedral-de-sobral\/","url_meta":{"origin":31301,"position":2},"title":"Prociss\u00e3o e Missa solene re\u00fanem fi\u00e9is na Festa de Nossa Senhora Aparecida na Catedral de Sobral","author":"adminredacao","date":"Outubro 29, 2025","format":false,"excerpt":"A Igreja Cat\u00f3lica no Brasil celebrou, no \u00faltimo s\u00e1bado (12\/10), a Solenidade de Nossa Senhora da Concei\u00e7\u00e3o Aparecida, Rainha e Padroeira do Brasil. Na S\u00e9 Catedral de Sobral, fi\u00e9is se uniram a toda a na\u00e7\u00e3o para entoar c\u00e2nticos e manifestar sua devo\u00e7\u00e3o \u00e0 M\u00e3e de Deus e nossa M\u00e3e. A\u2026","rel":"","context":"In &quot;Atualidade&quot;","block_context":{"text":"Atualidade","link":"https:\/\/correiodasemana.com\/site\/category\/atualidade\/"},"img":{"alt_text":"","src":"https:\/\/i0.wp.com\/correiodasemana.com\/site\/wp-content\/uploads\/2025\/10\/WhatsApp-Image-2025-10-18-at-15.44.45.jpeg?resize=350%2C200&ssl=1","width":350,"height":200,"srcset":"https:\/\/i0.wp.com\/correiodasemana.com\/site\/wp-content\/uploads\/2025\/10\/WhatsApp-Image-2025-10-18-at-15.44.45.jpeg?resize=350%2C200&ssl=1 1x, https:\/\/i0.wp.com\/correiodasemana.com\/site\/wp-content\/uploads\/2025\/10\/WhatsApp-Image-2025-10-18-at-15.44.45.jpeg?resize=525%2C300&ssl=1 1.5x, https:\/\/i0.wp.com\/correiodasemana.com\/site\/wp-content\/uploads\/2025\/10\/WhatsApp-Image-2025-10-18-at-15.44.45.jpeg?resize=700%2C400&ssl=1 2x, https:\/\/i0.wp.com\/correiodasemana.com\/site\/wp-content\/uploads\/2025\/10\/WhatsApp-Image-2025-10-18-at-15.44.45.jpeg?resize=1050%2C600&ssl=1 3x"},"classes":[]},{"id":10476,"url":"https:\/\/correiodasemana.com\/site\/regiao-episcopal-5\/","url_meta":{"origin":31301,"position":3},"title":"Regi\u00e3o Episcopal","author":"","date":"Janeiro 22, 2020","format":false,"excerpt":"Semin\u00e1rio de Vida no Esp\u00edrito Santo Dos dias 30 de janeiro a 02 de fevereiro, a Par\u00f3quia do Cristo Ressuscitado, em Sobral, estar\u00e1 promovendo o Semin\u00e1rio de Vida no Esp\u00edrito Santo para adultos. Ser\u00e3o dias de muita ora\u00e7\u00e3o para a renova\u00e7\u00e3o de nossa f\u00e9! Para mais informa\u00e7\u00f5es ligue (88) 31113348.\u2026","rel":"","context":"In &quot;Regi\u00e3o Episcopal&quot;","block_context":{"text":"Regi\u00e3o Episcopal","link":"https:\/\/correiodasemana.com\/site\/category\/regiao-episcopal\/"},"img":{"alt_text":"","src":"https:\/\/i0.wp.com\/correiodasemana.com\/site\/wp-content\/uploads\/2019\/07\/Igreja_S%C3%A9.jpg?resize=350%2C200&ssl=1","width":350,"height":200,"srcset":"https:\/\/i0.wp.com\/correiodasemana.com\/site\/wp-content\/uploads\/2019\/07\/Igreja_S%C3%A9.jpg?resize=350%2C200&ssl=1 1x, https:\/\/i0.wp.com\/correiodasemana.com\/site\/wp-content\/uploads\/2019\/07\/Igreja_S%C3%A9.jpg?resize=525%2C300&ssl=1 1.5x, https:\/\/i0.wp.com\/correiodasemana.com\/site\/wp-content\/uploads\/2019\/07\/Igreja_S%C3%A9.jpg?resize=700%2C400&ssl=1 2x, https:\/\/i0.wp.com\/correiodasemana.com\/site\/wp-content\/uploads\/2019\/07\/Igreja_S%C3%A9.jpg?resize=1050%2C600&ssl=1 3x, https:\/\/i0.wp.com\/correiodasemana.com\/site\/wp-content\/uploads\/2019\/07\/Igreja_S%C3%A9.jpg?resize=1400%2C800&ssl=1 4x"},"classes":[]},{"id":28303,"url":"https:\/\/correiodasemana.com\/site\/colegio-santana-celebra-jubileu-pelos-90-anos-de-fundacaos\/","url_meta":{"origin":31301,"position":4},"title":"Col\u00e9gio Sant\u2019Ana celebra jubileu pelos 90 anos de funda\u00e7\u00e3os","author":"adminredacao","date":"Fevereiro 6, 2024","format":false,"excerpt":"Col\u00e9gio Sant\u2019Ana celebra jubileu pelos 90 anos de funda\u00e7\u00e3os Em Sobral, o Col\u00e9gio Sant\u2019Ana celebrou na \u00faltima semana, o jubileu pelos noventa anos de funda\u00e7\u00e3o. Entre tantas atividades em alus\u00e3o a este dia festivo, aconteceu a missa em A\u00e7\u00e3o de Gra\u00e7as na \u00faltima quinta-feira, 01 de fevereiro, na S\u00e9 Catedral\u2026","rel":"","context":"In &quot;Atualidade&quot;","block_context":{"text":"Atualidade","link":"https:\/\/correiodasemana.com\/site\/category\/atualidade\/"},"img":{"alt_text":"","src":"https:\/\/i0.wp.com\/correiodasemana.com\/site\/wp-content\/uploads\/2024\/02\/WhatsApp-Image-2024-02-05-at-16.35.26.jpeg?resize=350%2C200&ssl=1","width":350,"height":200,"srcset":"https:\/\/i0.wp.com\/correiodasemana.com\/site\/wp-content\/uploads\/2024\/02\/WhatsApp-Image-2024-02-05-at-16.35.26.jpeg?resize=350%2C200&ssl=1 1x, https:\/\/i0.wp.com\/correiodasemana.com\/site\/wp-content\/uploads\/2024\/02\/WhatsApp-Image-2024-02-05-at-16.35.26.jpeg?resize=525%2C300&ssl=1 1.5x, https:\/\/i0.wp.com\/correiodasemana.com\/site\/wp-content\/uploads\/2024\/02\/WhatsApp-Image-2024-02-05-at-16.35.26.jpeg?resize=700%2C400&ssl=1 2x, https:\/\/i0.wp.com\/correiodasemana.com\/site\/wp-content\/uploads\/2024\/02\/WhatsApp-Image-2024-02-05-at-16.35.26.jpeg?resize=1050%2C600&ssl=1 3x, https:\/\/i0.wp.com\/correiodasemana.com\/site\/wp-content\/uploads\/2024\/02\/WhatsApp-Image-2024-02-05-at-16.35.26.jpeg?resize=1400%2C800&ssl=1 4x"},"classes":[]},{"id":38010,"url":"https:\/\/correiodasemana.com\/site\/multidao-participa-da-tradicional-procissao-do-bom-jesus-dos-passos-em-sobral\/","url_meta":{"origin":31301,"position":5},"title":"Multid\u00e3o participa da tradicional Prociss\u00e3o do Bom Jesus dos Passos em Sobral","author":"adminredacao","date":"Abril 13, 2026","format":false,"excerpt":"Centenas de fi\u00e9is visitaram, na \u00faltima sexta-feira (27\/03), a Capela de Nossa Senhora do Ros\u00e1rio, em Sobral, para venerar a imagem do Bom Jesus dos Passos, que permaneceu exposta durante todo o dia para a devo\u00e7\u00e3o do povo. A programa\u00e7\u00e3o teve in\u00edcio pela manh\u00e3 com a Missa Votiva ao Bom\u2026","rel":"","context":"In &quot;Atualidade&quot;","block_context":{"text":"Atualidade","link":"https:\/\/correiodasemana.com\/site\/category\/atualidade\/"},"img":{"alt_text":"","src":"https:\/\/i0.wp.com\/correiodasemana.com\/site\/wp-content\/uploads\/2026\/04\/Multidao-participa-da-tradicional-Procissao-do-Bom-Jesus-1.jpeg?resize=350%2C200&ssl=1","width":350,"height":200,"srcset":"https:\/\/i0.wp.com\/correiodasemana.com\/site\/wp-content\/uploads\/2026\/04\/Multidao-participa-da-tradicional-Procissao-do-Bom-Jesus-1.jpeg?resize=350%2C200&ssl=1 1x, https:\/\/i0.wp.com\/correiodasemana.com\/site\/wp-content\/uploads\/2026\/04\/Multidao-participa-da-tradicional-Procissao-do-Bom-Jesus-1.jpeg?resize=525%2C300&ssl=1 1.5x, https:\/\/i0.wp.com\/correiodasemana.com\/site\/wp-content\/uploads\/2026\/04\/Multidao-participa-da-tradicional-Procissao-do-Bom-Jesus-1.jpeg?resize=700%2C400&ssl=1 2x, https:\/\/i0.wp.com\/correiodasemana.com\/site\/wp-content\/uploads\/2026\/04\/Multidao-participa-da-tradicional-Procissao-do-Bom-Jesus-1.jpeg?resize=1050%2C600&ssl=1 3x"},"classes":[]}],"jetpack_sharing_enabled":true,"_links":{"self":[{"href":"https:\/\/correiodasemana.com\/site\/wp-json\/wp\/v2\/posts\/31301","targetHints":{"allow":["GET"]}}],"collection":[{"href":"https:\/\/correiodasemana.com\/site\/wp-json\/wp\/v2\/posts"}],"about":[{"href":"https:\/\/correiodasemana.com\/site\/wp-json\/wp\/v2\/types\/post"}],"author":[{"embeddable":true,"href":"https:\/\/correiodasemana.com\/site\/wp-json\/wp\/v2\/users\/7"}],"replies":[{"embeddable":true,"href":"https:\/\/correiodasemana.com\/site\/wp-json\/wp\/v2\/comments?post=31301"}],"version-history":[{"count":2,"href":"https:\/\/correiodasemana.com\/site\/wp-json\/wp\/v2\/posts\/31301\/revisions"}],"predecessor-version":[{"id":31315,"href":"https:\/\/correiodasemana.com\/site\/wp-json\/wp\/v2\/posts\/31301\/revisions\/31315"}],"wp:featuredmedia":[{"embeddable":true,"href":"https:\/\/correiodasemana.com\/site\/wp-json\/wp\/v2\/media\/31308"}],"wp:attachment":[{"href":"https:\/\/correiodasemana.com\/site\/wp-json\/wp\/v2\/media?parent=31301"}],"wp:term":[{"taxonomy":"category","embeddable":true,"href":"https:\/\/correiodasemana.com\/site\/wp-json\/wp\/v2\/categories?post=31301"},{"taxonomy":"post_tag","embeddable":true,"href":"https:\/\/correiodasemana.com\/site\/wp-json\/wp\/v2\/tags?post=31301"}],"curies":[{"name":"wp","href":"https:\/\/api.w.org\/{rel}","templated":true}]}}