{"id":31567,"date":"2024-11-24T23:39:14","date_gmt":"2024-11-25T02:39:14","guid":{"rendered":"https:\/\/correiodasemana.com\/site\/?p=31567"},"modified":"2024-11-24T23:40:58","modified_gmt":"2024-11-25T02:40:58","slug":"becco-ponto-com-193","status":"publish","type":"post","link":"https:\/\/correiodasemana.com\/site\/becco-ponto-com-193\/","title":{"rendered":"Becco ponto Com"},"content":{"rendered":"<p><strong>LIVRAI-NOS, SENHOR!<\/strong><br \/>\nDos breques fraudes de novembro, ufa!<br \/>\nDa droga pol\u00edtica rolando na C\u00e2mara.<br \/>\nDa eterna sujeira no Becco do Cotovelo.<br \/>\nDa novela \u201cPresid\u00eancia da Casa do Povo\u201d.<br \/>\nDo golpe frustrado do Ex\u00e9rcito do Brasil.<br \/>\nDo tra\u00e7o que o \u201cpt lula\u201d, deu nos fg\u2019s, ufa!.<br \/>\nDa briga surda \u201cCid X Elmano\u201d, pelo poder.<br \/>\nDo rebu que est\u00e1 dando a receber vi\u00fava.<br \/>\nDo papo furado dos perdedores, ainda.<br \/>\nDas ratas de Janja, no poder lula pt, ufa!<\/p>\n<p><strong>NOTICIANDO<\/strong><br \/>\nO bom padre assis neto, faz um programa de relev\u00e2ncia social na educadora fm, \u201cVida e Miss\u00e3o &#8211; A Igreja Em Sua Casa\u201d das 8h \u00e0s 10h da manh\u00e3, \u00e0s quartas e quintas-feiras, na cidade. \u00c9 uma aula de f\u00e9 e cristandade pelo r\u00e1dio a toda prova.<br \/>\nO centro cultural dom jos\u00e9, com apoio de familiares e \u00f3rg\u00e3os p\u00fablicos anunciando mais uma festa da fam\u00edlia \u201cGalinha D\u2019\u00e1gua no ano que vem um baile social anos 60. Vai ser show na cidade. Aguardar \u00e9 preciso!<br \/>\nO digno Chanceler Luciano Feij\u00e3o e sua esposa Liduina, est\u00e3o na galeria do Caf\u00e9 Tem\u00e1tico Cultural de Sobral &#8211; Caf\u00e9 Jaibaras, por m\u00e9ritos trabalho pela cidade na \u00e1rea da educa\u00e7\u00e3o, h\u00e1 mais de 50 anos de hist\u00f3ria da terra de Dom Jos\u00e9. Uma homenagem merecida!<br \/>\nAguardar \u00e9 preciso: Uma nova era na constru\u00e7\u00e3o de uma cultura e arte voltada para os valores art\u00edsticos da cidade, \u201cCantos Festivais\u201d e a volta das \u201cEscolas de Samba\u201d do carnaval de rua nas pra\u00e7as e bairros. Assim, ressuscitar\u00e1 em parte, o que foi abandonado h\u00e1 tempos na cidade. Os distritos tamb\u00e9m merecem esta aten\u00e7\u00e3o especial.<br \/>\nParabenizar \u00e9 preciso: A a\u00e7\u00e3o b\u00e1sica dos amantes do Guarany que teimam em breve ressuscitarem nosso \u00edndio no campeonato cearense na S\u00e9rie c. Quem cai se levante um dia chegou a hora da virada de chave para a tal volta triunfal do time de Sobral. Acredito na rapaziada que trabalha esta ideia logo!<\/p>\n<p><strong><a href=\"https:\/\/correiodasemana.com\/site\/becco-ponto-com-193\/ver-joao-alberto\/\" rel=\"attachment wp-att-31568\"><img decoding=\"async\" class=\"size-full wp-image-31568 alignright\" src=\"https:\/\/correiodasemana.com\/site\/wp-content\/uploads\/2024\/11\/ver-joao-alberto.jpg\" alt=\"\" width=\"132\" height=\"162\" \/><\/a>PERFIL: dr. jo\u00e3o alberto adeodato junior<\/strong><br \/>\nUm cidad\u00e3o com todas as letras, caro e digno advogado, professor universit\u00e1rio, pol\u00edtico de voca\u00e7\u00e3o, amigo do Becco, homem afeito a fazer o bem \u00e0 comunidade e ex-vereador presidente da C\u00e2mara Municipal de Sobral. Falo do colega, Dr. Jo\u00e3o Alberto Adeodato J\u00fanior. Que hoje, por m\u00e9ritos, engalana nossa coluna como o perfil da semana no noticioso da Diocese.<\/p>\n<p><strong>LIVRE PENSAR:<\/strong><br \/>\n\u201cO sil\u00eancio \u00e9 o grito maior da raz\u00e3o divina e humana\u201d. (Poeta Chico Prado &#8211; Presidente do Centro Cultural Dom Jos\u00e9 de Sobral)<\/p>\n","protected":false},"excerpt":{"rendered":"<p>LIVRAI-NOS, SENHOR! Dos breques fraudes de novembro, ufa! Da droga pol\u00edtica rolando na C\u00e2mara. Da&#8230;<\/p>\n","protected":false},"author":7,"featured_media":17508,"comment_status":"open","ping_status":"open","sticky":false,"template":"","format":"standard","meta":{"_jetpack_memberships_contains_paid_content":false,"footnotes":"","jetpack_publicize_message":"","jetpack_publicize_feature_enabled":true,"jetpack_social_post_already_shared":true,"jetpack_social_options":{"image_generator_settings":{"template":"highway","default_image_id":0,"font":"","enabled":false},"version":2}},"categories":[11,27],"tags":[],"class_list":["post-31567","post","type-post","status-publish","format-standard","has-post-thumbnail","hentry","category-artigos","category-becco-ponto-com"],"jetpack_publicize_connections":[],"jetpack_featured_media_url":"https:\/\/correiodasemana.com\/site\/wp-content\/uploads\/2021\/09\/Dr-Chico-Prado-Trofeu-Dom-Jose-1-1.jpg","jetpack-related-posts":[{"id":9876,"url":"https:\/\/correiodasemana.com\/site\/becco-ponto-com-19\/","url_meta":{"origin":31567,"position":0},"title":"Becco ponto Com","author":"","date":"Novembro 18, 2019","format":false,"excerpt":"LIVRAI -NOS, SENHOR! Da soltura do tal LULA LIVRE e louco, ufa! Do p\u00e3o e circo que vem por a\u00ed via VOTOS. Da tomada do PODER pelo PT um dia, ufa! Da qualidade do ensino com FACILIDADES. Do abandono da pra\u00e7a da SANTA CASA, ui! Das faculdades formando SEMIANALFAS. Do\u2026","rel":"","context":"In &quot;Artigos&quot;","block_context":{"text":"Artigos","link":"https:\/\/correiodasemana.com\/site\/category\/artigos\/"},"img":{"alt_text":"","src":"https:\/\/i0.wp.com\/correiodasemana.com\/site\/wp-content\/uploads\/2019\/11\/Vereador-Camilo-Motos.jpg?resize=350%2C200&ssl=1","width":350,"height":200,"srcset":"https:\/\/i0.wp.com\/correiodasemana.com\/site\/wp-content\/uploads\/2019\/11\/Vereador-Camilo-Motos.jpg?resize=350%2C200&ssl=1 1x, https:\/\/i0.wp.com\/correiodasemana.com\/site\/wp-content\/uploads\/2019\/11\/Vereador-Camilo-Motos.jpg?resize=525%2C300&ssl=1 1.5x"},"classes":[]},{"id":26991,"url":"https:\/\/correiodasemana.com\/site\/becco-ponto-com-143\/","url_meta":{"origin":31567,"position":1},"title":"Becco Ponto Com","author":"adminredacao","date":"Outubro 23, 2023","format":false,"excerpt":"LIVRAI-NOS, SENHOR! Desta guerra insana t\u00e3o santa. Do fim pol\u00edtico indesej\u00e1vel dos fg\u2019s. Da ruma de cursos via internet, ufa! Do sumi\u00e7o do lula na imprensa. Dos faroleiros da pol\u00edtica nacional. Da turma do pt, buscando peitos, ufa! Da alta da \u00e1gua que vem por a\u00ed: saee. Dos aben\u00e7oados petistas,\u2026","rel":"","context":"In &quot;Artigos&quot;","block_context":{"text":"Artigos","link":"https:\/\/correiodasemana.com\/site\/category\/artigos\/"},"img":{"alt_text":"","src":"https:\/\/i0.wp.com\/correiodasemana.com\/site\/wp-content\/uploads\/2021\/09\/Dr-Chico-Prado-Trofeu-Dom-Jose-1.jpg?resize=350%2C200&ssl=1","width":350,"height":200,"srcset":"https:\/\/i0.wp.com\/correiodasemana.com\/site\/wp-content\/uploads\/2021\/09\/Dr-Chico-Prado-Trofeu-Dom-Jose-1.jpg?resize=350%2C200&ssl=1 1x, https:\/\/i0.wp.com\/correiodasemana.com\/site\/wp-content\/uploads\/2021\/09\/Dr-Chico-Prado-Trofeu-Dom-Jose-1.jpg?resize=525%2C300&ssl=1 1.5x, https:\/\/i0.wp.com\/correiodasemana.com\/site\/wp-content\/uploads\/2021\/09\/Dr-Chico-Prado-Trofeu-Dom-Jose-1.jpg?resize=700%2C400&ssl=1 2x, https:\/\/i0.wp.com\/correiodasemana.com\/site\/wp-content\/uploads\/2021\/09\/Dr-Chico-Prado-Trofeu-Dom-Jose-1.jpg?resize=1050%2C600&ssl=1 3x, https:\/\/i0.wp.com\/correiodasemana.com\/site\/wp-content\/uploads\/2021\/09\/Dr-Chico-Prado-Trofeu-Dom-Jose-1.jpg?resize=1400%2C800&ssl=1 4x"},"classes":[]},{"id":34217,"url":"https:\/\/correiodasemana.com\/site\/becco-ponto-com-218\/","url_meta":{"origin":31567,"position":2},"title":"BECCO PONTO.COM","author":"adminredacao","date":"Junho 16, 2025","format":false,"excerpt":"LIVRAI-NOS, SENHOR! Das paradas modernas e pol\u00edticas: \u201ct\u00f4 no voto\u201d, ufa! Das quadrilhas p\u00e3o e circo para o pov\u00e3o, j\u00e1 aqui. Da famosa cpi da Santa Casa vai da pizza de novo. Da ruma de cursos formando analfabetos, logo. Do bl\u00e1 bl\u00e1 bl\u00e1 do golpe virando pizza no pa\u00eds. Ui!\u2026","rel":"","context":"In &quot;Artigos&quot;","block_context":{"text":"Artigos","link":"https:\/\/correiodasemana.com\/site\/category\/artigos\/"},"img":{"alt_text":"","src":"https:\/\/i0.wp.com\/correiodasemana.com\/site\/wp-content\/uploads\/2021\/09\/Dr-Chico-Prado-Trofeu-Dom-Jose-1-1.jpg?resize=350%2C200&ssl=1","width":350,"height":200,"srcset":"https:\/\/i0.wp.com\/correiodasemana.com\/site\/wp-content\/uploads\/2021\/09\/Dr-Chico-Prado-Trofeu-Dom-Jose-1-1.jpg?resize=350%2C200&ssl=1 1x, https:\/\/i0.wp.com\/correiodasemana.com\/site\/wp-content\/uploads\/2021\/09\/Dr-Chico-Prado-Trofeu-Dom-Jose-1-1.jpg?resize=525%2C300&ssl=1 1.5x, https:\/\/i0.wp.com\/correiodasemana.com\/site\/wp-content\/uploads\/2021\/09\/Dr-Chico-Prado-Trofeu-Dom-Jose-1-1.jpg?resize=700%2C400&ssl=1 2x"},"classes":[]},{"id":27415,"url":"https:\/\/correiodasemana.com\/site\/becco-ponto-com-147\/","url_meta":{"origin":31567,"position":3},"title":"Becco Ponto Com","author":"adminredacao","date":"Novembro 27, 2023","format":false,"excerpt":"LIVRAI-NOS, SENHOR! Do babado: abre e fecha centro. Dos camaradas do poder deles. Do Cid, abandonado pelo \u201cpt Lula\u201d. Das m\u00fasicas modernas \u2018lixos\u2019, ufa! Do virando cracol\u00e2ndia, \u2018o dia todo\u2019. Dos carnabraus da vida. \u00c9 droga. Da ruma de cursos empresas, ufa! Da cegueira do Lula, no discurso. Da sele\u00e7\u00e3o\u2026","rel":"","context":"In &quot;Artigos&quot;","block_context":{"text":"Artigos","link":"https:\/\/correiodasemana.com\/site\/category\/artigos\/"},"img":{"alt_text":"","src":"https:\/\/i0.wp.com\/correiodasemana.com\/site\/wp-content\/uploads\/2021\/09\/Dr-Chico-Prado-Trofeu-Dom-Jose-1.jpg?resize=350%2C200&ssl=1","width":350,"height":200,"srcset":"https:\/\/i0.wp.com\/correiodasemana.com\/site\/wp-content\/uploads\/2021\/09\/Dr-Chico-Prado-Trofeu-Dom-Jose-1.jpg?resize=350%2C200&ssl=1 1x, https:\/\/i0.wp.com\/correiodasemana.com\/site\/wp-content\/uploads\/2021\/09\/Dr-Chico-Prado-Trofeu-Dom-Jose-1.jpg?resize=525%2C300&ssl=1 1.5x, https:\/\/i0.wp.com\/correiodasemana.com\/site\/wp-content\/uploads\/2021\/09\/Dr-Chico-Prado-Trofeu-Dom-Jose-1.jpg?resize=700%2C400&ssl=1 2x, https:\/\/i0.wp.com\/correiodasemana.com\/site\/wp-content\/uploads\/2021\/09\/Dr-Chico-Prado-Trofeu-Dom-Jose-1.jpg?resize=1050%2C600&ssl=1 3x, https:\/\/i0.wp.com\/correiodasemana.com\/site\/wp-content\/uploads\/2021\/09\/Dr-Chico-Prado-Trofeu-Dom-Jose-1.jpg?resize=1400%2C800&ssl=1 4x"},"classes":[]},{"id":30185,"url":"https:\/\/correiodasemana.com\/site\/becco-ponto-com-177\/","url_meta":{"origin":31567,"position":4},"title":"BECCO PONTO COM","author":"adminredacao","date":"Julho 29, 2024","format":false,"excerpt":"LIVRAI-NOS, SENHOR! De um m\u00e9dico para cada dor, ufa! Dos puxas dela na \u00e1rea por amor. Do \u201clixo neles\u201d gerar votos contra. Do rombo do pt no pa\u00eds, via Lula, ui! Das f\u00e1bricas de formar m\u00e9dicos. Do \u201cvar\u201d mengo na \u00e1rea do p\u00eanalti. Do Ciro, batendo do pt via Elmano.\u2026","rel":"","context":"In &quot;Artigos&quot;","block_context":{"text":"Artigos","link":"https:\/\/correiodasemana.com\/site\/category\/artigos\/"},"img":{"alt_text":"","src":"https:\/\/i0.wp.com\/correiodasemana.com\/site\/wp-content\/uploads\/2021\/09\/Dr-Chico-Prado-Trofeu-Dom-Jose-1.jpg?resize=350%2C200&ssl=1","width":350,"height":200,"srcset":"https:\/\/i0.wp.com\/correiodasemana.com\/site\/wp-content\/uploads\/2021\/09\/Dr-Chico-Prado-Trofeu-Dom-Jose-1.jpg?resize=350%2C200&ssl=1 1x, https:\/\/i0.wp.com\/correiodasemana.com\/site\/wp-content\/uploads\/2021\/09\/Dr-Chico-Prado-Trofeu-Dom-Jose-1.jpg?resize=525%2C300&ssl=1 1.5x, https:\/\/i0.wp.com\/correiodasemana.com\/site\/wp-content\/uploads\/2021\/09\/Dr-Chico-Prado-Trofeu-Dom-Jose-1.jpg?resize=700%2C400&ssl=1 2x, https:\/\/i0.wp.com\/correiodasemana.com\/site\/wp-content\/uploads\/2021\/09\/Dr-Chico-Prado-Trofeu-Dom-Jose-1.jpg?resize=1050%2C600&ssl=1 3x, https:\/\/i0.wp.com\/correiodasemana.com\/site\/wp-content\/uploads\/2021\/09\/Dr-Chico-Prado-Trofeu-Dom-Jose-1.jpg?resize=1400%2C800&ssl=1 4x"},"classes":[]},{"id":31297,"url":"https:\/\/correiodasemana.com\/site\/becco-ponto-com-190\/","url_meta":{"origin":31567,"position":5},"title":"Becco ponto Com","author":"adminredacao","date":"Novembro 3, 2024","format":false,"excerpt":"LIVRAI-NOS, SENHOR! Do choro farsante dos pol\u00edticos brasileiros, ufa! Da sess\u00e3o paga e passa nas faculdades particulares. De uma nova \u201cC\u00e2mara camarada\u201d como as demais, ui! Da cara de \u201cAndr\u00e9\u201d dos pol\u00edticos rezando para o povo. Da perda de votos do PT de Lula, pelo Brasil afora, ufa! Da \u201cBola\u2026","rel":"","context":"In &quot;Artigos&quot;","block_context":{"text":"Artigos","link":"https:\/\/correiodasemana.com\/site\/category\/artigos\/"},"img":{"alt_text":"","src":"https:\/\/i0.wp.com\/correiodasemana.com\/site\/wp-content\/uploads\/2021\/09\/Dr-Chico-Prado-Trofeu-Dom-Jose-1-1.jpg?resize=350%2C200&ssl=1","width":350,"height":200,"srcset":"https:\/\/i0.wp.com\/correiodasemana.com\/site\/wp-content\/uploads\/2021\/09\/Dr-Chico-Prado-Trofeu-Dom-Jose-1-1.jpg?resize=350%2C200&ssl=1 1x, https:\/\/i0.wp.com\/correiodasemana.com\/site\/wp-content\/uploads\/2021\/09\/Dr-Chico-Prado-Trofeu-Dom-Jose-1-1.jpg?resize=525%2C300&ssl=1 1.5x, https:\/\/i0.wp.com\/correiodasemana.com\/site\/wp-content\/uploads\/2021\/09\/Dr-Chico-Prado-Trofeu-Dom-Jose-1-1.jpg?resize=700%2C400&ssl=1 2x"},"classes":[]}],"jetpack_sharing_enabled":true,"_links":{"self":[{"href":"https:\/\/correiodasemana.com\/site\/wp-json\/wp\/v2\/posts\/31567","targetHints":{"allow":["GET"]}}],"collection":[{"href":"https:\/\/correiodasemana.com\/site\/wp-json\/wp\/v2\/posts"}],"about":[{"href":"https:\/\/correiodasemana.com\/site\/wp-json\/wp\/v2\/types\/post"}],"author":[{"embeddable":true,"href":"https:\/\/correiodasemana.com\/site\/wp-json\/wp\/v2\/users\/7"}],"replies":[{"embeddable":true,"href":"https:\/\/correiodasemana.com\/site\/wp-json\/wp\/v2\/comments?post=31567"}],"version-history":[{"count":2,"href":"https:\/\/correiodasemana.com\/site\/wp-json\/wp\/v2\/posts\/31567\/revisions"}],"predecessor-version":[{"id":31570,"href":"https:\/\/correiodasemana.com\/site\/wp-json\/wp\/v2\/posts\/31567\/revisions\/31570"}],"wp:featuredmedia":[{"embeddable":true,"href":"https:\/\/correiodasemana.com\/site\/wp-json\/wp\/v2\/media\/17508"}],"wp:attachment":[{"href":"https:\/\/correiodasemana.com\/site\/wp-json\/wp\/v2\/media?parent=31567"}],"wp:term":[{"taxonomy":"category","embeddable":true,"href":"https:\/\/correiodasemana.com\/site\/wp-json\/wp\/v2\/categories?post=31567"},{"taxonomy":"post_tag","embeddable":true,"href":"https:\/\/correiodasemana.com\/site\/wp-json\/wp\/v2\/tags?post=31567"}],"curies":[{"name":"wp","href":"https:\/\/api.w.org\/{rel}","templated":true}]}}