{"id":31599,"date":"2024-11-24T23:51:23","date_gmt":"2024-11-25T02:51:23","guid":{"rendered":"https:\/\/correiodasemana.com\/site\/?p=31599"},"modified":"2024-11-24T23:51:23","modified_gmt":"2024-11-25T02:51:23","slug":"assembleia-geral-da-familia-da-esperanca-em-sao-paulo","status":"publish","type":"post","link":"https:\/\/correiodasemana.com\/site\/assembleia-geral-da-familia-da-esperanca-em-sao-paulo\/","title":{"rendered":"Assembleia Geral da Fam\u00edlia da Esperan\u00e7a em S\u00e3o Paulo"},"content":{"rendered":"<p>No per\u00edodo de 15 a 17 de novembro foi realizada na Fazenda da Esperan\u00e7a S\u00e3o Lib\u00f3rio, Pedrinhas- Guaratinguet\u00e1\/SP a Assembleia Geral da Associa\u00e7\u00e3o Privada de Fi\u00e9is de Direito Pontif\u00edcio- Fam\u00edlia da Esperan\u00e7a com todos os membros da Fam\u00edlia da Esperan\u00e7a. Os representantes da Fazenda da Esperan\u00e7a de Sobral foram os membros da diretoria Francirene Tomaz Parente e Ivanildo Jos\u00e9 de Melo<br \/>\nNesse ano comemoramos 25 anos da Fam\u00edlia da Esperan\u00e7a que segue o caminho fundamentado no evangelho e na espiritualidade de Chiara Lubich e de S\u00e3o Francisco de Assis. Para a comunidade, a esperan\u00e7a \u00e9 um carisma transformador, revelando-se na pr\u00e1tica di\u00e1ria da caridade e nos servi\u00e7os aos mais necessitados.<br \/>\nA for\u00e7a desse carisma da esperan\u00e7a est\u00e1 na sua aplicabilidade pr\u00e1tica, especialmente no trabalho de recupera\u00e7\u00e3o de dependentes qu\u00edmicos. A experi\u00eancia mission\u00e1ria da Fam\u00edlia da Esperan\u00e7a tem sido positiva, como revelado pelo reconhecimento pontif\u00edcio e diocesano.<br \/>\nCompreende-se que o trabalho na Fazenda da Esperan\u00e7a n\u00e3o \u00e9 uma simples ocupa\u00e7\u00e3o, mas uma voca\u00e7\u00e3o que o Senhor est\u00e1 doando, um carisma, o da Esperan\u00e7a. Na fala do fundador Frei Hans foi dado \u00eanfase com prioridade no amor a \u201cJesus no Outro\u201d, especialmente naqueles que mais sofrem. Aprendemos, por meio da espiritualidade da Unidade, que a melhor forma de responder ao amor de Deus \u00e9 fazer a sua Vontade, que se manifesta na sua Palavra. Ao coloc\u00e1-la em pr\u00e1tica, descobrimos, desde os primeiros tempos de nossas vidas, que a frase do evangelho \u201ca mim o fizestes\u201d (Mt 25,40) era nossa especificidade, nosso modo de ser Filhos da Esperan\u00e7a\u201d.<br \/>\nNesse momento de encontro com a Fam\u00edlia da Esperan\u00e7a sentimos o chamado que Deus nos faz, para trazer esperan\u00e7a \u00e0queles que talvez n\u00e3o tenham mais sentido em suas vidas, \u00e9 um chamado para am\u00e1-Lo nas pessoas que est\u00e3o em situa\u00e7\u00f5es de vulnerabilidade social.<br \/>\nFrancirene Tomaz<\/p>\n<p><a href=\"https:\/\/correiodasemana.com\/site\/assembleia-geral-da-familia-da-esperanca-em-sao-paulo\/whatsapp-image-2024-11-19-at-09-53-42\/\" rel=\"attachment wp-att-31600\"><img fetchpriority=\"high\" decoding=\"async\" class=\"aligncenter size-full wp-image-31600\" src=\"https:\/\/correiodasemana.com\/site\/wp-content\/uploads\/2024\/11\/WhatsApp-Image-2024-11-19-at-09.53.42.jpeg\" alt=\"\" width=\"1040\" height=\"753\" srcset=\"https:\/\/correiodasemana.com\/site\/wp-content\/uploads\/2024\/11\/WhatsApp-Image-2024-11-19-at-09.53.42.jpeg 1040w, https:\/\/correiodasemana.com\/site\/wp-content\/uploads\/2024\/11\/WhatsApp-Image-2024-11-19-at-09.53.42-300x217.jpeg 300w, https:\/\/correiodasemana.com\/site\/wp-content\/uploads\/2024\/11\/WhatsApp-Image-2024-11-19-at-09.53.42-1024x741.jpeg 1024w, https:\/\/correiodasemana.com\/site\/wp-content\/uploads\/2024\/11\/WhatsApp-Image-2024-11-19-at-09.53.42-768x556.jpeg 768w\" sizes=\"(max-width: 1040px) 100vw, 1040px\" \/><\/a> <a href=\"https:\/\/correiodasemana.com\/site\/assembleia-geral-da-familia-da-esperanca-em-sao-paulo\/whatsapp-image-2024-11-19-at-09-54-16\/\" rel=\"attachment wp-att-31601\"><img decoding=\"async\" class=\"aligncenter size-full wp-image-31601\" src=\"https:\/\/correiodasemana.com\/site\/wp-content\/uploads\/2024\/11\/WhatsApp-Image-2024-11-19-at-09.54.16.jpeg\" alt=\"\" width=\"1189\" height=\"1571\" srcset=\"https:\/\/correiodasemana.com\/site\/wp-content\/uploads\/2024\/11\/WhatsApp-Image-2024-11-19-at-09.54.16.jpeg 1189w, https:\/\/correiodasemana.com\/site\/wp-content\/uploads\/2024\/11\/WhatsApp-Image-2024-11-19-at-09.54.16-227x300.jpeg 227w, https:\/\/correiodasemana.com\/site\/wp-content\/uploads\/2024\/11\/WhatsApp-Image-2024-11-19-at-09.54.16-775x1024.jpeg 775w, https:\/\/correiodasemana.com\/site\/wp-content\/uploads\/2024\/11\/WhatsApp-Image-2024-11-19-at-09.54.16-768x1015.jpeg 768w, https:\/\/correiodasemana.com\/site\/wp-content\/uploads\/2024\/11\/WhatsApp-Image-2024-11-19-at-09.54.16-1163x1536.jpeg 1163w, https:\/\/correiodasemana.com\/site\/wp-content\/uploads\/2024\/11\/WhatsApp-Image-2024-11-19-at-09.54.16-1024x1353.jpeg 1024w\" sizes=\"(max-width: 1189px) 100vw, 1189px\" \/><\/a> <a href=\"https:\/\/correiodasemana.com\/site\/assembleia-geral-da-familia-da-esperanca-em-sao-paulo\/whatsapp-image-2024-11-19-at-15-14-13-1\/\" rel=\"attachment wp-att-31602\"><img decoding=\"async\" class=\"aligncenter size-full wp-image-31602\" src=\"https:\/\/correiodasemana.com\/site\/wp-content\/uploads\/2024\/11\/WhatsApp-Image-2024-11-19-at-15.14.13-1.jpeg\" alt=\"\" width=\"1277\" height=\"923\" srcset=\"https:\/\/correiodasemana.com\/site\/wp-content\/uploads\/2024\/11\/WhatsApp-Image-2024-11-19-at-15.14.13-1.jpeg 1277w, https:\/\/correiodasemana.com\/site\/wp-content\/uploads\/2024\/11\/WhatsApp-Image-2024-11-19-at-15.14.13-1-300x217.jpeg 300w, https:\/\/correiodasemana.com\/site\/wp-content\/uploads\/2024\/11\/WhatsApp-Image-2024-11-19-at-15.14.13-1-1024x740.jpeg 1024w, https:\/\/correiodasemana.com\/site\/wp-content\/uploads\/2024\/11\/WhatsApp-Image-2024-11-19-at-15.14.13-1-768x555.jpeg 768w\" sizes=\"(max-width: 1277px) 100vw, 1277px\" \/><\/a><\/p>\n","protected":false},"excerpt":{"rendered":"<p>No per\u00edodo de 15 a 17 de novembro foi realizada na Fazenda da Esperan\u00e7a S\u00e3o&#8230;<\/p>\n","protected":false},"author":7,"featured_media":31602,"comment_status":"open","ping_status":"open","sticky":false,"template":"","format":"standard","meta":{"_jetpack_memberships_contains_paid_content":false,"footnotes":"","jetpack_publicize_message":"","jetpack_publicize_feature_enabled":true,"jetpack_social_post_already_shared":true,"jetpack_social_options":{"image_generator_settings":{"template":"highway","default_image_id":0,"font":"","enabled":false},"version":2}},"categories":[1],"tags":[],"class_list":["post-31599","post","type-post","status-publish","format-standard","has-post-thumbnail","hentry","category-atualidade"],"jetpack_publicize_connections":[],"jetpack_featured_media_url":"https:\/\/correiodasemana.com\/site\/wp-content\/uploads\/2024\/11\/WhatsApp-Image-2024-11-19-at-15.14.13-1.jpeg","jetpack-related-posts":[{"id":37688,"url":"https:\/\/correiodasemana.com\/site\/assembleia-regional-2026-da-fazenda-da-esperanca\/","url_meta":{"origin":31599,"position":0},"title":"Assembleia Regional 2026 da Fazenda da Esperan\u00e7a","author":"adminredacao","date":"Mar\u00e7o 10, 2026","format":false,"excerpt":"Conforme o Planejamento Anual da Regi\u00e3o do Nordeste de 2026 foi realizado no per\u00edodo de 20 a 22 de fevereiro o encontro das diretorias do Nordeste na Fazenda da Esperan\u00e7a Santa Rosa em Garanhuns Pernambuco. No per\u00edodo de 23 a 26\/02 aconteceu o encontro de respons\u00e1veis de Fazendas da Esperan\u00e7a,\u2026","rel":"","context":"In &quot;Atualidade&quot;","block_context":{"text":"Atualidade","link":"https:\/\/correiodasemana.com\/site\/category\/atualidade\/"},"img":{"alt_text":"","src":"https:\/\/i0.wp.com\/correiodasemana.com\/site\/wp-content\/uploads\/2026\/03\/foto2.jpeg?resize=350%2C200&ssl=1","width":350,"height":200,"srcset":"https:\/\/i0.wp.com\/correiodasemana.com\/site\/wp-content\/uploads\/2026\/03\/foto2.jpeg?resize=350%2C200&ssl=1 1x, https:\/\/i0.wp.com\/correiodasemana.com\/site\/wp-content\/uploads\/2026\/03\/foto2.jpeg?resize=525%2C300&ssl=1 1.5x, https:\/\/i0.wp.com\/correiodasemana.com\/site\/wp-content\/uploads\/2026\/03\/foto2.jpeg?resize=700%2C400&ssl=1 2x, https:\/\/i0.wp.com\/correiodasemana.com\/site\/wp-content\/uploads\/2026\/03\/foto2.jpeg?resize=1050%2C600&ssl=1 3x, https:\/\/i0.wp.com\/correiodasemana.com\/site\/wp-content\/uploads\/2026\/03\/foto2.jpeg?resize=1400%2C800&ssl=1 4x"},"classes":[]},{"id":30252,"url":"https:\/\/correiodasemana.com\/site\/encontro-regional-da-familia-da-esperanca-de-sobral\/","url_meta":{"origin":31599,"position":1},"title":"Encontro Regional da Fam\u00edlia da Esperan\u00e7a de Sobral","author":"adminredacao","date":"Agosto 3, 2024","format":false,"excerpt":"A Fam\u00edlia da Esperan\u00e7a \u00e9 uma Associa\u00e7\u00e3o Internacional de Fi\u00e9is, aprovada pelo Pontif\u00edcio Conselho para os Leigos da Igreja Cat\u00f3lica, uma nova comunidade nascida em meio aos mais necessitados. O objetivo da Fam\u00edlia da Esperan\u00e7a \u00e9 a santifica\u00e7\u00e3o de seus membros atrav\u00e9s da pr\u00e1tica do amor rec\u00edproco, da viv\u00eancia das\u2026","rel":"","context":"In &quot;Atualidade&quot;","block_context":{"text":"Atualidade","link":"https:\/\/correiodasemana.com\/site\/category\/atualidade\/"},"img":{"alt_text":"","src":"https:\/\/i0.wp.com\/correiodasemana.com\/site\/wp-content\/uploads\/2024\/08\/WhatsApp-Image-2024-07-22-at-09.11.15.jpeg?resize=350%2C200&ssl=1","width":350,"height":200,"srcset":"https:\/\/i0.wp.com\/correiodasemana.com\/site\/wp-content\/uploads\/2024\/08\/WhatsApp-Image-2024-07-22-at-09.11.15.jpeg?resize=350%2C200&ssl=1 1x, https:\/\/i0.wp.com\/correiodasemana.com\/site\/wp-content\/uploads\/2024\/08\/WhatsApp-Image-2024-07-22-at-09.11.15.jpeg?resize=525%2C300&ssl=1 1.5x, https:\/\/i0.wp.com\/correiodasemana.com\/site\/wp-content\/uploads\/2024\/08\/WhatsApp-Image-2024-07-22-at-09.11.15.jpeg?resize=700%2C400&ssl=1 2x, https:\/\/i0.wp.com\/correiodasemana.com\/site\/wp-content\/uploads\/2024\/08\/WhatsApp-Image-2024-07-22-at-09.11.15.jpeg?resize=1050%2C600&ssl=1 3x, https:\/\/i0.wp.com\/correiodasemana.com\/site\/wp-content\/uploads\/2024\/08\/WhatsApp-Image-2024-07-22-at-09.11.15.jpeg?resize=1400%2C800&ssl=1 4x"},"classes":[]},{"id":15752,"url":"https:\/\/correiodasemana.com\/site\/missionaria-partilha-sua-experiencia-em-prol-da-recuperacao-de-mulheres-na-fazenda-da-esperanca\/","url_meta":{"origin":31599,"position":2},"title":"Mission\u00e1ria partilha sua experi\u00eancia em prol da recupera\u00e7\u00e3o de mulheres na Fazenda da Esperan\u00e7a","author":"","date":"Fevereiro 24, 2021","format":false,"excerpt":"\u201cDeixei tudo para tr\u00e1s, fam\u00edlia, trabalho e comecei essa divina aventura de escolher Deus como tudo\u201d A Fazenda da Esperan\u00e7a \u00e9 uma Associa\u00e7\u00e3o Internacional de Fi\u00e9is com reconhecimento pontif\u00edcio. Seu carisma teve in\u00edcio com a experi\u00eancia do jovem paulista Nelson Giovanelli, que \u00e0 \u00e9poca encontrou uma forma concreta de viver\u2026","rel":"","context":"In &quot;Atualidade&quot;","block_context":{"text":"Atualidade","link":"https:\/\/correiodasemana.com\/site\/category\/atualidade\/"},"img":{"alt_text":"","src":"https:\/\/i0.wp.com\/correiodasemana.com\/site\/wp-content\/uploads\/2021\/02\/WhatsApp-Image-2021-02-18-at-18.59.59.jpeg?resize=350%2C200&ssl=1","width":350,"height":200,"srcset":"https:\/\/i0.wp.com\/correiodasemana.com\/site\/wp-content\/uploads\/2021\/02\/WhatsApp-Image-2021-02-18-at-18.59.59.jpeg?resize=350%2C200&ssl=1 1x, https:\/\/i0.wp.com\/correiodasemana.com\/site\/wp-content\/uploads\/2021\/02\/WhatsApp-Image-2021-02-18-at-18.59.59.jpeg?resize=525%2C300&ssl=1 1.5x, https:\/\/i0.wp.com\/correiodasemana.com\/site\/wp-content\/uploads\/2021\/02\/WhatsApp-Image-2021-02-18-at-18.59.59.jpeg?resize=700%2C400&ssl=1 2x"},"classes":[]},{"id":10236,"url":"https:\/\/correiodasemana.com\/site\/fazenda-da-esperanca-e-reconhecida-como-associacao-internacional-de-fieis\/","url_meta":{"origin":31599,"position":3},"title":"Fazenda da Esperan\u00e7a \u00e9 reconhecida como Associa\u00e7\u00e3o Internacional de Fi\u00e9is","author":"","date":"Dezembro 23, 2019","format":false,"excerpt":"Os fundadores e membros da Fazenda Esperan\u00e7a, receberam das m\u00e3os do presidente do Pontif\u00edcio Conselho para os Leigos, cardeal Stanislaw Rylko, o reconhecimento como Associa\u00e7\u00e3o Internacional de Fi\u00e9is. O reconhecimento foi anunciado na segunda-feira, dia 24. No dia 12 de novembro do ano passado, o Conselho Pontif\u00edcio para os Leigos\u2026","rel":"","context":"In &quot;Atualidade&quot;","block_context":{"text":"Atualidade","link":"https:\/\/correiodasemana.com\/site\/category\/atualidade\/"},"img":{"alt_text":"","src":"https:\/\/i0.wp.com\/correiodasemana.com\/site\/wp-content\/uploads\/2019\/12\/fazendadaesperanca.jpg?resize=350%2C200&ssl=1","width":350,"height":200},"classes":[]},{"id":31114,"url":"https:\/\/correiodasemana.com\/site\/grupo-esperanca-viva-realiza-encontro-em-tiangua\/","url_meta":{"origin":31599,"position":4},"title":"GRUPO &#8220;ESPERAN\u00c7A VIVA&#8221; REALIZA ENCONTRO EM TIANGU\u00c1","author":"adminredacao","date":"Outubro 21, 2024","format":false,"excerpt":"Nos dias 12 e 13 de outubro foi realizada a Escola Grupo Esperan\u00e7a Viva- GEV em Tiangu\u00e1 contanto com a participa\u00e7\u00e3o dos representantes dos estados do Cear\u00e1, Rio Grande do Norte, Para\u00edba e Pernambuco. Alguns representantes da Fazenda da Esperan\u00e7a e do GEV de Sobral participaram colaborando de forma expressiva\u2026","rel":"","context":"In &quot;Atualidade&quot;","block_context":{"text":"Atualidade","link":"https:\/\/correiodasemana.com\/site\/category\/atualidade\/"},"img":{"alt_text":"","src":"https:\/\/i0.wp.com\/correiodasemana.com\/site\/wp-content\/uploads\/2024\/10\/foto-tiangua3.jpeg?resize=350%2C200&ssl=1","width":350,"height":200,"srcset":"https:\/\/i0.wp.com\/correiodasemana.com\/site\/wp-content\/uploads\/2024\/10\/foto-tiangua3.jpeg?resize=350%2C200&ssl=1 1x, https:\/\/i0.wp.com\/correiodasemana.com\/site\/wp-content\/uploads\/2024\/10\/foto-tiangua3.jpeg?resize=525%2C300&ssl=1 1.5x, https:\/\/i0.wp.com\/correiodasemana.com\/site\/wp-content\/uploads\/2024\/10\/foto-tiangua3.jpeg?resize=700%2C400&ssl=1 2x, https:\/\/i0.wp.com\/correiodasemana.com\/site\/wp-content\/uploads\/2024\/10\/foto-tiangua3.jpeg?resize=1050%2C600&ssl=1 3x, https:\/\/i0.wp.com\/correiodasemana.com\/site\/wp-content\/uploads\/2024\/10\/foto-tiangua3.jpeg?resize=1400%2C800&ssl=1 4x"},"classes":[]},{"id":22756,"url":"https:\/\/correiodasemana.com\/site\/comunidade-jesus-misericordioso-celebra-a-festa-da-luz-no-santuario-da-esperanca\/","url_meta":{"origin":31599,"position":5},"title":"Comunidade Jesus Misericordioso celebra a Festa da Luz no Santu\u00e1rio da Esperan\u00e7a","author":"adminredacao","date":"Janeiro 15, 2023","format":false,"excerpt":"A Comunidade Jesus Misericordioso do Bairro Antonio Carlos Belchior, pertencente \u00e0 Par\u00f3quia Nossa Senhora da Concei\u00e7\u00e3o, em Sobral, realizou neste s\u00e1bado (07\/01), a primeira edi\u00e7\u00e3o da Festa da Luz na Fazenda da Esperan\u00e7a S\u00e3o Bento, celebrando a Epifania do Senhor e a confraterniza\u00e7\u00e3o da comunidade paroquial. Este territ\u00f3rio prepara-se para\u2026","rel":"","context":"In &quot;Atualidade&quot;","block_context":{"text":"Atualidade","link":"https:\/\/correiodasemana.com\/site\/category\/atualidade\/"},"img":{"alt_text":"","src":"https:\/\/i0.wp.com\/correiodasemana.com\/site\/wp-content\/uploads\/2023\/01\/Jornal-Correio-da-Semana-No-950_06-5.jpg?resize=350%2C200&ssl=1","width":350,"height":200,"srcset":"https:\/\/i0.wp.com\/correiodasemana.com\/site\/wp-content\/uploads\/2023\/01\/Jornal-Correio-da-Semana-No-950_06-5.jpg?resize=350%2C200&ssl=1 1x, https:\/\/i0.wp.com\/correiodasemana.com\/site\/wp-content\/uploads\/2023\/01\/Jornal-Correio-da-Semana-No-950_06-5.jpg?resize=525%2C300&ssl=1 1.5x, https:\/\/i0.wp.com\/correiodasemana.com\/site\/wp-content\/uploads\/2023\/01\/Jornal-Correio-da-Semana-No-950_06-5.jpg?resize=700%2C400&ssl=1 2x, https:\/\/i0.wp.com\/correiodasemana.com\/site\/wp-content\/uploads\/2023\/01\/Jornal-Correio-da-Semana-No-950_06-5.jpg?resize=1050%2C600&ssl=1 3x"},"classes":[]}],"jetpack_sharing_enabled":true,"_links":{"self":[{"href":"https:\/\/correiodasemana.com\/site\/wp-json\/wp\/v2\/posts\/31599","targetHints":{"allow":["GET"]}}],"collection":[{"href":"https:\/\/correiodasemana.com\/site\/wp-json\/wp\/v2\/posts"}],"about":[{"href":"https:\/\/correiodasemana.com\/site\/wp-json\/wp\/v2\/types\/post"}],"author":[{"embeddable":true,"href":"https:\/\/correiodasemana.com\/site\/wp-json\/wp\/v2\/users\/7"}],"replies":[{"embeddable":true,"href":"https:\/\/correiodasemana.com\/site\/wp-json\/wp\/v2\/comments?post=31599"}],"version-history":[{"count":2,"href":"https:\/\/correiodasemana.com\/site\/wp-json\/wp\/v2\/posts\/31599\/revisions"}],"predecessor-version":[{"id":31604,"href":"https:\/\/correiodasemana.com\/site\/wp-json\/wp\/v2\/posts\/31599\/revisions\/31604"}],"wp:featuredmedia":[{"embeddable":true,"href":"https:\/\/correiodasemana.com\/site\/wp-json\/wp\/v2\/media\/31602"}],"wp:attachment":[{"href":"https:\/\/correiodasemana.com\/site\/wp-json\/wp\/v2\/media?parent=31599"}],"wp:term":[{"taxonomy":"category","embeddable":true,"href":"https:\/\/correiodasemana.com\/site\/wp-json\/wp\/v2\/categories?post=31599"},{"taxonomy":"post_tag","embeddable":true,"href":"https:\/\/correiodasemana.com\/site\/wp-json\/wp\/v2\/tags?post=31599"}],"curies":[{"name":"wp","href":"https:\/\/api.w.org\/{rel}","templated":true}]}}