{"id":31657,"date":"2024-12-02T00:14:00","date_gmt":"2024-12-02T03:14:00","guid":{"rendered":"https:\/\/correiodasemana.com\/site\/?p=31657"},"modified":"2024-12-02T00:14:00","modified_gmt":"2024-12-02T03:14:00","slug":"festa-da-imaculada-conceicao-tem-inicio-com-celebracoes-de-fe-e-uniao-na-se-catedral-de-sobral","status":"publish","type":"post","link":"https:\/\/correiodasemana.com\/site\/festa-da-imaculada-conceicao-tem-inicio-com-celebracoes-de-fe-e-uniao-na-se-catedral-de-sobral\/","title":{"rendered":"Festa da Imaculada Concei\u00e7\u00e3o tem in\u00edcio com celebra\u00e7\u00f5es de f\u00e9 e uni\u00e3o na S\u00e9 Catedral de Sobral"},"content":{"rendered":"<p>A abertura da Festa da Imaculada Concei\u00e7\u00e3o, padroeira da Diocese de Sobral, foi marcada por uma programa\u00e7\u00e3o especial organizada pela Par\u00f3quia da S\u00e9, na S\u00e9 Catedral.<\/p>\n<p>Manh\u00e3 de Espiritualidade<br \/>\nAs celebra\u00e7\u00f5es desta quinta-feira, 28 de novembro, reuniram fi\u00e9is para momentos de devo\u00e7\u00e3o, espiritualidade e conviv\u00eancia comunit\u00e1ria.<br \/>\nO dia come\u00e7ou com o repicar dos sinos, convidando os paroquianos para o Of\u00edcio da Imaculada Concei\u00e7\u00e3o. O momento oracional contou com a presen\u00e7a do p\u00e1roco Pe. Berg, o di\u00e1cono Candido Aguiar, seminaristas e membros da comunidade. Ap\u00f3s a ora\u00e7\u00e3o, os participantes desfrutaram de um caf\u00e9 da manh\u00e3 partilhado no patamar da Catedral, fortalecendo os la\u00e7os fraternos.<\/p>\n<p>Caminhada Luminosa e Missa de Abertura<br \/>\nNo final da tarde, a comunidade se reuniu na Capela S\u00e3o Pedro, no bairro Dom Expedito, para uma caminhada de f\u00e9. Durante o percurso, que passou pela ponte estaiada e ruas pr\u00f3ximas \u00e0 matriz de Sobral, os fi\u00e9is entoaram c\u00e2nticos marianos e meditaram os mist\u00e9rios do Santo Ter\u00e7o, em um momento de ora\u00e7\u00e3o e louvor \u00e0 padroeira.<br \/>\nA celebra\u00e7\u00e3o da Santa Missa de Abertura foi presidida por Pe. Berg, p\u00e1roco, e concelebrada por Pe. Denilson de Sousa, vig\u00e1rio paroquial e reitor do Semin\u00e1rio Maior de Filosofia S\u00e3o Jo\u00e3o Paulo II. O di\u00e1cono Candido Aguiar auxiliou altar.<br \/>\nEm sua homilia, Pe. Denilson destacou o significado da festividade como um grande retiro espiritual, incentivando o engajamento dos paroquianos. Ele ressaltou que a devo\u00e7\u00e3o \u00e0 Imaculada Concei\u00e7\u00e3o \u00e9 um tra\u00e7o marcante da f\u00e9 da Diocese de Sobral.<\/p>\n<p>Hasteamento da Bandeira<br \/>\nO dia de abertura foi conclu\u00eddo com o hasteamento da bandeira acompanhado pelo hino da Imaculada Concei\u00e7\u00e3o, reunindo paroquianos, grupos, pastorais e movimentos. Esse gesto simb\u00f3lico marcou oficialmente o in\u00edcio da festa, que seguir\u00e1 com uma programa\u00e7\u00e3o religiosa e social.<br \/>\nA Festa da Imaculada Concei\u00e7\u00e3o \u00e9 um dos momentos mais significativos para a comunidade cat\u00f3lica da regi\u00e3o, unindo f\u00e9, tradi\u00e7\u00e3o e devo\u00e7\u00e3o.<\/p>\n<p>Tha\u00eds Helena &#8211; Jornalista &#8211; Jornal Correio da Semana<\/p>\n<p><a href=\"https:\/\/correiodasemana.com\/site\/festa-da-imaculada-conceicao-tem-inicio-com-celebracoes-de-fe-e-uniao-na-se-catedral-de-sobral\/festa-maria-imaculada-sobral-1\/\" rel=\"attachment wp-att-31658\"><img fetchpriority=\"high\" decoding=\"async\" class=\"aligncenter size-full wp-image-31658\" src=\"https:\/\/correiodasemana.com\/site\/wp-content\/uploads\/2024\/12\/festa-maria-imaculada-sobral-1.jpeg\" alt=\"\" width=\"1280\" height=\"848\" srcset=\"https:\/\/correiodasemana.com\/site\/wp-content\/uploads\/2024\/12\/festa-maria-imaculada-sobral-1.jpeg 1280w, https:\/\/correiodasemana.com\/site\/wp-content\/uploads\/2024\/12\/festa-maria-imaculada-sobral-1-300x199.jpeg 300w, https:\/\/correiodasemana.com\/site\/wp-content\/uploads\/2024\/12\/festa-maria-imaculada-sobral-1-1024x678.jpeg 1024w, https:\/\/correiodasemana.com\/site\/wp-content\/uploads\/2024\/12\/festa-maria-imaculada-sobral-1-768x509.jpeg 768w\" sizes=\"(max-width: 1280px) 100vw, 1280px\" \/><\/a> <a href=\"https:\/\/correiodasemana.com\/site\/festa-da-imaculada-conceicao-tem-inicio-com-celebracoes-de-fe-e-uniao-na-se-catedral-de-sobral\/festa-maria-imaculada-sobral-2\/\" rel=\"attachment wp-att-31659\"><img decoding=\"async\" class=\"aligncenter size-full wp-image-31659\" src=\"https:\/\/correiodasemana.com\/site\/wp-content\/uploads\/2024\/12\/festa-maria-imaculada-sobral-2.jpeg\" alt=\"\" width=\"1600\" height=\"1066\" srcset=\"https:\/\/correiodasemana.com\/site\/wp-content\/uploads\/2024\/12\/festa-maria-imaculada-sobral-2.jpeg 1600w, https:\/\/correiodasemana.com\/site\/wp-content\/uploads\/2024\/12\/festa-maria-imaculada-sobral-2-300x200.jpeg 300w, https:\/\/correiodasemana.com\/site\/wp-content\/uploads\/2024\/12\/festa-maria-imaculada-sobral-2-1024x682.jpeg 1024w, https:\/\/correiodasemana.com\/site\/wp-content\/uploads\/2024\/12\/festa-maria-imaculada-sobral-2-768x512.jpeg 768w, https:\/\/correiodasemana.com\/site\/wp-content\/uploads\/2024\/12\/festa-maria-imaculada-sobral-2-1536x1023.jpeg 1536w\" sizes=\"(max-width: 1600px) 100vw, 1600px\" \/><\/a> <a href=\"https:\/\/correiodasemana.com\/site\/festa-da-imaculada-conceicao-tem-inicio-com-celebracoes-de-fe-e-uniao-na-se-catedral-de-sobral\/festa-maria-imaculada-sobral-3\/\" rel=\"attachment wp-att-31660\"><img decoding=\"async\" class=\"aligncenter size-full wp-image-31660\" src=\"https:\/\/correiodasemana.com\/site\/wp-content\/uploads\/2024\/12\/festa-maria-imaculada-sobral-3.jpeg\" alt=\"\" width=\"1600\" height=\"1066\" srcset=\"https:\/\/correiodasemana.com\/site\/wp-content\/uploads\/2024\/12\/festa-maria-imaculada-sobral-3.jpeg 1600w, https:\/\/correiodasemana.com\/site\/wp-content\/uploads\/2024\/12\/festa-maria-imaculada-sobral-3-300x200.jpeg 300w, https:\/\/correiodasemana.com\/site\/wp-content\/uploads\/2024\/12\/festa-maria-imaculada-sobral-3-1024x682.jpeg 1024w, https:\/\/correiodasemana.com\/site\/wp-content\/uploads\/2024\/12\/festa-maria-imaculada-sobral-3-768x512.jpeg 768w, https:\/\/correiodasemana.com\/site\/wp-content\/uploads\/2024\/12\/festa-maria-imaculada-sobral-3-1536x1023.jpeg 1536w\" sizes=\"(max-width: 1600px) 100vw, 1600px\" \/><\/a> <a href=\"https:\/\/correiodasemana.com\/site\/festa-da-imaculada-conceicao-tem-inicio-com-celebracoes-de-fe-e-uniao-na-se-catedral-de-sobral\/festa-maria-imaculada-sobral-4\/\" rel=\"attachment wp-att-31661\"><img loading=\"lazy\" decoding=\"async\" class=\"aligncenter size-full wp-image-31661\" src=\"https:\/\/correiodasemana.com\/site\/wp-content\/uploads\/2024\/12\/festa-maria-imaculada-sobral-4.jpeg\" alt=\"\" width=\"1280\" height=\"848\" srcset=\"https:\/\/correiodasemana.com\/site\/wp-content\/uploads\/2024\/12\/festa-maria-imaculada-sobral-4.jpeg 1280w, https:\/\/correiodasemana.com\/site\/wp-content\/uploads\/2024\/12\/festa-maria-imaculada-sobral-4-300x199.jpeg 300w, https:\/\/correiodasemana.com\/site\/wp-content\/uploads\/2024\/12\/festa-maria-imaculada-sobral-4-1024x678.jpeg 1024w, https:\/\/correiodasemana.com\/site\/wp-content\/uploads\/2024\/12\/festa-maria-imaculada-sobral-4-768x509.jpeg 768w\" sizes=\"(max-width: 1280px) 100vw, 1280px\" \/><\/a> <a href=\"https:\/\/correiodasemana.com\/site\/festa-da-imaculada-conceicao-tem-inicio-com-celebracoes-de-fe-e-uniao-na-se-catedral-de-sobral\/festa-maria-imaculada-sobral-5\/\" rel=\"attachment wp-att-31662\"><img loading=\"lazy\" decoding=\"async\" class=\"aligncenter size-full wp-image-31662\" src=\"https:\/\/correiodasemana.com\/site\/wp-content\/uploads\/2024\/12\/festa-maria-imaculada-sobral-5.jpeg\" alt=\"\" width=\"1280\" height=\"848\" srcset=\"https:\/\/correiodasemana.com\/site\/wp-content\/uploads\/2024\/12\/festa-maria-imaculada-sobral-5.jpeg 1280w, https:\/\/correiodasemana.com\/site\/wp-content\/uploads\/2024\/12\/festa-maria-imaculada-sobral-5-300x199.jpeg 300w, https:\/\/correiodasemana.com\/site\/wp-content\/uploads\/2024\/12\/festa-maria-imaculada-sobral-5-1024x678.jpeg 1024w, https:\/\/correiodasemana.com\/site\/wp-content\/uploads\/2024\/12\/festa-maria-imaculada-sobral-5-768x509.jpeg 768w\" sizes=\"(max-width: 1280px) 100vw, 1280px\" \/><\/a> <a href=\"https:\/\/correiodasemana.com\/site\/festa-da-imaculada-conceicao-tem-inicio-com-celebracoes-de-fe-e-uniao-na-se-catedral-de-sobral\/festa-maria-imaculada-sobral-6\/\" rel=\"attachment wp-att-31663\"><img loading=\"lazy\" decoding=\"async\" class=\"aligncenter size-full wp-image-31663\" src=\"https:\/\/correiodasemana.com\/site\/wp-content\/uploads\/2024\/12\/festa-maria-imaculada-sobral-6.jpeg\" alt=\"\" width=\"1600\" height=\"1066\" srcset=\"https:\/\/correiodasemana.com\/site\/wp-content\/uploads\/2024\/12\/festa-maria-imaculada-sobral-6.jpeg 1600w, https:\/\/correiodasemana.com\/site\/wp-content\/uploads\/2024\/12\/festa-maria-imaculada-sobral-6-300x200.jpeg 300w, https:\/\/correiodasemana.com\/site\/wp-content\/uploads\/2024\/12\/festa-maria-imaculada-sobral-6-1024x682.jpeg 1024w, https:\/\/correiodasemana.com\/site\/wp-content\/uploads\/2024\/12\/festa-maria-imaculada-sobral-6-768x512.jpeg 768w, https:\/\/correiodasemana.com\/site\/wp-content\/uploads\/2024\/12\/festa-maria-imaculada-sobral-6-1536x1023.jpeg 1536w\" sizes=\"(max-width: 1600px) 100vw, 1600px\" \/><\/a> <a href=\"https:\/\/correiodasemana.com\/site\/festa-da-imaculada-conceicao-tem-inicio-com-celebracoes-de-fe-e-uniao-na-se-catedral-de-sobral\/festa-maria-imaculada-sobral-7\/\" rel=\"attachment wp-att-31664\"><img loading=\"lazy\" decoding=\"async\" class=\"aligncenter size-full wp-image-31664\" src=\"https:\/\/correiodasemana.com\/site\/wp-content\/uploads\/2024\/12\/festa-maria-imaculada-sobral-7.jpeg\" alt=\"\" width=\"1600\" height=\"1066\" srcset=\"https:\/\/correiodasemana.com\/site\/wp-content\/uploads\/2024\/12\/festa-maria-imaculada-sobral-7.jpeg 1600w, https:\/\/correiodasemana.com\/site\/wp-content\/uploads\/2024\/12\/festa-maria-imaculada-sobral-7-300x200.jpeg 300w, https:\/\/correiodasemana.com\/site\/wp-content\/uploads\/2024\/12\/festa-maria-imaculada-sobral-7-1024x682.jpeg 1024w, https:\/\/correiodasemana.com\/site\/wp-content\/uploads\/2024\/12\/festa-maria-imaculada-sobral-7-768x512.jpeg 768w, https:\/\/correiodasemana.com\/site\/wp-content\/uploads\/2024\/12\/festa-maria-imaculada-sobral-7-1536x1023.jpeg 1536w\" sizes=\"(max-width: 1600px) 100vw, 1600px\" \/><\/a> <a href=\"https:\/\/correiodasemana.com\/site\/festa-da-imaculada-conceicao-tem-inicio-com-celebracoes-de-fe-e-uniao-na-se-catedral-de-sobral\/festa-maria-imaculada-sobral-8\/\" rel=\"attachment wp-att-31665\"><img loading=\"lazy\" decoding=\"async\" class=\"aligncenter size-full wp-image-31665\" src=\"https:\/\/correiodasemana.com\/site\/wp-content\/uploads\/2024\/12\/festa-maria-imaculada-sobral-8.jpeg\" alt=\"\" width=\"1600\" height=\"1066\" srcset=\"https:\/\/correiodasemana.com\/site\/wp-content\/uploads\/2024\/12\/festa-maria-imaculada-sobral-8.jpeg 1600w, https:\/\/correiodasemana.com\/site\/wp-content\/uploads\/2024\/12\/festa-maria-imaculada-sobral-8-300x200.jpeg 300w, https:\/\/correiodasemana.com\/site\/wp-content\/uploads\/2024\/12\/festa-maria-imaculada-sobral-8-1024x682.jpeg 1024w, https:\/\/correiodasemana.com\/site\/wp-content\/uploads\/2024\/12\/festa-maria-imaculada-sobral-8-768x512.jpeg 768w, https:\/\/correiodasemana.com\/site\/wp-content\/uploads\/2024\/12\/festa-maria-imaculada-sobral-8-1536x1023.jpeg 1536w\" sizes=\"(max-width: 1600px) 100vw, 1600px\" \/><\/a> <a href=\"https:\/\/correiodasemana.com\/site\/festa-da-imaculada-conceicao-tem-inicio-com-celebracoes-de-fe-e-uniao-na-se-catedral-de-sobral\/festa-maria-imaculada-sobral-9\/\" rel=\"attachment wp-att-31666\"><img loading=\"lazy\" decoding=\"async\" class=\"aligncenter size-full wp-image-31666\" src=\"https:\/\/correiodasemana.com\/site\/wp-content\/uploads\/2024\/12\/festa-maria-imaculada-sobral-9.jpeg\" alt=\"\" width=\"1280\" height=\"848\" srcset=\"https:\/\/correiodasemana.com\/site\/wp-content\/uploads\/2024\/12\/festa-maria-imaculada-sobral-9.jpeg 1280w, https:\/\/correiodasemana.com\/site\/wp-content\/uploads\/2024\/12\/festa-maria-imaculada-sobral-9-300x199.jpeg 300w, https:\/\/correiodasemana.com\/site\/wp-content\/uploads\/2024\/12\/festa-maria-imaculada-sobral-9-1024x678.jpeg 1024w, https:\/\/correiodasemana.com\/site\/wp-content\/uploads\/2024\/12\/festa-maria-imaculada-sobral-9-768x509.jpeg 768w\" sizes=\"(max-width: 1280px) 100vw, 1280px\" \/><\/a> <a href=\"https:\/\/correiodasemana.com\/site\/festa-da-imaculada-conceicao-tem-inicio-com-celebracoes-de-fe-e-uniao-na-se-catedral-de-sobral\/festa-maria-imaculada-sobral-10\/\" rel=\"attachment wp-att-31667\"><img loading=\"lazy\" decoding=\"async\" class=\"aligncenter size-full wp-image-31667\" src=\"https:\/\/correiodasemana.com\/site\/wp-content\/uploads\/2024\/12\/festa-maria-imaculada-sobral-10.jpeg\" alt=\"\" width=\"1600\" height=\"1066\" srcset=\"https:\/\/correiodasemana.com\/site\/wp-content\/uploads\/2024\/12\/festa-maria-imaculada-sobral-10.jpeg 1600w, https:\/\/correiodasemana.com\/site\/wp-content\/uploads\/2024\/12\/festa-maria-imaculada-sobral-10-300x200.jpeg 300w, https:\/\/correiodasemana.com\/site\/wp-content\/uploads\/2024\/12\/festa-maria-imaculada-sobral-10-1024x682.jpeg 1024w, https:\/\/correiodasemana.com\/site\/wp-content\/uploads\/2024\/12\/festa-maria-imaculada-sobral-10-768x512.jpeg 768w, https:\/\/correiodasemana.com\/site\/wp-content\/uploads\/2024\/12\/festa-maria-imaculada-sobral-10-1536x1023.jpeg 1536w\" sizes=\"(max-width: 1600px) 100vw, 1600px\" \/><\/a> <a href=\"https:\/\/correiodasemana.com\/site\/festa-da-imaculada-conceicao-tem-inicio-com-celebracoes-de-fe-e-uniao-na-se-catedral-de-sobral\/festa-maria-imaculada-sobral-11\/\" rel=\"attachment wp-att-31668\"><img loading=\"lazy\" decoding=\"async\" class=\"aligncenter size-full wp-image-31668\" src=\"https:\/\/correiodasemana.com\/site\/wp-content\/uploads\/2024\/12\/festa-maria-imaculada-sobral-11.jpeg\" alt=\"\" width=\"1600\" height=\"1066\" srcset=\"https:\/\/correiodasemana.com\/site\/wp-content\/uploads\/2024\/12\/festa-maria-imaculada-sobral-11.jpeg 1600w, https:\/\/correiodasemana.com\/site\/wp-content\/uploads\/2024\/12\/festa-maria-imaculada-sobral-11-300x200.jpeg 300w, https:\/\/correiodasemana.com\/site\/wp-content\/uploads\/2024\/12\/festa-maria-imaculada-sobral-11-1024x682.jpeg 1024w, https:\/\/correiodasemana.com\/site\/wp-content\/uploads\/2024\/12\/festa-maria-imaculada-sobral-11-768x512.jpeg 768w, https:\/\/correiodasemana.com\/site\/wp-content\/uploads\/2024\/12\/festa-maria-imaculada-sobral-11-1536x1023.jpeg 1536w\" sizes=\"(max-width: 1600px) 100vw, 1600px\" \/><\/a><\/p>\n","protected":false},"excerpt":{"rendered":"<p>A abertura da Festa da Imaculada Concei\u00e7\u00e3o, padroeira da Diocese de Sobral, foi marcada por&#8230;<\/p>\n","protected":false},"author":7,"featured_media":31668,"comment_status":"open","ping_status":"open","sticky":false,"template":"","format":"standard","meta":{"_jetpack_memberships_contains_paid_content":false,"footnotes":"","jetpack_publicize_message":"","jetpack_publicize_feature_enabled":true,"jetpack_social_post_already_shared":true,"jetpack_social_options":{"image_generator_settings":{"template":"highway","default_image_id":0,"font":"","enabled":false},"version":2}},"categories":[1],"tags":[],"class_list":["post-31657","post","type-post","status-publish","format-standard","has-post-thumbnail","hentry","category-atualidade"],"jetpack_publicize_connections":[],"jetpack_featured_media_url":"https:\/\/correiodasemana.com\/site\/wp-content\/uploads\/2024\/12\/festa-maria-imaculada-sobral-11.jpeg","jetpack-related-posts":[{"id":18259,"url":"https:\/\/correiodasemana.com\/site\/catedral-da-se-realiza-abertura-solene-da-festa-da-imaculada-conceicao-padroeira-da-diocese-de-sobral\/","url_meta":{"origin":31657,"position":0},"title":"CATEDRAL DA S\u00c9 REALIZA ABERTURA SOLENE DA FESTA DA IMACULADA CONCEI\u00c7\u00c3O, PADROEIRA DA DIOCESE DE SOBRAL","author":"","date":"Dezembro 6, 2021","format":false,"excerpt":"Por Thais Helena (Reda\u00e7\u00e3o Jornal Correio da Semana) Com o tema central: \u201cNo ventre imaculado de Maria brotou a fonte da vida\u201d, e lema: \u201cEis que conceber\u00e1s no teu ventre e dar\u00e1s \u00e0 luz a um Filho, e os chamar\u00e1s com o nome de Jesus\u201d. (Lucas 1, 31), a Par\u00f3quia\u2026","rel":"","context":"In &quot;Atualidade&quot;","block_context":{"text":"Atualidade","link":"https:\/\/correiodasemana.com\/site\/category\/atualidade\/"},"img":{"alt_text":"","src":"https:\/\/i0.wp.com\/correiodasemana.com\/site\/wp-content\/uploads\/2021\/12\/festa-da-catedral-3.jpeg?resize=350%2C200&ssl=1","width":350,"height":200,"srcset":"https:\/\/i0.wp.com\/correiodasemana.com\/site\/wp-content\/uploads\/2021\/12\/festa-da-catedral-3.jpeg?resize=350%2C200&ssl=1 1x, https:\/\/i0.wp.com\/correiodasemana.com\/site\/wp-content\/uploads\/2021\/12\/festa-da-catedral-3.jpeg?resize=525%2C300&ssl=1 1.5x, https:\/\/i0.wp.com\/correiodasemana.com\/site\/wp-content\/uploads\/2021\/12\/festa-da-catedral-3.jpeg?resize=700%2C400&ssl=1 2x, https:\/\/i0.wp.com\/correiodasemana.com\/site\/wp-content\/uploads\/2021\/12\/festa-da-catedral-3.jpeg?resize=1050%2C600&ssl=1 3x"},"classes":[]},{"id":36599,"url":"https:\/\/correiodasemana.com\/site\/paroquia-da-se-da-inicio-a-festa-de-nossa-senhora-da-conceicao-padroeira-da-diocese-de-sobral\/","url_meta":{"origin":31657,"position":1},"title":"Par\u00f3quia da S\u00e9 d\u00e1 in\u00edcio a Festa de Nossa Senhora da Concei\u00e7\u00e3o, padroeira da Diocese de Sobral","author":"adminredacao","date":"Dezembro 1, 2025","format":false,"excerpt":"Teve in\u00edcio nesta sexta-feira (28\/11) a Festa de Nossa Senhora da Concei\u00e7\u00e3o, na S\u00e9 Catedral, padroeira da cidade de Sobral e de toda a Igreja Diocesana. Com o tema \u201cMaria, express\u00e3o do amor fraterno\u201d, os fi\u00e9is e devotos s\u00e3o convidados a contemplar a vida de Maria como sinal de ternura,\u2026","rel":"","context":"In &quot;Atualidade&quot;","block_context":{"text":"Atualidade","link":"https:\/\/correiodasemana.com\/site\/category\/atualidade\/"},"img":{"alt_text":"","src":"https:\/\/i0.wp.com\/correiodasemana.com\/site\/wp-content\/uploads\/2025\/12\/WhatsApp-Image-2025-11-28-at-21.17.42.jpeg?resize=350%2C200&ssl=1","width":350,"height":200,"srcset":"https:\/\/i0.wp.com\/correiodasemana.com\/site\/wp-content\/uploads\/2025\/12\/WhatsApp-Image-2025-11-28-at-21.17.42.jpeg?resize=350%2C200&ssl=1 1x, https:\/\/i0.wp.com\/correiodasemana.com\/site\/wp-content\/uploads\/2025\/12\/WhatsApp-Image-2025-11-28-at-21.17.42.jpeg?resize=525%2C300&ssl=1 1.5x, https:\/\/i0.wp.com\/correiodasemana.com\/site\/wp-content\/uploads\/2025\/12\/WhatsApp-Image-2025-11-28-at-21.17.42.jpeg?resize=700%2C400&ssl=1 2x, https:\/\/i0.wp.com\/correiodasemana.com\/site\/wp-content\/uploads\/2025\/12\/WhatsApp-Image-2025-11-28-at-21.17.42.jpeg?resize=1050%2C600&ssl=1 3x"},"classes":[]},{"id":36691,"url":"https:\/\/correiodasemana.com\/site\/festa-da-imaculada-conceicao-reune-multidao-na-catedral-da-se\/","url_meta":{"origin":31657,"position":2},"title":"Festa da Imaculada Concei\u00e7\u00e3o re\u00fane multid\u00e3o na Catedral da S\u00e9","author":"adminredacao","date":"Dezembro 11, 2025","format":false,"excerpt":"A cidade de Sobral viveu, nos \u00faltimos dias, um dos momentos mais significativos de sua caminhada de f\u00e9: a Festa de Nossa Senhora da Concei\u00e7\u00e3o, padroeira da cidade e de toda a Diocese. A tradi\u00e7\u00e3o centen\u00e1ria mobiliza milhares de fi\u00e9is que, ano ap\u00f3s ano, veneram a Virgem Imaculada e participam\u2026","rel":"","context":"In &quot;Atualidade&quot;","block_context":{"text":"Atualidade","link":"https:\/\/correiodasemana.com\/site\/category\/atualidade\/"},"img":{"alt_text":"","src":"https:\/\/i0.wp.com\/correiodasemana.com\/site\/wp-content\/uploads\/2025\/12\/grande-scaled.jpg?resize=350%2C200&ssl=1","width":350,"height":200,"srcset":"https:\/\/i0.wp.com\/correiodasemana.com\/site\/wp-content\/uploads\/2025\/12\/grande-scaled.jpg?resize=350%2C200&ssl=1 1x, https:\/\/i0.wp.com\/correiodasemana.com\/site\/wp-content\/uploads\/2025\/12\/grande-scaled.jpg?resize=525%2C300&ssl=1 1.5x, https:\/\/i0.wp.com\/correiodasemana.com\/site\/wp-content\/uploads\/2025\/12\/grande-scaled.jpg?resize=700%2C400&ssl=1 2x, https:\/\/i0.wp.com\/correiodasemana.com\/site\/wp-content\/uploads\/2025\/12\/grande-scaled.jpg?resize=1050%2C600&ssl=1 3x, https:\/\/i0.wp.com\/correiodasemana.com\/site\/wp-content\/uploads\/2025\/12\/grande-scaled.jpg?resize=1400%2C800&ssl=1 4x"},"classes":[]},{"id":18276,"url":"https:\/\/correiodasemana.com\/site\/diocese-de-sobral-celebra-a-festa-de-sua-padroeira-a-imaculada-conceicao-de-maria\/","url_meta":{"origin":31657,"position":3},"title":"Diocese de Sobral celebra a festa de sua padroeira, a Imaculada Concei\u00e7\u00e3o de Maria","author":"","date":"Dezembro 12, 2021","format":false,"excerpt":"Por Thais Helena (Jornal Correio da Semana) Na \u00faltima quarta-feira, 08 de dezembro, a Igreja celebrou a Festa da Imaculada Concei\u00e7\u00e3o. Neste mesmo dia em 1854, atrav\u00e9s da bula Ineffabilis Deus do Papa Pio IX, a Igreja oficialmente reconheceu e declarou solenemente como dogma: \u201cMaria isenta do pecado original\u201d. A\u2026","rel":"","context":"In &quot;Atualidade&quot;","block_context":{"text":"Atualidade","link":"https:\/\/correiodasemana.com\/site\/category\/atualidade\/"},"img":{"alt_text":"","src":"https:\/\/i0.wp.com\/correiodasemana.com\/site\/wp-content\/uploads\/2021\/12\/IMG_8799.jpg?resize=350%2C200&ssl=1","width":350,"height":200,"srcset":"https:\/\/i0.wp.com\/correiodasemana.com\/site\/wp-content\/uploads\/2021\/12\/IMG_8799.jpg?resize=350%2C200&ssl=1 1x, https:\/\/i0.wp.com\/correiodasemana.com\/site\/wp-content\/uploads\/2021\/12\/IMG_8799.jpg?resize=525%2C300&ssl=1 1.5x, https:\/\/i0.wp.com\/correiodasemana.com\/site\/wp-content\/uploads\/2021\/12\/IMG_8799.jpg?resize=700%2C400&ssl=1 2x"},"classes":[]},{"id":22116,"url":"https:\/\/correiodasemana.com\/site\/diocese-de-sobral-celebra-a-festa-da-padroeira-nossa-senhora-da-conceicao\/","url_meta":{"origin":31657,"position":4},"title":"Diocese de Sobral celebra a festa da padroeira, Nossa Senhora da Concei\u00e7\u00e3o","author":"","date":"Dezembro 11, 2022","format":false,"excerpt":"Nesta quinta-feira, 8 de dezembro, dia em que a Igreja Cat\u00f3lica celebra a Solenidade da Imaculada Concei\u00e7\u00e3o, a Diocese de Sobral celebrou a festa de sua padroeira. A festa da Imaculada Concei\u00e7\u00e3o, comemorada em 8 de dezembro, foi inscrita no calend\u00e1rio lit\u00fargico pelo Papa Sisto IV, em 28 de fevereiro\u2026","rel":"","context":"In &quot;Atualidade&quot;","block_context":{"text":"Atualidade","link":"https:\/\/correiodasemana.com\/site\/category\/atualidade\/"},"img":{"alt_text":"","src":"https:\/\/i0.wp.com\/correiodasemana.com\/site\/wp-content\/uploads\/2022\/12\/21.jpeg?resize=350%2C200&ssl=1","width":350,"height":200,"srcset":"https:\/\/i0.wp.com\/correiodasemana.com\/site\/wp-content\/uploads\/2022\/12\/21.jpeg?resize=350%2C200&ssl=1 1x, https:\/\/i0.wp.com\/correiodasemana.com\/site\/wp-content\/uploads\/2022\/12\/21.jpeg?resize=525%2C300&ssl=1 1.5x, https:\/\/i0.wp.com\/correiodasemana.com\/site\/wp-content\/uploads\/2022\/12\/21.jpeg?resize=700%2C400&ssl=1 2x, https:\/\/i0.wp.com\/correiodasemana.com\/site\/wp-content\/uploads\/2022\/12\/21.jpeg?resize=1050%2C600&ssl=1 3x, https:\/\/i0.wp.com\/correiodasemana.com\/site\/wp-content\/uploads\/2022\/12\/21.jpeg?resize=1400%2C800&ssl=1 4x"},"classes":[]},{"id":15058,"url":"https:\/\/correiodasemana.com\/site\/celebracoes-em-homenagem-a-nossa-senhora-da-conceicao-sao-realizadas-em-sobral\/","url_meta":{"origin":31657,"position":5},"title":"Celebra\u00e7\u00f5es em homenagem a Nossa Senhora da Concei\u00e7\u00e3o s\u00e3o realizadas em Sobral","author":"","date":"Dezembro 20, 2020","format":false,"excerpt":"Missa solene foi celebrada por Dom Vasconcelos na noite da ter\u00e7a-feira (08\/12) ap\u00f3s realiza\u00e7\u00e3o de carreata pelas ruas da cidade. Por Joc\u00e9lio Tavares. A Diocese de Sobral realizou, na \u00faltima ter\u00e7a-feira (08\/12), as celebra\u00e7\u00f5es em homenagem a Nossa Senhora da Concei\u00e7\u00e3o, padroeira da cidade. As comemora\u00e7\u00f5es se iniciaram ainda pela\u2026","rel":"","context":"In &quot;Diocese&quot;","block_context":{"text":"Diocese","link":"https:\/\/correiodasemana.com\/site\/category\/diocese\/"},"img":{"alt_text":"","src":"https:\/\/i0.wp.com\/correiodasemana.com\/site\/wp-content\/uploads\/2020\/12\/DSC5029.jpg?resize=350%2C200&ssl=1","width":350,"height":200,"srcset":"https:\/\/i0.wp.com\/correiodasemana.com\/site\/wp-content\/uploads\/2020\/12\/DSC5029.jpg?resize=350%2C200&ssl=1 1x, https:\/\/i0.wp.com\/correiodasemana.com\/site\/wp-content\/uploads\/2020\/12\/DSC5029.jpg?resize=525%2C300&ssl=1 1.5x, https:\/\/i0.wp.com\/correiodasemana.com\/site\/wp-content\/uploads\/2020\/12\/DSC5029.jpg?resize=700%2C400&ssl=1 2x"},"classes":[]}],"jetpack_sharing_enabled":true,"_links":{"self":[{"href":"https:\/\/correiodasemana.com\/site\/wp-json\/wp\/v2\/posts\/31657","targetHints":{"allow":["GET"]}}],"collection":[{"href":"https:\/\/correiodasemana.com\/site\/wp-json\/wp\/v2\/posts"}],"about":[{"href":"https:\/\/correiodasemana.com\/site\/wp-json\/wp\/v2\/types\/post"}],"author":[{"embeddable":true,"href":"https:\/\/correiodasemana.com\/site\/wp-json\/wp\/v2\/users\/7"}],"replies":[{"embeddable":true,"href":"https:\/\/correiodasemana.com\/site\/wp-json\/wp\/v2\/comments?post=31657"}],"version-history":[{"count":2,"href":"https:\/\/correiodasemana.com\/site\/wp-json\/wp\/v2\/posts\/31657\/revisions"}],"predecessor-version":[{"id":31670,"href":"https:\/\/correiodasemana.com\/site\/wp-json\/wp\/v2\/posts\/31657\/revisions\/31670"}],"wp:featuredmedia":[{"embeddable":true,"href":"https:\/\/correiodasemana.com\/site\/wp-json\/wp\/v2\/media\/31668"}],"wp:attachment":[{"href":"https:\/\/correiodasemana.com\/site\/wp-json\/wp\/v2\/media?parent=31657"}],"wp:term":[{"taxonomy":"category","embeddable":true,"href":"https:\/\/correiodasemana.com\/site\/wp-json\/wp\/v2\/categories?post=31657"},{"taxonomy":"post_tag","embeddable":true,"href":"https:\/\/correiodasemana.com\/site\/wp-json\/wp\/v2\/tags?post=31657"}],"curies":[{"name":"wp","href":"https:\/\/api.w.org\/{rel}","templated":true}]}}