{"id":31749,"date":"2024-12-10T09:55:44","date_gmt":"2024-12-10T12:55:44","guid":{"rendered":"https:\/\/correiodasemana.com\/site\/?p=31749"},"modified":"2024-12-10T09:55:44","modified_gmt":"2024-12-10T12:55:44","slug":"caravana-do-bem-lbv-inicia-entrega-de-cestas-de-alimentos-a-familias-em-vulnerabilidade-social-no-ceara","status":"publish","type":"post","link":"https:\/\/correiodasemana.com\/site\/caravana-do-bem-lbv-inicia-entrega-de-cestas-de-alimentos-a-familias-em-vulnerabilidade-social-no-ceara\/","title":{"rendered":"Caravana do Bem! LBV inicia entrega de cestas de alimentos a fam\u00edlias em vulnerabilidade social no Cear\u00e1"},"content":{"rendered":"<p>A Legi\u00e3o da Boa Vontade est\u00e1 iniciando a entrega das cestas de alimentos n\u00e3o perec\u00edveis arrecadadas por meio de sua tradicional campanha Natal Permanente da LBV \u2014 Jesus, o P\u00e3o Nosso de cada dia!<\/p>\n<p>As doa\u00e7\u00f5es est\u00e3o sendo entregues a fam\u00edlias em vulnerabilidade social que, ao longo do ano, participaram dos servi\u00e7os e programas socioeducacionais da Institui\u00e7\u00e3o e a fam\u00edlias assistidas por organiza\u00e7\u00f5es parceiras da LBV. O objetivo \u00e9 levar alimento e esperan\u00e7a, proporcionando-lhes um Natal digno e sem fome.<br \/>\nNo Cear\u00e1, as entregas iniciar\u00e3o dia 7 de dezembro e ser\u00e3o beneficiadas as fam\u00edlias atendidas nos munic\u00edpios de Irau\u00e7uba\/CE; Jaguaretama\/CE: Lar Fabiano de Cristo; Russas\/CE; Fortaleza\/CE: Fam\u00edlias cadastradas na LBV; Lar Fabiano de Cristo; Casa do Jo\u00e3o, Instituto Ebenezer Vidas Itaitinga\/CE: FUNSEC &#8211; Funda\u00e7\u00e3o Nossa Senhora do Carmo; Caucaia\/CE: Lar Fabiano de Cristo, Centro de Recupera\u00e7\u00e3o Le\u00e3o de Jud\u00e1, CESAP &#8211; Associa\u00e7\u00e3o Sol do Amor ao Pr\u00f3ximo; Santana do Acara\u00fa\/CE: Projeto Crian\u00e7a Levanta-te; Canind\u00e9\/CE: Sociedade Esp\u00edrita Casa de Ora\u00e7\u00e3o; Juazeiro do Norte\/CE: Maria M\u00e3e da Vida; Crato\/CE: Instituto Arte e Vida; Maracana\u00fa\/CE: Associa\u00e7\u00e3o Pequeno Pr\u00edncipe.<br \/>\nNo dia 17 de dezembro, durante a entrega das cestas na unidade da LBV em Fortaleza\/CE, a Institui\u00e7\u00e3o promover\u00e1 um momento de confraterniza\u00e7\u00e3o com as fam\u00edlias e tamb\u00e9m de agradecimento aos doadores, parceiros e volunt\u00e1rios, que juntos tornaram essa a\u00e7\u00e3o solid\u00e1ria poss\u00edvel.<\/p>\n<p>Quem luta contra a fome precisa de voc\u00ea!<br \/>\nCombater a fome \u00e9 responsabilidade de todos. Cada gesto importa, e cada centavo faz a diferen\u00e7a nesta Corrente de Solidariedade, que tem como meta entregar 40 mil cestas de alimentos (totalizando mais de 700 toneladas) em mais de 200 localidades nas cinco regi\u00f5es do pa\u00eds.<\/p>\n<p>Apoie essa causa e ajude a LBV a ir mais longe!<br \/>\nAinda h\u00e1 tempo para ajudar. Doe quantas cestas puder ou qualquer valor pela chave: pix@lbv.org.br ou acesse o site www.lbv.org.br. Voc\u00ea tamb\u00e9m pode doar ligando para 0800 055 50 99. Para informa\u00e7\u00f5es sobre a entrega das doa\u00e7\u00f5es e outras atividades realizadas pela LBV, acesse o perfil @LBVBrasil no Instagram ou Facebook.<\/p>\n","protected":false},"excerpt":{"rendered":"<p>A Legi\u00e3o da Boa Vontade est\u00e1 iniciando a entrega das cestas de alimentos n\u00e3o perec\u00edveis&#8230;<\/p>\n","protected":false},"author":7,"featured_media":31750,"comment_status":"open","ping_status":"open","sticky":false,"template":"","format":"standard","meta":{"_jetpack_memberships_contains_paid_content":false,"footnotes":"","jetpack_publicize_message":"","jetpack_publicize_feature_enabled":true,"jetpack_social_post_already_shared":true,"jetpack_social_options":{"image_generator_settings":{"template":"highway","default_image_id":0,"font":"","enabled":false},"version":2}},"categories":[1],"tags":[],"class_list":["post-31749","post","type-post","status-publish","format-standard","has-post-thumbnail","hentry","category-atualidade"],"jetpack_publicize_connections":[],"jetpack_featured_media_url":"https:\/\/correiodasemana.com\/site\/wp-content\/uploads\/2024\/12\/WhatsApp-Image-2024-12-09-at-10.06.43.jpeg","jetpack-related-posts":[{"id":14798,"url":"https:\/\/correiodasemana.com\/site\/celebrar-o-natal-e-tambem-ajudar-as-familias-mais-vulneraveis-que-sofrem-com-os-efeitos-da-pandemia-do-novo-coronavirus\/","url_meta":{"origin":31749,"position":0},"title":"Celebrar o Natal \u00e9 tamb\u00e9m ajudar as fam\u00edlias mais vulner\u00e1veis que sofrem com os efeitos da pandemia do novo coronav\u00edrus","author":"","date":"Novembro 30, 2020","format":false,"excerpt":"Campanha de Natal da LBV no estado do Cear\u00e1 pretende arrecadar\u00a056 toneladas de doa\u00e7\u00f5es A fome voltou a crescer no Brasil, segundo a \u201cPesquisa de Or\u00e7amentos Familiares 2017-2018: An\u00e1lise da Seguran\u00e7a Alimentar no Brasil\u201d, do Instituto Brasileiro de Geografia e Estat\u00edstica (IBGE), divulgada em 17\/9\/2020. De acordo com o documento,\u2026","rel":"","context":"In &quot;Atualidade&quot;","block_context":{"text":"Atualidade","link":"https:\/\/correiodasemana.com\/site\/category\/atualidade\/"},"img":{"alt_text":"","src":"https:\/\/i0.wp.com\/correiodasemana.com\/site\/wp-content\/uploads\/2020\/11\/Anuncio1.jpg?resize=350%2C200&ssl=1","width":350,"height":200,"srcset":"https:\/\/i0.wp.com\/correiodasemana.com\/site\/wp-content\/uploads\/2020\/11\/Anuncio1.jpg?resize=350%2C200&ssl=1 1x, https:\/\/i0.wp.com\/correiodasemana.com\/site\/wp-content\/uploads\/2020\/11\/Anuncio1.jpg?resize=525%2C300&ssl=1 1.5x, https:\/\/i0.wp.com\/correiodasemana.com\/site\/wp-content\/uploads\/2020\/11\/Anuncio1.jpg?resize=700%2C400&ssl=1 2x"},"classes":[]},{"id":16148,"url":"https:\/\/correiodasemana.com\/site\/lbv-continua-o-trabalho-de-combate-aos-impactos-do-novo-coronavirus-no-ceara\/","url_meta":{"origin":31749,"position":1},"title":"LBV continua o trabalho de combate aos impactos do novo Coronav\u00edrus no Cear\u00e1","author":"","date":"Abril 12, 2021","format":false,"excerpt":"Desde mar\u00e7o de 2020 a institui\u00e7\u00e3o vem amparando milhares de fam\u00edlias brasileiras Segundo dados da Organiza\u00e7\u00e3o das Na\u00e7\u00f5es Unidas para a Agricultura e Alimenta\u00e7\u00e3o (FAO), a fome no mundo se agravou, devido \u00e0s consequ\u00eancias da pandemia. Com essa situa\u00e7\u00e3o se desdobrando e trazendo alta criticidade em muitos estados brasileiros, a\u2026","rel":"","context":"In &quot;Atualidade&quot;","block_context":{"text":"Atualidade","link":"https:\/\/correiodasemana.com\/site\/category\/atualidade\/"},"img":{"alt_text":"","src":"https:\/\/i0.wp.com\/correiodasemana.com\/site\/wp-content\/uploads\/2021\/04\/LBV.jpg?resize=350%2C200&ssl=1","width":350,"height":200,"srcset":"https:\/\/i0.wp.com\/correiodasemana.com\/site\/wp-content\/uploads\/2021\/04\/LBV.jpg?resize=350%2C200&ssl=1 1x, https:\/\/i0.wp.com\/correiodasemana.com\/site\/wp-content\/uploads\/2021\/04\/LBV.jpg?resize=525%2C300&ssl=1 1.5x, https:\/\/i0.wp.com\/correiodasemana.com\/site\/wp-content\/uploads\/2021\/04\/LBV.jpg?resize=700%2C400&ssl=1 2x, https:\/\/i0.wp.com\/correiodasemana.com\/site\/wp-content\/uploads\/2021\/04\/LBV.jpg?resize=1050%2C600&ssl=1 3x"},"classes":[]},{"id":20401,"url":"https:\/\/correiodasemana.com\/site\/lbv-destina-alimentos-as-familias-em-situacao-de-pobreza-e-vulnerabilidade-social-no-ceara\/","url_meta":{"origin":31749,"position":2},"title":"LBV destina alimentos \u00e0s fam\u00edlias em situa\u00e7\u00e3o de pobreza e vulnerabilidade social no Cear\u00e1","author":"","date":"Julho 11, 2022","format":false,"excerpt":"Por Suyane Lopes Oliveira - Assessora de comunica\u00e7\u00e3o da LBV A fome continua avan\u00e7ando no Brasil: cerca de 15% das fam\u00edlias enfrentam esse mal atualmente. O\u00a0n\u00famero de brasileiros sem ter o que comer quase dobrou em dois anos de pandemia. O levantamento faz parte do 2\u00ba Inqu\u00e9rito Nacional sobre Inseguran\u00e7a\u2026","rel":"","context":"In &quot;Atualidade&quot;","block_context":{"text":"Atualidade","link":"https:\/\/correiodasemana.com\/site\/category\/atualidade\/"},"img":{"alt_text":"","src":"https:\/\/i0.wp.com\/correiodasemana.com\/site\/wp-content\/uploads\/2022\/07\/dsc0668-800_0.jpg?resize=350%2C200&ssl=1","width":350,"height":200,"srcset":"https:\/\/i0.wp.com\/correiodasemana.com\/site\/wp-content\/uploads\/2022\/07\/dsc0668-800_0.jpg?resize=350%2C200&ssl=1 1x, https:\/\/i0.wp.com\/correiodasemana.com\/site\/wp-content\/uploads\/2022\/07\/dsc0668-800_0.jpg?resize=525%2C300&ssl=1 1.5x, https:\/\/i0.wp.com\/correiodasemana.com\/site\/wp-content\/uploads\/2022\/07\/dsc0668-800_0.jpg?resize=700%2C400&ssl=1 2x"},"classes":[]},{"id":17773,"url":"https:\/\/correiodasemana.com\/site\/um-brasil-que-se-alimenta-e-outro-que-nao\/","url_meta":{"origin":31749,"position":3},"title":"\u201cUm Brasil que se alimenta e outro que n\u00e3o\u201d","author":"","date":"Outubro 17, 2021","format":false,"excerpt":"Fam\u00edlias que nada tem e sofrem para sobreviver em meio \u00e0 pandemia com o desemprego e a alta nos pre\u00e7os dos alimentos A fome no Brasil aumentou mais ainda com o agravamento da pandemia do novo coronav\u00edrus. S\u00e3o 116,8 milh\u00f5es de pessoas vivendo em situa\u00e7\u00e3o de inseguran\u00e7a alimentar no pa\u00eds,\u2026","rel":"","context":"In &quot;Atualidade&quot;","block_context":{"text":"Atualidade","link":"https:\/\/correiodasemana.com\/site\/category\/atualidade\/"},"img":{"alt_text":"","src":"https:\/\/i0.wp.com\/correiodasemana.com\/site\/wp-content\/uploads\/2021\/10\/FB_CNTL2021_A4H1-scaled.jpg?resize=350%2C200&ssl=1","width":350,"height":200,"srcset":"https:\/\/i0.wp.com\/correiodasemana.com\/site\/wp-content\/uploads\/2021\/10\/FB_CNTL2021_A4H1-scaled.jpg?resize=350%2C200&ssl=1 1x, https:\/\/i0.wp.com\/correiodasemana.com\/site\/wp-content\/uploads\/2021\/10\/FB_CNTL2021_A4H1-scaled.jpg?resize=525%2C300&ssl=1 1.5x, https:\/\/i0.wp.com\/correiodasemana.com\/site\/wp-content\/uploads\/2021\/10\/FB_CNTL2021_A4H1-scaled.jpg?resize=700%2C400&ssl=1 2x, https:\/\/i0.wp.com\/correiodasemana.com\/site\/wp-content\/uploads\/2021\/10\/FB_CNTL2021_A4H1-scaled.jpg?resize=1050%2C600&ssl=1 3x, https:\/\/i0.wp.com\/correiodasemana.com\/site\/wp-content\/uploads\/2021\/10\/FB_CNTL2021_A4H1-scaled.jpg?resize=1400%2C800&ssl=1 4x"},"classes":[]},{"id":16805,"url":"https:\/\/correiodasemana.com\/site\/lbv-leva-amparo-ao-sertao-cearense\/","url_meta":{"origin":31749,"position":4},"title":"LBV leva amparo ao sert\u00e3o cearense","author":"","date":"Junho 21, 2021","format":false,"excerpt":"Em Irau\u00e7uba, LBV beneficia centenas de fam\u00edlias em situa\u00e7\u00e3o de pobreza. A sua doa\u00e7\u00e3o chegou! O Minist\u00e9rio da Cidadania informa que 33% da popula\u00e7\u00e3o do Cear\u00e1 encontra-se em situa\u00e7\u00e3o de extrema pobreza, vivendo com cerca de 89 reais por m\u00eas. Se \u00e9 dif\u00edcil para quem vive nas grandes metr\u00f3poles, para\u2026","rel":"","context":"In &quot;Atualidade&quot;","block_context":{"text":"Atualidade","link":"https:\/\/correiodasemana.com\/site\/category\/atualidade\/"},"img":{"alt_text":"","src":"https:\/\/i0.wp.com\/correiodasemana.com\/site\/wp-content\/uploads\/2021\/06\/lbv-amparo.jpg?resize=350%2C200&ssl=1","width":350,"height":200,"srcset":"https:\/\/i0.wp.com\/correiodasemana.com\/site\/wp-content\/uploads\/2021\/06\/lbv-amparo.jpg?resize=350%2C200&ssl=1 1x, https:\/\/i0.wp.com\/correiodasemana.com\/site\/wp-content\/uploads\/2021\/06\/lbv-amparo.jpg?resize=525%2C300&ssl=1 1.5x, https:\/\/i0.wp.com\/correiodasemana.com\/site\/wp-content\/uploads\/2021\/06\/lbv-amparo.jpg?resize=700%2C400&ssl=1 2x, https:\/\/i0.wp.com\/correiodasemana.com\/site\/wp-content\/uploads\/2021\/06\/lbv-amparo.jpg?resize=1050%2C600&ssl=1 3x"},"classes":[]},{"id":21049,"url":"https:\/\/correiodasemana.com\/site\/juntos-vamos-vencer-a-fome\/","url_meta":{"origin":31749,"position":5},"title":"Juntos vamos vencer a fome!","author":"","date":"Setembro 18, 2022","format":false,"excerpt":"Para combater a fome e a mis\u00e9ria, a LBV inicia mobiliza\u00e7\u00e3o nacional e convoca uma sele\u00e7\u00e3o solid\u00e1ria para seu time A fome infelizmente est\u00e1 crescendo cada vez mais no Brasil e no mundo. S\u00e3o 66 milh\u00f5es de brasileiros que vivem em situa\u00e7\u00e3o de inseguran\u00e7a alimentar, segundo a Organiza\u00e7\u00e3o das Na\u00e7\u00f5es\u2026","rel":"","context":"In &quot;Atualidade&quot;","block_context":{"text":"Atualidade","link":"https:\/\/correiodasemana.com\/site\/category\/atualidade\/"},"img":{"alt_text":"","src":"https:\/\/i0.wp.com\/correiodasemana.com\/site\/wp-content\/uploads\/2022\/09\/Anuncio_horizontal_V2_FASE1-scaled.jpg?resize=350%2C200&ssl=1","width":350,"height":200,"srcset":"https:\/\/i0.wp.com\/correiodasemana.com\/site\/wp-content\/uploads\/2022\/09\/Anuncio_horizontal_V2_FASE1-scaled.jpg?resize=350%2C200&ssl=1 1x, https:\/\/i0.wp.com\/correiodasemana.com\/site\/wp-content\/uploads\/2022\/09\/Anuncio_horizontal_V2_FASE1-scaled.jpg?resize=525%2C300&ssl=1 1.5x, https:\/\/i0.wp.com\/correiodasemana.com\/site\/wp-content\/uploads\/2022\/09\/Anuncio_horizontal_V2_FASE1-scaled.jpg?resize=700%2C400&ssl=1 2x, https:\/\/i0.wp.com\/correiodasemana.com\/site\/wp-content\/uploads\/2022\/09\/Anuncio_horizontal_V2_FASE1-scaled.jpg?resize=1050%2C600&ssl=1 3x, https:\/\/i0.wp.com\/correiodasemana.com\/site\/wp-content\/uploads\/2022\/09\/Anuncio_horizontal_V2_FASE1-scaled.jpg?resize=1400%2C800&ssl=1 4x"},"classes":[]}],"jetpack_sharing_enabled":true,"_links":{"self":[{"href":"https:\/\/correiodasemana.com\/site\/wp-json\/wp\/v2\/posts\/31749","targetHints":{"allow":["GET"]}}],"collection":[{"href":"https:\/\/correiodasemana.com\/site\/wp-json\/wp\/v2\/posts"}],"about":[{"href":"https:\/\/correiodasemana.com\/site\/wp-json\/wp\/v2\/types\/post"}],"author":[{"embeddable":true,"href":"https:\/\/correiodasemana.com\/site\/wp-json\/wp\/v2\/users\/7"}],"replies":[{"embeddable":true,"href":"https:\/\/correiodasemana.com\/site\/wp-json\/wp\/v2\/comments?post=31749"}],"version-history":[{"count":1,"href":"https:\/\/correiodasemana.com\/site\/wp-json\/wp\/v2\/posts\/31749\/revisions"}],"predecessor-version":[{"id":31751,"href":"https:\/\/correiodasemana.com\/site\/wp-json\/wp\/v2\/posts\/31749\/revisions\/31751"}],"wp:featuredmedia":[{"embeddable":true,"href":"https:\/\/correiodasemana.com\/site\/wp-json\/wp\/v2\/media\/31750"}],"wp:attachment":[{"href":"https:\/\/correiodasemana.com\/site\/wp-json\/wp\/v2\/media?parent=31749"}],"wp:term":[{"taxonomy":"category","embeddable":true,"href":"https:\/\/correiodasemana.com\/site\/wp-json\/wp\/v2\/categories?post=31749"},{"taxonomy":"post_tag","embeddable":true,"href":"https:\/\/correiodasemana.com\/site\/wp-json\/wp\/v2\/tags?post=31749"}],"curies":[{"name":"wp","href":"https:\/\/api.w.org\/{rel}","templated":true}]}}