{"id":31752,"date":"2024-12-10T09:56:43","date_gmt":"2024-12-10T12:56:43","guid":{"rendered":"https:\/\/correiodasemana.com\/site\/?p=31752"},"modified":"2024-12-10T09:56:44","modified_gmt":"2024-12-10T12:56:44","slug":"becco-ponto-com-195","status":"publish","type":"post","link":"https:\/\/correiodasemana.com\/site\/becco-ponto-com-195\/","title":{"rendered":"Becco ponto Com"},"content":{"rendered":"<p><strong>LIVRAI-NOS, SENHOR!<\/strong><br \/>\nDo burburinho da transi\u00e7\u00e3o na cidade, ufa!<br \/>\nDos secadores do novo prefeito Oscar&#8230;<br \/>\nDos papos nas redes sociais e fofocando.<br \/>\nDas medidas econ\u00f4micas subindo o d\u00f3lar.<br \/>\nDos cursos modernos formando analfas.<br \/>\nDos camaradas das C\u00e2maras novas, ufa!<br \/>\nDas carinhas de bonecas das dondocas.<br \/>\nDa burguesia falida em cima do muro.<br \/>\nDos bab\u00f5es da imprensa j\u00e1 procurando.<br \/>\nDa turma do cord\u00e3o dos puxa sacos, ui!<\/p>\n<p><strong>NOTICIANDO<\/strong><br \/>\nParabenizar, o amigo e colega, Dr. Jo\u00e3o Alberto Adeodato, pela indica\u00e7\u00e3o de seu valoroso nome para participar do novo governo de Oscar e Dra. Imaculada e por m\u00e9ritos na fun\u00e7\u00e3o digna de Secret\u00e1rio do Desenvolvimento Rural do munic\u00edpio. Foi uma escolha merecida e acertada para a cidade de Sobral. Um grande nome amigo!<br \/>\nParabenizar, o digno m\u00e9dico da zona Norte, Dr. Wilebaldo Melo Aguiar, que em reconhecimento ao seu valoroso e bom trabalho pela sa\u00fade. Ele recebeu o T\u00edtulo de Cidad\u00e3o da cidade de Varjota no dia 28 de m\u00eas passado em grande estilo e em noite memor\u00e1vel para o munic\u00edpio.<br \/>\nO caro radialista, Ivan Frota, contando os dias para voltar com seu programa do Becco do Cotovelo, em grande estilo e com nova roupagem de modernidade e pelas ondas da Para\u00edso fm, aos s\u00e1bados. \u201cAguarde, eu vou voltar caros amigos bequeanos!\u201d<br \/>\nO caro prefeito, Oscar, j\u00e1 com a m\u00e3o na massa para apresentar o seu \u201csecretariado\u201d para governar Sobral por quatro anos. \u00c9 gente de Sobral, trabalhando pelo povo de Sobral, como prometeu na sua campanha.<br \/>\nO bom Becco do Cotovelo, vai receber uma reforma digna de hist\u00f3ria, afirmou, j\u00e1, a nova administra\u00e7\u00e3o com apoio popular e amigos daquela art\u00e9ria central da cidade. Acredito na administra\u00e7\u00e3o e numa reforma boa.<\/p>\n<p><strong><a href=\"https:\/\/correiodasemana.com\/site\/becco-ponto-com-195\/gilmar-bastos-2\/\" rel=\"attachment wp-att-31753\"><img decoding=\"async\" class=\" wp-image-31753 alignright\" src=\"https:\/\/correiodasemana.com\/site\/wp-content\/uploads\/2024\/12\/Gilmar-Bastos.jpg\" alt=\"\" width=\"177\" height=\"225\" srcset=\"https:\/\/correiodasemana.com\/site\/wp-content\/uploads\/2024\/12\/Gilmar-Bastos.jpg 464w, https:\/\/correiodasemana.com\/site\/wp-content\/uploads\/2024\/12\/Gilmar-Bastos-237x300.jpg 237w\" sizes=\"(max-width: 177px) 100vw, 177px\" \/><\/a>PERFIL: RADIALISTA GILMAR BASTOS<\/strong><br \/>\nUm cidad\u00e3o na acep\u00e7\u00e3o da palavra pol\u00edtico e radialista digno, homem afeito a praticar o bem ao povo de Sobral, h\u00e1 anos. O l\u00edder nato do povo do distrito de Bomfim. Falo do caro, Gilmar Bastos, aniversariante da semana, ex-vereador amigo de Sobral, que hoje, por m\u00e9ritos, engalana esta nossa coluna como o perfil da semana no jornal da Diocese, o Correio, fundado por Dom Jos\u00e9 Tupinamb\u00e1 da Frota, o bispo de Sobral.<\/p>\n<p><strong>LIVRE PENSAR:<\/strong><br \/>\n\u201cO sonho sempre foi um eterno companheiro da sorte do ser humano.\u201d (Poeta Chico Prado &#8211; Presidente do Centro Cultural Dom Jos\u00e9 de Sobral)<\/p>\n","protected":false},"excerpt":{"rendered":"<p>LIVRAI-NOS, SENHOR! Do burburinho da transi\u00e7\u00e3o na cidade, ufa! Dos secadores do novo prefeito Oscar&#8230;&#8230;<\/p>\n","protected":false},"author":7,"featured_media":17508,"comment_status":"open","ping_status":"open","sticky":false,"template":"","format":"standard","meta":{"_jetpack_memberships_contains_paid_content":false,"footnotes":"","jetpack_publicize_message":"","jetpack_publicize_feature_enabled":true,"jetpack_social_post_already_shared":true,"jetpack_social_options":{"image_generator_settings":{"template":"highway","default_image_id":0,"font":"","enabled":false},"version":2}},"categories":[27],"tags":[],"class_list":["post-31752","post","type-post","status-publish","format-standard","has-post-thumbnail","hentry","category-becco-ponto-com"],"jetpack_publicize_connections":[],"jetpack_featured_media_url":"https:\/\/correiodasemana.com\/site\/wp-content\/uploads\/2021\/09\/Dr-Chico-Prado-Trofeu-Dom-Jose-1-1.jpg","jetpack-related-posts":[{"id":31297,"url":"https:\/\/correiodasemana.com\/site\/becco-ponto-com-190\/","url_meta":{"origin":31752,"position":0},"title":"Becco ponto Com","author":"adminredacao","date":"Novembro 3, 2024","format":false,"excerpt":"LIVRAI-NOS, SENHOR! Do choro farsante dos pol\u00edticos brasileiros, ufa! Da sess\u00e3o paga e passa nas faculdades particulares. De uma nova \u201cC\u00e2mara camarada\u201d como as demais, ui! Da cara de \u201cAndr\u00e9\u201d dos pol\u00edticos rezando para o povo. Da perda de votos do PT de Lula, pelo Brasil afora, ufa! Da \u201cBola\u2026","rel":"","context":"In &quot;Artigos&quot;","block_context":{"text":"Artigos","link":"https:\/\/correiodasemana.com\/site\/category\/artigos\/"},"img":{"alt_text":"","src":"https:\/\/i0.wp.com\/correiodasemana.com\/site\/wp-content\/uploads\/2021\/09\/Dr-Chico-Prado-Trofeu-Dom-Jose-1-1.jpg?resize=350%2C200&ssl=1","width":350,"height":200,"srcset":"https:\/\/i0.wp.com\/correiodasemana.com\/site\/wp-content\/uploads\/2021\/09\/Dr-Chico-Prado-Trofeu-Dom-Jose-1-1.jpg?resize=350%2C200&ssl=1 1x, https:\/\/i0.wp.com\/correiodasemana.com\/site\/wp-content\/uploads\/2021\/09\/Dr-Chico-Prado-Trofeu-Dom-Jose-1-1.jpg?resize=525%2C300&ssl=1 1.5x, https:\/\/i0.wp.com\/correiodasemana.com\/site\/wp-content\/uploads\/2021\/09\/Dr-Chico-Prado-Trofeu-Dom-Jose-1-1.jpg?resize=700%2C400&ssl=1 2x"},"classes":[]},{"id":38230,"url":"https:\/\/correiodasemana.com\/site\/becco-ponto-com-256\/","url_meta":{"origin":31752,"position":1},"title":"Becco ponto Com","author":"adminredacao","date":"Abril 19, 2026","format":false,"excerpt":"LIVRAI-NOS, SENHOR! Dos puxa-sacos de plant\u00e3o, ainda por amor, ufa! Da invas\u00e3o de ritmos pisadeiros no Nordeste, ui! Das C\u00e2maras t\u00e3o camaradas, dando seus botes. Do Caf\u00e9 Jaibaras, sair do Becco, um dia. Ai, Sobral! Das pesquisas fajutas pagas, por pol\u00edticos no Cear\u00e1. Da ida de \u201cCiro boca doce\u201d para\u2026","rel":"","context":"In &quot;Becco Ponto Com&quot;","block_context":{"text":"Becco Ponto Com","link":"https:\/\/correiodasemana.com\/site\/category\/becco-ponto-com\/"},"img":{"alt_text":"","src":"https:\/\/i0.wp.com\/correiodasemana.com\/site\/wp-content\/uploads\/2021\/09\/Dr-Chico-Prado-Trofeu-Dom-Jose-1-1.jpg?resize=350%2C200&ssl=1","width":350,"height":200,"srcset":"https:\/\/i0.wp.com\/correiodasemana.com\/site\/wp-content\/uploads\/2021\/09\/Dr-Chico-Prado-Trofeu-Dom-Jose-1-1.jpg?resize=350%2C200&ssl=1 1x, https:\/\/i0.wp.com\/correiodasemana.com\/site\/wp-content\/uploads\/2021\/09\/Dr-Chico-Prado-Trofeu-Dom-Jose-1-1.jpg?resize=525%2C300&ssl=1 1.5x, https:\/\/i0.wp.com\/correiodasemana.com\/site\/wp-content\/uploads\/2021\/09\/Dr-Chico-Prado-Trofeu-Dom-Jose-1-1.jpg?resize=700%2C400&ssl=1 2x"},"classes":[]},{"id":32696,"url":"https:\/\/correiodasemana.com\/site\/becco-ponto-com-203\/","url_meta":{"origin":31752,"position":2},"title":"BECCO PONTO.COM","author":"adminredacao","date":"Fevereiro 25, 2025","format":false,"excerpt":"LIVRAI-NOS, SENHOR! Do fac\u00e3o dos canoeiros no contra gota, ufa! Do fuzu\u00ea da briga da Santa Casa, ui! Da volta de um dia triunfal dos fg\u2019s ao poder, ufa! Das festas carnavalescas, j\u00e1 descaracterizadas. Do besteirol da Globo, um tal bbb, sem gra\u00e7a, ui! Da santa crise \u201ccaf\u00e9 com ovos\u201d\u2026","rel":"","context":"In &quot;Artigos&quot;","block_context":{"text":"Artigos","link":"https:\/\/correiodasemana.com\/site\/category\/artigos\/"},"img":{"alt_text":"","src":"https:\/\/i0.wp.com\/correiodasemana.com\/site\/wp-content\/uploads\/2021\/09\/Dr-Chico-Prado-Trofeu-Dom-Jose-1.jpg?resize=350%2C200&ssl=1","width":350,"height":200,"srcset":"https:\/\/i0.wp.com\/correiodasemana.com\/site\/wp-content\/uploads\/2021\/09\/Dr-Chico-Prado-Trofeu-Dom-Jose-1.jpg?resize=350%2C200&ssl=1 1x, https:\/\/i0.wp.com\/correiodasemana.com\/site\/wp-content\/uploads\/2021\/09\/Dr-Chico-Prado-Trofeu-Dom-Jose-1.jpg?resize=525%2C300&ssl=1 1.5x, https:\/\/i0.wp.com\/correiodasemana.com\/site\/wp-content\/uploads\/2021\/09\/Dr-Chico-Prado-Trofeu-Dom-Jose-1.jpg?resize=700%2C400&ssl=1 2x, https:\/\/i0.wp.com\/correiodasemana.com\/site\/wp-content\/uploads\/2021\/09\/Dr-Chico-Prado-Trofeu-Dom-Jose-1.jpg?resize=1050%2C600&ssl=1 3x, https:\/\/i0.wp.com\/correiodasemana.com\/site\/wp-content\/uploads\/2021\/09\/Dr-Chico-Prado-Trofeu-Dom-Jose-1.jpg?resize=1400%2C800&ssl=1 4x"},"classes":[]},{"id":32761,"url":"https:\/\/correiodasemana.com\/site\/becco-ponto-com-204\/","url_meta":{"origin":31752,"position":3},"title":"BECCO PONTO.COM","author":"adminredacao","date":"Mar\u00e7o 9, 2025","format":false,"excerpt":"LIVRAI-NOS, SENHOR! Do fac\u00e3o dos canoeiros no contra gota, ufa! Do fuzu\u00ea da briga da Santa Casa, ui! Da volta de um dia triunfal dos fg\u2019s ao poder, ufa! Das festas carnavalescas, j\u00e1 descaracterizadas. Do besteirol da Globo, um tal bbb, sem gra\u00e7a, ui! Da santa crise \u201ccaf\u00e9 com ovos\u201d\u2026","rel":"","context":"In &quot;Artigos&quot;","block_context":{"text":"Artigos","link":"https:\/\/correiodasemana.com\/site\/category\/artigos\/"},"img":{"alt_text":"","src":"https:\/\/i0.wp.com\/correiodasemana.com\/site\/wp-content\/uploads\/2021\/09\/Dr-Chico-Prado-Trofeu-Dom-Jose-1.jpg?resize=350%2C200&ssl=1","width":350,"height":200,"srcset":"https:\/\/i0.wp.com\/correiodasemana.com\/site\/wp-content\/uploads\/2021\/09\/Dr-Chico-Prado-Trofeu-Dom-Jose-1.jpg?resize=350%2C200&ssl=1 1x, https:\/\/i0.wp.com\/correiodasemana.com\/site\/wp-content\/uploads\/2021\/09\/Dr-Chico-Prado-Trofeu-Dom-Jose-1.jpg?resize=525%2C300&ssl=1 1.5x, https:\/\/i0.wp.com\/correiodasemana.com\/site\/wp-content\/uploads\/2021\/09\/Dr-Chico-Prado-Trofeu-Dom-Jose-1.jpg?resize=700%2C400&ssl=1 2x, https:\/\/i0.wp.com\/correiodasemana.com\/site\/wp-content\/uploads\/2021\/09\/Dr-Chico-Prado-Trofeu-Dom-Jose-1.jpg?resize=1050%2C600&ssl=1 3x, https:\/\/i0.wp.com\/correiodasemana.com\/site\/wp-content\/uploads\/2021\/09\/Dr-Chico-Prado-Trofeu-Dom-Jose-1.jpg?resize=1400%2C800&ssl=1 4x"},"classes":[]},{"id":34881,"url":"https:\/\/correiodasemana.com\/site\/becco-ponto-com-224\/","url_meta":{"origin":31752,"position":4},"title":"BECCO PONTO.COM","author":"adminredacao","date":"Julho 28, 2025","format":false,"excerpt":"LIVRAI-NOS, SENHOR! Da ruma de festas ca\u00e7a votos nas cidades, por aqui. Dos cursos oferecendo \u201cDeus da Sabedoria\u201d a grana. Da sa\u00fade em frangalhos nos postos e hospitais, ufa! Das C\u00e2maras camaradas sem fazer nada nas cidades. Do mercad\u00e3o que virou o Becco, com suas barracas. Do lix\u00e3o variando processo\u2026","rel":"","context":"In &quot;Artigos&quot;","block_context":{"text":"Artigos","link":"https:\/\/correiodasemana.com\/site\/category\/artigos\/"},"img":{"alt_text":"","src":"https:\/\/i0.wp.com\/correiodasemana.com\/site\/wp-content\/uploads\/2021\/09\/Dr-Chico-Prado-Trofeu-Dom-Jose-1-1.jpg?resize=350%2C200&ssl=1","width":350,"height":200,"srcset":"https:\/\/i0.wp.com\/correiodasemana.com\/site\/wp-content\/uploads\/2021\/09\/Dr-Chico-Prado-Trofeu-Dom-Jose-1-1.jpg?resize=350%2C200&ssl=1 1x, https:\/\/i0.wp.com\/correiodasemana.com\/site\/wp-content\/uploads\/2021\/09\/Dr-Chico-Prado-Trofeu-Dom-Jose-1-1.jpg?resize=525%2C300&ssl=1 1.5x, https:\/\/i0.wp.com\/correiodasemana.com\/site\/wp-content\/uploads\/2021\/09\/Dr-Chico-Prado-Trofeu-Dom-Jose-1-1.jpg?resize=700%2C400&ssl=1 2x"},"classes":[]},{"id":33146,"url":"https:\/\/correiodasemana.com\/site\/becco-ponto-com-208\/","url_meta":{"origin":31752,"position":5},"title":"BECCO PONTO.COM","author":"adminredacao","date":"Mar\u00e7o 31, 2025","format":false,"excerpt":"LIVRAI-NOS, SENHOR! Do chove n\u00e3o molha da pol\u00edtica na Santa Casa. Do \u201cLulismo\u201d acabando com o Brasil em gastos. Do Guarany que virou \u201cguaranada\u201d t\u00e3o logo. Dos novos ricos-pobres cantando de galos, ui! Do golpe dos golpes tiraram Bolsonaro, ufa! Dos tra\u00edras do r\u00e1dio, derrubando uns aos outros. Do Ivan\u2026","rel":"","context":"In &quot;Artigos&quot;","block_context":{"text":"Artigos","link":"https:\/\/correiodasemana.com\/site\/category\/artigos\/"},"img":{"alt_text":"","src":"https:\/\/i0.wp.com\/correiodasemana.com\/site\/wp-content\/uploads\/2021\/09\/Dr-Chico-Prado-Trofeu-Dom-Jose-1.jpg?resize=350%2C200&ssl=1","width":350,"height":200,"srcset":"https:\/\/i0.wp.com\/correiodasemana.com\/site\/wp-content\/uploads\/2021\/09\/Dr-Chico-Prado-Trofeu-Dom-Jose-1.jpg?resize=350%2C200&ssl=1 1x, https:\/\/i0.wp.com\/correiodasemana.com\/site\/wp-content\/uploads\/2021\/09\/Dr-Chico-Prado-Trofeu-Dom-Jose-1.jpg?resize=525%2C300&ssl=1 1.5x, https:\/\/i0.wp.com\/correiodasemana.com\/site\/wp-content\/uploads\/2021\/09\/Dr-Chico-Prado-Trofeu-Dom-Jose-1.jpg?resize=700%2C400&ssl=1 2x, https:\/\/i0.wp.com\/correiodasemana.com\/site\/wp-content\/uploads\/2021\/09\/Dr-Chico-Prado-Trofeu-Dom-Jose-1.jpg?resize=1050%2C600&ssl=1 3x, https:\/\/i0.wp.com\/correiodasemana.com\/site\/wp-content\/uploads\/2021\/09\/Dr-Chico-Prado-Trofeu-Dom-Jose-1.jpg?resize=1400%2C800&ssl=1 4x"},"classes":[]}],"jetpack_sharing_enabled":true,"_links":{"self":[{"href":"https:\/\/correiodasemana.com\/site\/wp-json\/wp\/v2\/posts\/31752","targetHints":{"allow":["GET"]}}],"collection":[{"href":"https:\/\/correiodasemana.com\/site\/wp-json\/wp\/v2\/posts"}],"about":[{"href":"https:\/\/correiodasemana.com\/site\/wp-json\/wp\/v2\/types\/post"}],"author":[{"embeddable":true,"href":"https:\/\/correiodasemana.com\/site\/wp-json\/wp\/v2\/users\/7"}],"replies":[{"embeddable":true,"href":"https:\/\/correiodasemana.com\/site\/wp-json\/wp\/v2\/comments?post=31752"}],"version-history":[{"count":2,"href":"https:\/\/correiodasemana.com\/site\/wp-json\/wp\/v2\/posts\/31752\/revisions"}],"predecessor-version":[{"id":31755,"href":"https:\/\/correiodasemana.com\/site\/wp-json\/wp\/v2\/posts\/31752\/revisions\/31755"}],"wp:featuredmedia":[{"embeddable":true,"href":"https:\/\/correiodasemana.com\/site\/wp-json\/wp\/v2\/media\/17508"}],"wp:attachment":[{"href":"https:\/\/correiodasemana.com\/site\/wp-json\/wp\/v2\/media?parent=31752"}],"wp:term":[{"taxonomy":"category","embeddable":true,"href":"https:\/\/correiodasemana.com\/site\/wp-json\/wp\/v2\/categories?post=31752"},{"taxonomy":"post_tag","embeddable":true,"href":"https:\/\/correiodasemana.com\/site\/wp-json\/wp\/v2\/tags?post=31752"}],"curies":[{"name":"wp","href":"https:\/\/api.w.org\/{rel}","templated":true}]}}