{"id":31756,"date":"2024-12-10T10:01:25","date_gmt":"2024-12-10T13:01:25","guid":{"rendered":"https:\/\/correiodasemana.com\/site\/?p=31756"},"modified":"2024-12-10T10:01:25","modified_gmt":"2024-12-10T13:01:25","slug":"diocese-de-sobral-celebra-solenidade-em-honra-a-imaculada-conceicao","status":"publish","type":"post","link":"https:\/\/correiodasemana.com\/site\/diocese-de-sobral-celebra-solenidade-em-honra-a-imaculada-conceicao\/","title":{"rendered":"Diocese de Sobral celebra solenidade em honra a Imaculada Concei\u00e7\u00e3o"},"content":{"rendered":"<p>Sob os ausp\u00edcios de Nossa Senhora da Concei\u00e7\u00e3o, os devotos participaram da grande Solenidade em honra a padroeira da Diocese de Sobral neste domingo, 08 de dezembro, na S\u00e9 Catedral. Com o tema: \u201cMaria, mulher da ora\u00e7\u00e3o e contempla\u00e7\u00e3o\u201d, e o lema: \u201cO Senhor escutou a minha ora\u00e7\u00e3o, o Senhor acolheu a minha s\u00faplica. (Sl 6, 10)\u201d os devotos entoaram c\u00e2nticos de louvor e preces de gratid\u00e3o pelas gra\u00e7as alcan\u00e7adas e em venera\u00e7\u00e3o \u00e0 Virgem pura e sem mancha.<br \/>\nA Igreja Cat\u00f3lica celebra a Solenidade da Imaculada Concei\u00e7\u00e3o de Nossa Senhora desde 8 de dezembro de 1854, quando o Papa Pio IX declarou o dogma atrav\u00e9s da bula \u2018Ineffabilis Deus\u2019.<br \/>\nEm duas apari\u00e7\u00f5es, Nossa Senhora confirmou que foi isenta do pecado original desde a sua concep\u00e7\u00e3o. Uma delas foi no ano de 1830, quando pediu para Santa Catarina Labour\u00e9 cunhar uma medalha com a ora\u00e7\u00e3o: \u201c\u00d3 Maria concebida sem pecado, rogai por n\u00f3s que recorremos a v\u00f3s\u201d.<br \/>\nEm 1858, portanto, ap\u00f3s a proclama\u00e7\u00e3o do dogma, a Sant\u00edssima Virgem apareceu para Santa Bernadette Soubirous na cidade francesa de Lourdes. Na ocasi\u00e3o, Nossa Senhora se apresentou dizendo: \u201cEu sou a Imaculada Concei\u00e7\u00e3o\u201d.<br \/>\nA programa\u00e7\u00e3o festiva contou com atos lit\u00fargicos solenes, entre missas, of\u00edcio da Imaculada Concei\u00e7\u00e3o e prociss\u00e3o pelas ruas de Sobral. O p\u00e1roco da Par\u00f3quia da S\u00e9 e Cura da Catedral, Pe. Berg, presidiu a tradicional missa solene das 9h, onde na ocasi\u00e3o houve a Primeira Eucaristia de cerca de 30 jovens e adultos da catequese de crisma e primeira comunh\u00e3o da par\u00f3quia.<br \/>\nAo entardecer, Dom Jos\u00e9 Luiz Gomes de Vasconcelos, bispo diocesano de Sobral, presidiu a solenidade acompanhado dos padres: Berg, p\u00e1roco e Denilson de Sousa, vig\u00e1rio paroquial da Par\u00f3quia da S\u00e9 e reitor do Semin\u00e1rio Maior de Filosofia S\u00e3o Jo\u00e3o Paulo II; auxiliados pelos di\u00e1conos: Candido Aguiar, Frei Gleyson e Luiz Gonzaga.<br \/>\nEm sua homilia,o bispo ressaltou a import\u00e2ncia de Maria como modelo de f\u00e9, ora\u00e7\u00e3o e contempla\u00e7\u00e3o para toda a humanidade. Ele destacou que, a Imaculada Concei\u00e7\u00e3o, a Virgem Maria nos ensina a humildade e a confian\u00e7a em Deus, sempre intercedendo por n\u00f3s diante do trono divino. A presen\u00e7a de Nossa Senhora, t\u00e3o pura e cheia de gra\u00e7a, \u00e9 uma fonte de inspira\u00e7\u00e3o para aqueles que buscam viver uma vida de devo\u00e7\u00e3o e santidade.<br \/>\nA prociss\u00e3o, que aconteceu ap\u00f3s a missa, foi marcada por um momento de grande emo\u00e7\u00e3o. Os fi\u00e9is acompanharam a imagem da Imaculada Concei\u00e7\u00e3o pelas principais ruas do centro de Sobral. Ao longo do trajeto, ora\u00e7\u00f5es e c\u00e2nticos ecoavam pelas ruas, expressando a profunda devo\u00e7\u00e3o do povo \u00e0 M\u00e3e de Deus. O clima de f\u00e9 e unidade era palp\u00e1vel, com os participantes renovando seus compromissos de vida crist\u00e3 e buscando a intercess\u00e3o de Nossa Senhora para suas necessidades espirituais e materiais.<br \/>\nAp\u00f3s a prociss\u00e3o, houve a missa de encerramento da Festa da Padroeira 2024 e hasteamento da bandeira. Encerrando a celebra\u00e7\u00e3o com um clima de profunda paz e alegria, agradecendo a Deus por todas as b\u00ean\u00e7\u00e3os recebidas e pedindo prote\u00e7\u00e3o \u00e0 M\u00e3e Imaculada. O evento, que reuniu centenas de fi\u00e9is, reafirmou o amor e a devo\u00e7\u00e3o da Diocese de Sobral \u00e0 sua padroeira, Nossa Senhora da Concei\u00e7\u00e3o, e a import\u00e2ncia da ora\u00e7\u00e3o constante e da vida de contempla\u00e7\u00e3o no caminhar crist\u00e3o.<br \/>\nThais Helena &#8211; Jornalista &#8211; Jornal Correio da Semana<\/p>\n<p><a href=\"https:\/\/correiodasemana.com\/site\/diocese-de-sobral-celebra-solenidade-em-honra-a-imaculada-conceicao\/sobral-imaculada-conceicao-1\/\" rel=\"attachment wp-att-31757\"><img fetchpriority=\"high\" decoding=\"async\" class=\"aligncenter size-full wp-image-31757\" src=\"https:\/\/correiodasemana.com\/site\/wp-content\/uploads\/2024\/12\/sobral-imaculada-conceicao-1.jpg\" alt=\"\" width=\"1000\" height=\"667\" srcset=\"https:\/\/correiodasemana.com\/site\/wp-content\/uploads\/2024\/12\/sobral-imaculada-conceicao-1.jpg 1000w, https:\/\/correiodasemana.com\/site\/wp-content\/uploads\/2024\/12\/sobral-imaculada-conceicao-1-300x200.jpg 300w, https:\/\/correiodasemana.com\/site\/wp-content\/uploads\/2024\/12\/sobral-imaculada-conceicao-1-768x512.jpg 768w\" sizes=\"(max-width: 1000px) 100vw, 1000px\" \/><\/a> <a href=\"https:\/\/correiodasemana.com\/site\/diocese-de-sobral-celebra-solenidade-em-honra-a-imaculada-conceicao\/sobral-imaculada-conceicao-2\/\" rel=\"attachment wp-att-31758\"><img decoding=\"async\" class=\"aligncenter size-full wp-image-31758\" src=\"https:\/\/correiodasemana.com\/site\/wp-content\/uploads\/2024\/12\/sobral-imaculada-conceicao-2.jpg\" alt=\"\" width=\"1000\" height=\"667\" srcset=\"https:\/\/correiodasemana.com\/site\/wp-content\/uploads\/2024\/12\/sobral-imaculada-conceicao-2.jpg 1000w, https:\/\/correiodasemana.com\/site\/wp-content\/uploads\/2024\/12\/sobral-imaculada-conceicao-2-300x200.jpg 300w, https:\/\/correiodasemana.com\/site\/wp-content\/uploads\/2024\/12\/sobral-imaculada-conceicao-2-768x512.jpg 768w\" sizes=\"(max-width: 1000px) 100vw, 1000px\" \/><\/a> <a href=\"https:\/\/correiodasemana.com\/site\/diocese-de-sobral-celebra-solenidade-em-honra-a-imaculada-conceicao\/sobral-imaculada-conceicao-3\/\" rel=\"attachment wp-att-31759\"><img decoding=\"async\" class=\"aligncenter size-full wp-image-31759\" src=\"https:\/\/correiodasemana.com\/site\/wp-content\/uploads\/2024\/12\/sobral-imaculada-conceicao-3.jpg\" alt=\"\" width=\"1000\" height=\"667\" srcset=\"https:\/\/correiodasemana.com\/site\/wp-content\/uploads\/2024\/12\/sobral-imaculada-conceicao-3.jpg 1000w, https:\/\/correiodasemana.com\/site\/wp-content\/uploads\/2024\/12\/sobral-imaculada-conceicao-3-300x200.jpg 300w, https:\/\/correiodasemana.com\/site\/wp-content\/uploads\/2024\/12\/sobral-imaculada-conceicao-3-768x512.jpg 768w\" sizes=\"(max-width: 1000px) 100vw, 1000px\" \/><\/a> <a href=\"https:\/\/correiodasemana.com\/site\/diocese-de-sobral-celebra-solenidade-em-honra-a-imaculada-conceicao\/sobral-imaculada-conceicao-4\/\" rel=\"attachment wp-att-31760\"><img loading=\"lazy\" decoding=\"async\" class=\"aligncenter size-full wp-image-31760\" src=\"https:\/\/correiodasemana.com\/site\/wp-content\/uploads\/2024\/12\/sobral-imaculada-conceicao-4.jpg\" alt=\"\" width=\"1000\" height=\"667\" srcset=\"https:\/\/correiodasemana.com\/site\/wp-content\/uploads\/2024\/12\/sobral-imaculada-conceicao-4.jpg 1000w, https:\/\/correiodasemana.com\/site\/wp-content\/uploads\/2024\/12\/sobral-imaculada-conceicao-4-300x200.jpg 300w, https:\/\/correiodasemana.com\/site\/wp-content\/uploads\/2024\/12\/sobral-imaculada-conceicao-4-768x512.jpg 768w\" sizes=\"(max-width: 1000px) 100vw, 1000px\" \/><\/a> <a href=\"https:\/\/correiodasemana.com\/site\/diocese-de-sobral-celebra-solenidade-em-honra-a-imaculada-conceicao\/sobral-imaculada-conceicao-5\/\" rel=\"attachment wp-att-31761\"><img loading=\"lazy\" decoding=\"async\" class=\"aligncenter size-full wp-image-31761\" src=\"https:\/\/correiodasemana.com\/site\/wp-content\/uploads\/2024\/12\/sobral-imaculada-conceicao-5.jpg\" alt=\"\" width=\"1000\" height=\"667\" srcset=\"https:\/\/correiodasemana.com\/site\/wp-content\/uploads\/2024\/12\/sobral-imaculada-conceicao-5.jpg 1000w, https:\/\/correiodasemana.com\/site\/wp-content\/uploads\/2024\/12\/sobral-imaculada-conceicao-5-300x200.jpg 300w, https:\/\/correiodasemana.com\/site\/wp-content\/uploads\/2024\/12\/sobral-imaculada-conceicao-5-768x512.jpg 768w\" sizes=\"(max-width: 1000px) 100vw, 1000px\" \/><\/a> <a href=\"https:\/\/correiodasemana.com\/site\/diocese-de-sobral-celebra-solenidade-em-honra-a-imaculada-conceicao\/sobral-imaculada-conceicao-6\/\" rel=\"attachment wp-att-31762\"><img loading=\"lazy\" decoding=\"async\" class=\"aligncenter size-full wp-image-31762\" src=\"https:\/\/correiodasemana.com\/site\/wp-content\/uploads\/2024\/12\/sobral-imaculada-conceicao-6.jpg\" alt=\"\" width=\"1000\" height=\"667\" srcset=\"https:\/\/correiodasemana.com\/site\/wp-content\/uploads\/2024\/12\/sobral-imaculada-conceicao-6.jpg 1000w, https:\/\/correiodasemana.com\/site\/wp-content\/uploads\/2024\/12\/sobral-imaculada-conceicao-6-300x200.jpg 300w, https:\/\/correiodasemana.com\/site\/wp-content\/uploads\/2024\/12\/sobral-imaculada-conceicao-6-768x512.jpg 768w\" sizes=\"(max-width: 1000px) 100vw, 1000px\" \/><\/a> <a href=\"https:\/\/correiodasemana.com\/site\/diocese-de-sobral-celebra-solenidade-em-honra-a-imaculada-conceicao\/sobral-imaculada-conceicao-7\/\" rel=\"attachment wp-att-31763\"><img loading=\"lazy\" decoding=\"async\" class=\"aligncenter size-full wp-image-31763\" src=\"https:\/\/correiodasemana.com\/site\/wp-content\/uploads\/2024\/12\/sobral-imaculada-conceicao-7.jpg\" alt=\"\" width=\"1000\" height=\"667\" srcset=\"https:\/\/correiodasemana.com\/site\/wp-content\/uploads\/2024\/12\/sobral-imaculada-conceicao-7.jpg 1000w, https:\/\/correiodasemana.com\/site\/wp-content\/uploads\/2024\/12\/sobral-imaculada-conceicao-7-300x200.jpg 300w, https:\/\/correiodasemana.com\/site\/wp-content\/uploads\/2024\/12\/sobral-imaculada-conceicao-7-768x512.jpg 768w\" sizes=\"(max-width: 1000px) 100vw, 1000px\" \/><\/a> <a href=\"https:\/\/correiodasemana.com\/site\/diocese-de-sobral-celebra-solenidade-em-honra-a-imaculada-conceicao\/sobral-imaculada-conceicao-8\/\" rel=\"attachment wp-att-31764\"><img loading=\"lazy\" decoding=\"async\" class=\"aligncenter size-full wp-image-31764\" src=\"https:\/\/correiodasemana.com\/site\/wp-content\/uploads\/2024\/12\/sobral-imaculada-conceicao-8.jpg\" alt=\"\" width=\"1000\" height=\"667\" srcset=\"https:\/\/correiodasemana.com\/site\/wp-content\/uploads\/2024\/12\/sobral-imaculada-conceicao-8.jpg 1000w, https:\/\/correiodasemana.com\/site\/wp-content\/uploads\/2024\/12\/sobral-imaculada-conceicao-8-300x200.jpg 300w, https:\/\/correiodasemana.com\/site\/wp-content\/uploads\/2024\/12\/sobral-imaculada-conceicao-8-768x512.jpg 768w\" sizes=\"(max-width: 1000px) 100vw, 1000px\" \/><\/a> <a href=\"https:\/\/correiodasemana.com\/site\/diocese-de-sobral-celebra-solenidade-em-honra-a-imaculada-conceicao\/sobral-imaculada-conceicao-9\/\" rel=\"attachment wp-att-31765\"><img loading=\"lazy\" decoding=\"async\" class=\"aligncenter size-full wp-image-31765\" src=\"https:\/\/correiodasemana.com\/site\/wp-content\/uploads\/2024\/12\/sobral-imaculada-conceicao-9.jpg\" alt=\"\" width=\"1000\" height=\"667\" srcset=\"https:\/\/correiodasemana.com\/site\/wp-content\/uploads\/2024\/12\/sobral-imaculada-conceicao-9.jpg 1000w, https:\/\/correiodasemana.com\/site\/wp-content\/uploads\/2024\/12\/sobral-imaculada-conceicao-9-300x200.jpg 300w, https:\/\/correiodasemana.com\/site\/wp-content\/uploads\/2024\/12\/sobral-imaculada-conceicao-9-768x512.jpg 768w\" sizes=\"(max-width: 1000px) 100vw, 1000px\" \/><\/a> <a href=\"https:\/\/correiodasemana.com\/site\/diocese-de-sobral-celebra-solenidade-em-honra-a-imaculada-conceicao\/sobral-imaculada-conceicao-10\/\" rel=\"attachment wp-att-31766\"><img loading=\"lazy\" decoding=\"async\" class=\"aligncenter size-full wp-image-31766\" src=\"https:\/\/correiodasemana.com\/site\/wp-content\/uploads\/2024\/12\/sobral-imaculada-conceicao-10.jpg\" alt=\"\" width=\"1000\" height=\"667\" srcset=\"https:\/\/correiodasemana.com\/site\/wp-content\/uploads\/2024\/12\/sobral-imaculada-conceicao-10.jpg 1000w, https:\/\/correiodasemana.com\/site\/wp-content\/uploads\/2024\/12\/sobral-imaculada-conceicao-10-300x200.jpg 300w, https:\/\/correiodasemana.com\/site\/wp-content\/uploads\/2024\/12\/sobral-imaculada-conceicao-10-768x512.jpg 768w\" sizes=\"(max-width: 1000px) 100vw, 1000px\" \/><\/a> <a href=\"https:\/\/correiodasemana.com\/site\/diocese-de-sobral-celebra-solenidade-em-honra-a-imaculada-conceicao\/sobral-imaculada-conceicao-11\/\" rel=\"attachment wp-att-31767\"><img loading=\"lazy\" decoding=\"async\" class=\"aligncenter size-full wp-image-31767\" src=\"https:\/\/correiodasemana.com\/site\/wp-content\/uploads\/2024\/12\/sobral-imaculada-conceicao-11.jpg\" alt=\"\" width=\"1000\" height=\"667\" srcset=\"https:\/\/correiodasemana.com\/site\/wp-content\/uploads\/2024\/12\/sobral-imaculada-conceicao-11.jpg 1000w, https:\/\/correiodasemana.com\/site\/wp-content\/uploads\/2024\/12\/sobral-imaculada-conceicao-11-300x200.jpg 300w, https:\/\/correiodasemana.com\/site\/wp-content\/uploads\/2024\/12\/sobral-imaculada-conceicao-11-768x512.jpg 768w\" sizes=\"(max-width: 1000px) 100vw, 1000px\" \/><\/a><\/p>\n","protected":false},"excerpt":{"rendered":"<p>Sob os ausp\u00edcios de Nossa Senhora da Concei\u00e7\u00e3o, os devotos participaram da grande Solenidade em&#8230;<\/p>\n","protected":false},"author":7,"featured_media":0,"comment_status":"open","ping_status":"open","sticky":false,"template":"","format":"standard","meta":{"_jetpack_memberships_contains_paid_content":false,"footnotes":"","jetpack_publicize_message":"","jetpack_publicize_feature_enabled":true,"jetpack_social_post_already_shared":true,"jetpack_social_options":{"image_generator_settings":{"template":"highway","default_image_id":0,"font":"","enabled":false},"version":2}},"categories":[1],"tags":[],"class_list":["post-31756","post","type-post","status-publish","format-standard","hentry","category-atualidade"],"jetpack_publicize_connections":[],"jetpack_featured_media_url":"","jetpack-related-posts":[{"id":18276,"url":"https:\/\/correiodasemana.com\/site\/diocese-de-sobral-celebra-a-festa-de-sua-padroeira-a-imaculada-conceicao-de-maria\/","url_meta":{"origin":31756,"position":0},"title":"Diocese de Sobral celebra a festa de sua padroeira, a Imaculada Concei\u00e7\u00e3o de Maria","author":"","date":"Dezembro 12, 2021","format":false,"excerpt":"Por Thais Helena (Jornal Correio da Semana) Na \u00faltima quarta-feira, 08 de dezembro, a Igreja celebrou a Festa da Imaculada Concei\u00e7\u00e3o. Neste mesmo dia em 1854, atrav\u00e9s da bula Ineffabilis Deus do Papa Pio IX, a Igreja oficialmente reconheceu e declarou solenemente como dogma: \u201cMaria isenta do pecado original\u201d. A\u2026","rel":"","context":"In &quot;Atualidade&quot;","block_context":{"text":"Atualidade","link":"https:\/\/correiodasemana.com\/site\/category\/atualidade\/"},"img":{"alt_text":"","src":"https:\/\/i0.wp.com\/correiodasemana.com\/site\/wp-content\/uploads\/2021\/12\/IMG_8799.jpg?resize=350%2C200&ssl=1","width":350,"height":200,"srcset":"https:\/\/i0.wp.com\/correiodasemana.com\/site\/wp-content\/uploads\/2021\/12\/IMG_8799.jpg?resize=350%2C200&ssl=1 1x, https:\/\/i0.wp.com\/correiodasemana.com\/site\/wp-content\/uploads\/2021\/12\/IMG_8799.jpg?resize=525%2C300&ssl=1 1.5x, https:\/\/i0.wp.com\/correiodasemana.com\/site\/wp-content\/uploads\/2021\/12\/IMG_8799.jpg?resize=700%2C400&ssl=1 2x"},"classes":[]},{"id":36691,"url":"https:\/\/correiodasemana.com\/site\/festa-da-imaculada-conceicao-reune-multidao-na-catedral-da-se\/","url_meta":{"origin":31756,"position":1},"title":"Festa da Imaculada Concei\u00e7\u00e3o re\u00fane multid\u00e3o na Catedral da S\u00e9","author":"adminredacao","date":"Dezembro 11, 2025","format":false,"excerpt":"A cidade de Sobral viveu, nos \u00faltimos dias, um dos momentos mais significativos de sua caminhada de f\u00e9: a Festa de Nossa Senhora da Concei\u00e7\u00e3o, padroeira da cidade e de toda a Diocese. A tradi\u00e7\u00e3o centen\u00e1ria mobiliza milhares de fi\u00e9is que, ano ap\u00f3s ano, veneram a Virgem Imaculada e participam\u2026","rel":"","context":"In &quot;Atualidade&quot;","block_context":{"text":"Atualidade","link":"https:\/\/correiodasemana.com\/site\/category\/atualidade\/"},"img":{"alt_text":"","src":"https:\/\/i0.wp.com\/correiodasemana.com\/site\/wp-content\/uploads\/2025\/12\/grande-scaled.jpg?resize=350%2C200&ssl=1","width":350,"height":200,"srcset":"https:\/\/i0.wp.com\/correiodasemana.com\/site\/wp-content\/uploads\/2025\/12\/grande-scaled.jpg?resize=350%2C200&ssl=1 1x, https:\/\/i0.wp.com\/correiodasemana.com\/site\/wp-content\/uploads\/2025\/12\/grande-scaled.jpg?resize=525%2C300&ssl=1 1.5x, https:\/\/i0.wp.com\/correiodasemana.com\/site\/wp-content\/uploads\/2025\/12\/grande-scaled.jpg?resize=700%2C400&ssl=1 2x, https:\/\/i0.wp.com\/correiodasemana.com\/site\/wp-content\/uploads\/2025\/12\/grande-scaled.jpg?resize=1050%2C600&ssl=1 3x, https:\/\/i0.wp.com\/correiodasemana.com\/site\/wp-content\/uploads\/2025\/12\/grande-scaled.jpg?resize=1400%2C800&ssl=1 4x"},"classes":[]},{"id":27543,"url":"https:\/\/correiodasemana.com\/site\/padroeira-da-diocese-de-sobral-imaculada-conceicao-e-celebrada-solenemente-na-se-catedral\/","url_meta":{"origin":31756,"position":2},"title":"Padroeira da Diocese de Sobral, Imaculada Concei\u00e7\u00e3o, \u00e9 celebrada solenemente na S\u00e9 Catedral","author":"adminredacao","date":"Dezembro 11, 2023","format":false,"excerpt":"MISSA PROCISS\u00c3O A imponente S\u00e9 Catedral de Nossa Senhora da Concei\u00e7\u00e3o realizou de 28 de novembro a 08 de dezembro, a festa da excelsa padroeira da Diocese de Sobral, a Imaculada Concei\u00e7\u00e3o de Maria. Com o tema: \u201cOuvir\u00e3o a minha voz, ent\u00e3o haver\u00e1 um s\u00f3 rebanho, um s\u00f3 pastor\u201d. (Jo\u2026","rel":"","context":"In &quot;Atualidade&quot;","block_context":{"text":"Atualidade","link":"https:\/\/correiodasemana.com\/site\/category\/atualidade\/"},"img":{"alt_text":"","src":"https:\/\/i0.wp.com\/correiodasemana.com\/site\/wp-content\/uploads\/2023\/12\/missa-6.jpeg?resize=350%2C200&ssl=1","width":350,"height":200,"srcset":"https:\/\/i0.wp.com\/correiodasemana.com\/site\/wp-content\/uploads\/2023\/12\/missa-6.jpeg?resize=350%2C200&ssl=1 1x, https:\/\/i0.wp.com\/correiodasemana.com\/site\/wp-content\/uploads\/2023\/12\/missa-6.jpeg?resize=525%2C300&ssl=1 1.5x, https:\/\/i0.wp.com\/correiodasemana.com\/site\/wp-content\/uploads\/2023\/12\/missa-6.jpeg?resize=700%2C400&ssl=1 2x, https:\/\/i0.wp.com\/correiodasemana.com\/site\/wp-content\/uploads\/2023\/12\/missa-6.jpeg?resize=1050%2C600&ssl=1 3x, https:\/\/i0.wp.com\/correiodasemana.com\/site\/wp-content\/uploads\/2023\/12\/missa-6.jpeg?resize=1400%2C800&ssl=1 4x"},"classes":[]},{"id":36599,"url":"https:\/\/correiodasemana.com\/site\/paroquia-da-se-da-inicio-a-festa-de-nossa-senhora-da-conceicao-padroeira-da-diocese-de-sobral\/","url_meta":{"origin":31756,"position":3},"title":"Par\u00f3quia da S\u00e9 d\u00e1 in\u00edcio a Festa de Nossa Senhora da Concei\u00e7\u00e3o, padroeira da Diocese de Sobral","author":"adminredacao","date":"Dezembro 1, 2025","format":false,"excerpt":"Teve in\u00edcio nesta sexta-feira (28\/11) a Festa de Nossa Senhora da Concei\u00e7\u00e3o, na S\u00e9 Catedral, padroeira da cidade de Sobral e de toda a Igreja Diocesana. Com o tema \u201cMaria, express\u00e3o do amor fraterno\u201d, os fi\u00e9is e devotos s\u00e3o convidados a contemplar a vida de Maria como sinal de ternura,\u2026","rel":"","context":"In &quot;Atualidade&quot;","block_context":{"text":"Atualidade","link":"https:\/\/correiodasemana.com\/site\/category\/atualidade\/"},"img":{"alt_text":"","src":"https:\/\/i0.wp.com\/correiodasemana.com\/site\/wp-content\/uploads\/2025\/12\/WhatsApp-Image-2025-11-28-at-21.17.42.jpeg?resize=350%2C200&ssl=1","width":350,"height":200,"srcset":"https:\/\/i0.wp.com\/correiodasemana.com\/site\/wp-content\/uploads\/2025\/12\/WhatsApp-Image-2025-11-28-at-21.17.42.jpeg?resize=350%2C200&ssl=1 1x, https:\/\/i0.wp.com\/correiodasemana.com\/site\/wp-content\/uploads\/2025\/12\/WhatsApp-Image-2025-11-28-at-21.17.42.jpeg?resize=525%2C300&ssl=1 1.5x, https:\/\/i0.wp.com\/correiodasemana.com\/site\/wp-content\/uploads\/2025\/12\/WhatsApp-Image-2025-11-28-at-21.17.42.jpeg?resize=700%2C400&ssl=1 2x, https:\/\/i0.wp.com\/correiodasemana.com\/site\/wp-content\/uploads\/2025\/12\/WhatsApp-Image-2025-11-28-at-21.17.42.jpeg?resize=1050%2C600&ssl=1 3x"},"classes":[]},{"id":22116,"url":"https:\/\/correiodasemana.com\/site\/diocese-de-sobral-celebra-a-festa-da-padroeira-nossa-senhora-da-conceicao\/","url_meta":{"origin":31756,"position":4},"title":"Diocese de Sobral celebra a festa da padroeira, Nossa Senhora da Concei\u00e7\u00e3o","author":"","date":"Dezembro 11, 2022","format":false,"excerpt":"Nesta quinta-feira, 8 de dezembro, dia em que a Igreja Cat\u00f3lica celebra a Solenidade da Imaculada Concei\u00e7\u00e3o, a Diocese de Sobral celebrou a festa de sua padroeira. A festa da Imaculada Concei\u00e7\u00e3o, comemorada em 8 de dezembro, foi inscrita no calend\u00e1rio lit\u00fargico pelo Papa Sisto IV, em 28 de fevereiro\u2026","rel":"","context":"In &quot;Atualidade&quot;","block_context":{"text":"Atualidade","link":"https:\/\/correiodasemana.com\/site\/category\/atualidade\/"},"img":{"alt_text":"","src":"https:\/\/i0.wp.com\/correiodasemana.com\/site\/wp-content\/uploads\/2022\/12\/21.jpeg?resize=350%2C200&ssl=1","width":350,"height":200,"srcset":"https:\/\/i0.wp.com\/correiodasemana.com\/site\/wp-content\/uploads\/2022\/12\/21.jpeg?resize=350%2C200&ssl=1 1x, https:\/\/i0.wp.com\/correiodasemana.com\/site\/wp-content\/uploads\/2022\/12\/21.jpeg?resize=525%2C300&ssl=1 1.5x, https:\/\/i0.wp.com\/correiodasemana.com\/site\/wp-content\/uploads\/2022\/12\/21.jpeg?resize=700%2C400&ssl=1 2x, https:\/\/i0.wp.com\/correiodasemana.com\/site\/wp-content\/uploads\/2022\/12\/21.jpeg?resize=1050%2C600&ssl=1 3x, https:\/\/i0.wp.com\/correiodasemana.com\/site\/wp-content\/uploads\/2022\/12\/21.jpeg?resize=1400%2C800&ssl=1 4x"},"classes":[]},{"id":18259,"url":"https:\/\/correiodasemana.com\/site\/catedral-da-se-realiza-abertura-solene-da-festa-da-imaculada-conceicao-padroeira-da-diocese-de-sobral\/","url_meta":{"origin":31756,"position":5},"title":"CATEDRAL DA S\u00c9 REALIZA ABERTURA SOLENE DA FESTA DA IMACULADA CONCEI\u00c7\u00c3O, PADROEIRA DA DIOCESE DE SOBRAL","author":"","date":"Dezembro 6, 2021","format":false,"excerpt":"Por Thais Helena (Reda\u00e7\u00e3o Jornal Correio da Semana) Com o tema central: \u201cNo ventre imaculado de Maria brotou a fonte da vida\u201d, e lema: \u201cEis que conceber\u00e1s no teu ventre e dar\u00e1s \u00e0 luz a um Filho, e os chamar\u00e1s com o nome de Jesus\u201d. (Lucas 1, 31), a Par\u00f3quia\u2026","rel":"","context":"In &quot;Atualidade&quot;","block_context":{"text":"Atualidade","link":"https:\/\/correiodasemana.com\/site\/category\/atualidade\/"},"img":{"alt_text":"","src":"https:\/\/i0.wp.com\/correiodasemana.com\/site\/wp-content\/uploads\/2021\/12\/festa-da-catedral-3.jpeg?resize=350%2C200&ssl=1","width":350,"height":200,"srcset":"https:\/\/i0.wp.com\/correiodasemana.com\/site\/wp-content\/uploads\/2021\/12\/festa-da-catedral-3.jpeg?resize=350%2C200&ssl=1 1x, https:\/\/i0.wp.com\/correiodasemana.com\/site\/wp-content\/uploads\/2021\/12\/festa-da-catedral-3.jpeg?resize=525%2C300&ssl=1 1.5x, https:\/\/i0.wp.com\/correiodasemana.com\/site\/wp-content\/uploads\/2021\/12\/festa-da-catedral-3.jpeg?resize=700%2C400&ssl=1 2x, https:\/\/i0.wp.com\/correiodasemana.com\/site\/wp-content\/uploads\/2021\/12\/festa-da-catedral-3.jpeg?resize=1050%2C600&ssl=1 3x"},"classes":[]}],"jetpack_sharing_enabled":true,"_links":{"self":[{"href":"https:\/\/correiodasemana.com\/site\/wp-json\/wp\/v2\/posts\/31756","targetHints":{"allow":["GET"]}}],"collection":[{"href":"https:\/\/correiodasemana.com\/site\/wp-json\/wp\/v2\/posts"}],"about":[{"href":"https:\/\/correiodasemana.com\/site\/wp-json\/wp\/v2\/types\/post"}],"author":[{"embeddable":true,"href":"https:\/\/correiodasemana.com\/site\/wp-json\/wp\/v2\/users\/7"}],"replies":[{"embeddable":true,"href":"https:\/\/correiodasemana.com\/site\/wp-json\/wp\/v2\/comments?post=31756"}],"version-history":[{"count":2,"href":"https:\/\/correiodasemana.com\/site\/wp-json\/wp\/v2\/posts\/31756\/revisions"}],"predecessor-version":[{"id":31769,"href":"https:\/\/correiodasemana.com\/site\/wp-json\/wp\/v2\/posts\/31756\/revisions\/31769"}],"wp:attachment":[{"href":"https:\/\/correiodasemana.com\/site\/wp-json\/wp\/v2\/media?parent=31756"}],"wp:term":[{"taxonomy":"category","embeddable":true,"href":"https:\/\/correiodasemana.com\/site\/wp-json\/wp\/v2\/categories?post=31756"},{"taxonomy":"post_tag","embeddable":true,"href":"https:\/\/correiodasemana.com\/site\/wp-json\/wp\/v2\/tags?post=31756"}],"curies":[{"name":"wp","href":"https:\/\/api.w.org\/{rel}","templated":true}]}}