{"id":31770,"date":"2024-12-10T10:05:30","date_gmt":"2024-12-10T13:05:30","guid":{"rendered":"https:\/\/correiodasemana.com\/site\/?p=31770"},"modified":"2024-12-10T10:05:30","modified_gmt":"2024-12-10T13:05:30","slug":"cruz-da-vida-realiza-acao-solidaria-em-sobral","status":"publish","type":"post","link":"https:\/\/correiodasemana.com\/site\/cruz-da-vida-realiza-acao-solidaria-em-sobral\/","title":{"rendered":"Cruz da Vida realiza a\u00e7\u00e3o solid\u00e1ria em Sobral"},"content":{"rendered":"<p>A Diocese de Sobral realizou neste s\u00e1bado, 07 de dezembro, em parceria com o Cruz da Vida uma a\u00e7\u00e3o solid\u00e1ria na C\u00faria Diocesana, como parte da programa\u00e7\u00e3o em alus\u00e3o a Festa da Imaculada Concei\u00e7\u00e3o, padroeira da centen\u00e1ria igreja particular.<br \/>\nO Cruz da Vida \u00e9 uma associa\u00e7\u00e3o privada sem fins lucrativos de m\u00e9dicos e profissionais da sa\u00fade, cat\u00f3licos formados, com um \u00fanico objetivo: curar os doentes em toda a sua integralidade. Eles formam um corpo cl\u00ednico de m\u00e9dicos especialistas e profissionais da sa\u00fade(fisioterapeutas, cirurgi\u00f5es dentistas, enfermeiros e t\u00e9cnicos de diversas \u00e1reas) que oferece um amplo atendimento 100% gratuito e sem nenhuma verba p\u00fablica.<br \/>\nO atendimento iniciou \u00e0s 8h e contou com a colabora\u00e7\u00e3o de m\u00e9dicos das variadas especialidades, como: cl\u00ednica geral, psicologia, pneumologia, homeopatia, ginecologia, pediatria, oftalmologia, cardiologia, psiquiatria e ortopedia. In\u00fameras pessoas de todos os lugares aproveitaram a oportunidade para realizar suas consultas e alguns exames de rotina.<br \/>\nA equipe m\u00e9dica realizou ainda uma visita ao Abrigo Sagrado Cora\u00e7\u00e3o de Jesus que foi marcada por gestos de carinho e aten\u00e7\u00e3o, proporcionando aos idosos ali abrigados um momento de acolhimento e alegria. A a\u00e7\u00e3o n\u00e3o s\u00f3 atendeu \u00e0s necessidades de sa\u00fade, mas tamb\u00e9m trouxe conforto espiritual e emocional, refletindo o verdadeiro esp\u00edrito de solidariedade e amor ao pr\u00f3ximo.<br \/>\nNa oportunidade, o Sant\u00edssimo Sacramento foi exposto na Capela de Nossa Senhora das Gra\u00e7as e os colaboradores e pacientes puderam adorar Jesus Sacramentado.<br \/>\nOs filhos dos m\u00e9dicos e colaboradores foram recebidos por Dom Vasconcelos na resid\u00eancia episcopal onde foi poss\u00edvel conviver e compartilhar de guloseimas fazendo assim a alegria das crian\u00e7as. O bispo expressou sua gratid\u00e3o a todos os profissionais envolvidos e destacou a import\u00e2ncia de a\u00e7\u00f5es como essa para fortalecer a miss\u00e3o da Igreja em cuidar dos mais necessitados.<br \/>\nA a\u00e7\u00e3o solid\u00e1ria foi um sucesso, alcan\u00e7ando muitas pessoas da comunidade, e refor\u00e7ou o compromisso da Diocese de Sobral com a promo\u00e7\u00e3o da sa\u00fade e bem-estar de todos.<\/p>\n<p>Tha\u00eds Helena &#8211; Jornalista &#8211; Jornal Correio da Semana<\/p>\n<p><a href=\"https:\/\/correiodasemana.com\/site\/cruz-da-vida-realiza-acao-solidaria-em-sobral\/whatsapp-image-2024-12-08-at-22-36-37\/\" rel=\"attachment wp-att-31771\"><img fetchpriority=\"high\" decoding=\"async\" class=\"aligncenter size-full wp-image-31771\" src=\"https:\/\/correiodasemana.com\/site\/wp-content\/uploads\/2024\/12\/WhatsApp-Image-2024-12-08-at-22.36.37.jpeg\" alt=\"\" width=\"1600\" height=\"1066\" srcset=\"https:\/\/correiodasemana.com\/site\/wp-content\/uploads\/2024\/12\/WhatsApp-Image-2024-12-08-at-22.36.37.jpeg 1600w, https:\/\/correiodasemana.com\/site\/wp-content\/uploads\/2024\/12\/WhatsApp-Image-2024-12-08-at-22.36.37-300x200.jpeg 300w, https:\/\/correiodasemana.com\/site\/wp-content\/uploads\/2024\/12\/WhatsApp-Image-2024-12-08-at-22.36.37-1024x682.jpeg 1024w, https:\/\/correiodasemana.com\/site\/wp-content\/uploads\/2024\/12\/WhatsApp-Image-2024-12-08-at-22.36.37-768x512.jpeg 768w, https:\/\/correiodasemana.com\/site\/wp-content\/uploads\/2024\/12\/WhatsApp-Image-2024-12-08-at-22.36.37-1536x1023.jpeg 1536w\" sizes=\"(max-width: 1600px) 100vw, 1600px\" \/><\/a> <a href=\"https:\/\/correiodasemana.com\/site\/cruz-da-vida-realiza-acao-solidaria-em-sobral\/whatsapp-image-2024-12-08-at-22-36-39\/\" rel=\"attachment wp-att-31772\"><img decoding=\"async\" class=\"aligncenter size-full wp-image-31772\" src=\"https:\/\/correiodasemana.com\/site\/wp-content\/uploads\/2024\/12\/WhatsApp-Image-2024-12-08-at-22.36.39.jpeg\" alt=\"\" width=\"1600\" height=\"1066\" srcset=\"https:\/\/correiodasemana.com\/site\/wp-content\/uploads\/2024\/12\/WhatsApp-Image-2024-12-08-at-22.36.39.jpeg 1600w, https:\/\/correiodasemana.com\/site\/wp-content\/uploads\/2024\/12\/WhatsApp-Image-2024-12-08-at-22.36.39-300x200.jpeg 300w, https:\/\/correiodasemana.com\/site\/wp-content\/uploads\/2024\/12\/WhatsApp-Image-2024-12-08-at-22.36.39-1024x682.jpeg 1024w, https:\/\/correiodasemana.com\/site\/wp-content\/uploads\/2024\/12\/WhatsApp-Image-2024-12-08-at-22.36.39-768x512.jpeg 768w, https:\/\/correiodasemana.com\/site\/wp-content\/uploads\/2024\/12\/WhatsApp-Image-2024-12-08-at-22.36.39-1536x1023.jpeg 1536w\" sizes=\"(max-width: 1600px) 100vw, 1600px\" \/><\/a> <a href=\"https:\/\/correiodasemana.com\/site\/cruz-da-vida-realiza-acao-solidaria-em-sobral\/whatsapp-image-2024-12-08-at-22-36-40-1\/\" rel=\"attachment wp-att-31773\"><img decoding=\"async\" class=\"aligncenter size-full wp-image-31773\" src=\"https:\/\/correiodasemana.com\/site\/wp-content\/uploads\/2024\/12\/WhatsApp-Image-2024-12-08-at-22.36.40-1.jpeg\" alt=\"\" width=\"1600\" height=\"1066\" srcset=\"https:\/\/correiodasemana.com\/site\/wp-content\/uploads\/2024\/12\/WhatsApp-Image-2024-12-08-at-22.36.40-1.jpeg 1600w, https:\/\/correiodasemana.com\/site\/wp-content\/uploads\/2024\/12\/WhatsApp-Image-2024-12-08-at-22.36.40-1-300x200.jpeg 300w, https:\/\/correiodasemana.com\/site\/wp-content\/uploads\/2024\/12\/WhatsApp-Image-2024-12-08-at-22.36.40-1-1024x682.jpeg 1024w, https:\/\/correiodasemana.com\/site\/wp-content\/uploads\/2024\/12\/WhatsApp-Image-2024-12-08-at-22.36.40-1-768x512.jpeg 768w, https:\/\/correiodasemana.com\/site\/wp-content\/uploads\/2024\/12\/WhatsApp-Image-2024-12-08-at-22.36.40-1-1536x1023.jpeg 1536w\" sizes=\"(max-width: 1600px) 100vw, 1600px\" \/><\/a> <a href=\"https:\/\/correiodasemana.com\/site\/cruz-da-vida-realiza-acao-solidaria-em-sobral\/whatsapp-image-2024-12-08-at-22-36-40\/\" rel=\"attachment wp-att-31774\"><img loading=\"lazy\" decoding=\"async\" class=\"aligncenter size-full wp-image-31774\" src=\"https:\/\/correiodasemana.com\/site\/wp-content\/uploads\/2024\/12\/WhatsApp-Image-2024-12-08-at-22.36.40.jpeg\" alt=\"\" width=\"1600\" height=\"1066\" srcset=\"https:\/\/correiodasemana.com\/site\/wp-content\/uploads\/2024\/12\/WhatsApp-Image-2024-12-08-at-22.36.40.jpeg 1600w, https:\/\/correiodasemana.com\/site\/wp-content\/uploads\/2024\/12\/WhatsApp-Image-2024-12-08-at-22.36.40-300x200.jpeg 300w, https:\/\/correiodasemana.com\/site\/wp-content\/uploads\/2024\/12\/WhatsApp-Image-2024-12-08-at-22.36.40-1024x682.jpeg 1024w, https:\/\/correiodasemana.com\/site\/wp-content\/uploads\/2024\/12\/WhatsApp-Image-2024-12-08-at-22.36.40-768x512.jpeg 768w, https:\/\/correiodasemana.com\/site\/wp-content\/uploads\/2024\/12\/WhatsApp-Image-2024-12-08-at-22.36.40-1536x1023.jpeg 1536w\" sizes=\"(max-width: 1600px) 100vw, 1600px\" \/><\/a> <a href=\"https:\/\/correiodasemana.com\/site\/cruz-da-vida-realiza-acao-solidaria-em-sobral\/whatsapp-image-2024-12-08-at-22-36-41-1\/\" rel=\"attachment wp-att-31775\"><img loading=\"lazy\" decoding=\"async\" class=\"aligncenter size-full wp-image-31775\" src=\"https:\/\/correiodasemana.com\/site\/wp-content\/uploads\/2024\/12\/WhatsApp-Image-2024-12-08-at-22.36.41-1.jpeg\" alt=\"\" width=\"1600\" height=\"1066\" srcset=\"https:\/\/correiodasemana.com\/site\/wp-content\/uploads\/2024\/12\/WhatsApp-Image-2024-12-08-at-22.36.41-1.jpeg 1600w, https:\/\/correiodasemana.com\/site\/wp-content\/uploads\/2024\/12\/WhatsApp-Image-2024-12-08-at-22.36.41-1-300x200.jpeg 300w, https:\/\/correiodasemana.com\/site\/wp-content\/uploads\/2024\/12\/WhatsApp-Image-2024-12-08-at-22.36.41-1-1024x682.jpeg 1024w, https:\/\/correiodasemana.com\/site\/wp-content\/uploads\/2024\/12\/WhatsApp-Image-2024-12-08-at-22.36.41-1-768x512.jpeg 768w, https:\/\/correiodasemana.com\/site\/wp-content\/uploads\/2024\/12\/WhatsApp-Image-2024-12-08-at-22.36.41-1-1536x1023.jpeg 1536w\" sizes=\"(max-width: 1600px) 100vw, 1600px\" \/><\/a> <a href=\"https:\/\/correiodasemana.com\/site\/cruz-da-vida-realiza-acao-solidaria-em-sobral\/whatsapp-image-2024-12-08-at-22-36-41-2\/\" rel=\"attachment wp-att-31776\"><img loading=\"lazy\" decoding=\"async\" class=\"aligncenter size-full wp-image-31776\" src=\"https:\/\/correiodasemana.com\/site\/wp-content\/uploads\/2024\/12\/WhatsApp-Image-2024-12-08-at-22.36.41-2.jpeg\" alt=\"\" width=\"1600\" height=\"1066\" srcset=\"https:\/\/correiodasemana.com\/site\/wp-content\/uploads\/2024\/12\/WhatsApp-Image-2024-12-08-at-22.36.41-2.jpeg 1600w, https:\/\/correiodasemana.com\/site\/wp-content\/uploads\/2024\/12\/WhatsApp-Image-2024-12-08-at-22.36.41-2-300x200.jpeg 300w, https:\/\/correiodasemana.com\/site\/wp-content\/uploads\/2024\/12\/WhatsApp-Image-2024-12-08-at-22.36.41-2-1024x682.jpeg 1024w, https:\/\/correiodasemana.com\/site\/wp-content\/uploads\/2024\/12\/WhatsApp-Image-2024-12-08-at-22.36.41-2-768x512.jpeg 768w, https:\/\/correiodasemana.com\/site\/wp-content\/uploads\/2024\/12\/WhatsApp-Image-2024-12-08-at-22.36.41-2-1536x1023.jpeg 1536w\" sizes=\"(max-width: 1600px) 100vw, 1600px\" \/><\/a> <a href=\"https:\/\/correiodasemana.com\/site\/cruz-da-vida-realiza-acao-solidaria-em-sobral\/whatsapp-image-2024-12-08-at-22-36-41-3\/\" rel=\"attachment wp-att-31777\"><img loading=\"lazy\" decoding=\"async\" class=\"aligncenter size-full wp-image-31777\" src=\"https:\/\/correiodasemana.com\/site\/wp-content\/uploads\/2024\/12\/WhatsApp-Image-2024-12-08-at-22.36.41-3.jpeg\" alt=\"\" width=\"1600\" height=\"1066\" srcset=\"https:\/\/correiodasemana.com\/site\/wp-content\/uploads\/2024\/12\/WhatsApp-Image-2024-12-08-at-22.36.41-3.jpeg 1600w, https:\/\/correiodasemana.com\/site\/wp-content\/uploads\/2024\/12\/WhatsApp-Image-2024-12-08-at-22.36.41-3-300x200.jpeg 300w, https:\/\/correiodasemana.com\/site\/wp-content\/uploads\/2024\/12\/WhatsApp-Image-2024-12-08-at-22.36.41-3-1024x682.jpeg 1024w, https:\/\/correiodasemana.com\/site\/wp-content\/uploads\/2024\/12\/WhatsApp-Image-2024-12-08-at-22.36.41-3-768x512.jpeg 768w, https:\/\/correiodasemana.com\/site\/wp-content\/uploads\/2024\/12\/WhatsApp-Image-2024-12-08-at-22.36.41-3-1536x1023.jpeg 1536w\" sizes=\"(max-width: 1600px) 100vw, 1600px\" \/><\/a> <a href=\"https:\/\/correiodasemana.com\/site\/cruz-da-vida-realiza-acao-solidaria-em-sobral\/whatsapp-image-2024-12-08-at-22-36-41-4\/\" rel=\"attachment wp-att-31778\"><img loading=\"lazy\" decoding=\"async\" class=\"aligncenter size-full wp-image-31778\" src=\"https:\/\/correiodasemana.com\/site\/wp-content\/uploads\/2024\/12\/WhatsApp-Image-2024-12-08-at-22.36.41-4.jpeg\" alt=\"\" width=\"1600\" height=\"1066\" srcset=\"https:\/\/correiodasemana.com\/site\/wp-content\/uploads\/2024\/12\/WhatsApp-Image-2024-12-08-at-22.36.41-4.jpeg 1600w, https:\/\/correiodasemana.com\/site\/wp-content\/uploads\/2024\/12\/WhatsApp-Image-2024-12-08-at-22.36.41-4-300x200.jpeg 300w, https:\/\/correiodasemana.com\/site\/wp-content\/uploads\/2024\/12\/WhatsApp-Image-2024-12-08-at-22.36.41-4-1024x682.jpeg 1024w, https:\/\/correiodasemana.com\/site\/wp-content\/uploads\/2024\/12\/WhatsApp-Image-2024-12-08-at-22.36.41-4-768x512.jpeg 768w, https:\/\/correiodasemana.com\/site\/wp-content\/uploads\/2024\/12\/WhatsApp-Image-2024-12-08-at-22.36.41-4-1536x1023.jpeg 1536w\" sizes=\"(max-width: 1600px) 100vw, 1600px\" \/><\/a> <a href=\"https:\/\/correiodasemana.com\/site\/cruz-da-vida-realiza-acao-solidaria-em-sobral\/whatsapp-image-2024-12-08-at-22-36-41\/\" rel=\"attachment wp-att-31779\"><img loading=\"lazy\" decoding=\"async\" class=\"aligncenter size-full wp-image-31779\" src=\"https:\/\/correiodasemana.com\/site\/wp-content\/uploads\/2024\/12\/WhatsApp-Image-2024-12-08-at-22.36.41.jpeg\" alt=\"\" width=\"1600\" height=\"1066\" srcset=\"https:\/\/correiodasemana.com\/site\/wp-content\/uploads\/2024\/12\/WhatsApp-Image-2024-12-08-at-22.36.41.jpeg 1600w, https:\/\/correiodasemana.com\/site\/wp-content\/uploads\/2024\/12\/WhatsApp-Image-2024-12-08-at-22.36.41-300x200.jpeg 300w, https:\/\/correiodasemana.com\/site\/wp-content\/uploads\/2024\/12\/WhatsApp-Image-2024-12-08-at-22.36.41-1024x682.jpeg 1024w, https:\/\/correiodasemana.com\/site\/wp-content\/uploads\/2024\/12\/WhatsApp-Image-2024-12-08-at-22.36.41-768x512.jpeg 768w, https:\/\/correiodasemana.com\/site\/wp-content\/uploads\/2024\/12\/WhatsApp-Image-2024-12-08-at-22.36.41-1536x1023.jpeg 1536w\" sizes=\"(max-width: 1600px) 100vw, 1600px\" \/><\/a> <a href=\"https:\/\/correiodasemana.com\/site\/cruz-da-vida-realiza-acao-solidaria-em-sobral\/whatsapp-image-2024-12-08-at-22-36-42-1\/\" rel=\"attachment wp-att-31780\"><img loading=\"lazy\" decoding=\"async\" class=\"aligncenter size-full wp-image-31780\" src=\"https:\/\/correiodasemana.com\/site\/wp-content\/uploads\/2024\/12\/WhatsApp-Image-2024-12-08-at-22.36.42-1.jpeg\" alt=\"\" width=\"1600\" height=\"1066\" srcset=\"https:\/\/correiodasemana.com\/site\/wp-content\/uploads\/2024\/12\/WhatsApp-Image-2024-12-08-at-22.36.42-1.jpeg 1600w, https:\/\/correiodasemana.com\/site\/wp-content\/uploads\/2024\/12\/WhatsApp-Image-2024-12-08-at-22.36.42-1-300x200.jpeg 300w, https:\/\/correiodasemana.com\/site\/wp-content\/uploads\/2024\/12\/WhatsApp-Image-2024-12-08-at-22.36.42-1-1024x682.jpeg 1024w, https:\/\/correiodasemana.com\/site\/wp-content\/uploads\/2024\/12\/WhatsApp-Image-2024-12-08-at-22.36.42-1-768x512.jpeg 768w, https:\/\/correiodasemana.com\/site\/wp-content\/uploads\/2024\/12\/WhatsApp-Image-2024-12-08-at-22.36.42-1-1536x1023.jpeg 1536w\" sizes=\"(max-width: 1600px) 100vw, 1600px\" \/><\/a> <a href=\"https:\/\/correiodasemana.com\/site\/cruz-da-vida-realiza-acao-solidaria-em-sobral\/whatsapp-image-2024-12-08-at-22-36-42\/\" rel=\"attachment wp-att-31781\"><img loading=\"lazy\" decoding=\"async\" class=\"aligncenter size-full wp-image-31781\" src=\"https:\/\/correiodasemana.com\/site\/wp-content\/uploads\/2024\/12\/WhatsApp-Image-2024-12-08-at-22.36.42.jpeg\" alt=\"\" width=\"1600\" height=\"1066\" srcset=\"https:\/\/correiodasemana.com\/site\/wp-content\/uploads\/2024\/12\/WhatsApp-Image-2024-12-08-at-22.36.42.jpeg 1600w, https:\/\/correiodasemana.com\/site\/wp-content\/uploads\/2024\/12\/WhatsApp-Image-2024-12-08-at-22.36.42-300x200.jpeg 300w, https:\/\/correiodasemana.com\/site\/wp-content\/uploads\/2024\/12\/WhatsApp-Image-2024-12-08-at-22.36.42-1024x682.jpeg 1024w, https:\/\/correiodasemana.com\/site\/wp-content\/uploads\/2024\/12\/WhatsApp-Image-2024-12-08-at-22.36.42-768x512.jpeg 768w, https:\/\/correiodasemana.com\/site\/wp-content\/uploads\/2024\/12\/WhatsApp-Image-2024-12-08-at-22.36.42-1536x1023.jpeg 1536w\" sizes=\"(max-width: 1600px) 100vw, 1600px\" \/><\/a> <a href=\"https:\/\/correiodasemana.com\/site\/cruz-da-vida-realiza-acao-solidaria-em-sobral\/whatsapp-image-2024-12-08-at-22-36-43\/\" rel=\"attachment wp-att-31782\"><img loading=\"lazy\" decoding=\"async\" class=\"aligncenter size-full wp-image-31782\" src=\"https:\/\/correiodasemana.com\/site\/wp-content\/uploads\/2024\/12\/WhatsApp-Image-2024-12-08-at-22.36.43.jpeg\" alt=\"\" width=\"1600\" height=\"1066\" srcset=\"https:\/\/correiodasemana.com\/site\/wp-content\/uploads\/2024\/12\/WhatsApp-Image-2024-12-08-at-22.36.43.jpeg 1600w, https:\/\/correiodasemana.com\/site\/wp-content\/uploads\/2024\/12\/WhatsApp-Image-2024-12-08-at-22.36.43-300x200.jpeg 300w, https:\/\/correiodasemana.com\/site\/wp-content\/uploads\/2024\/12\/WhatsApp-Image-2024-12-08-at-22.36.43-1024x682.jpeg 1024w, https:\/\/correiodasemana.com\/site\/wp-content\/uploads\/2024\/12\/WhatsApp-Image-2024-12-08-at-22.36.43-768x512.jpeg 768w, https:\/\/correiodasemana.com\/site\/wp-content\/uploads\/2024\/12\/WhatsApp-Image-2024-12-08-at-22.36.43-1536x1023.jpeg 1536w\" sizes=\"(max-width: 1600px) 100vw, 1600px\" \/><\/a><\/p>\n","protected":false},"excerpt":{"rendered":"<p>A Diocese de Sobral realizou neste s\u00e1bado, 07 de dezembro, em parceria com o Cruz&#8230;<\/p>\n","protected":false},"author":7,"featured_media":31777,"comment_status":"open","ping_status":"open","sticky":false,"template":"","format":"standard","meta":{"_jetpack_memberships_contains_paid_content":false,"footnotes":"","jetpack_publicize_message":"","jetpack_publicize_feature_enabled":true,"jetpack_social_post_already_shared":true,"jetpack_social_options":{"image_generator_settings":{"template":"highway","default_image_id":0,"font":"","enabled":false},"version":2}},"categories":[1],"tags":[],"class_list":["post-31770","post","type-post","status-publish","format-standard","has-post-thumbnail","hentry","category-atualidade"],"jetpack_publicize_connections":[],"jetpack_featured_media_url":"https:\/\/correiodasemana.com\/site\/wp-content\/uploads\/2024\/12\/WhatsApp-Image-2024-12-08-at-22.36.41-3.jpeg","jetpack-related-posts":[{"id":19278,"url":"https:\/\/correiodasemana.com\/site\/profissionais-da-santa-casa-de-sobral-participam-de-treinamento-sobre-atendimento-a-parada-cardiorrespiratoria\/","url_meta":{"origin":31770,"position":0},"title":"Profissionais da Santa Casa de Sobral participam de treinamento sobre atendimento a parada cardiorrespirat\u00f3ria","author":"","date":"Mar\u00e7o 27, 2022","format":false,"excerpt":"O treinamento \u00e9 uma forma de atualiza\u00e7\u00e3o e capacita\u00e7\u00e3o de protocolos vigentes Com o objetivo de qualificar os seus profissionais sobre a t\u00e9cnica correta do atendimento com v\u00edtimas em Parada Cardiorrespirat\u00f3ria, a Santa Casa de Miseric\u00f3rdia de Sobral promoveu nos dias 9 e 10 de mar\u00e7o, um treinamento sobre o\u2026","rel":"","context":"In &quot;Atualidade&quot;","block_context":{"text":"Atualidade","link":"https:\/\/correiodasemana.com\/site\/category\/atualidade\/"},"img":{"alt_text":"","src":"https:\/\/i0.wp.com\/correiodasemana.com\/site\/wp-content\/uploads\/2022\/03\/santa-casa-de-sobral-1.jpeg?resize=350%2C200&ssl=1","width":350,"height":200,"srcset":"https:\/\/i0.wp.com\/correiodasemana.com\/site\/wp-content\/uploads\/2022\/03\/santa-casa-de-sobral-1.jpeg?resize=350%2C200&ssl=1 1x, https:\/\/i0.wp.com\/correiodasemana.com\/site\/wp-content\/uploads\/2022\/03\/santa-casa-de-sobral-1.jpeg?resize=525%2C300&ssl=1 1.5x, https:\/\/i0.wp.com\/correiodasemana.com\/site\/wp-content\/uploads\/2022\/03\/santa-casa-de-sobral-1.jpeg?resize=700%2C400&ssl=1 2x, https:\/\/i0.wp.com\/correiodasemana.com\/site\/wp-content\/uploads\/2022\/03\/santa-casa-de-sobral-1.jpeg?resize=1050%2C600&ssl=1 3x, https:\/\/i0.wp.com\/correiodasemana.com\/site\/wp-content\/uploads\/2022\/03\/santa-casa-de-sobral-1.jpeg?resize=1400%2C800&ssl=1 4x"},"classes":[]},{"id":13777,"url":"https:\/\/correiodasemana.com\/site\/hospital-do-coracao-de-sobral-implanta-cirurgia-vascular-em-seu-quadro-de-servicos-medicos\/","url_meta":{"origin":31770,"position":1},"title":"Hospital do Cora\u00e7\u00e3o de Sobral implanta cirurgia vascular em seu quadro de servi\u00e7os m\u00e9dicos","author":"","date":"Setembro 29, 2020","format":false,"excerpt":"Buscando ampliar e qualificar ainda mais seus servi\u00e7os para ofertar assist\u00eancia de excel\u00eancia e qualidade tamb\u00e9m aos pacientes de conv\u00eanios e particulares, o Hospital do Cora\u00e7\u00e3o, unidade de sa\u00fade do Complexo Santa Casa de Miseric\u00f3rdia de Sobral, implantou na segunda-feira (21\/09), mais uma especialidade m\u00e9dica: a cirurgia vascular, que passar\u00e1\u2026","rel":"","context":"In &quot;Atualidade&quot;","block_context":{"text":"Atualidade","link":"https:\/\/correiodasemana.com\/site\/category\/atualidade\/"},"img":{"alt_text":"","src":"https:\/\/i0.wp.com\/correiodasemana.com\/site\/wp-content\/uploads\/2020\/09\/vascular-2.jpg?resize=350%2C200&ssl=1","width":350,"height":200,"srcset":"https:\/\/i0.wp.com\/correiodasemana.com\/site\/wp-content\/uploads\/2020\/09\/vascular-2.jpg?resize=350%2C200&ssl=1 1x, https:\/\/i0.wp.com\/correiodasemana.com\/site\/wp-content\/uploads\/2020\/09\/vascular-2.jpg?resize=525%2C300&ssl=1 1.5x, https:\/\/i0.wp.com\/correiodasemana.com\/site\/wp-content\/uploads\/2020\/09\/vascular-2.jpg?resize=700%2C400&ssl=1 2x"},"classes":[]},{"id":28127,"url":"https:\/\/correiodasemana.com\/site\/em-sobral-hospital-regional-norte-supera-500-mil-atendimentos-nas-emergencias-em-11-anos-de-funcionamento\/","url_meta":{"origin":31770,"position":2},"title":"Em Sobral, Hospital Regional Norte supera 500 mil atendimentos nas emerg\u00eancias em 11 anos de funcionamento","author":"adminredacao","date":"Janeiro 22, 2024","format":false,"excerpt":"Maior hospital em \u00e1rea do interior na Regi\u00e3o Nordeste e refer\u00eancia no atendimento a casos de m\u00e9dia e alta complexidade, o Hospital Regional Norte (HRN), unidade da Secretaria da Sa\u00fade do Cear\u00e1 (Sesa), e administrado pelo Instituto de Sa\u00fade e Gest\u00e3o Hospitalar (ISGH), celebra 11 anos de funcionamento em janeiro\u2026","rel":"","context":"In &quot;Atualidade&quot;","block_context":{"text":"Atualidade","link":"https:\/\/correiodasemana.com\/site\/category\/atualidade\/"},"img":{"alt_text":"","src":"https:\/\/i0.wp.com\/correiodasemana.com\/site\/wp-content\/uploads\/2024\/01\/paciente-Covid-scaled.jpg?resize=350%2C200&ssl=1","width":350,"height":200,"srcset":"https:\/\/i0.wp.com\/correiodasemana.com\/site\/wp-content\/uploads\/2024\/01\/paciente-Covid-scaled.jpg?resize=350%2C200&ssl=1 1x, https:\/\/i0.wp.com\/correiodasemana.com\/site\/wp-content\/uploads\/2024\/01\/paciente-Covid-scaled.jpg?resize=525%2C300&ssl=1 1.5x, https:\/\/i0.wp.com\/correiodasemana.com\/site\/wp-content\/uploads\/2024\/01\/paciente-Covid-scaled.jpg?resize=700%2C400&ssl=1 2x, https:\/\/i0.wp.com\/correiodasemana.com\/site\/wp-content\/uploads\/2024\/01\/paciente-Covid-scaled.jpg?resize=1050%2C600&ssl=1 3x, https:\/\/i0.wp.com\/correiodasemana.com\/site\/wp-content\/uploads\/2024\/01\/paciente-Covid-scaled.jpg?resize=1400%2C800&ssl=1 4x"},"classes":[]},{"id":37453,"url":"https:\/\/correiodasemana.com\/site\/campanha-de-carnaval-da-santa-casa-mobiliza-doadores-e-arrecada-quase-400-bolsas-de-sangue\/","url_meta":{"origin":31770,"position":3},"title":"Campanha de Carnaval da Santa Casa mobiliza doadores e arrecada quase 400 bolsas de sangue","author":"adminredacao","date":"Fevereiro 20, 2026","format":false,"excerpt":"A Campanha de Doa\u00e7\u00e3o de Sangue \u201cCarnaval 2026\u201d da Santa Casa de Miseric\u00f3rdia de Sobral alcan\u00e7ou um recorde com 397 bolsas arrecadadas e 458 candidatos \u00e0 doa\u00e7\u00e3o. A a\u00e7\u00e3o solid\u00e1ria ocorreu entre os dias 10 e 12 de fevereiro e envolveu colaboradores do hospital, al\u00e9m de acompanhantes de pacientes. O\u2026","rel":"","context":"In &quot;Atualidade&quot;","block_context":{"text":"Atualidade","link":"https:\/\/correiodasemana.com\/site\/category\/atualidade\/"},"img":{"alt_text":"","src":"https:\/\/i0.wp.com\/correiodasemana.com\/site\/wp-content\/uploads\/2026\/02\/Doacao-de-sangue.jpeg?resize=350%2C200&ssl=1","width":350,"height":200,"srcset":"https:\/\/i0.wp.com\/correiodasemana.com\/site\/wp-content\/uploads\/2026\/02\/Doacao-de-sangue.jpeg?resize=350%2C200&ssl=1 1x, https:\/\/i0.wp.com\/correiodasemana.com\/site\/wp-content\/uploads\/2026\/02\/Doacao-de-sangue.jpeg?resize=525%2C300&ssl=1 1.5x, https:\/\/i0.wp.com\/correiodasemana.com\/site\/wp-content\/uploads\/2026\/02\/Doacao-de-sangue.jpeg?resize=700%2C400&ssl=1 2x"},"classes":[]},{"id":13874,"url":"https:\/\/correiodasemana.com\/site\/como-seria-um-mundo-sem-os-farmaceuticos\/","url_meta":{"origin":31770,"position":4},"title":"Como seria um mundo sem os farmac\u00eauticos?","author":"","date":"Outubro 4, 2020","format":false,"excerpt":"O farmac\u00eautico \u00e9 um profissional de sa\u00fade que muitas vezes \u00e9 lembrado apenas por trabalhar nas farm\u00e1cias vendendo medica\u00e7\u00f5es, e por este motivo acaba sendo desvalorizado pelos demais profissionais e at\u00e9 mesmo pela popula\u00e7\u00e3o. Mas, como seria nosso mundo se n\u00e3o existissem os farmac\u00eauticos? Essa \u00e9 uma pergunta que poderia\u2026","rel":"","context":"In &quot;Atualidade&quot;","block_context":{"text":"Atualidade","link":"https:\/\/correiodasemana.com\/site\/category\/atualidade\/"},"img":{"alt_text":"","src":"https:\/\/i0.wp.com\/correiodasemana.com\/site\/wp-content\/uploads\/2020\/10\/farmaceutico-450x300-1.jpg?resize=350%2C200&ssl=1","width":350,"height":200},"classes":[]},{"id":8326,"url":"https:\/\/correiodasemana.com\/site\/inaugurada-nova-uti-do-hospital-do-coracao-de-sobral\/","url_meta":{"origin":31770,"position":5},"title":"Inaugurada nova UTI do Hospital do Cora\u00e7\u00e3o de Sobral","author":"","date":"Julho 16, 2019","format":false,"excerpt":"O Hospital do Cora\u00e7\u00e3o de Sobral (HC) inaugurou na noite desta ter\u00e7a-feira (9) sua nova UTI para atendimento de pacientes de conv\u00eanios e particulares. A cerim\u00f4nia, que contou com ben\u00e7\u00e3o do provedor da Santa Casa de Miseric\u00f3rdia de Sobral, bispo Dom Vasconcelos, reuniu diretores da Santa Casa de Miseric\u00f3rdia de\u2026","rel":"","context":"In &quot;Santa Casa&quot;","block_context":{"text":"Santa Casa","link":"https:\/\/correiodasemana.com\/site\/category\/santa-casa\/"},"img":{"alt_text":"","src":"https:\/\/i0.wp.com\/correiodasemana.com\/site\/wp-content\/uploads\/2019\/07\/inaugura%C3%A7%C3%A3o1.jpg?resize=350%2C200&ssl=1","width":350,"height":200,"srcset":"https:\/\/i0.wp.com\/correiodasemana.com\/site\/wp-content\/uploads\/2019\/07\/inaugura%C3%A7%C3%A3o1.jpg?resize=350%2C200&ssl=1 1x, https:\/\/i0.wp.com\/correiodasemana.com\/site\/wp-content\/uploads\/2019\/07\/inaugura%C3%A7%C3%A3o1.jpg?resize=525%2C300&ssl=1 1.5x, https:\/\/i0.wp.com\/correiodasemana.com\/site\/wp-content\/uploads\/2019\/07\/inaugura%C3%A7%C3%A3o1.jpg?resize=700%2C400&ssl=1 2x"},"classes":[]}],"jetpack_sharing_enabled":true,"_links":{"self":[{"href":"https:\/\/correiodasemana.com\/site\/wp-json\/wp\/v2\/posts\/31770","targetHints":{"allow":["GET"]}}],"collection":[{"href":"https:\/\/correiodasemana.com\/site\/wp-json\/wp\/v2\/posts"}],"about":[{"href":"https:\/\/correiodasemana.com\/site\/wp-json\/wp\/v2\/types\/post"}],"author":[{"embeddable":true,"href":"https:\/\/correiodasemana.com\/site\/wp-json\/wp\/v2\/users\/7"}],"replies":[{"embeddable":true,"href":"https:\/\/correiodasemana.com\/site\/wp-json\/wp\/v2\/comments?post=31770"}],"version-history":[{"count":2,"href":"https:\/\/correiodasemana.com\/site\/wp-json\/wp\/v2\/posts\/31770\/revisions"}],"predecessor-version":[{"id":31784,"href":"https:\/\/correiodasemana.com\/site\/wp-json\/wp\/v2\/posts\/31770\/revisions\/31784"}],"wp:featuredmedia":[{"embeddable":true,"href":"https:\/\/correiodasemana.com\/site\/wp-json\/wp\/v2\/media\/31777"}],"wp:attachment":[{"href":"https:\/\/correiodasemana.com\/site\/wp-json\/wp\/v2\/media?parent=31770"}],"wp:term":[{"taxonomy":"category","embeddable":true,"href":"https:\/\/correiodasemana.com\/site\/wp-json\/wp\/v2\/categories?post=31770"},{"taxonomy":"post_tag","embeddable":true,"href":"https:\/\/correiodasemana.com\/site\/wp-json\/wp\/v2\/tags?post=31770"}],"curies":[{"name":"wp","href":"https:\/\/api.w.org\/{rel}","templated":true}]}}