{"id":31971,"date":"2024-12-24T02:37:42","date_gmt":"2024-12-24T05:37:42","guid":{"rendered":"https:\/\/correiodasemana.com\/site\/?p=31971"},"modified":"2024-12-24T02:37:42","modified_gmt":"2024-12-24T05:37:42","slug":"em-tempo-257","status":"publish","type":"post","link":"https:\/\/correiodasemana.com\/site\/em-tempo-257\/","title":{"rendered":"Em Tempo"},"content":{"rendered":"<p><strong>Show \u201cFagner 50 Anos\u201d em Fortaleza<\/strong><br \/>\nCantor e compositor cearense Raimundo Fagner celebra trajet\u00f3ria musical com o show \u201cFagner 50 Anos\u201d. O evento acontecer\u00e1 no dia 11 de janeiro, em Fortaleza, no Iguatemi Hall. No repert\u00f3rio, sucessos como Mucuripe, Espumas ao Vento, Borbulhas de Amor e Revela\u00e7\u00e3o.<br \/>\nExpoente da cena cultural do Cear\u00e1 da d\u00e9cada de 1970, Fagner celebra meio s\u00e9culo de caminhada na m\u00fasica com o disco \u201cAl\u00e9m Desse Futuro\u201d. O projeto \u00e9 disponibilizado para o p\u00fablico dez anos depois do \u00faltimo \u00e1lbum de in\u00e9ditas, intitulado \u201cP\u00e1ssaros Urbanos\u201d (2014).<\/p>\n<p><strong>Pr\u00eamio de literatura infantojuvenil<\/strong><br \/>\nCom mais de 15 livros publicados, a escritora cearense Marilia Lovatel foi reconhecida pelo pr\u00eamio nacional Barco a Vapor em 2024, coma obra \u201cSalvaterra &#8211; breve romance de coragem\u201d. A cerim\u00f4nia de entrega do reconhecimento ocorreu no in\u00edcio deste dezembro.<br \/>\nA narrativa de \u201cSalvaterra\u201d foi baseada em hist\u00f3rias que a escritora ouvia diretamente de duas mulheres importantes na trajet\u00f3ria dela: a m\u00e3e e a sogra. O livro infantojuvenil parte desses relatos, mas cria uma narrativa ficcional, abordando a preserva\u00e7\u00e3o do meio ambiente.<\/p>\n<p><strong><a href=\"https:\/\/correiodasemana.com\/site\/em-tempo-257\/em-tempo-257\/\" rel=\"attachment wp-att-31972\"><img decoding=\"async\" class=\"size-full wp-image-31972 alignright\" src=\"https:\/\/correiodasemana.com\/site\/wp-content\/uploads\/2024\/12\/em-tempo.jpg\" alt=\"\" width=\"257\" height=\"144\" \/><\/a>\u201cMil Anos de M\u00fasica: Amor Espiritual\u201d<\/strong><br \/>\n<strong>Foto: Divulga\u00e7\u00e3o <\/strong><br \/>\n<strong>Projeto Fortitudine visa difundir e traduzir a m\u00fasica erudita<\/strong><br \/>\nO Projeto Fortitudine, sob curadoria e dire\u00e7\u00e3o de B\u00e1rbara Lima, realiza o concerto \u201cMil Anos de M\u00fasica: Amor Espiritual\u201d neste s\u00e1bado, 21de dezembro, na Capela Santa Filomena, em Fortaleza. Com in\u00edcio \u00e0s 19 horas, o evento \u00e9 gratuito e aberto ao p\u00fablico de todas as idades.<br \/>\nNo repert\u00f3rio, can\u00e7\u00f5es de diferentes g\u00eaneros da m\u00fasica erudita, como o trovadorismo alem\u00e3o, franc\u00eas e portugu\u00eas; as laudes espirituais italianas; m\u00fasicas medievais, renascentistas, barrocas, cl\u00e1ssicas e rom\u00e2nticas, al\u00e9m de m\u00fasicas sacras brasileiras e m\u00fasica portuguesa.<\/p>\n<p><strong>Cultura na Concha Ac\u00fastica da UFC<\/strong><br \/>\nFaz sete anos desde que o \u00faltimo Festival UFC de Cultura foi realizado. O hiato foi quebrado em 2024. Evento voltou \u00e0 Concha Ac\u00fastica da Universidade Federal do Cear\u00e1 com programa\u00e7\u00e3o para todos os gostos. As atividades, in\u00edcio dia 16, seguem at\u00e9 21 de dezembro.<br \/>\nMateus Fazeno Rock, Fernando Catatau, Mumutante, Lorena Nunes, Rodger Rog\u00e9rio, Mulher Barbada, Casa Caiada, Orquestra Sinf\u00f4nica UFC Sobral e Frequ\u00eancia Beatles foram algumas das atra\u00e7\u00f5es na parte musical, passando por oficinas e concertos de Natal.<\/p>\n<p><strong>Desenvolvimento sustent\u00e1vel em debate<\/strong><br \/>\nA Universidade Estadual Vale do Acara\u00fa (UVA) realizou, de 2 a 5 de dezembro, em Sobral, a I Semana Acad\u00eamica com o tema \u201cUniversidade e os Desafios dos Objetivos do Desenvolvimento Sustent\u00e1vel\u201d, no campus Bet\u00e2nia. Evento marcou os 56 anos da institui\u00e7\u00e3o.<br \/>\nA programa\u00e7\u00e3o contou com a presen\u00e7a da reitora Izabelle Mont\u2019Alverne; do vice-reitor Francisco Carvalho; da pr\u00f3-reitora de Gradua\u00e7\u00e3o J\u00f4nia Tircia; pr\u00f3-reitor de Pesquisa e P\u00f3s-Gradua\u00e7\u00e3o Glaudenir Maia; e pr\u00f3-reitora de Extens\u00e3o e Cultura, Rebeca Sales, entre outros<\/p>\n<p><strong>Dica da Coluna\u00a0<\/strong><br \/>\nLeia o Blog do Edilson (www.blogdoedilson.com.br): Cultura, educa\u00e7\u00e3o, pol\u00edtica e utilidade p\u00fablica.<\/p>\n","protected":false},"excerpt":{"rendered":"<p>Show \u201cFagner 50 Anos\u201d em Fortaleza Cantor e compositor cearense Raimundo Fagner celebra trajet\u00f3ria musical&#8230;<\/p>\n","protected":false},"author":7,"featured_media":18025,"comment_status":"open","ping_status":"open","sticky":false,"template":"","format":"standard","meta":{"_jetpack_memberships_contains_paid_content":false,"footnotes":"","jetpack_publicize_message":"","jetpack_publicize_feature_enabled":true,"jetpack_social_post_already_shared":true,"jetpack_social_options":{"image_generator_settings":{"template":"highway","default_image_id":0,"font":"","enabled":false},"version":2}},"categories":[11,36],"tags":[],"class_list":["post-31971","post","type-post","status-publish","format-standard","has-post-thumbnail","hentry","category-artigos","category-em-tempo"],"jetpack_publicize_connections":[],"jetpack_featured_media_url":"https:\/\/correiodasemana.com\/site\/wp-content\/uploads\/2021\/11\/Edilson-Silva.jpg","jetpack-related-posts":[{"id":31886,"url":"https:\/\/correiodasemana.com\/site\/em-tempo-256\/","url_meta":{"origin":31971,"position":0},"title":"Em Tempo","author":"adminredacao","date":"Dezembro 24, 2024","format":false,"excerpt":"Semana Acad\u00eamica nos 56 anos da UVA A Universidade Estadual Vale do Acara\u00fa (UVA) realizou, de 2 a 5 de dezembro, em Sobral, a I Semana Acad\u00eamica com o tema \u201cUniversidade e os Desafios dos Objetivos do Desenvolvimento Sustent\u00e1vel\u201d, no campus Bet\u00e2nia. Evento marcou os 56 anos da institui\u00e7\u00e3o. A\u2026","rel":"","context":"In &quot;Artigos&quot;","block_context":{"text":"Artigos","link":"https:\/\/correiodasemana.com\/site\/category\/artigos\/"},"img":{"alt_text":"","src":"https:\/\/i0.wp.com\/correiodasemana.com\/site\/wp-content\/uploads\/2024\/12\/1_fagner_aniversario_de_fortaleza_296_anos_18-18547359.jpg?resize=350%2C200&ssl=1","width":350,"height":200,"srcset":"https:\/\/i0.wp.com\/correiodasemana.com\/site\/wp-content\/uploads\/2024\/12\/1_fagner_aniversario_de_fortaleza_296_anos_18-18547359.jpg?resize=350%2C200&ssl=1 1x, https:\/\/i0.wp.com\/correiodasemana.com\/site\/wp-content\/uploads\/2024\/12\/1_fagner_aniversario_de_fortaleza_296_anos_18-18547359.jpg?resize=525%2C300&ssl=1 1.5x, https:\/\/i0.wp.com\/correiodasemana.com\/site\/wp-content\/uploads\/2024\/12\/1_fagner_aniversario_de_fortaleza_296_anos_18-18547359.jpg?resize=700%2C400&ssl=1 2x"},"classes":[]},{"id":21290,"url":"https:\/\/correiodasemana.com\/site\/em-tempo-155\/","url_meta":{"origin":31971,"position":1},"title":"Em Tempo","author":"","date":"Outubro 16, 2022","format":false,"excerpt":"Mestrado Profissional\u00a0de\u00a0Sociologia O Mestrado Profissional\u00a0de\u00a0Sociologia em Rede Nacional da Universidade Federal do Cear\u00e1 recebe inscri\u00e7\u00f5es de professores com diploma reconhecido pelo Minist\u00e9rio da Educa\u00e7\u00e3o e que lecionam, na rede p\u00fablica de ensino, componentes de ci\u00eancias humanas e sociais aplicadas... Inscri\u00e7\u00f5es prosseguem at\u00e9 o dia 31 de outubro. O programa possui\u2026","rel":"","context":"In &quot;Artigos&quot;","block_context":{"text":"Artigos","link":"https:\/\/correiodasemana.com\/site\/category\/artigos\/"},"img":{"alt_text":"","src":"https:\/\/i0.wp.com\/correiodasemana.com\/site\/wp-content\/uploads\/2022\/10\/fagner-cantor-300x166.jpg?resize=350%2C200&ssl=1","width":350,"height":200},"classes":[]},{"id":29945,"url":"https:\/\/correiodasemana.com\/site\/em-tempo-234\/","url_meta":{"origin":31971,"position":2},"title":"EM TEMPO \u2022","author":"adminredacao","date":"Julho 16, 2024","format":false,"excerpt":"UFC ter\u00e1 concurso com 122 vagas A Universidade Federal do Cear\u00e1 (UFC) realizar\u00e1 novo concurso p\u00fablico para assistente em administra\u00e7\u00e3o (64 vagas), t\u00e9cnico de tecnologia da informa\u00e7\u00e3o (32), analista de tecnologia da informa\u00e7\u00e3o (22), engenheiro civil (1), engenheiro mec\u00e2nico (2) e engenheiro eletricista (1). No total ser\u00e3o 122 vagas de\u2026","rel":"","context":"In &quot;Artigos&quot;","block_context":{"text":"Artigos","link":"https:\/\/correiodasemana.com\/site\/category\/artigos\/"},"img":{"alt_text":"","src":"https:\/\/i0.wp.com\/correiodasemana.com\/site\/wp-content\/uploads\/2024\/07\/Jornal-Correio-da-Semana-No-1028-150x141.jpg?resize=350%2C200&ssl=1","width":350,"height":200},"classes":[]},{"id":19462,"url":"https:\/\/correiodasemana.com\/site\/em-tempo-128\/","url_meta":{"origin":31971,"position":3},"title":"Em Tempo","author":"","date":"Abril 10, 2022","format":false,"excerpt":"Pr\u00eamio Jabuti 2022 abre inscri\u00e7\u00f5es Respons\u00e1vel por reconhecer e divulgar a produ\u00e7\u00e3o nacional, o\u00a0Pr\u00eamio Jabuti recebe inscri\u00e7\u00f5es at\u00e9 26 de maio para a sua 64\u00aa edi\u00e7\u00e3o, com homenagem \u00e0 Semana de Arte Moderna. O Pr\u00eamio traz a escritora Sueli Carneiro como\u00a0\u201cPersonalidade Liter\u00e1ria\u201d desse ano. O vencedor da\u00a0categoria \u201cLivro no Ano\u201d\u2026","rel":"","context":"In &quot;Artigos&quot;","block_context":{"text":"Artigos","link":"https:\/\/correiodasemana.com\/site\/category\/artigos\/"},"img":{"alt_text":"","src":"https:\/\/i0.wp.com\/correiodasemana.com\/site\/wp-content\/uploads\/2022\/04\/Camilo-e-Izolda-Cela-300x200.jpeg?resize=350%2C200&ssl=1","width":350,"height":200},"classes":[]},{"id":28073,"url":"https:\/\/correiodasemana.com\/site\/em-tempo-210\/","url_meta":{"origin":31971,"position":4},"title":"EM TEMPO \u2022","author":"adminredacao","date":"Janeiro 15, 2024","format":false,"excerpt":"Concurso da UFC para professor A Universidade Federal do Cear\u00e1 recebe, de 29 de janeiro a 16 de fevereiro, inscri\u00e7\u00f5es para concurso p\u00fablico de professor do magist\u00e9rio superior. S\u00e3o ofertadas 39 vagas para os campi de Fortaleza, Crate\u00fas, Itapaj\u00e9, Quixad\u00e1, Russas e Sobral, conforme edital 163\/2023. Todas as demais informa\u00e7\u00f5es\u2026","rel":"","context":"In &quot;Artigos&quot;","block_context":{"text":"Artigos","link":"https:\/\/correiodasemana.com\/site\/category\/artigos\/"},"img":{"alt_text":"","src":"https:\/\/i0.wp.com\/correiodasemana.com\/site\/wp-content\/uploads\/2024\/01\/HAROLDO-1-150x150.jpg?resize=350%2C200&ssl=1","width":350,"height":200,"srcset":"https:\/\/i0.wp.com\/correiodasemana.com\/site\/wp-content\/uploads\/2024\/01\/HAROLDO-1-150x150.jpg?resize=350%2C200&ssl=1 1x, https:\/\/i0.wp.com\/correiodasemana.com\/site\/wp-content\/uploads\/2024\/01\/HAROLDO-1-150x150.jpg?resize=525%2C300&ssl=1 1.5x, https:\/\/i0.wp.com\/correiodasemana.com\/site\/wp-content\/uploads\/2024\/01\/HAROLDO-1-150x150.jpg?resize=700%2C400&ssl=1 2x, https:\/\/i0.wp.com\/correiodasemana.com\/site\/wp-content\/uploads\/2024\/01\/HAROLDO-1-150x150.jpg?resize=1050%2C600&ssl=1 3x"},"classes":[]},{"id":9382,"url":"https:\/\/correiodasemana.com\/site\/em-tempo-14\/","url_meta":{"origin":31971,"position":5},"title":"Em Tempo","author":"","date":"Outubro 7, 2019","format":false,"excerpt":"X Semana da Alimenta\u00e7\u00e3o do IFCE O campus do IFCE Sobral realizar\u00e1, de 9 a 11 de outubro, a X Semana da Alimenta\u00e7\u00e3o, com o tema \u201cAgricultura Org\u00e2nica e Familiar: realidade e desafios\u201d. Na programa\u00e7\u00e3o, palestras, minicursos, feira da agroind\u00fastria e mostra de produtos para restri\u00e7\u00f5es alimentares. O evento tem\u2026","rel":"","context":"In &quot;Artigos&quot;","block_context":{"text":"Artigos","link":"https:\/\/correiodasemana.com\/site\/category\/artigos\/"},"img":{"alt_text":"","src":"https:\/\/i0.wp.com\/correiodasemana.com\/site\/wp-content\/uploads\/2019\/10\/CESAR-BARRETO.jpg?resize=350%2C200&ssl=1","width":350,"height":200,"srcset":"https:\/\/i0.wp.com\/correiodasemana.com\/site\/wp-content\/uploads\/2019\/10\/CESAR-BARRETO.jpg?resize=350%2C200&ssl=1 1x, https:\/\/i0.wp.com\/correiodasemana.com\/site\/wp-content\/uploads\/2019\/10\/CESAR-BARRETO.jpg?resize=525%2C300&ssl=1 1.5x, https:\/\/i0.wp.com\/correiodasemana.com\/site\/wp-content\/uploads\/2019\/10\/CESAR-BARRETO.jpg?resize=700%2C400&ssl=1 2x"},"classes":[]}],"jetpack_sharing_enabled":true,"_links":{"self":[{"href":"https:\/\/correiodasemana.com\/site\/wp-json\/wp\/v2\/posts\/31971","targetHints":{"allow":["GET"]}}],"collection":[{"href":"https:\/\/correiodasemana.com\/site\/wp-json\/wp\/v2\/posts"}],"about":[{"href":"https:\/\/correiodasemana.com\/site\/wp-json\/wp\/v2\/types\/post"}],"author":[{"embeddable":true,"href":"https:\/\/correiodasemana.com\/site\/wp-json\/wp\/v2\/users\/7"}],"replies":[{"embeddable":true,"href":"https:\/\/correiodasemana.com\/site\/wp-json\/wp\/v2\/comments?post=31971"}],"version-history":[{"count":2,"href":"https:\/\/correiodasemana.com\/site\/wp-json\/wp\/v2\/posts\/31971\/revisions"}],"predecessor-version":[{"id":31974,"href":"https:\/\/correiodasemana.com\/site\/wp-json\/wp\/v2\/posts\/31971\/revisions\/31974"}],"wp:featuredmedia":[{"embeddable":true,"href":"https:\/\/correiodasemana.com\/site\/wp-json\/wp\/v2\/media\/18025"}],"wp:attachment":[{"href":"https:\/\/correiodasemana.com\/site\/wp-json\/wp\/v2\/media?parent=31971"}],"wp:term":[{"taxonomy":"category","embeddable":true,"href":"https:\/\/correiodasemana.com\/site\/wp-json\/wp\/v2\/categories?post=31971"},{"taxonomy":"post_tag","embeddable":true,"href":"https:\/\/correiodasemana.com\/site\/wp-json\/wp\/v2\/tags?post=31971"}],"curies":[{"name":"wp","href":"https:\/\/api.w.org\/{rel}","templated":true}]}}