{"id":31975,"date":"2024-12-24T02:39:48","date_gmt":"2024-12-24T05:39:48","guid":{"rendered":"https:\/\/correiodasemana.com\/site\/?p=31975"},"modified":"2024-12-24T02:39:48","modified_gmt":"2024-12-24T05:39:48","slug":"regiao-episcopal-sede-realiza-ultima-reuniao-do-ano-na-paroquia-do-sagrado-coracao-de-jesus","status":"publish","type":"post","link":"https:\/\/correiodasemana.com\/site\/regiao-episcopal-sede-realiza-ultima-reuniao-do-ano-na-paroquia-do-sagrado-coracao-de-jesus\/","title":{"rendered":"Regi\u00e3o Episcopal Sede realiza \u00faltima reuni\u00e3o do ano na Par\u00f3quia do Sagrado Cora\u00e7\u00e3o de Jesus"},"content":{"rendered":"<p>Os cl\u00e9rigos, religiosas, representantes das novas comunidades e pastorais que fazem parte da Regi\u00e3o Episcopal Sede reuniram-se na manh\u00e3 do \u00faltimo s\u00e1bado, 14 de dezembro, para a \u00faltima reuni\u00e3o do ano. O encontro foi sediado pela Par\u00f3quia do Sagrado Cora\u00e7\u00e3o de Jesus.<br \/>\nA Regi\u00e3o \u00e9 composta por todas as par\u00f3quias, quase-par\u00f3quias e capelas de Sobral, Forquilha, Aracatia\u00e7u, Jaibaras, Taperuaba e Jord\u00e3o.<br \/>\nA reuni\u00e3o foi conduzida pelo vig\u00e1rio episcopal da Regi\u00e3o Sede, Pe. Denilson de Sousa. O mesmo organizou o calend\u00e1rio dos encontros da regi\u00e3o para o ano de 2025. Em pauta, foi apresentado o calend\u00e1rio do ano jubilar da Diocese de Sobral e na oportunidade realizado a divis\u00e3o dos representantes que estar\u00e3o \u00e0 frente de algumas equipes, bem como, a divis\u00e3o das par\u00f3quias, quase-par\u00f3quias e capelas para a peregrina\u00e7\u00e3o no Santu\u00e1rio S\u00e3o Francisco e S\u00e9 Catedral.<br \/>\nPadre Denilson enfatizou que a celebra\u00e7\u00e3o do jubileu ser\u00e1 um momento de renova\u00e7\u00e3o espiritual, e todos s\u00e3o chamados a se envolver ativamente nas atividades propostas. O ano jubilar, promete ser um tempo de gra\u00e7a e aprofundamento na f\u00e9 para todos os fieis da Diocese de Sobral.<br \/>\nNa oportunidade, tamb\u00e9m houve a confraterniza\u00e7\u00e3o dos participantes, que puderam partilhar experi\u00eancias e fortalecer os la\u00e7os de fraternidade e compromisso pastoral.<br \/>\nThais Helena &#8211; Jornalista &#8211; Jornal Correio da Seman<\/p>\n<p><a href=\"https:\/\/correiodasemana.com\/site\/regiao-episcopal-sede-realiza-ultima-reuniao-do-ano-na-paroquia-do-sagrado-coracao-de-jesus\/paroquia-sede-1\/\" rel=\"attachment wp-att-31976\"><img fetchpriority=\"high\" decoding=\"async\" class=\"aligncenter size-full wp-image-31976\" src=\"https:\/\/correiodasemana.com\/site\/wp-content\/uploads\/2024\/12\/paroquia-sede-1.jpeg\" alt=\"\" width=\"1140\" height=\"1600\" srcset=\"https:\/\/correiodasemana.com\/site\/wp-content\/uploads\/2024\/12\/paroquia-sede-1.jpeg 1140w, https:\/\/correiodasemana.com\/site\/wp-content\/uploads\/2024\/12\/paroquia-sede-1-214x300.jpeg 214w, https:\/\/correiodasemana.com\/site\/wp-content\/uploads\/2024\/12\/paroquia-sede-1-730x1024.jpeg 730w, https:\/\/correiodasemana.com\/site\/wp-content\/uploads\/2024\/12\/paroquia-sede-1-768x1078.jpeg 768w, https:\/\/correiodasemana.com\/site\/wp-content\/uploads\/2024\/12\/paroquia-sede-1-1094x1536.jpeg 1094w, https:\/\/correiodasemana.com\/site\/wp-content\/uploads\/2024\/12\/paroquia-sede-1-1024x1437.jpeg 1024w\" sizes=\"(max-width: 1140px) 100vw, 1140px\" \/><\/a> <a href=\"https:\/\/correiodasemana.com\/site\/regiao-episcopal-sede-realiza-ultima-reuniao-do-ano-na-paroquia-do-sagrado-coracao-de-jesus\/paroquia-sede-2\/\" rel=\"attachment wp-att-31977\"><img decoding=\"async\" class=\"aligncenter size-full wp-image-31977\" src=\"https:\/\/correiodasemana.com\/site\/wp-content\/uploads\/2024\/12\/paroquia-sede-2.jpeg\" alt=\"\" width=\"1600\" height=\"1200\" srcset=\"https:\/\/correiodasemana.com\/site\/wp-content\/uploads\/2024\/12\/paroquia-sede-2.jpeg 1600w, https:\/\/correiodasemana.com\/site\/wp-content\/uploads\/2024\/12\/paroquia-sede-2-300x225.jpeg 300w, https:\/\/correiodasemana.com\/site\/wp-content\/uploads\/2024\/12\/paroquia-sede-2-1024x768.jpeg 1024w, https:\/\/correiodasemana.com\/site\/wp-content\/uploads\/2024\/12\/paroquia-sede-2-768x576.jpeg 768w, https:\/\/correiodasemana.com\/site\/wp-content\/uploads\/2024\/12\/paroquia-sede-2-1536x1152.jpeg 1536w\" sizes=\"(max-width: 1600px) 100vw, 1600px\" \/><\/a> <a href=\"https:\/\/correiodasemana.com\/site\/regiao-episcopal-sede-realiza-ultima-reuniao-do-ano-na-paroquia-do-sagrado-coracao-de-jesus\/paroquia-sede-3\/\" rel=\"attachment wp-att-31978\"><img decoding=\"async\" class=\"aligncenter size-full wp-image-31978\" src=\"https:\/\/correiodasemana.com\/site\/wp-content\/uploads\/2024\/12\/paroquia-sede-3.jpeg\" alt=\"\" width=\"1344\" height=\"1600\" srcset=\"https:\/\/correiodasemana.com\/site\/wp-content\/uploads\/2024\/12\/paroquia-sede-3.jpeg 1344w, https:\/\/correiodasemana.com\/site\/wp-content\/uploads\/2024\/12\/paroquia-sede-3-252x300.jpeg 252w, https:\/\/correiodasemana.com\/site\/wp-content\/uploads\/2024\/12\/paroquia-sede-3-860x1024.jpeg 860w, https:\/\/correiodasemana.com\/site\/wp-content\/uploads\/2024\/12\/paroquia-sede-3-768x914.jpeg 768w, https:\/\/correiodasemana.com\/site\/wp-content\/uploads\/2024\/12\/paroquia-sede-3-1290x1536.jpeg 1290w, https:\/\/correiodasemana.com\/site\/wp-content\/uploads\/2024\/12\/paroquia-sede-3-1024x1219.jpeg 1024w\" sizes=\"(max-width: 1344px) 100vw, 1344px\" \/><\/a> <a href=\"https:\/\/correiodasemana.com\/site\/regiao-episcopal-sede-realiza-ultima-reuniao-do-ano-na-paroquia-do-sagrado-coracao-de-jesus\/paroquia-sede-4\/\" rel=\"attachment wp-att-31979\"><img loading=\"lazy\" decoding=\"async\" class=\"aligncenter size-full wp-image-31979\" src=\"https:\/\/correiodasemana.com\/site\/wp-content\/uploads\/2024\/12\/paroquia-sede-4.jpeg\" alt=\"\" width=\"1600\" height=\"1200\" srcset=\"https:\/\/correiodasemana.com\/site\/wp-content\/uploads\/2024\/12\/paroquia-sede-4.jpeg 1600w, https:\/\/correiodasemana.com\/site\/wp-content\/uploads\/2024\/12\/paroquia-sede-4-300x225.jpeg 300w, https:\/\/correiodasemana.com\/site\/wp-content\/uploads\/2024\/12\/paroquia-sede-4-1024x768.jpeg 1024w, https:\/\/correiodasemana.com\/site\/wp-content\/uploads\/2024\/12\/paroquia-sede-4-768x576.jpeg 768w, https:\/\/correiodasemana.com\/site\/wp-content\/uploads\/2024\/12\/paroquia-sede-4-1536x1152.jpeg 1536w\" sizes=\"(max-width: 1600px) 100vw, 1600px\" \/><\/a> <a href=\"https:\/\/correiodasemana.com\/site\/regiao-episcopal-sede-realiza-ultima-reuniao-do-ano-na-paroquia-do-sagrado-coracao-de-jesus\/paroquia-sede-5\/\" rel=\"attachment wp-att-31980\"><img loading=\"lazy\" decoding=\"async\" class=\"aligncenter size-full wp-image-31980\" src=\"https:\/\/correiodasemana.com\/site\/wp-content\/uploads\/2024\/12\/paroquia-sede-5.jpeg\" alt=\"\" width=\"1148\" height=\"1600\" srcset=\"https:\/\/correiodasemana.com\/site\/wp-content\/uploads\/2024\/12\/paroquia-sede-5.jpeg 1148w, https:\/\/correiodasemana.com\/site\/wp-content\/uploads\/2024\/12\/paroquia-sede-5-215x300.jpeg 215w, https:\/\/correiodasemana.com\/site\/wp-content\/uploads\/2024\/12\/paroquia-sede-5-735x1024.jpeg 735w, https:\/\/correiodasemana.com\/site\/wp-content\/uploads\/2024\/12\/paroquia-sede-5-768x1070.jpeg 768w, https:\/\/correiodasemana.com\/site\/wp-content\/uploads\/2024\/12\/paroquia-sede-5-1102x1536.jpeg 1102w, https:\/\/correiodasemana.com\/site\/wp-content\/uploads\/2024\/12\/paroquia-sede-5-1024x1427.jpeg 1024w\" sizes=\"(max-width: 1148px) 100vw, 1148px\" \/><\/a> <a href=\"https:\/\/correiodasemana.com\/site\/regiao-episcopal-sede-realiza-ultima-reuniao-do-ano-na-paroquia-do-sagrado-coracao-de-jesus\/paroquia-sede-6\/\" rel=\"attachment wp-att-31981\"><img loading=\"lazy\" decoding=\"async\" class=\"aligncenter size-full wp-image-31981\" src=\"https:\/\/correiodasemana.com\/site\/wp-content\/uploads\/2024\/12\/paroquia-sede-6.jpeg\" alt=\"\" width=\"1600\" height=\"1200\" srcset=\"https:\/\/correiodasemana.com\/site\/wp-content\/uploads\/2024\/12\/paroquia-sede-6.jpeg 1600w, https:\/\/correiodasemana.com\/site\/wp-content\/uploads\/2024\/12\/paroquia-sede-6-300x225.jpeg 300w, https:\/\/correiodasemana.com\/site\/wp-content\/uploads\/2024\/12\/paroquia-sede-6-1024x768.jpeg 1024w, https:\/\/correiodasemana.com\/site\/wp-content\/uploads\/2024\/12\/paroquia-sede-6-768x576.jpeg 768w, https:\/\/correiodasemana.com\/site\/wp-content\/uploads\/2024\/12\/paroquia-sede-6-1536x1152.jpeg 1536w\" sizes=\"(max-width: 1600px) 100vw, 1600px\" \/><\/a><\/p>\n","protected":false},"excerpt":{"rendered":"<p>Os cl\u00e9rigos, religiosas, representantes das novas comunidades e pastorais que fazem parte da Regi\u00e3o Episcopal&#8230;<\/p>\n","protected":false},"author":7,"featured_media":31979,"comment_status":"open","ping_status":"open","sticky":false,"template":"","format":"standard","meta":{"_jetpack_memberships_contains_paid_content":false,"footnotes":"","jetpack_publicize_message":"","jetpack_publicize_feature_enabled":true,"jetpack_social_post_already_shared":true,"jetpack_social_options":{"image_generator_settings":{"template":"highway","default_image_id":0,"font":"","enabled":false},"version":2}},"categories":[1],"tags":[],"class_list":["post-31975","post","type-post","status-publish","format-standard","has-post-thumbnail","hentry","category-atualidade"],"jetpack_publicize_connections":[],"jetpack_featured_media_url":"https:\/\/correiodasemana.com\/site\/wp-content\/uploads\/2024\/12\/paroquia-sede-4.jpeg","jetpack-related-posts":[{"id":22213,"url":"https:\/\/correiodasemana.com\/site\/regiao-episcopal-sede-faz-ultima-reuniao-do-ano-e-confraternizacao-em-jordao\/","url_meta":{"origin":31975,"position":0},"title":"Regi\u00e3o Episcopal Sede faz \u00faltima reuni\u00e3o do ano e confraterniza\u00e7\u00e3o em Jord\u00e3o","author":"","date":"Dezembro 11, 2022","format":false,"excerpt":"Os sacerdotes, di\u00e1cono, religiosas e representantes dos grupos, pastorais e movimentos que comp\u00f5em a Regi\u00e3o Episcopal Sede reuniram-se na manh\u00e3 deste s\u00e1bado, 10\/12, em Jord\u00e3o para a \u00faltima reuni\u00e3o do ano e confraterniza\u00e7\u00e3o. A \u00c1rea Pastoral de Nossa Senhora da Sa\u00fade na pessoa de seu administrador paroquial, Pe. Assis Neto,\u2026","rel":"","context":"In &quot;Atualidade&quot;","block_context":{"text":"Atualidade","link":"https:\/\/correiodasemana.com\/site\/category\/atualidade\/"},"img":{"alt_text":"","src":"https:\/\/i0.wp.com\/correiodasemana.com\/site\/wp-content\/uploads\/2022\/12\/encontro-diocese.jpg?resize=350%2C200&ssl=1","width":350,"height":200,"srcset":"https:\/\/i0.wp.com\/correiodasemana.com\/site\/wp-content\/uploads\/2022\/12\/encontro-diocese.jpg?resize=350%2C200&ssl=1 1x, https:\/\/i0.wp.com\/correiodasemana.com\/site\/wp-content\/uploads\/2022\/12\/encontro-diocese.jpg?resize=525%2C300&ssl=1 1.5x, https:\/\/i0.wp.com\/correiodasemana.com\/site\/wp-content\/uploads\/2022\/12\/encontro-diocese.jpg?resize=700%2C400&ssl=1 2x, https:\/\/i0.wp.com\/correiodasemana.com\/site\/wp-content\/uploads\/2022\/12\/encontro-diocese.jpg?resize=1050%2C600&ssl=1 3x"},"classes":[]},{"id":32584,"url":"https:\/\/correiodasemana.com\/site\/primeira-reuniao-do-ano-da-regiao-episcopal-sede-acontece-em-sobral\/","url_meta":{"origin":31975,"position":1},"title":"Primeira reuni\u00e3o do ano da Regi\u00e3o Episcopal Sede acontece em Sobral","author":"adminredacao","date":"Fevereiro 18, 2025","format":false,"excerpt":"Na manh\u00e3 do \u00faltimo s\u00e1bado, 08 de fevereiro, o clero, religiosas, representantes das pastorais, grupos, movimentos e novas comunidades que fazem parte da Regi\u00e3o Episcopal Sede reuniram-se no audit\u00f3rio da Par\u00f3quia de Nossa Senhora do Patroc\u00ednio em Sobral para a primeira reuni\u00e3o ordin\u00e1ria do ano. O encontro foi conduzido pelo\u2026","rel":"","context":"In &quot;Atualidade&quot;","block_context":{"text":"Atualidade","link":"https:\/\/correiodasemana.com\/site\/category\/atualidade\/"},"img":{"alt_text":"","src":"https:\/\/i0.wp.com\/correiodasemana.com\/site\/wp-content\/uploads\/2025\/02\/WhatsApp-Image-2025-02-08-at-22.15.32-1.jpeg?resize=350%2C200&ssl=1","width":350,"height":200,"srcset":"https:\/\/i0.wp.com\/correiodasemana.com\/site\/wp-content\/uploads\/2025\/02\/WhatsApp-Image-2025-02-08-at-22.15.32-1.jpeg?resize=350%2C200&ssl=1 1x, https:\/\/i0.wp.com\/correiodasemana.com\/site\/wp-content\/uploads\/2025\/02\/WhatsApp-Image-2025-02-08-at-22.15.32-1.jpeg?resize=525%2C300&ssl=1 1.5x, https:\/\/i0.wp.com\/correiodasemana.com\/site\/wp-content\/uploads\/2025\/02\/WhatsApp-Image-2025-02-08-at-22.15.32-1.jpeg?resize=700%2C400&ssl=1 2x, https:\/\/i0.wp.com\/correiodasemana.com\/site\/wp-content\/uploads\/2025\/02\/WhatsApp-Image-2025-02-08-at-22.15.32-1.jpeg?resize=1050%2C600&ssl=1 3x"},"classes":[]},{"id":31138,"url":"https:\/\/correiodasemana.com\/site\/encontro-bimestral-da-regiao-episcopal-sede-acontece-em-sobral\/","url_meta":{"origin":31975,"position":2},"title":"Encontro Bimestral da Regi\u00e3o Episcopal Sede acontece em Sobral","author":"adminredacao","date":"Outubro 21, 2024","format":false,"excerpt":"Na manh\u00e3 deste s\u00e1bado, 19 de outubro, a Par\u00f3quia de S\u00e3o Paulo Ap\u00f3stolo situada no bairro Terrenos Novos em Sobral, sediou a Reuni\u00e3o da Regi\u00e3o Episcopal Sede que re\u00fane presb\u00edteros, di\u00e1conos, religiosas (os) e leigos (as) coordenadores dos grupos, movimentos e pastorais que fazem parte das par\u00f3quias de Sobral, Forquilha,\u2026","rel":"","context":"In &quot;Atualidade&quot;","block_context":{"text":"Atualidade","link":"https:\/\/correiodasemana.com\/site\/category\/atualidade\/"},"img":{"alt_text":"","src":"https:\/\/i0.wp.com\/correiodasemana.com\/site\/wp-content\/uploads\/2024\/10\/WhatsApp-Image-2024-10-19-at-17.24.43.jpeg?resize=350%2C200&ssl=1","width":350,"height":200,"srcset":"https:\/\/i0.wp.com\/correiodasemana.com\/site\/wp-content\/uploads\/2024\/10\/WhatsApp-Image-2024-10-19-at-17.24.43.jpeg?resize=350%2C200&ssl=1 1x, https:\/\/i0.wp.com\/correiodasemana.com\/site\/wp-content\/uploads\/2024\/10\/WhatsApp-Image-2024-10-19-at-17.24.43.jpeg?resize=525%2C300&ssl=1 1.5x, https:\/\/i0.wp.com\/correiodasemana.com\/site\/wp-content\/uploads\/2024\/10\/WhatsApp-Image-2024-10-19-at-17.24.43.jpeg?resize=700%2C400&ssl=1 2x, https:\/\/i0.wp.com\/correiodasemana.com\/site\/wp-content\/uploads\/2024\/10\/WhatsApp-Image-2024-10-19-at-17.24.43.jpeg?resize=1050%2C600&ssl=1 3x, https:\/\/i0.wp.com\/correiodasemana.com\/site\/wp-content\/uploads\/2024\/10\/WhatsApp-Image-2024-10-19-at-17.24.43.jpeg?resize=1400%2C800&ssl=1 4x"},"classes":[]},{"id":34315,"url":"https:\/\/correiodasemana.com\/site\/representantes-da-regiao-episcopal-sede-se-reunem-para-encontro-bimestral\/","url_meta":{"origin":31975,"position":3},"title":"Representantes da Regi\u00e3o Episcopal Sede se re\u00fanem para encontro bimestral","author":"adminredacao","date":"Junho 23, 2025","format":false,"excerpt":"Na manh\u00e3 deste s\u00e1bado, 14, cl\u00e9rigos, religiosas, seminaristas e leigos representantes dos grupos, pastorais e movimentos que integram a Regi\u00e3o Episcopal Sede reuniram-se para a Reuni\u00e3o Ordin\u00e1ria, realizada no Semin\u00e1rio Maior de Filosofia S\u00e3o Jo\u00e3o Paulo II. A Par\u00f3quia de Nossa Senhora da Concei\u00e7\u00e3o, S\u00e9 Catedral, foi a anfitri\u00e3 do\u2026","rel":"","context":"In &quot;Atualidade&quot;","block_context":{"text":"Atualidade","link":"https:\/\/correiodasemana.com\/site\/category\/atualidade\/"},"img":{"alt_text":"","src":"https:\/\/i0.wp.com\/correiodasemana.com\/site\/wp-content\/uploads\/2025\/06\/WhatsApp-Image-2025-06-15-at-13.39.40-2.jpeg?resize=350%2C200&ssl=1","width":350,"height":200,"srcset":"https:\/\/i0.wp.com\/correiodasemana.com\/site\/wp-content\/uploads\/2025\/06\/WhatsApp-Image-2025-06-15-at-13.39.40-2.jpeg?resize=350%2C200&ssl=1 1x, https:\/\/i0.wp.com\/correiodasemana.com\/site\/wp-content\/uploads\/2025\/06\/WhatsApp-Image-2025-06-15-at-13.39.40-2.jpeg?resize=525%2C300&ssl=1 1.5x, https:\/\/i0.wp.com\/correiodasemana.com\/site\/wp-content\/uploads\/2025\/06\/WhatsApp-Image-2025-06-15-at-13.39.40-2.jpeg?resize=700%2C400&ssl=1 2x, https:\/\/i0.wp.com\/correiodasemana.com\/site\/wp-content\/uploads\/2025\/06\/WhatsApp-Image-2025-06-15-at-13.39.40-2.jpeg?resize=1050%2C600&ssl=1 3x"},"classes":[]},{"id":32369,"url":"https:\/\/correiodasemana.com\/site\/pascom-da-regiao-episcopal-sede-se-reune-em-sobral-para-encontro-regional\/","url_meta":{"origin":31975,"position":4},"title":"PASCOM da Regi\u00e3o Episcopal Sede se re\u00fane em Sobral para Encontro Regional","author":"adminredacao","date":"Fevereiro 4, 2025","format":false,"excerpt":"A Pastoral da Comunica\u00e7\u00e3o (PASCOM) das par\u00f3quias da Regi\u00e3o Episcopal Sede reuniu-se na manh\u00e3 deste s\u00e1bado, 1\u00ba de fevereiro, para o Encontro Regional no audit\u00f3rio da Par\u00f3quia de Nossa Senhora do Patroc\u00ednio, em Sobral. O encontro teve como objetivo a avalia\u00e7\u00e3o das atividades de 2024 e a calendariza\u00e7\u00e3o para o\u2026","rel":"","context":"In &quot;Atualidade&quot;","block_context":{"text":"Atualidade","link":"https:\/\/correiodasemana.com\/site\/category\/atualidade\/"},"img":{"alt_text":"","src":"https:\/\/i0.wp.com\/correiodasemana.com\/site\/wp-content\/uploads\/2025\/02\/PASCOM-4.jpeg?resize=350%2C200&ssl=1","width":350,"height":200,"srcset":"https:\/\/i0.wp.com\/correiodasemana.com\/site\/wp-content\/uploads\/2025\/02\/PASCOM-4.jpeg?resize=350%2C200&ssl=1 1x, https:\/\/i0.wp.com\/correiodasemana.com\/site\/wp-content\/uploads\/2025\/02\/PASCOM-4.jpeg?resize=525%2C300&ssl=1 1.5x, https:\/\/i0.wp.com\/correiodasemana.com\/site\/wp-content\/uploads\/2025\/02\/PASCOM-4.jpeg?resize=700%2C400&ssl=1 2x, https:\/\/i0.wp.com\/correiodasemana.com\/site\/wp-content\/uploads\/2025\/02\/PASCOM-4.jpeg?resize=1050%2C600&ssl=1 3x, https:\/\/i0.wp.com\/correiodasemana.com\/site\/wp-content\/uploads\/2025\/02\/PASCOM-4.jpeg?resize=1400%2C800&ssl=1 4x"},"classes":[]},{"id":30444,"url":"https:\/\/correiodasemana.com\/site\/paroquia-de-santa-luzia-sedia-encontro-da-regiao-episcopal-sede\/","url_meta":{"origin":31975,"position":5},"title":"Par\u00f3quia de Santa Luzia sedia encontro da Regi\u00e3o Episcopal Sede","author":"adminredacao","date":"Agosto 19, 2024","format":false,"excerpt":"\u00a0 A primeira reuni\u00e3o da Regi\u00e3o Episcopal Sede ap\u00f3s a sa\u00edda de Dom Agnaldo em virtude da posse do ep\u00edscope na Diocese de Garanhuns\/PE, aconteceu no \u00faltimo s\u00e1bado, 10 de agosto, na Par\u00f3quia de Santa Luzia em Sobral. A regi\u00e3o \u00e9 composta pelas par\u00f3quias e \u00e1reas pastorais que est\u00e3o no\u2026","rel":"","context":"In &quot;Atualidade&quot;","block_context":{"text":"Atualidade","link":"https:\/\/correiodasemana.com\/site\/category\/atualidade\/"},"img":{"alt_text":"","src":"https:\/\/i0.wp.com\/correiodasemana.com\/site\/wp-content\/uploads\/2024\/08\/WhatsApp-Image-2024-08-16-at-13.32.08_1-scaled.jpeg?resize=350%2C200&ssl=1","width":350,"height":200,"srcset":"https:\/\/i0.wp.com\/correiodasemana.com\/site\/wp-content\/uploads\/2024\/08\/WhatsApp-Image-2024-08-16-at-13.32.08_1-scaled.jpeg?resize=350%2C200&ssl=1 1x, https:\/\/i0.wp.com\/correiodasemana.com\/site\/wp-content\/uploads\/2024\/08\/WhatsApp-Image-2024-08-16-at-13.32.08_1-scaled.jpeg?resize=525%2C300&ssl=1 1.5x, https:\/\/i0.wp.com\/correiodasemana.com\/site\/wp-content\/uploads\/2024\/08\/WhatsApp-Image-2024-08-16-at-13.32.08_1-scaled.jpeg?resize=700%2C400&ssl=1 2x, https:\/\/i0.wp.com\/correiodasemana.com\/site\/wp-content\/uploads\/2024\/08\/WhatsApp-Image-2024-08-16-at-13.32.08_1-scaled.jpeg?resize=1050%2C600&ssl=1 3x, https:\/\/i0.wp.com\/correiodasemana.com\/site\/wp-content\/uploads\/2024\/08\/WhatsApp-Image-2024-08-16-at-13.32.08_1-scaled.jpeg?resize=1400%2C800&ssl=1 4x"},"classes":[]}],"jetpack_sharing_enabled":true,"_links":{"self":[{"href":"https:\/\/correiodasemana.com\/site\/wp-json\/wp\/v2\/posts\/31975","targetHints":{"allow":["GET"]}}],"collection":[{"href":"https:\/\/correiodasemana.com\/site\/wp-json\/wp\/v2\/posts"}],"about":[{"href":"https:\/\/correiodasemana.com\/site\/wp-json\/wp\/v2\/types\/post"}],"author":[{"embeddable":true,"href":"https:\/\/correiodasemana.com\/site\/wp-json\/wp\/v2\/users\/7"}],"replies":[{"embeddable":true,"href":"https:\/\/correiodasemana.com\/site\/wp-json\/wp\/v2\/comments?post=31975"}],"version-history":[{"count":2,"href":"https:\/\/correiodasemana.com\/site\/wp-json\/wp\/v2\/posts\/31975\/revisions"}],"predecessor-version":[{"id":31983,"href":"https:\/\/correiodasemana.com\/site\/wp-json\/wp\/v2\/posts\/31975\/revisions\/31983"}],"wp:featuredmedia":[{"embeddable":true,"href":"https:\/\/correiodasemana.com\/site\/wp-json\/wp\/v2\/media\/31979"}],"wp:attachment":[{"href":"https:\/\/correiodasemana.com\/site\/wp-json\/wp\/v2\/media?parent=31975"}],"wp:term":[{"taxonomy":"category","embeddable":true,"href":"https:\/\/correiodasemana.com\/site\/wp-json\/wp\/v2\/categories?post=31975"},{"taxonomy":"post_tag","embeddable":true,"href":"https:\/\/correiodasemana.com\/site\/wp-json\/wp\/v2\/tags?post=31975"}],"curies":[{"name":"wp","href":"https:\/\/api.w.org\/{rel}","templated":true}]}}