{"id":31984,"date":"2024-12-24T02:41:21","date_gmt":"2024-12-24T05:41:21","guid":{"rendered":"https:\/\/correiodasemana.com\/site\/?p=31984"},"modified":"2024-12-24T02:41:21","modified_gmt":"2024-12-24T05:41:21","slug":"diaconos-permanentes-e-esposas-participam-de-retiro-espiritual","status":"publish","type":"post","link":"https:\/\/correiodasemana.com\/site\/diaconos-permanentes-e-esposas-participam-de-retiro-espiritual\/","title":{"rendered":"Di\u00e1conos permanentes e esposas participam de Retiro Espiritual"},"content":{"rendered":"<p>Os di\u00e1conos permanentes da igreja particular de Sobral participaram nos dias 14 e 15 de dezembro de um retiro espiritual juntamente com suas esposas no Murm\u00fario da Natureza na Serra da Meruoca.<br \/>\nO tema proposto para o momento foi: \u201cUnidos no servi\u00e7o e no amor\u201d. Teve como pregador, o Pe. Francisco Magalh\u00e3es, rec\u00e9m nomeado para conduzir a capelania do Menino Deus em Sobral. O presb\u00edtero abordou temas relevantes para a vida familiar e servi\u00e7o, bem como, o papel do di\u00e1cono e seu apoio familiar e a import\u00e2ncia do fortalecimento da vida espiritual em fam\u00edlia.<br \/>\nNa ocasi\u00e3o, os di\u00e1conos e as esposas puderam compartilhar as experi\u00eancias e desafios vivenciados no cotidiano. Como parte da programa\u00e7\u00e3o houve ainda Adora\u00e7\u00e3o ao Sant\u00edssimo Sacramento. Padre Magalh\u00e3es presidiu a Missa de Encerramento que teve como concelebrantes os padres: Denilson de Sousa, reitor do Semin\u00e1rio Maior de Filosofia S\u00e3o Jo\u00e3o Paulo II; Bruno de Ara\u00fajo, reitor do Semin\u00e1rio Proped\u00eautico S\u00e3o Jos\u00e9 e Eufr\u00e1zio Filho, capel\u00e3o da Capela do Menino Deus. Os presb\u00edteros foram auxiliados pelos di\u00e1conos Galvani e Benedito Filho. A Diocese de Sobral atualmente conta com vinte di\u00e1conos permanentes que atuam nas in\u00fameras par\u00f3quias e comunidades servindo a igreja e ao povo de Deus.<br \/>\nThais Helena &#8211; Jornalista &#8211; Jornal Correio da Semana<\/p>\n<p><a href=\"https:\/\/correiodasemana.com\/site\/diaconos-permanentes-e-esposas-participam-de-retiro-espiritual\/diaconos-1\/\" rel=\"attachment wp-att-31985\"><img fetchpriority=\"high\" decoding=\"async\" class=\"aligncenter size-full wp-image-31985\" src=\"https:\/\/correiodasemana.com\/site\/wp-content\/uploads\/2024\/12\/diaconos-1.jpeg\" alt=\"\" width=\"937\" height=\"549\" srcset=\"https:\/\/correiodasemana.com\/site\/wp-content\/uploads\/2024\/12\/diaconos-1.jpeg 937w, https:\/\/correiodasemana.com\/site\/wp-content\/uploads\/2024\/12\/diaconos-1-300x176.jpeg 300w, https:\/\/correiodasemana.com\/site\/wp-content\/uploads\/2024\/12\/diaconos-1-768x450.jpeg 768w\" sizes=\"(max-width: 937px) 100vw, 937px\" \/><\/a> <a href=\"https:\/\/correiodasemana.com\/site\/diaconos-permanentes-e-esposas-participam-de-retiro-espiritual\/diaconos-2\/\" rel=\"attachment wp-att-31986\"><img decoding=\"async\" class=\"aligncenter size-full wp-image-31986\" src=\"https:\/\/correiodasemana.com\/site\/wp-content\/uploads\/2024\/12\/diaconos-2.jpeg\" alt=\"\" width=\"1440\" height=\"843\" srcset=\"https:\/\/correiodasemana.com\/site\/wp-content\/uploads\/2024\/12\/diaconos-2.jpeg 1440w, https:\/\/correiodasemana.com\/site\/wp-content\/uploads\/2024\/12\/diaconos-2-300x176.jpeg 300w, https:\/\/correiodasemana.com\/site\/wp-content\/uploads\/2024\/12\/diaconos-2-1024x599.jpeg 1024w, https:\/\/correiodasemana.com\/site\/wp-content\/uploads\/2024\/12\/diaconos-2-768x450.jpeg 768w\" sizes=\"(max-width: 1440px) 100vw, 1440px\" \/><\/a> <a href=\"https:\/\/correiodasemana.com\/site\/diaconos-permanentes-e-esposas-participam-de-retiro-espiritual\/diaconos-3\/\" rel=\"attachment wp-att-31987\"><img decoding=\"async\" class=\"aligncenter size-full wp-image-31987\" src=\"https:\/\/correiodasemana.com\/site\/wp-content\/uploads\/2024\/12\/diaconos-3.jpeg\" alt=\"\" width=\"1440\" height=\"843\" srcset=\"https:\/\/correiodasemana.com\/site\/wp-content\/uploads\/2024\/12\/diaconos-3.jpeg 1440w, https:\/\/correiodasemana.com\/site\/wp-content\/uploads\/2024\/12\/diaconos-3-300x176.jpeg 300w, https:\/\/correiodasemana.com\/site\/wp-content\/uploads\/2024\/12\/diaconos-3-1024x599.jpeg 1024w, https:\/\/correiodasemana.com\/site\/wp-content\/uploads\/2024\/12\/diaconos-3-768x450.jpeg 768w\" sizes=\"(max-width: 1440px) 100vw, 1440px\" \/><\/a> <a href=\"https:\/\/correiodasemana.com\/site\/diaconos-permanentes-e-esposas-participam-de-retiro-espiritual\/diaconos-4\/\" rel=\"attachment wp-att-31988\"><img loading=\"lazy\" decoding=\"async\" class=\"aligncenter size-full wp-image-31988\" src=\"https:\/\/correiodasemana.com\/site\/wp-content\/uploads\/2024\/12\/diaconos-4.jpeg\" alt=\"\" width=\"937\" height=\"549\" srcset=\"https:\/\/correiodasemana.com\/site\/wp-content\/uploads\/2024\/12\/diaconos-4.jpeg 937w, https:\/\/correiodasemana.com\/site\/wp-content\/uploads\/2024\/12\/diaconos-4-300x176.jpeg 300w, https:\/\/correiodasemana.com\/site\/wp-content\/uploads\/2024\/12\/diaconos-4-768x450.jpeg 768w\" sizes=\"(max-width: 937px) 100vw, 937px\" \/><\/a> <a href=\"https:\/\/correiodasemana.com\/site\/diaconos-permanentes-e-esposas-participam-de-retiro-espiritual\/diaconos-5\/\" rel=\"attachment wp-att-31989\"><img loading=\"lazy\" decoding=\"async\" class=\"aligncenter size-full wp-image-31989\" src=\"https:\/\/correiodasemana.com\/site\/wp-content\/uploads\/2024\/12\/diaconos-5.jpeg\" alt=\"\" width=\"1440\" height=\"843\" srcset=\"https:\/\/correiodasemana.com\/site\/wp-content\/uploads\/2024\/12\/diaconos-5.jpeg 1440w, https:\/\/correiodasemana.com\/site\/wp-content\/uploads\/2024\/12\/diaconos-5-300x176.jpeg 300w, https:\/\/correiodasemana.com\/site\/wp-content\/uploads\/2024\/12\/diaconos-5-1024x599.jpeg 1024w, https:\/\/correiodasemana.com\/site\/wp-content\/uploads\/2024\/12\/diaconos-5-768x450.jpeg 768w\" sizes=\"(max-width: 1440px) 100vw, 1440px\" \/><\/a> <a href=\"https:\/\/correiodasemana.com\/site\/diaconos-permanentes-e-esposas-participam-de-retiro-espiritual\/diaconos-6\/\" rel=\"attachment wp-att-31990\"><img loading=\"lazy\" decoding=\"async\" class=\"aligncenter size-full wp-image-31990\" src=\"https:\/\/correiodasemana.com\/site\/wp-content\/uploads\/2024\/12\/diaconos-6.jpeg\" alt=\"\" width=\"1440\" height=\"843\" srcset=\"https:\/\/correiodasemana.com\/site\/wp-content\/uploads\/2024\/12\/diaconos-6.jpeg 1440w, https:\/\/correiodasemana.com\/site\/wp-content\/uploads\/2024\/12\/diaconos-6-300x176.jpeg 300w, https:\/\/correiodasemana.com\/site\/wp-content\/uploads\/2024\/12\/diaconos-6-1024x599.jpeg 1024w, https:\/\/correiodasemana.com\/site\/wp-content\/uploads\/2024\/12\/diaconos-6-768x450.jpeg 768w\" sizes=\"(max-width: 1440px) 100vw, 1440px\" \/><\/a><\/p>\n","protected":false},"excerpt":{"rendered":"<p>Os di\u00e1conos permanentes da igreja particular de Sobral participaram nos dias 14 e 15 de&#8230;<\/p>\n","protected":false},"author":7,"featured_media":31986,"comment_status":"open","ping_status":"open","sticky":false,"template":"","format":"standard","meta":{"_jetpack_memberships_contains_paid_content":false,"footnotes":"","jetpack_publicize_message":"","jetpack_publicize_feature_enabled":true,"jetpack_social_post_already_shared":true,"jetpack_social_options":{"image_generator_settings":{"template":"highway","default_image_id":0,"font":"","enabled":false},"version":2}},"categories":[1],"tags":[],"class_list":["post-31984","post","type-post","status-publish","format-standard","has-post-thumbnail","hentry","category-atualidade"],"jetpack_publicize_connections":[],"jetpack_featured_media_url":"https:\/\/correiodasemana.com\/site\/wp-content\/uploads\/2024\/12\/diaconos-2.jpeg","jetpack-related-posts":[{"id":27933,"url":"https:\/\/correiodasemana.com\/site\/dom-vasconcelos-ordena-19-diaconos-permanentes-para-a-diocese-de-sobral\/","url_meta":{"origin":31984,"position":0},"title":"Dom Vasconcelos ordena 19 di\u00e1conos permanentes para a Diocese de Sobral","author":"adminredacao","date":"Janeiro 5, 2024","format":false,"excerpt":"A igreja particular de Sobral vivenciou na noite desta ter\u00e7a-feira, 26 de dezembro, um momento hist\u00f3rico. Nos anais da hist\u00f3ria da centen\u00e1ria diocese foi escrito um cap\u00edtulo importante, a ordena\u00e7\u00e3o diaconal de 19 di\u00e1conos permanentes na S\u00e9 Catedral de Nossa Senhora da Concei\u00e7\u00e3o. Este\u00a0diaconato\u00a0permanente \u00e9 um enriquecimento importante para a\u2026","rel":"","context":"In &quot;Atualidade&quot;","block_context":{"text":"Atualidade","link":"https:\/\/correiodasemana.com\/site\/category\/atualidade\/"},"img":{"alt_text":"","src":"https:\/\/i0.wp.com\/correiodasemana.com\/site\/wp-content\/uploads\/2024\/01\/DSC6929-scaled.jpg?resize=350%2C200&ssl=1","width":350,"height":200,"srcset":"https:\/\/i0.wp.com\/correiodasemana.com\/site\/wp-content\/uploads\/2024\/01\/DSC6929-scaled.jpg?resize=350%2C200&ssl=1 1x, https:\/\/i0.wp.com\/correiodasemana.com\/site\/wp-content\/uploads\/2024\/01\/DSC6929-scaled.jpg?resize=525%2C300&ssl=1 1.5x, https:\/\/i0.wp.com\/correiodasemana.com\/site\/wp-content\/uploads\/2024\/01\/DSC6929-scaled.jpg?resize=700%2C400&ssl=1 2x, https:\/\/i0.wp.com\/correiodasemana.com\/site\/wp-content\/uploads\/2024\/01\/DSC6929-scaled.jpg?resize=1050%2C600&ssl=1 3x, https:\/\/i0.wp.com\/correiodasemana.com\/site\/wp-content\/uploads\/2024\/01\/DSC6929-scaled.jpg?resize=1400%2C800&ssl=1 4x"},"classes":[]},{"id":31629,"url":"https:\/\/correiodasemana.com\/site\/diaconos-permanentes-participam-de-encontro-formativo-em-sobral\/","url_meta":{"origin":31984,"position":1},"title":"Di\u00e1conos Permanentes participam de Encontro Formativo em Sobral","author":"adminredacao","date":"Dezembro 2, 2024","format":false,"excerpt":"Os di\u00e1conos permanentes da Diocese de Sobral reuniram-se no \u00faltimo domingo, 24 de novembro, no Centro de Treinamento Dom Aldo Di Cillo Pagotto (Cetreso), em Sobral, para momentos de forma\u00e7\u00e3o, ora\u00e7\u00e3o e espiritualidade. O encontro teve como objetivo fortalecer a comunh\u00e3o e a miss\u00e3o dos di\u00e1conos permanentes, bem como aprofundar\u2026","rel":"","context":"In &quot;Atualidade&quot;","block_context":{"text":"Atualidade","link":"https:\/\/correiodasemana.com\/site\/category\/atualidade\/"},"img":{"alt_text":"","src":"https:\/\/i0.wp.com\/correiodasemana.com\/site\/wp-content\/uploads\/2024\/12\/diaconos-sobral-3.jpeg?resize=350%2C200&ssl=1","width":350,"height":200,"srcset":"https:\/\/i0.wp.com\/correiodasemana.com\/site\/wp-content\/uploads\/2024\/12\/diaconos-sobral-3.jpeg?resize=350%2C200&ssl=1 1x, https:\/\/i0.wp.com\/correiodasemana.com\/site\/wp-content\/uploads\/2024\/12\/diaconos-sobral-3.jpeg?resize=525%2C300&ssl=1 1.5x, https:\/\/i0.wp.com\/correiodasemana.com\/site\/wp-content\/uploads\/2024\/12\/diaconos-sobral-3.jpeg?resize=700%2C400&ssl=1 2x, https:\/\/i0.wp.com\/correiodasemana.com\/site\/wp-content\/uploads\/2024\/12\/diaconos-sobral-3.jpeg?resize=1050%2C600&ssl=1 3x, https:\/\/i0.wp.com\/correiodasemana.com\/site\/wp-content\/uploads\/2024\/12\/diaconos-sobral-3.jpeg?resize=1400%2C800&ssl=1 4x"},"classes":[]},{"id":30410,"url":"https:\/\/correiodasemana.com\/site\/festa-de-sao-lourenco-diaconos-celebram-vocacao-ministerial-para-o-servico\/","url_meta":{"origin":31984,"position":2},"title":"Festa de S\u00e3o Louren\u00e7o: Di\u00e1conos celebram voca\u00e7\u00e3o ministerial para o servi\u00e7o","author":"adminredacao","date":"Agosto 19, 2024","format":false,"excerpt":"A igreja celebrou no \u00faltimo s\u00e1bado, 10 de agosto, a festa lit\u00fargica de S\u00e3o Louren\u00e7o, padroeiro dos di\u00e1conos. Sendo uma voca\u00e7\u00e3o ministerial para o servi\u00e7o, o di\u00e1cono atua na Palavra de Deus, na caridade e na liturgia. Atualmente, a Diocese de Sobral conta com vinte di\u00e1conos permanentes. Uma parte destes\u2026","rel":"","context":"In &quot;Atualidade&quot;","block_context":{"text":"Atualidade","link":"https:\/\/correiodasemana.com\/site\/category\/atualidade\/"},"img":{"alt_text":"","src":"https:\/\/i0.wp.com\/correiodasemana.com\/site\/wp-content\/uploads\/2024\/08\/WhatsApp-Image-2024-08-16-at-12.34.33.jpeg?resize=350%2C200&ssl=1","width":350,"height":200,"srcset":"https:\/\/i0.wp.com\/correiodasemana.com\/site\/wp-content\/uploads\/2024\/08\/WhatsApp-Image-2024-08-16-at-12.34.33.jpeg?resize=350%2C200&ssl=1 1x, https:\/\/i0.wp.com\/correiodasemana.com\/site\/wp-content\/uploads\/2024\/08\/WhatsApp-Image-2024-08-16-at-12.34.33.jpeg?resize=525%2C300&ssl=1 1.5x, https:\/\/i0.wp.com\/correiodasemana.com\/site\/wp-content\/uploads\/2024\/08\/WhatsApp-Image-2024-08-16-at-12.34.33.jpeg?resize=700%2C400&ssl=1 2x, https:\/\/i0.wp.com\/correiodasemana.com\/site\/wp-content\/uploads\/2024\/08\/WhatsApp-Image-2024-08-16-at-12.34.33.jpeg?resize=1050%2C600&ssl=1 3x, https:\/\/i0.wp.com\/correiodasemana.com\/site\/wp-content\/uploads\/2024\/08\/WhatsApp-Image-2024-08-16-at-12.34.33.jpeg?resize=1400%2C800&ssl=1 4x"},"classes":[]},{"id":11267,"url":"https:\/\/correiodasemana.com\/site\/querida-amazonia-primeiro-diacono-permanente-indigena-e-ordenado-na-diocese-de-alto-solimoes\/","url_meta":{"origin":31984,"position":3},"title":"Querida Amaz\u00f4nia: Primeiro di\u00e1cono permanente ind\u00edgena \u00e9 ordenado na Diocese de Alto Solim\u00f5es","author":"","date":"Mar\u00e7o 24, 2020","format":false,"excerpt":"No domingo, dia 15 de mar\u00e7o, a diocese de Alto Solim\u00f5es (AM) realizou o rito de ordena\u00e7\u00e3o do primeiro di\u00e1cono permanente ind\u00edgena. Antelmo Pereira \u00c2ngelo, do povo Ticuna, \u00e9 o primeiro de sua etnia a receber o primeiro grau do Sacramento da Ordem. Dom AldofoZon Pereira, bispo diocesano, presidiu a\u2026","rel":"","context":"In &quot;Atualidade&quot;","block_context":{"text":"Atualidade","link":"https:\/\/correiodasemana.com\/site\/category\/atualidade\/"},"img":{"alt_text":"","src":"https:\/\/i0.wp.com\/correiodasemana.com\/site\/wp-content\/uploads\/2020\/03\/WhatsApp-Image-2020-03-18-at-15.33.35-1.jpeg?resize=350%2C200&ssl=1","width":350,"height":200,"srcset":"https:\/\/i0.wp.com\/correiodasemana.com\/site\/wp-content\/uploads\/2020\/03\/WhatsApp-Image-2020-03-18-at-15.33.35-1.jpeg?resize=350%2C200&ssl=1 1x, https:\/\/i0.wp.com\/correiodasemana.com\/site\/wp-content\/uploads\/2020\/03\/WhatsApp-Image-2020-03-18-at-15.33.35-1.jpeg?resize=525%2C300&ssl=1 1.5x, https:\/\/i0.wp.com\/correiodasemana.com\/site\/wp-content\/uploads\/2020\/03\/WhatsApp-Image-2020-03-18-at-15.33.35-1.jpeg?resize=700%2C400&ssl=1 2x, https:\/\/i0.wp.com\/correiodasemana.com\/site\/wp-content\/uploads\/2020\/03\/WhatsApp-Image-2020-03-18-at-15.33.35-1.jpeg?resize=1050%2C600&ssl=1 3x"},"classes":[]},{"id":20282,"url":"https:\/\/correiodasemana.com\/site\/em-sobral-candidatos-ao-diaconado-permanente-recebem-o-ministerio-do-acolitato-na-catedral-da-se\/","url_meta":{"origin":31984,"position":4},"title":"Em Sobral, candidatos ao diaconado permanente recebem o Minist\u00e9rio do Acolitato na Catedral da S\u00e9","author":"","date":"Junho 27, 2022","format":false,"excerpt":"(Thais Helena \u2013 Reda\u00e7\u00e3o Correio da Semana) Ap\u00f3s dois anos e meio de estudo e forma\u00e7\u00e3o, vinte e tr\u00eas candidatos ao Diaconado Permanente receberam na manh\u00e3 deste 12\u00ba Domingo do Tempo Comum, 19 de junho, o Minist\u00e9rio do Acolitato em solene celebra\u00e7\u00e3o eucar\u00edstica presidida pelo Bispo Diocesano, Dom Jos\u00e9 Luiz\u2026","rel":"","context":"In &quot;Atualidade&quot;","block_context":{"text":"Atualidade","link":"https:\/\/correiodasemana.com\/site\/category\/atualidade\/"},"img":{"alt_text":"","src":"https:\/\/i0.wp.com\/correiodasemana.com\/site\/wp-content\/uploads\/2022\/06\/DSC2143-scaled.jpg?resize=350%2C200&ssl=1","width":350,"height":200,"srcset":"https:\/\/i0.wp.com\/correiodasemana.com\/site\/wp-content\/uploads\/2022\/06\/DSC2143-scaled.jpg?resize=350%2C200&ssl=1 1x, https:\/\/i0.wp.com\/correiodasemana.com\/site\/wp-content\/uploads\/2022\/06\/DSC2143-scaled.jpg?resize=525%2C300&ssl=1 1.5x, https:\/\/i0.wp.com\/correiodasemana.com\/site\/wp-content\/uploads\/2022\/06\/DSC2143-scaled.jpg?resize=700%2C400&ssl=1 2x, https:\/\/i0.wp.com\/correiodasemana.com\/site\/wp-content\/uploads\/2022\/06\/DSC2143-scaled.jpg?resize=1050%2C600&ssl=1 3x, https:\/\/i0.wp.com\/correiodasemana.com\/site\/wp-content\/uploads\/2022\/06\/DSC2143-scaled.jpg?resize=1400%2C800&ssl=1 4x"},"classes":[]},{"id":20312,"url":"https:\/\/correiodasemana.com\/site\/edmar-filho-aspirante-ao-diaconado-permanente-e-admitido-as-ordens-sacras\/","url_meta":{"origin":31984,"position":5},"title":"Edmar Filho, aspirante ao diaconado permanente \u00e9 admitido \u00e0s Ordens Sacras","author":"","date":"Julho 3, 2022","format":false,"excerpt":"(Thais Helena \u2013 Reda\u00e7\u00e3o Correio da Semana) O aspirante ao diaconado permanente da Diocese de Sobral, Jos\u00e9 Edmar Lima Filho, foi admitido \u00e0s Ordens Sacras, tendo realizado a profiss\u00e3o de f\u00e9 e o juramento de fidelidade, na tarde desta quinta-feira (30\/06), na Capela do Semin\u00e1rio de Filosofia S\u00e3o Jo\u00e3o Paulo\u2026","rel":"","context":"In &quot;Atualidade&quot;","block_context":{"text":"Atualidade","link":"https:\/\/correiodasemana.com\/site\/category\/atualidade\/"},"img":{"alt_text":"","src":"https:\/\/i0.wp.com\/correiodasemana.com\/site\/wp-content\/uploads\/2022\/07\/ordem-sacras-2.jpg?resize=350%2C200&ssl=1","width":350,"height":200,"srcset":"https:\/\/i0.wp.com\/correiodasemana.com\/site\/wp-content\/uploads\/2022\/07\/ordem-sacras-2.jpg?resize=350%2C200&ssl=1 1x, https:\/\/i0.wp.com\/correiodasemana.com\/site\/wp-content\/uploads\/2022\/07\/ordem-sacras-2.jpg?resize=525%2C300&ssl=1 1.5x, https:\/\/i0.wp.com\/correiodasemana.com\/site\/wp-content\/uploads\/2022\/07\/ordem-sacras-2.jpg?resize=700%2C400&ssl=1 2x"},"classes":[]}],"jetpack_sharing_enabled":true,"_links":{"self":[{"href":"https:\/\/correiodasemana.com\/site\/wp-json\/wp\/v2\/posts\/31984","targetHints":{"allow":["GET"]}}],"collection":[{"href":"https:\/\/correiodasemana.com\/site\/wp-json\/wp\/v2\/posts"}],"about":[{"href":"https:\/\/correiodasemana.com\/site\/wp-json\/wp\/v2\/types\/post"}],"author":[{"embeddable":true,"href":"https:\/\/correiodasemana.com\/site\/wp-json\/wp\/v2\/users\/7"}],"replies":[{"embeddable":true,"href":"https:\/\/correiodasemana.com\/site\/wp-json\/wp\/v2\/comments?post=31984"}],"version-history":[{"count":2,"href":"https:\/\/correiodasemana.com\/site\/wp-json\/wp\/v2\/posts\/31984\/revisions"}],"predecessor-version":[{"id":31992,"href":"https:\/\/correiodasemana.com\/site\/wp-json\/wp\/v2\/posts\/31984\/revisions\/31992"}],"wp:featuredmedia":[{"embeddable":true,"href":"https:\/\/correiodasemana.com\/site\/wp-json\/wp\/v2\/media\/31986"}],"wp:attachment":[{"href":"https:\/\/correiodasemana.com\/site\/wp-json\/wp\/v2\/media?parent=31984"}],"wp:term":[{"taxonomy":"category","embeddable":true,"href":"https:\/\/correiodasemana.com\/site\/wp-json\/wp\/v2\/categories?post=31984"},{"taxonomy":"post_tag","embeddable":true,"href":"https:\/\/correiodasemana.com\/site\/wp-json\/wp\/v2\/tags?post=31984"}],"curies":[{"name":"wp","href":"https:\/\/api.w.org\/{rel}","templated":true}]}}