{"id":31993,"date":"2024-12-24T02:42:11","date_gmt":"2024-12-24T05:42:11","guid":{"rendered":"https:\/\/correiodasemana.com\/site\/?p=31993"},"modified":"2024-12-24T02:42:11","modified_gmt":"2024-12-24T05:42:11","slug":"antifonas-em-o","status":"publish","type":"post","link":"https:\/\/correiodasemana.com\/site\/antifonas-em-o\/","title":{"rendered":"Ant\u00edfonas em \u00d3\u00a0"},"content":{"rendered":"<p>Entre os dias 17 e 23 de dezembro entramos propriamente no per\u00edodo da Semana de Prepara\u00e7\u00e3o pr\u00f3xima do Natal, antecedendo a vinda de Nosso Senhor, vivemos um per\u00edodo de expecta\u00e7\u00e3o, por isso, por esses dias celebramos a mem\u00f3ria lit\u00fargica de Nossa Senhora da Expecta\u00e7\u00e3o, N. Sra. do Parto ou Nossa Senhora do \u00d3, por isso tamb\u00e9m as ant\u00edfonas do \u00d3.<br \/>\nAs\u00a0\u201cAnt\u00edfonas do \u00f3\u201d\u00a0s\u00e3o pequenos refr\u00e3os para serem cantados na ora\u00e7\u00e3o da Tarde (v\u00e9speras), no canto do Magnificat: a Igreja entoa esses refr\u00e3os at\u00e9 o dia 23 de dezembro. Ao recit\u00e1-las nutrimos em n\u00f3s os mesmos sentimentos da Virgem Maria e aguardamos com alegria a vinda de Nosso Senhor. Elas constituem ainda, um resumo da teologia do Advento, e expressam o desejo de salva\u00e7\u00e3o da humanidade e a expectativa pela vinda de Jesus Cristo, invocado com t\u00edtulos messi\u00e2nicos do Antigo Testamento.<br \/>\nAtualmente essas ant\u00edfonas est\u00e3o presentes na ora\u00e7\u00e3o da Liturgia das Horas, antes do c\u00e2ntico evang\u00e9lico das v\u00e9speras, o\u00a0Magnificat (Lc 1, 46-55),\u00a0e ainda, na aclama\u00e7\u00e3o do Evangelho na missa. Al\u00e9m das ant\u00edfonas nos prepararem para a vinda de Nosso Senhor Jesus Cristo, elas se tornam preces de agradecimento a Deus por tantos bens que Ele nos fez. Inclusive o c\u00e2ntico do Magnificat \u00e9 a express\u00e3o de gratid\u00e3o de Nossa Senhora por tantos bens que Deus fez em favor dela e de seu povo.<br \/>\nAs ant\u00edfonas s\u00e3o precedidas do vocativo \u201c\u00f3\u201d, que possamos rez\u00e1-las com toda confian\u00e7a ao longo desse tempo do Advento exaltando a grandeza de Deus e as maravilhas que Ele realizou em nossa vida. Que essas ant\u00edfonas nos recordem que o Natal antes de qualquer outra coisa \u00e9 esperar a vinda de Cristo e n\u00e3o Papai Noel, Cristo \u00e9 o maior presente que podemos receber no Natal.<br \/>\nEssas ant\u00edfonas do \u00f3 foram compostas entre os s\u00e9culos VII e VIII, sendo um comp\u00eandio de cristologia da antiga Igreja, um resumo expressivo do desejo de salva\u00e7\u00e3o, tanto de Israel no Antigo Testamento que esperava ansiosamente a vinda do Messias, como da Igreja no Novo Testamento. Com certeza o nascimento de Jesus representa o desejo de salva\u00e7\u00e3o para todos os povos, n\u00e3o somente os judeus, mas a humanidade inteira.<br \/>\nAo acendermos as velas da coroa do Advento sentimos o Senhor mais perto de n\u00f3s, pois aos poucos a luz de Cristo vai iluminando as trevas. Do mesmo modo conforme vamos entoando as ant\u00edfonas do \u00f3 e chegando perto da s\u00e9tima sentimos que o Senhor esta cada vez mais perto. Esperemos o Senhor com alegria e confian\u00e7a, do mesmo modo que o povo de Isael e a Virgem Maria esperavam.<br \/>\nA primeira ant\u00edfona no dia 17 de dezembro \u00e9\u00a0\u00d3 Sabedoria:\u00a0que sa\u00edstes da boca do Alt\u00edssimo, \/ e atingis at\u00e9 os confins de todo o universo \/ e com for\u00e7a e suavidade governais o mundo inteiro: \/ oh vinde ensinar-nos o caminho da prud\u00eancia!\u201d<br \/>\nJesus \u00e9 a Palavra que se fez carne, o verbo encarnado no meio de n\u00f3s, Deus ao criar o universo usou de sabedoria e essa sabedoria de Deus \u00e9 a Palavra, e Cristo \u00e9 a Palavra encarnada. Pe\u00e7amos a Deus Pai que nos ensine o caminho da prud\u00eancia e como nos orienta a espiritualidade desse tempo do advento estejamos em constante ora\u00e7\u00e3o e vigil\u00e2ncia, e partir da Palavra de Deus, sabedoria eterna, possamos aguardar o Senhor que vem.<br \/>\nA segunda ant\u00edfona no dia 18 de dezembro \u00e9\u00a0\u00d3 Adonai:\u00a0guia da casa de Israel, \/ que aparecestes a Mois\u00e9s na sar\u00e7a ardente \/ e lhe destes vossa lei sobre o Sinai: \/ vinde salvar-nos com o bra\u00e7o poderoso!\u201d<br \/>\nAdonai se refere ao nome que o povo de Israel se dirigia a Deus, significava de certo modo reconhecer o \u201csenhorio de Deus\u201d. Reconhecer o \u201csenhorio\u201d de Deus significa reconhecer tudo aquilo de bom que Deus fez em favor de seu povo ao longo da hist\u00f3ria da salva\u00e7\u00e3o. Deus \u00e9 o salvador e libertador de Israel e os Crist\u00e3os esperam ansiosamente a vinda de Cristo.<br \/>\nA terceira ant\u00edfona no dia 19 de dezembro \u00e9\u00a0\u201c\u00d3 raiz de Jess\u00e9\u201d: \u00f3 estandarte, \/ levantado em sinal para as na\u00e7\u00f5es! \/ Ante v\u00f3s se calar\u00e3o os reis da terra, \/ e as na\u00e7\u00f5es implorar\u00e3o miseric\u00f3rdia: \/ Vinde salvar-nos! Libertai-nos sem demora!\u201d<br \/>\nEssa terceira ant\u00edfona refere-se a aquilo que suplicamos ao Senhor ao longo desse tempo do Advento:\u00a0\u201cVinde salvar-nos! Libertai-nos sem demora\u201d.\u00a0Com o nascimento do Messias esperamos que Ele liberte a todos n\u00f3s, e nos traga a paz, a justi\u00e7a, o perd\u00e3o e a miseric\u00f3rdia. O menino Jesus nasce em Bel\u00e9m, na Jud\u00e9ia para se cumprir a profecia, pois era a cidade de Davi.<br \/>\nA quarta ant\u00edfona no dia 20 de dezembro \u00e9\u00a0\u201c\u00d3 chave de Davi\u201d: Cetro da casa de Israel, \/ que abris e ningu\u00e9m fecha, que fechais e ningu\u00e9m abre: \/ vinde logo e libertai o homem prisioneiro, \/ que nas trevas e na sombra da morte, est\u00e1 sentado!\u201d<br \/>\nA chave \u00e9 o s\u00edmbolo do poder, Jesus pertence a dinastia dav\u00eddica, Jesus \u00e9 o sucessor de Davi no reino de Israel, e depois Jesus passa as chaves para Pedro lhe sucedendo no reinado dav\u00eddico, com o intuito de restaurar o reino de Israel. O Messias, Jesus de Nazar\u00e9, recebeu do Pai todo o poder no c\u00e9u e na terra, em suas m\u00e3os est\u00e3o \u201cas chaves do Reino\u201d.\u00a0\u00a0 A quinta ant\u00edfona no dia 21 de dezembro \u00e9\u00a0\u201c\u00d3 sol Nascente\u201d: justiceiro, resplendor da Luz eterna: \/ Oh, vinde e iluminai os que jazem entre as trevas \/ e na sombra do pecado e da morte, est\u00e3o sentados!\u201d\u00a0 Jesus \u00e9 a luz do mundo, Ele vem iluminar as nossas trevas, por isso, ao longo do tempo do Advento acendemos a cada Domingo as velas da coroa do Advento, e Jo\u00e3o Batista como precursor veio chamar os filhos de Israel para que sa\u00edssem das trevas e buscassem o caminho da luz. Jo\u00e3o pregava um batismo de convers\u00e3o e Jesus batizava na \u00e1gua e no esp\u00edrito.\u00a0 A sexta ant\u00edfona no dia 22 de dezembro \u00e9\u00a0\u201c\u00d3 Rei das Na\u00e7\u00f5es\u201d: Desejado dos povos; \/ \u00f3 Pedra angular, que os opostos unis: \/ \u00d3, vinde e salvai esse homem t\u00e3o fr\u00e1gil, \/ que um dia criastes do barro da terra!\u201d<br \/>\nA chegada do Messias \u00e9 esperada por todos os povos, Ele \u00e9 o Deus da paz, o pr\u00edncipe das na\u00e7\u00f5es que veio para governar Israel com \u201ccetro de ferro\u201d, mas ao inv\u00e9s de pegar em armas ou paus, o Messias ensinou a todos o caminho do amor. O Reinado de Jesus n\u00e3o \u00e9 desse mundo, mas \u00e9 do Reino eterno, onde muitos de n\u00f3s desejamos estar.\u00a0\u00a0 A s\u00e9tima ant\u00edfona no dia 23 de dezembro \u00e9\u00a0\u201c\u00d3 Emanuel\u201d: Deus conosco, nosso Rei Legislador, \/ Esperan\u00e7a das na\u00e7\u00f5es e dos povos Salvador; \/ Vinde, enfim, para salvar-nos, \u00f3 Senhor e nosso Deus!\u201d\u202f\u00a0 O Messias \u00e9 o Emanuel, o Deus conosco, o pr\u00edncipe da paz, Ele \u00e9 esperado desde sempre por todos. N\u00f3s crist\u00e3os aguardamos a segunda vinda de Cristo, por isso, repetimos sempre:\u00a0\u201cVem, Senhor Jesus\u201d.\u00a0Enquanto os judeus ainda aguardam a primeira vinda do Messias. Por isso, nesse Natal, aguardemos que o Senhor nas\u00e7a em nosso cora\u00e7\u00e3o e possamos repetir \u201cVem Senhor Jesus\u201d. O menino que nascer\u00e1 na noite de Natal \u00e9 definitivamente a presen\u00e7a de Deus no meio dos homens, veio nos mostrar o caminho do amor e mostrar a todos a salva\u00e7\u00e3o.\u00a0\u00a0 Tomemos essas ant\u00edfonas e a meditemos a cada dia preparando o nosso cora\u00e7\u00e3o e a nossa vida para celebrar o Natal do Senhor. Que possamos trazer dentro de n\u00f3s os mesmos sentimentos que Nossa Senhora trazia naquele momento e que possamos envolver o mundo com a luz de Cristo.<br \/>\nCardeal Orani Jo\u00e3o Tempesta &#8211; Arcebispo do Rio de Janeiro (RJ)<\/p>\n","protected":false},"excerpt":{"rendered":"<p>Entre os dias 17 e 23 de dezembro entramos propriamente no per\u00edodo da Semana de&#8230;<\/p>\n","protected":false},"author":7,"featured_media":31857,"comment_status":"open","ping_status":"open","sticky":false,"template":"","format":"standard","meta":{"_jetpack_memberships_contains_paid_content":false,"footnotes":"","jetpack_publicize_message":"","jetpack_publicize_feature_enabled":true,"jetpack_social_post_already_shared":true,"jetpack_social_options":{"image_generator_settings":{"template":"highway","default_image_id":0,"font":"","enabled":false},"version":2}},"categories":[24,11],"tags":[],"class_list":["post-31993","post","type-post","status-publish","format-standard","has-post-thumbnail","hentry","category-a-voz-do-pastor","category-artigos"],"jetpack_publicize_connections":[],"jetpack_featured_media_url":"https:\/\/correiodasemana.com\/site\/wp-content\/uploads\/2024\/12\/festa-santa-luzia-com-dom-Vasconcelos-5-scaled.jpg","jetpack-related-posts":[{"id":31895,"url":"https:\/\/correiodasemana.com\/site\/terceira-catequese-do-advento-advento-na-escola-de-nossa-senhora-da-expectacao\/","url_meta":{"origin":31993,"position":0},"title":"Terceira catequese do Advento: Advento, na escola de Nossa Senhora da Expecta\u00e7\u00e3o\u00a0","author":"adminredacao","date":"Dezembro 24, 2024","format":false,"excerpt":"O Advento \u00e9 o tempo lit\u00fargico em que a Igreja se prepara para a chegada de Jesus Cristo. Neste per\u00edodo, a figura de Nossa Senhora ganha especial destaque, especialmente sob o t\u00edtulo de Nossa Senhora da Expecta\u00e7\u00e3o, que representa Maria como aquela que espera, com f\u00e9 e esperan\u00e7a, o nascimento\u2026","rel":"","context":"In &quot;A voz do Pastor&quot;","block_context":{"text":"A voz do Pastor","link":"https:\/\/correiodasemana.com\/site\/category\/a-voz-do-pastor\/"},"img":{"alt_text":"","src":"https:\/\/i0.wp.com\/correiodasemana.com\/site\/wp-content\/uploads\/2024\/12\/festa-santa-luzia-com-dom-Vasconcelos-5-scaled.jpg?resize=350%2C200&ssl=1","width":350,"height":200,"srcset":"https:\/\/i0.wp.com\/correiodasemana.com\/site\/wp-content\/uploads\/2024\/12\/festa-santa-luzia-com-dom-Vasconcelos-5-scaled.jpg?resize=350%2C200&ssl=1 1x, https:\/\/i0.wp.com\/correiodasemana.com\/site\/wp-content\/uploads\/2024\/12\/festa-santa-luzia-com-dom-Vasconcelos-5-scaled.jpg?resize=525%2C300&ssl=1 1.5x, https:\/\/i0.wp.com\/correiodasemana.com\/site\/wp-content\/uploads\/2024\/12\/festa-santa-luzia-com-dom-Vasconcelos-5-scaled.jpg?resize=700%2C400&ssl=1 2x, https:\/\/i0.wp.com\/correiodasemana.com\/site\/wp-content\/uploads\/2024\/12\/festa-santa-luzia-com-dom-Vasconcelos-5-scaled.jpg?resize=1050%2C600&ssl=1 3x, https:\/\/i0.wp.com\/correiodasemana.com\/site\/wp-content\/uploads\/2024\/12\/festa-santa-luzia-com-dom-Vasconcelos-5-scaled.jpg?resize=1400%2C800&ssl=1 4x"},"classes":[]},{"id":28508,"url":"https:\/\/correiodasemana.com\/site\/comunidade-filhos-de-siao-3\/","url_meta":{"origin":31993,"position":1},"title":"COMUNIDADE FILHOS DE SI\u00c3O","author":"adminredacao","date":"Fevereiro 27, 2024","format":false,"excerpt":"Rogai por n\u00f3s Santa M\u00e3e de Deus \u201cRogai por n\u00f3s Santa M\u00e3e de Deus\u201d: uma jaculat\u00f3ria, um presente que a nossa Santa M\u00e3e Igreja nos deu. Comumente rezada ao final da Salve Rainha e nas ladainhas, essa ant\u00edfona ao mesmo tempo que implora para n\u00f3s o indispens\u00e1vel aux\u00edlio de Maria\u2026","rel":"","context":"In &quot;Artigos&quot;","block_context":{"text":"Artigos","link":"https:\/\/correiodasemana.com\/site\/category\/artigos\/"},"img":{"alt_text":"","src":"https:\/\/i0.wp.com\/correiodasemana.com\/site\/wp-content\/uploads\/2019\/07\/cropped-Igreja_S%C3%A9.jpg?resize=350%2C200&ssl=1","width":350,"height":200,"srcset":"https:\/\/i0.wp.com\/correiodasemana.com\/site\/wp-content\/uploads\/2019\/07\/cropped-Igreja_S%C3%A9.jpg?resize=350%2C200&ssl=1 1x, https:\/\/i0.wp.com\/correiodasemana.com\/site\/wp-content\/uploads\/2019\/07\/cropped-Igreja_S%C3%A9.jpg?resize=525%2C300&ssl=1 1.5x, https:\/\/i0.wp.com\/correiodasemana.com\/site\/wp-content\/uploads\/2019\/07\/cropped-Igreja_S%C3%A9.jpg?resize=700%2C400&ssl=1 2x, https:\/\/i0.wp.com\/correiodasemana.com\/site\/wp-content\/uploads\/2019\/07\/cropped-Igreja_S%C3%A9.jpg?resize=1050%2C600&ssl=1 3x, https:\/\/i0.wp.com\/correiodasemana.com\/site\/wp-content\/uploads\/2019\/07\/cropped-Igreja_S%C3%A9.jpg?resize=1400%2C800&ssl=1 4x"},"classes":[]},{"id":27505,"url":"https:\/\/correiodasemana.com\/site\/imaculada-conceicao\/","url_meta":{"origin":31993,"position":2},"title":"IMACULADA CONCEI\u00c7\u00c3O\u00a0","author":"adminredacao","date":"Dezembro 11, 2023","format":false,"excerpt":"Temos a gra\u00e7a de celebramos neste dia 8 de dezembro, o dia da Imaculada Concei\u00e7\u00e3o. A festa da Imaculada Concei\u00e7\u00e3o nos toca profundamente se a compreendemos \u00e0 luz das palavras de S\u00e3o Paulo: \u201cDeus nos escolheu, em Cristo, antes da funda\u00e7\u00e3o do mundo, para que sejamos santos e irrepreens\u00edveis sob\u2026","rel":"","context":"In &quot;A voz do Pastor&quot;","block_context":{"text":"A voz do Pastor","link":"https:\/\/correiodasemana.com\/site\/category\/a-voz-do-pastor\/"},"img":{"alt_text":"","src":"https:\/\/i0.wp.com\/correiodasemana.com\/site\/wp-content\/uploads\/2018\/02\/Dom-Vasconcelos-posses.jpg?resize=350%2C200&ssl=1","width":350,"height":200,"srcset":"https:\/\/i0.wp.com\/correiodasemana.com\/site\/wp-content\/uploads\/2018\/02\/Dom-Vasconcelos-posses.jpg?resize=350%2C200&ssl=1 1x, https:\/\/i0.wp.com\/correiodasemana.com\/site\/wp-content\/uploads\/2018\/02\/Dom-Vasconcelos-posses.jpg?resize=525%2C300&ssl=1 1.5x, https:\/\/i0.wp.com\/correiodasemana.com\/site\/wp-content\/uploads\/2018\/02\/Dom-Vasconcelos-posses.jpg?resize=700%2C400&ssl=1 2x"},"classes":[]},{"id":10137,"url":"https:\/\/correiodasemana.com\/site\/o-fenomeno-da-santidade\/","url_meta":{"origin":31993,"position":3},"title":"O FEN\u00d4MENO DA SANTIDADE","author":"","date":"Dezembro 9, 2019","format":false,"excerpt":"Sexta-feira, 6, honrosamente, lancei o livro \u201cSantidade na Ordem do Santo Sepulcro de Jerusal\u00e9m e na Terra Santa\u201d, no Pal\u00e1cio S\u00e3o Joaquim, sede da Mitra Arquiepiscopal de S\u00e3o Sebasti\u00e3o do Rio de Janeiro, no bairro Gl\u00f3ria, considerado o \u201cprimeiro\u201d bairro da zona sul da Cidade Maravilhosa. Cavaleiros, Damas e convidados\u2026","rel":"","context":"In &quot;Artigos&quot;","block_context":{"text":"Artigos","link":"https:\/\/correiodasemana.com\/site\/category\/artigos\/"},"img":{"alt_text":"","src":"https:\/\/i0.wp.com\/correiodasemana.com\/site\/wp-content\/uploads\/2019\/07\/Jose%CC%81-1.jpg?resize=350%2C200&ssl=1","width":350,"height":200,"srcset":"https:\/\/i0.wp.com\/correiodasemana.com\/site\/wp-content\/uploads\/2019\/07\/Jose%CC%81-1.jpg?resize=350%2C200&ssl=1 1x, https:\/\/i0.wp.com\/correiodasemana.com\/site\/wp-content\/uploads\/2019\/07\/Jose%CC%81-1.jpg?resize=525%2C300&ssl=1 1.5x, https:\/\/i0.wp.com\/correiodasemana.com\/site\/wp-content\/uploads\/2019\/07\/Jose%CC%81-1.jpg?resize=700%2C400&ssl=1 2x"},"classes":[]},{"id":37260,"url":"https:\/\/correiodasemana.com\/site\/2o-domingo-do-tempo-comum\/","url_meta":{"origin":31993,"position":4},"title":"2\u00ba Domingo do Tempo Comum\u00a0","author":"adminredacao","date":"Fevereiro 7, 2026","format":false,"excerpt":"Cardeal Orani Jo\u00e3o Tempesta Arcebispo do Rio de Janeiro (RJ) \u201cEis o\u00a0Cordeiro de Deus, que tira o pecado do mundo\u201d (Jo 1,29) Celebramos nesse domingo o segundo desse Tempo Comum. Na Segunda-feira, dia 12 de janeiro, iniciamos a primeira semana do Tempo Comum e neste domingo celebramos o segundo domingo\u2026","rel":"","context":"In &quot;A voz do Pastor&quot;","block_context":{"text":"A voz do Pastor","link":"https:\/\/correiodasemana.com\/site\/category\/a-voz-do-pastor\/"},"img":{"alt_text":"","src":"https:\/\/i0.wp.com\/correiodasemana.com\/site\/wp-content\/uploads\/2018\/02\/Dom-Vasconcelos-posses.jpg?resize=350%2C200&ssl=1","width":350,"height":200,"srcset":"https:\/\/i0.wp.com\/correiodasemana.com\/site\/wp-content\/uploads\/2018\/02\/Dom-Vasconcelos-posses.jpg?resize=350%2C200&ssl=1 1x, https:\/\/i0.wp.com\/correiodasemana.com\/site\/wp-content\/uploads\/2018\/02\/Dom-Vasconcelos-posses.jpg?resize=525%2C300&ssl=1 1.5x, https:\/\/i0.wp.com\/correiodasemana.com\/site\/wp-content\/uploads\/2018\/02\/Dom-Vasconcelos-posses.jpg?resize=700%2C400&ssl=1 2x"},"classes":[]},{"id":36952,"url":"https:\/\/correiodasemana.com\/site\/papa-invoca-o-dom-da-paz-para-o-mundo-responsabilidade-de-todos\/","url_meta":{"origin":31993,"position":5},"title":"Papa invoca o dom da paz para o mundo, responsabilidade de todos","author":"adminredacao","date":"Janeiro 6, 2026","format":false,"excerpt":"\u201cQuem n\u00e3o ama n\u00e3o se salva, est\u00e1 perdido\u201d. Jesus Cristo \u00e9 a nossa paz, porque nos liberta do pecado e nos indica o caminho a seguir para superar os conflitos, interpessoais aos internacionais. \u201cSem um cora\u00e7\u00e3o livre do pecado, um cora\u00e7\u00e3o perdoado, n\u00e3o se pode ser homens e mulheres pac\u00edficos\u2026","rel":"","context":"In &quot;Atualidade&quot;","block_context":{"text":"Atualidade","link":"https:\/\/correiodasemana.com\/site\/category\/atualidade\/"},"img":{"alt_text":"","src":"https:\/\/i0.wp.com\/correiodasemana.com\/site\/wp-content\/uploads\/2026\/01\/Bencao-Urbi-Et-Orbi-Natal-2025.jpeg?resize=350%2C200&ssl=1","width":350,"height":200,"srcset":"https:\/\/i0.wp.com\/correiodasemana.com\/site\/wp-content\/uploads\/2026\/01\/Bencao-Urbi-Et-Orbi-Natal-2025.jpeg?resize=350%2C200&ssl=1 1x, https:\/\/i0.wp.com\/correiodasemana.com\/site\/wp-content\/uploads\/2026\/01\/Bencao-Urbi-Et-Orbi-Natal-2025.jpeg?resize=525%2C300&ssl=1 1.5x, https:\/\/i0.wp.com\/correiodasemana.com\/site\/wp-content\/uploads\/2026\/01\/Bencao-Urbi-Et-Orbi-Natal-2025.jpeg?resize=700%2C400&ssl=1 2x"},"classes":[]}],"jetpack_sharing_enabled":true,"_links":{"self":[{"href":"https:\/\/correiodasemana.com\/site\/wp-json\/wp\/v2\/posts\/31993","targetHints":{"allow":["GET"]}}],"collection":[{"href":"https:\/\/correiodasemana.com\/site\/wp-json\/wp\/v2\/posts"}],"about":[{"href":"https:\/\/correiodasemana.com\/site\/wp-json\/wp\/v2\/types\/post"}],"author":[{"embeddable":true,"href":"https:\/\/correiodasemana.com\/site\/wp-json\/wp\/v2\/users\/7"}],"replies":[{"embeddable":true,"href":"https:\/\/correiodasemana.com\/site\/wp-json\/wp\/v2\/comments?post=31993"}],"version-history":[{"count":1,"href":"https:\/\/correiodasemana.com\/site\/wp-json\/wp\/v2\/posts\/31993\/revisions"}],"predecessor-version":[{"id":31994,"href":"https:\/\/correiodasemana.com\/site\/wp-json\/wp\/v2\/posts\/31993\/revisions\/31994"}],"wp:featuredmedia":[{"embeddable":true,"href":"https:\/\/correiodasemana.com\/site\/wp-json\/wp\/v2\/media\/31857"}],"wp:attachment":[{"href":"https:\/\/correiodasemana.com\/site\/wp-json\/wp\/v2\/media?parent=31993"}],"wp:term":[{"taxonomy":"category","embeddable":true,"href":"https:\/\/correiodasemana.com\/site\/wp-json\/wp\/v2\/categories?post=31993"},{"taxonomy":"post_tag","embeddable":true,"href":"https:\/\/correiodasemana.com\/site\/wp-json\/wp\/v2\/tags?post=31993"}],"curies":[{"name":"wp","href":"https:\/\/api.w.org\/{rel}","templated":true}]}}