{"id":32104,"date":"2025-01-15T16:00:11","date_gmt":"2025-01-15T19:00:11","guid":{"rendered":"https:\/\/correiodasemana.com\/site\/?p=32104"},"modified":"2025-01-15T16:00:12","modified_gmt":"2025-01-15T19:00:12","slug":"dom-jose-falcao-preside-solenidade-de-santa-maria-mae-de-deus-na-catedral-de-sobral","status":"publish","type":"post","link":"https:\/\/correiodasemana.com\/site\/dom-jose-falcao-preside-solenidade-de-santa-maria-mae-de-deus-na-catedral-de-sobral\/","title":{"rendered":"Dom Jos\u00e9 Falc\u00e3o preside Solenidade de Santa Maria, M\u00e3e de Deus na Catedral de Sobral"},"content":{"rendered":"<p>Nos dias 31 de dezembro e 1\u00ba de janeiro, a S\u00e9 Catedral de Nossa Senhora da Concei\u00e7\u00e3o em Sobral recebeu o bispo auxiliar do Ordinariado Militar do Brasil, Dom Jos\u00e9 Francisco Falc\u00e3o de Barros, que presidiu, nos dois dias, a Solenidade de Santa Maria, M\u00e3e de Deus.<br \/>\nAo proclamar Maria \u201cM\u00e3e de Deus\u201d, a Igreja professa, com uma \u00fanica express\u00e3o, a sua f\u00e9 acerca do Filho e da M\u00e3e. Essa uni\u00e3o emerge j\u00e1 no Conc\u00edlio de \u00c9feso. Com a defini\u00e7\u00e3o da maternidade divina de Maria, os padres queriam evidenciar a sua f\u00e9 \u00e0 divindade de Cristo. N\u00e3o obstante as obje\u00e7\u00f5es, antigas e recentes, acerca da oportunidade de atribuir esse t\u00edtulo a Maria, os crist\u00e3os de todos os tempos, interpretando corretamente o significado dessa maternidade, tornaram-no uma express\u00e3o privilegiada da sua f\u00e9 na divindade de Cristo e do Seu amor para com a Virgem.<br \/>\nCelebrando as v\u00e9speras da solenidade, no dia 31 de dezembro, o bispo enfatizou, em homilia, a import\u00e2ncia de aproveitar o aqui e o agora, abordando a passagem do tempo, e desejou a todos os sobralenses um santo ano novo, repleto de sa\u00fade e paz, e, sobretudo, muita esperan\u00e7a j\u00e1 na viv\u00eancia do Ano Jubilar. Ressaltou ainda que viver sem f\u00e9 e sem caridade ainda \u00e9 poss\u00edvel, porque, para o cat\u00f3lico que reza e pede a Deus que conceda essa gra\u00e7a, o Senhor adentra os cora\u00e7\u00f5es. Por\u00e9m, para aqueles que est\u00e3o sem esperan\u00e7a, at\u00e9 nas m\u00ednimas coisas, possivelmente encontram muitas dificuldades na vida.<br \/>\nExaltando Maria Sant\u00edssima, M\u00e3e de Deus e de toda a humanidade, no dia 1\u00ba de janeiro, Dom Falc\u00e3o falou sobre a vida de Nossa Senhora \u00e0 luz da Mariologia, ou seja, o estudo sobre Maria, parte da teologia que examina a figura, o mist\u00e9rio, a miss\u00e3o e o significado de Maria na hist\u00f3ria da salva\u00e7\u00e3o, proferindo, assim, uma verdadeira aula atrav\u00e9s de sua prega\u00e7\u00e3o.<br \/>\n\u201cMaria \u00e9 m\u00e3e de Deus, n\u00e3o apenas m\u00e3e de Cristo. A Igreja tem uma m\u00e3e que Cristo Jesus quis ter e a honrou com a gra\u00e7a de ser o templo onde Deus habitou durante nove meses. S\u00f3 adoramos a Deus que \u00e9 Pai, Filho e Esp\u00edrito Santo, mas, depois d\u2019Ele, n\u00f3s tributamos a nossa venera\u00e7\u00e3o \u00e0 Virgem Maria. N\u00e3o a tratamos como deusa, n\u00f3s a amamos e a colocamos em seu devido lugar, atrav\u00e9s da honra que o pr\u00f3prio Deus lhe deu por ser a m\u00e3e do Salvador. Deus Todo-Poderoso se dignou a preservar a Virgem Maria de toda a sua m\u00e1cula primeira, e, j\u00e1 no ventre de sua m\u00e3e, Santa Ana, ela foi preservada do pecado original\u201d, disse.<br \/>\nO episcopo pediu aos fi\u00e9is que guardassem na mem\u00f3ria e no cora\u00e7\u00e3o as datas em que s\u00e3o celebrados os dogmas marianos: 1\u00ba de janeiro, Santa Maria M\u00e3e de Deus; 15 de agosto, Assun\u00e7\u00e3o de Nossa Senhora; e 8 de dezembro, Imaculada Concei\u00e7\u00e3o. E continuou: \u201c\u00c9 uma honra para a diocese ter como padroeira a Imaculada Concei\u00e7\u00e3o. O brilho de Maria Sant\u00edssima no c\u00e9u, depois de Deus, foi e sempre ser\u00e1 o mais brilhante, porque ela \u00e9 imaculada do pecado original\u201d, concluiu.<br \/>\nAmbas as celebra\u00e7\u00f5es foram concelebradas pelo cura da Catedral, Pe. Berg, pelo vig\u00e1rio paroquial, Pe. Denilson de Sousa, e demais sacerdotes diocesanos, que contaram com o aux\u00edlio de di\u00e1conos permanentes. Dom Falc\u00e3o presidiu as celebra\u00e7\u00f5es de fim de ano na S\u00e9 Catedral pela segunda vez. A \u00faltima foi no ano de 2022.<\/p>\n<p>Thais Helena &#8211; Jornalista &#8211; Jornal Correio da Semana<\/p>\n<p><a href=\"https:\/\/correiodasemana.com\/site\/dom-jose-falcao-preside-solenidade-de-santa-maria-mae-de-deus-na-catedral-de-sobral\/whatsapp-image-2025-01-03-at-20-47-08\/\" rel=\"attachment wp-att-32105\"><img fetchpriority=\"high\" decoding=\"async\" class=\"aligncenter size-full wp-image-32105\" src=\"https:\/\/correiodasemana.com\/site\/wp-content\/uploads\/2025\/01\/WhatsApp-Image-2025-01-03-at-20.47.08.jpeg\" alt=\"\" width=\"1200\" height=\"1600\" srcset=\"https:\/\/correiodasemana.com\/site\/wp-content\/uploads\/2025\/01\/WhatsApp-Image-2025-01-03-at-20.47.08.jpeg 1200w, https:\/\/correiodasemana.com\/site\/wp-content\/uploads\/2025\/01\/WhatsApp-Image-2025-01-03-at-20.47.08-225x300.jpeg 225w, https:\/\/correiodasemana.com\/site\/wp-content\/uploads\/2025\/01\/WhatsApp-Image-2025-01-03-at-20.47.08-768x1024.jpeg 768w, https:\/\/correiodasemana.com\/site\/wp-content\/uploads\/2025\/01\/WhatsApp-Image-2025-01-03-at-20.47.08-1152x1536.jpeg 1152w, https:\/\/correiodasemana.com\/site\/wp-content\/uploads\/2025\/01\/WhatsApp-Image-2025-01-03-at-20.47.08-1024x1365.jpeg 1024w\" sizes=\"(max-width: 1200px) 100vw, 1200px\" \/><\/a> <a href=\"https:\/\/correiodasemana.com\/site\/dom-jose-falcao-preside-solenidade-de-santa-maria-mae-de-deus-na-catedral-de-sobral\/whatsapp-image-2025-01-03-at-20-47-09-1\/\" rel=\"attachment wp-att-32106\"><img decoding=\"async\" class=\"aligncenter size-full wp-image-32106\" src=\"https:\/\/correiodasemana.com\/site\/wp-content\/uploads\/2025\/01\/WhatsApp-Image-2025-01-03-at-20.47.09-1.jpeg\" alt=\"\" width=\"1600\" height=\"1200\" srcset=\"https:\/\/correiodasemana.com\/site\/wp-content\/uploads\/2025\/01\/WhatsApp-Image-2025-01-03-at-20.47.09-1.jpeg 1600w, https:\/\/correiodasemana.com\/site\/wp-content\/uploads\/2025\/01\/WhatsApp-Image-2025-01-03-at-20.47.09-1-300x225.jpeg 300w, https:\/\/correiodasemana.com\/site\/wp-content\/uploads\/2025\/01\/WhatsApp-Image-2025-01-03-at-20.47.09-1-1024x768.jpeg 1024w, https:\/\/correiodasemana.com\/site\/wp-content\/uploads\/2025\/01\/WhatsApp-Image-2025-01-03-at-20.47.09-1-768x576.jpeg 768w, https:\/\/correiodasemana.com\/site\/wp-content\/uploads\/2025\/01\/WhatsApp-Image-2025-01-03-at-20.47.09-1-1536x1152.jpeg 1536w\" sizes=\"(max-width: 1600px) 100vw, 1600px\" \/><\/a> <a href=\"https:\/\/correiodasemana.com\/site\/dom-jose-falcao-preside-solenidade-de-santa-maria-mae-de-deus-na-catedral-de-sobral\/whatsapp-image-2025-01-03-at-20-47-09-2\/\" rel=\"attachment wp-att-32107\"><img decoding=\"async\" class=\"aligncenter size-full wp-image-32107\" src=\"https:\/\/correiodasemana.com\/site\/wp-content\/uploads\/2025\/01\/WhatsApp-Image-2025-01-03-at-20.47.09-2.jpeg\" alt=\"\" width=\"1600\" height=\"1200\" srcset=\"https:\/\/correiodasemana.com\/site\/wp-content\/uploads\/2025\/01\/WhatsApp-Image-2025-01-03-at-20.47.09-2.jpeg 1600w, https:\/\/correiodasemana.com\/site\/wp-content\/uploads\/2025\/01\/WhatsApp-Image-2025-01-03-at-20.47.09-2-300x225.jpeg 300w, https:\/\/correiodasemana.com\/site\/wp-content\/uploads\/2025\/01\/WhatsApp-Image-2025-01-03-at-20.47.09-2-1024x768.jpeg 1024w, https:\/\/correiodasemana.com\/site\/wp-content\/uploads\/2025\/01\/WhatsApp-Image-2025-01-03-at-20.47.09-2-768x576.jpeg 768w, https:\/\/correiodasemana.com\/site\/wp-content\/uploads\/2025\/01\/WhatsApp-Image-2025-01-03-at-20.47.09-2-1536x1152.jpeg 1536w\" sizes=\"(max-width: 1600px) 100vw, 1600px\" \/><\/a> <a href=\"https:\/\/correiodasemana.com\/site\/dom-jose-falcao-preside-solenidade-de-santa-maria-mae-de-deus-na-catedral-de-sobral\/whatsapp-image-2025-01-03-at-20-47-09-3\/\" rel=\"attachment wp-att-32108\"><img loading=\"lazy\" decoding=\"async\" class=\"aligncenter size-full wp-image-32108\" src=\"https:\/\/correiodasemana.com\/site\/wp-content\/uploads\/2025\/01\/WhatsApp-Image-2025-01-03-at-20.47.09-3.jpeg\" alt=\"\" width=\"1200\" height=\"1600\" srcset=\"https:\/\/correiodasemana.com\/site\/wp-content\/uploads\/2025\/01\/WhatsApp-Image-2025-01-03-at-20.47.09-3.jpeg 1200w, https:\/\/correiodasemana.com\/site\/wp-content\/uploads\/2025\/01\/WhatsApp-Image-2025-01-03-at-20.47.09-3-225x300.jpeg 225w, https:\/\/correiodasemana.com\/site\/wp-content\/uploads\/2025\/01\/WhatsApp-Image-2025-01-03-at-20.47.09-3-768x1024.jpeg 768w, https:\/\/correiodasemana.com\/site\/wp-content\/uploads\/2025\/01\/WhatsApp-Image-2025-01-03-at-20.47.09-3-1152x1536.jpeg 1152w, https:\/\/correiodasemana.com\/site\/wp-content\/uploads\/2025\/01\/WhatsApp-Image-2025-01-03-at-20.47.09-3-1024x1365.jpeg 1024w\" sizes=\"(max-width: 1200px) 100vw, 1200px\" \/><\/a> <a href=\"https:\/\/correiodasemana.com\/site\/dom-jose-falcao-preside-solenidade-de-santa-maria-mae-de-deus-na-catedral-de-sobral\/whatsapp-image-2025-01-03-at-20-47-09\/\" rel=\"attachment wp-att-32109\"><img loading=\"lazy\" decoding=\"async\" class=\"aligncenter size-full wp-image-32109\" src=\"https:\/\/correiodasemana.com\/site\/wp-content\/uploads\/2025\/01\/WhatsApp-Image-2025-01-03-at-20.47.09.jpeg\" alt=\"\" width=\"1600\" height=\"1200\" srcset=\"https:\/\/correiodasemana.com\/site\/wp-content\/uploads\/2025\/01\/WhatsApp-Image-2025-01-03-at-20.47.09.jpeg 1600w, https:\/\/correiodasemana.com\/site\/wp-content\/uploads\/2025\/01\/WhatsApp-Image-2025-01-03-at-20.47.09-300x225.jpeg 300w, https:\/\/correiodasemana.com\/site\/wp-content\/uploads\/2025\/01\/WhatsApp-Image-2025-01-03-at-20.47.09-1024x768.jpeg 1024w, https:\/\/correiodasemana.com\/site\/wp-content\/uploads\/2025\/01\/WhatsApp-Image-2025-01-03-at-20.47.09-768x576.jpeg 768w, https:\/\/correiodasemana.com\/site\/wp-content\/uploads\/2025\/01\/WhatsApp-Image-2025-01-03-at-20.47.09-1536x1152.jpeg 1536w\" sizes=\"(max-width: 1600px) 100vw, 1600px\" \/><\/a> <a href=\"https:\/\/correiodasemana.com\/site\/dom-jose-falcao-preside-solenidade-de-santa-maria-mae-de-deus-na-catedral-de-sobral\/whatsapp-image-2025-01-03-at-20-47-10\/\" rel=\"attachment wp-att-32110\"><img loading=\"lazy\" decoding=\"async\" class=\"aligncenter size-full wp-image-32110\" src=\"https:\/\/correiodasemana.com\/site\/wp-content\/uploads\/2025\/01\/WhatsApp-Image-2025-01-03-at-20.47.10.jpeg\" alt=\"\" width=\"1600\" height=\"1200\" srcset=\"https:\/\/correiodasemana.com\/site\/wp-content\/uploads\/2025\/01\/WhatsApp-Image-2025-01-03-at-20.47.10.jpeg 1600w, https:\/\/correiodasemana.com\/site\/wp-content\/uploads\/2025\/01\/WhatsApp-Image-2025-01-03-at-20.47.10-300x225.jpeg 300w, https:\/\/correiodasemana.com\/site\/wp-content\/uploads\/2025\/01\/WhatsApp-Image-2025-01-03-at-20.47.10-1024x768.jpeg 1024w, https:\/\/correiodasemana.com\/site\/wp-content\/uploads\/2025\/01\/WhatsApp-Image-2025-01-03-at-20.47.10-768x576.jpeg 768w, https:\/\/correiodasemana.com\/site\/wp-content\/uploads\/2025\/01\/WhatsApp-Image-2025-01-03-at-20.47.10-1536x1152.jpeg 1536w\" sizes=\"(max-width: 1600px) 100vw, 1600px\" \/><\/a> <a href=\"https:\/\/correiodasemana.com\/site\/dom-jose-falcao-preside-solenidade-de-santa-maria-mae-de-deus-na-catedral-de-sobral\/whatsapp-image-2025-01-03-at-20-47-11-1\/\" rel=\"attachment wp-att-32111\"><img loading=\"lazy\" decoding=\"async\" class=\"aligncenter size-full wp-image-32111\" src=\"https:\/\/correiodasemana.com\/site\/wp-content\/uploads\/2025\/01\/WhatsApp-Image-2025-01-03-at-20.47.11-1.jpeg\" alt=\"\" width=\"1200\" height=\"1600\" srcset=\"https:\/\/correiodasemana.com\/site\/wp-content\/uploads\/2025\/01\/WhatsApp-Image-2025-01-03-at-20.47.11-1.jpeg 1200w, https:\/\/correiodasemana.com\/site\/wp-content\/uploads\/2025\/01\/WhatsApp-Image-2025-01-03-at-20.47.11-1-225x300.jpeg 225w, https:\/\/correiodasemana.com\/site\/wp-content\/uploads\/2025\/01\/WhatsApp-Image-2025-01-03-at-20.47.11-1-768x1024.jpeg 768w, https:\/\/correiodasemana.com\/site\/wp-content\/uploads\/2025\/01\/WhatsApp-Image-2025-01-03-at-20.47.11-1-1152x1536.jpeg 1152w, https:\/\/correiodasemana.com\/site\/wp-content\/uploads\/2025\/01\/WhatsApp-Image-2025-01-03-at-20.47.11-1-1024x1365.jpeg 1024w\" sizes=\"(max-width: 1200px) 100vw, 1200px\" \/><\/a> <a href=\"https:\/\/correiodasemana.com\/site\/dom-jose-falcao-preside-solenidade-de-santa-maria-mae-de-deus-na-catedral-de-sobral\/whatsapp-image-2025-01-03-at-20-47-11-2\/\" rel=\"attachment wp-att-32112\"><img loading=\"lazy\" decoding=\"async\" class=\"aligncenter size-full wp-image-32112\" src=\"https:\/\/correiodasemana.com\/site\/wp-content\/uploads\/2025\/01\/WhatsApp-Image-2025-01-03-at-20.47.11-2.jpeg\" alt=\"\" width=\"1600\" height=\"1200\" srcset=\"https:\/\/correiodasemana.com\/site\/wp-content\/uploads\/2025\/01\/WhatsApp-Image-2025-01-03-at-20.47.11-2.jpeg 1600w, https:\/\/correiodasemana.com\/site\/wp-content\/uploads\/2025\/01\/WhatsApp-Image-2025-01-03-at-20.47.11-2-300x225.jpeg 300w, https:\/\/correiodasemana.com\/site\/wp-content\/uploads\/2025\/01\/WhatsApp-Image-2025-01-03-at-20.47.11-2-1024x768.jpeg 1024w, https:\/\/correiodasemana.com\/site\/wp-content\/uploads\/2025\/01\/WhatsApp-Image-2025-01-03-at-20.47.11-2-768x576.jpeg 768w, https:\/\/correiodasemana.com\/site\/wp-content\/uploads\/2025\/01\/WhatsApp-Image-2025-01-03-at-20.47.11-2-1536x1152.jpeg 1536w\" sizes=\"(max-width: 1600px) 100vw, 1600px\" \/><\/a> <a href=\"https:\/\/correiodasemana.com\/site\/dom-jose-falcao-preside-solenidade-de-santa-maria-mae-de-deus-na-catedral-de-sobral\/whatsapp-image-2025-01-03-at-20-47-12-1\/\" rel=\"attachment wp-att-32113\"><img loading=\"lazy\" decoding=\"async\" class=\"aligncenter size-full wp-image-32113\" src=\"https:\/\/correiodasemana.com\/site\/wp-content\/uploads\/2025\/01\/WhatsApp-Image-2025-01-03-at-20.47.12-1.jpeg\" alt=\"\" width=\"1600\" height=\"1200\" srcset=\"https:\/\/correiodasemana.com\/site\/wp-content\/uploads\/2025\/01\/WhatsApp-Image-2025-01-03-at-20.47.12-1.jpeg 1600w, https:\/\/correiodasemana.com\/site\/wp-content\/uploads\/2025\/01\/WhatsApp-Image-2025-01-03-at-20.47.12-1-300x225.jpeg 300w, https:\/\/correiodasemana.com\/site\/wp-content\/uploads\/2025\/01\/WhatsApp-Image-2025-01-03-at-20.47.12-1-1024x768.jpeg 1024w, https:\/\/correiodasemana.com\/site\/wp-content\/uploads\/2025\/01\/WhatsApp-Image-2025-01-03-at-20.47.12-1-768x576.jpeg 768w, https:\/\/correiodasemana.com\/site\/wp-content\/uploads\/2025\/01\/WhatsApp-Image-2025-01-03-at-20.47.12-1-1536x1152.jpeg 1536w\" sizes=\"(max-width: 1600px) 100vw, 1600px\" \/><\/a> <a href=\"https:\/\/correiodasemana.com\/site\/dom-jose-falcao-preside-solenidade-de-santa-maria-mae-de-deus-na-catedral-de-sobral\/whatsapp-image-2025-01-03-at-20-47-12\/\" rel=\"attachment wp-att-32114\"><img loading=\"lazy\" decoding=\"async\" class=\"aligncenter size-full wp-image-32114\" src=\"https:\/\/correiodasemana.com\/site\/wp-content\/uploads\/2025\/01\/WhatsApp-Image-2025-01-03-at-20.47.12.jpeg\" alt=\"\" width=\"1200\" height=\"1600\" srcset=\"https:\/\/correiodasemana.com\/site\/wp-content\/uploads\/2025\/01\/WhatsApp-Image-2025-01-03-at-20.47.12.jpeg 1200w, https:\/\/correiodasemana.com\/site\/wp-content\/uploads\/2025\/01\/WhatsApp-Image-2025-01-03-at-20.47.12-225x300.jpeg 225w, https:\/\/correiodasemana.com\/site\/wp-content\/uploads\/2025\/01\/WhatsApp-Image-2025-01-03-at-20.47.12-768x1024.jpeg 768w, https:\/\/correiodasemana.com\/site\/wp-content\/uploads\/2025\/01\/WhatsApp-Image-2025-01-03-at-20.47.12-1152x1536.jpeg 1152w, https:\/\/correiodasemana.com\/site\/wp-content\/uploads\/2025\/01\/WhatsApp-Image-2025-01-03-at-20.47.12-1024x1365.jpeg 1024w\" sizes=\"(max-width: 1200px) 100vw, 1200px\" \/><\/a> <a href=\"https:\/\/correiodasemana.com\/site\/dom-jose-falcao-preside-solenidade-de-santa-maria-mae-de-deus-na-catedral-de-sobral\/whatsapp-image-2025-01-03-at-20-47-13-1\/\" rel=\"attachment wp-att-32115\"><img loading=\"lazy\" decoding=\"async\" class=\"aligncenter size-full wp-image-32115\" src=\"https:\/\/correiodasemana.com\/site\/wp-content\/uploads\/2025\/01\/WhatsApp-Image-2025-01-03-at-20.47.13-1.jpeg\" alt=\"\" width=\"1600\" height=\"1200\" srcset=\"https:\/\/correiodasemana.com\/site\/wp-content\/uploads\/2025\/01\/WhatsApp-Image-2025-01-03-at-20.47.13-1.jpeg 1600w, https:\/\/correiodasemana.com\/site\/wp-content\/uploads\/2025\/01\/WhatsApp-Image-2025-01-03-at-20.47.13-1-300x225.jpeg 300w, https:\/\/correiodasemana.com\/site\/wp-content\/uploads\/2025\/01\/WhatsApp-Image-2025-01-03-at-20.47.13-1-1024x768.jpeg 1024w, https:\/\/correiodasemana.com\/site\/wp-content\/uploads\/2025\/01\/WhatsApp-Image-2025-01-03-at-20.47.13-1-768x576.jpeg 768w, https:\/\/correiodasemana.com\/site\/wp-content\/uploads\/2025\/01\/WhatsApp-Image-2025-01-03-at-20.47.13-1-1536x1152.jpeg 1536w\" sizes=\"(max-width: 1600px) 100vw, 1600px\" \/><\/a> <a href=\"https:\/\/correiodasemana.com\/site\/dom-jose-falcao-preside-solenidade-de-santa-maria-mae-de-deus-na-catedral-de-sobral\/whatsapp-image-2025-01-03-at-20-47-13\/\" rel=\"attachment wp-att-32116\"><img loading=\"lazy\" decoding=\"async\" class=\"aligncenter size-full wp-image-32116\" src=\"https:\/\/correiodasemana.com\/site\/wp-content\/uploads\/2025\/01\/WhatsApp-Image-2025-01-03-at-20.47.13.jpeg\" alt=\"\" width=\"1600\" height=\"1416\" srcset=\"https:\/\/correiodasemana.com\/site\/wp-content\/uploads\/2025\/01\/WhatsApp-Image-2025-01-03-at-20.47.13.jpeg 1600w, https:\/\/correiodasemana.com\/site\/wp-content\/uploads\/2025\/01\/WhatsApp-Image-2025-01-03-at-20.47.13-300x266.jpeg 300w, https:\/\/correiodasemana.com\/site\/wp-content\/uploads\/2025\/01\/WhatsApp-Image-2025-01-03-at-20.47.13-1024x906.jpeg 1024w, https:\/\/correiodasemana.com\/site\/wp-content\/uploads\/2025\/01\/WhatsApp-Image-2025-01-03-at-20.47.13-768x680.jpeg 768w, https:\/\/correiodasemana.com\/site\/wp-content\/uploads\/2025\/01\/WhatsApp-Image-2025-01-03-at-20.47.13-1536x1359.jpeg 1536w\" sizes=\"(max-width: 1600px) 100vw, 1600px\" \/><\/a><\/p>\n","protected":false},"excerpt":{"rendered":"<p>Nos dias 31 de dezembro e 1\u00ba de janeiro, a S\u00e9 Catedral de Nossa Senhora&#8230;<\/p>\n","protected":false},"author":7,"featured_media":32114,"comment_status":"open","ping_status":"open","sticky":false,"template":"","format":"standard","meta":{"_jetpack_memberships_contains_paid_content":false,"footnotes":"","jetpack_publicize_message":"","jetpack_publicize_feature_enabled":true,"jetpack_social_post_already_shared":true,"jetpack_social_options":{"image_generator_settings":{"template":"highway","default_image_id":0,"font":"","enabled":false},"version":2}},"categories":[1],"tags":[],"class_list":["post-32104","post","type-post","status-publish","format-standard","has-post-thumbnail","hentry","category-atualidade"],"jetpack_publicize_connections":[],"jetpack_featured_media_url":"https:\/\/correiodasemana.com\/site\/wp-content\/uploads\/2025\/01\/WhatsApp-Image-2025-01-03-at-20.47.12.jpeg","jetpack-related-posts":[{"id":22607,"url":"https:\/\/correiodasemana.com\/site\/dom-jose-francisco-falcao-de-barros-preside-solenidade-de-santa-maria-mae-de-deus-na-catedral-de-sobral\/","url_meta":{"origin":32104,"position":0},"title":"Dom Jos\u00e9 Francisco Falc\u00e3o de Barros, preside Solenidade de Santa Maria m\u00e3e de Deus na Catedral de Sobral","author":"adminredacao","date":"Janeiro 8, 2023","format":false,"excerpt":"O bispo auxiliar do Ordinariado Militar do Brasil, Dom Jos\u00e9 Francisco Falc\u00e3o de Barros, esteve em Sobral no dia 31\/12, para celebrar na Catedral de Nossa Senhora da Concei\u00e7\u00e3o a Solenidade de Santa Maria M\u00e3e de Deus. A Santa Missa teve in\u00edcio \u00e0s 20h. A oitava do Natal coincide com\u2026","rel":"","context":"In &quot;Atualidade&quot;","block_context":{"text":"Atualidade","link":"https:\/\/correiodasemana.com\/site\/category\/atualidade\/"},"img":{"alt_text":"","src":"","width":0,"height":0},"classes":[]},{"id":36691,"url":"https:\/\/correiodasemana.com\/site\/festa-da-imaculada-conceicao-reune-multidao-na-catedral-da-se\/","url_meta":{"origin":32104,"position":1},"title":"Festa da Imaculada Concei\u00e7\u00e3o re\u00fane multid\u00e3o na Catedral da S\u00e9","author":"adminredacao","date":"Dezembro 11, 2025","format":false,"excerpt":"A cidade de Sobral viveu, nos \u00faltimos dias, um dos momentos mais significativos de sua caminhada de f\u00e9: a Festa de Nossa Senhora da Concei\u00e7\u00e3o, padroeira da cidade e de toda a Diocese. A tradi\u00e7\u00e3o centen\u00e1ria mobiliza milhares de fi\u00e9is que, ano ap\u00f3s ano, veneram a Virgem Imaculada e participam\u2026","rel":"","context":"In &quot;Atualidade&quot;","block_context":{"text":"Atualidade","link":"https:\/\/correiodasemana.com\/site\/category\/atualidade\/"},"img":{"alt_text":"","src":"https:\/\/i0.wp.com\/correiodasemana.com\/site\/wp-content\/uploads\/2025\/12\/grande-scaled.jpg?resize=350%2C200&ssl=1","width":350,"height":200,"srcset":"https:\/\/i0.wp.com\/correiodasemana.com\/site\/wp-content\/uploads\/2025\/12\/grande-scaled.jpg?resize=350%2C200&ssl=1 1x, https:\/\/i0.wp.com\/correiodasemana.com\/site\/wp-content\/uploads\/2025\/12\/grande-scaled.jpg?resize=525%2C300&ssl=1 1.5x, https:\/\/i0.wp.com\/correiodasemana.com\/site\/wp-content\/uploads\/2025\/12\/grande-scaled.jpg?resize=700%2C400&ssl=1 2x, https:\/\/i0.wp.com\/correiodasemana.com\/site\/wp-content\/uploads\/2025\/12\/grande-scaled.jpg?resize=1050%2C600&ssl=1 3x, https:\/\/i0.wp.com\/correiodasemana.com\/site\/wp-content\/uploads\/2025\/12\/grande-scaled.jpg?resize=1400%2C800&ssl=1 4x"},"classes":[]},{"id":18276,"url":"https:\/\/correiodasemana.com\/site\/diocese-de-sobral-celebra-a-festa-de-sua-padroeira-a-imaculada-conceicao-de-maria\/","url_meta":{"origin":32104,"position":2},"title":"Diocese de Sobral celebra a festa de sua padroeira, a Imaculada Concei\u00e7\u00e3o de Maria","author":"","date":"Dezembro 12, 2021","format":false,"excerpt":"Por Thais Helena (Jornal Correio da Semana) Na \u00faltima quarta-feira, 08 de dezembro, a Igreja celebrou a Festa da Imaculada Concei\u00e7\u00e3o. Neste mesmo dia em 1854, atrav\u00e9s da bula Ineffabilis Deus do Papa Pio IX, a Igreja oficialmente reconheceu e declarou solenemente como dogma: \u201cMaria isenta do pecado original\u201d. A\u2026","rel":"","context":"In &quot;Atualidade&quot;","block_context":{"text":"Atualidade","link":"https:\/\/correiodasemana.com\/site\/category\/atualidade\/"},"img":{"alt_text":"","src":"https:\/\/i0.wp.com\/correiodasemana.com\/site\/wp-content\/uploads\/2021\/12\/IMG_8799.jpg?resize=350%2C200&ssl=1","width":350,"height":200,"srcset":"https:\/\/i0.wp.com\/correiodasemana.com\/site\/wp-content\/uploads\/2021\/12\/IMG_8799.jpg?resize=350%2C200&ssl=1 1x, https:\/\/i0.wp.com\/correiodasemana.com\/site\/wp-content\/uploads\/2021\/12\/IMG_8799.jpg?resize=525%2C300&ssl=1 1.5x, https:\/\/i0.wp.com\/correiodasemana.com\/site\/wp-content\/uploads\/2021\/12\/IMG_8799.jpg?resize=700%2C400&ssl=1 2x"},"classes":[]},{"id":31756,"url":"https:\/\/correiodasemana.com\/site\/diocese-de-sobral-celebra-solenidade-em-honra-a-imaculada-conceicao\/","url_meta":{"origin":32104,"position":3},"title":"Diocese de Sobral celebra solenidade em honra a Imaculada Concei\u00e7\u00e3o","author":"adminredacao","date":"Dezembro 10, 2024","format":false,"excerpt":"Sob os ausp\u00edcios de Nossa Senhora da Concei\u00e7\u00e3o, os devotos participaram da grande Solenidade em honra a padroeira da Diocese de Sobral neste domingo, 08 de dezembro, na S\u00e9 Catedral. Com o tema: \u201cMaria, mulher da ora\u00e7\u00e3o e contempla\u00e7\u00e3o\u201d, e o lema: \u201cO Senhor escutou a minha ora\u00e7\u00e3o, o Senhor\u2026","rel":"","context":"In &quot;Atualidade&quot;","block_context":{"text":"Atualidade","link":"https:\/\/correiodasemana.com\/site\/category\/atualidade\/"},"img":{"alt_text":"","src":"https:\/\/i0.wp.com\/correiodasemana.com\/site\/wp-content\/uploads\/2024\/12\/sobral-imaculada-conceicao-11.jpg?resize=350%2C200&ssl=1","width":350,"height":200,"srcset":"https:\/\/i0.wp.com\/correiodasemana.com\/site\/wp-content\/uploads\/2024\/12\/sobral-imaculada-conceicao-11.jpg?resize=350%2C200&ssl=1 1x, https:\/\/i0.wp.com\/correiodasemana.com\/site\/wp-content\/uploads\/2024\/12\/sobral-imaculada-conceicao-11.jpg?resize=525%2C300&ssl=1 1.5x, https:\/\/i0.wp.com\/correiodasemana.com\/site\/wp-content\/uploads\/2024\/12\/sobral-imaculada-conceicao-11.jpg?resize=700%2C400&ssl=1 2x"},"classes":[]},{"id":35953,"url":"https:\/\/correiodasemana.com\/site\/procissao-e-missa-solene-reunem-fieis-na-festa-de-nossa-senhora-aparecida-na-catedral-de-sobral\/","url_meta":{"origin":32104,"position":4},"title":"Prociss\u00e3o e Missa solene re\u00fanem fi\u00e9is na Festa de Nossa Senhora Aparecida na Catedral de Sobral","author":"adminredacao","date":"Outubro 29, 2025","format":false,"excerpt":"A Igreja Cat\u00f3lica no Brasil celebrou, no \u00faltimo s\u00e1bado (12\/10), a Solenidade de Nossa Senhora da Concei\u00e7\u00e3o Aparecida, Rainha e Padroeira do Brasil. Na S\u00e9 Catedral de Sobral, fi\u00e9is se uniram a toda a na\u00e7\u00e3o para entoar c\u00e2nticos e manifestar sua devo\u00e7\u00e3o \u00e0 M\u00e3e de Deus e nossa M\u00e3e. A\u2026","rel":"","context":"In &quot;Atualidade&quot;","block_context":{"text":"Atualidade","link":"https:\/\/correiodasemana.com\/site\/category\/atualidade\/"},"img":{"alt_text":"","src":"https:\/\/i0.wp.com\/correiodasemana.com\/site\/wp-content\/uploads\/2025\/10\/WhatsApp-Image-2025-10-18-at-15.44.45.jpeg?resize=350%2C200&ssl=1","width":350,"height":200,"srcset":"https:\/\/i0.wp.com\/correiodasemana.com\/site\/wp-content\/uploads\/2025\/10\/WhatsApp-Image-2025-10-18-at-15.44.45.jpeg?resize=350%2C200&ssl=1 1x, https:\/\/i0.wp.com\/correiodasemana.com\/site\/wp-content\/uploads\/2025\/10\/WhatsApp-Image-2025-10-18-at-15.44.45.jpeg?resize=525%2C300&ssl=1 1.5x, https:\/\/i0.wp.com\/correiodasemana.com\/site\/wp-content\/uploads\/2025\/10\/WhatsApp-Image-2025-10-18-at-15.44.45.jpeg?resize=700%2C400&ssl=1 2x, https:\/\/i0.wp.com\/correiodasemana.com\/site\/wp-content\/uploads\/2025\/10\/WhatsApp-Image-2025-10-18-at-15.44.45.jpeg?resize=1050%2C600&ssl=1 3x"},"classes":[]},{"id":36382,"url":"https:\/\/correiodasemana.com\/site\/movimento-do-terco-dos-homens-celebra-jubileu-com-caminhada-e-missa-na-se-catedral\/","url_meta":{"origin":32104,"position":5},"title":"Movimento do Ter\u00e7o dos Homens celebra Jubileu com caminhada e Missa na S\u00e9 Catedral","author":"adminredacao","date":"Novembro 18, 2025","format":false,"excerpt":"Centenas de homens de diversas par\u00f3quias participaram, na manh\u00e3 deste s\u00e1bado (15\/11), do Jubileu Diocesano do Ter\u00e7o dos Homens, em Sobral. A programa\u00e7\u00e3o teve in\u00edcio na Capela do Menino Deus, com uma medita\u00e7\u00e3o sobre o Ano Jubilar. Em seguida, os participantes seguiram em caminhada peregrina at\u00e9 a S\u00e9 Catedral de\u2026","rel":"","context":"In &quot;Atualidade&quot;","block_context":{"text":"Atualidade","link":"https:\/\/correiodasemana.com\/site\/category\/atualidade\/"},"img":{"alt_text":"","src":"https:\/\/i0.wp.com\/correiodasemana.com\/site\/wp-content\/uploads\/2025\/11\/DSC_0864-scaled.jpg?resize=350%2C200&ssl=1","width":350,"height":200,"srcset":"https:\/\/i0.wp.com\/correiodasemana.com\/site\/wp-content\/uploads\/2025\/11\/DSC_0864-scaled.jpg?resize=350%2C200&ssl=1 1x, https:\/\/i0.wp.com\/correiodasemana.com\/site\/wp-content\/uploads\/2025\/11\/DSC_0864-scaled.jpg?resize=525%2C300&ssl=1 1.5x, https:\/\/i0.wp.com\/correiodasemana.com\/site\/wp-content\/uploads\/2025\/11\/DSC_0864-scaled.jpg?resize=700%2C400&ssl=1 2x, https:\/\/i0.wp.com\/correiodasemana.com\/site\/wp-content\/uploads\/2025\/11\/DSC_0864-scaled.jpg?resize=1050%2C600&ssl=1 3x, https:\/\/i0.wp.com\/correiodasemana.com\/site\/wp-content\/uploads\/2025\/11\/DSC_0864-scaled.jpg?resize=1400%2C800&ssl=1 4x"},"classes":[]}],"jetpack_sharing_enabled":true,"_links":{"self":[{"href":"https:\/\/correiodasemana.com\/site\/wp-json\/wp\/v2\/posts\/32104","targetHints":{"allow":["GET"]}}],"collection":[{"href":"https:\/\/correiodasemana.com\/site\/wp-json\/wp\/v2\/posts"}],"about":[{"href":"https:\/\/correiodasemana.com\/site\/wp-json\/wp\/v2\/types\/post"}],"author":[{"embeddable":true,"href":"https:\/\/correiodasemana.com\/site\/wp-json\/wp\/v2\/users\/7"}],"replies":[{"embeddable":true,"href":"https:\/\/correiodasemana.com\/site\/wp-json\/wp\/v2\/comments?post=32104"}],"version-history":[{"count":2,"href":"https:\/\/correiodasemana.com\/site\/wp-json\/wp\/v2\/posts\/32104\/revisions"}],"predecessor-version":[{"id":32118,"href":"https:\/\/correiodasemana.com\/site\/wp-json\/wp\/v2\/posts\/32104\/revisions\/32118"}],"wp:featuredmedia":[{"embeddable":true,"href":"https:\/\/correiodasemana.com\/site\/wp-json\/wp\/v2\/media\/32114"}],"wp:attachment":[{"href":"https:\/\/correiodasemana.com\/site\/wp-json\/wp\/v2\/media?parent=32104"}],"wp:term":[{"taxonomy":"category","embeddable":true,"href":"https:\/\/correiodasemana.com\/site\/wp-json\/wp\/v2\/categories?post=32104"},{"taxonomy":"post_tag","embeddable":true,"href":"https:\/\/correiodasemana.com\/site\/wp-json\/wp\/v2\/tags?post=32104"}],"curies":[{"name":"wp","href":"https:\/\/api.w.org\/{rel}","templated":true}]}}