{"id":32133,"date":"2025-01-15T16:14:10","date_gmt":"2025-01-15T19:14:10","guid":{"rendered":"https:\/\/correiodasemana.com\/site\/?p=32133"},"modified":"2025-01-15T16:14:10","modified_gmt":"2025-01-15T19:14:10","slug":"em-tempo-259","status":"publish","type":"post","link":"https:\/\/correiodasemana.com\/site\/em-tempo-259\/","title":{"rendered":"Em Tempo"},"content":{"rendered":"<p><strong>Concurso para professor de L\u00edngua Inglesa<\/strong><br \/>\nA Universidade Federal do Cear\u00e1 (UFC) publicou edital de concurso p\u00fablico para uma vaga de professor da carreira do Magist\u00e9rio do Ensino B\u00e1sico, T\u00e9cnico e Tecnol\u00f3gico. As inscri\u00e7\u00f5es estar\u00e3o abertas de 14 de janeiro a 12 de fevereiro pelo e-mail ccbsecretaria@ufc.br.<br \/>\nA vaga est\u00e1 no setor de estudo L\u00edngua Inglesa. O regime de trabalho \u00e9 de 40 horas semanais. Os selecionados ir\u00e3o atuar no Centro de Humanidades da UFC, em Fortaleza. A sele\u00e7\u00e3o ser\u00e1 feita por meio de provas escrita e did\u00e1tica e de avalia\u00e7\u00e3o de t\u00edtulos.<\/p>\n<p><strong>Programa de P\u00f3s-gradua\u00e7\u00e3o em Geografia<\/strong><br \/>\nO Programa de P\u00f3s-gradua\u00e7\u00e3o em Geografia da Universidade Estadual do Cear\u00e1 abrir\u00e1 sele\u00e7\u00e3o para novas turmas de Mestrado e de Doutorado Acad\u00eamicos. As inscri\u00e7\u00f5es acontecer\u00e3o no per\u00edodo de 13 a 31 de janeiro, exclusivamente pelo e-mail posgeografia@uece.br.<br \/>\nS\u00e3o 12 vagas para o Mestrado e 10 para o Doutorado. O programa conta com \u00e1rea de concentra\u00e7\u00e3o em An\u00e1lise Geoambiental, Ordena\u00e7\u00e3o e Produ\u00e7\u00e3o de Territ\u00f3rio, dividida em duas linhas: Estrutura, evolu\u00e7\u00e3o e Din\u00e2mica das Paisagens; e Territ\u00f3rio, Sociedade e Cultura.<\/p>\n<p><strong><a href=\"https:\/\/correiodasemana.com\/site\/em-tempo-259\/geraldo-azevedo-por-marcelo-ribeiro\/\" rel=\"attachment wp-att-32134\"><img fetchpriority=\"high\" decoding=\"async\" class=\" wp-image-32134 alignright\" src=\"https:\/\/correiodasemana.com\/site\/wp-content\/uploads\/2025\/01\/GERALDO-AZEVEDO-Por-Marcelo-Ribeiro.jpg\" alt=\"\" width=\"324\" height=\"216\" srcset=\"https:\/\/correiodasemana.com\/site\/wp-content\/uploads\/2025\/01\/GERALDO-AZEVEDO-Por-Marcelo-Ribeiro.jpg 1200w, https:\/\/correiodasemana.com\/site\/wp-content\/uploads\/2025\/01\/GERALDO-AZEVEDO-Por-Marcelo-Ribeiro-300x200.jpg 300w, https:\/\/correiodasemana.com\/site\/wp-content\/uploads\/2025\/01\/GERALDO-AZEVEDO-Por-Marcelo-Ribeiro-1024x683.jpg 1024w, https:\/\/correiodasemana.com\/site\/wp-content\/uploads\/2025\/01\/GERALDO-AZEVEDO-Por-Marcelo-Ribeiro-768x512.jpg 768w\" sizes=\"(max-width: 324px) 100vw, 324px\" \/><\/a>Cantor Geraldo Azevedo festeja 80 anos <\/strong><br \/>\n<strong>Foto: Marcelo Ribeiro<\/strong><br \/>\n<strong>Cantor e compositor pernambucano Geraldo Azevedo retorna a Fortaleza<\/strong><\/p>\n<p>Cantor e compositor pernambucano Geraldo Azevedo retorna a Fortaleza em 2025 para mais um show. Desta vez, por\u00e9m, por um motivo ainda mais especial: a celebra\u00e7\u00e3o de seus 80 anos de idade. A apresenta\u00e7\u00e3o ocorre no Teatro RioMar Fortaleza em 17 de maio, um s\u00e1bado.<br \/>\nNa apresenta\u00e7\u00e3o, o p\u00fablico ir\u00e1 ouvir cl\u00e1ssicos como \u201cDia Branco\u201d, \u201cT\u00e1xi Lunar\u201d, \u201cBicho de 7 de Cabe\u00e7as\u201d e outros sucessos do artista que marcaram gera\u00e7\u00f5es. A \u00faltima passagem de Geraldo Azevedo ocorreu em outubro, quando fez show gratuito em Jericoacoara.<\/p>\n<p><strong>Livro \u201cEstrangeira na casa que habito\u201d<\/strong><br \/>\nAutora \u00cdris Cavalcante lan\u00e7ar\u00e1, dia 9 de janeiro, \u00e0s 18h, o livro \u201cEstrangeira na casa que habito\u201d, que aborda quest\u00f5es do universo feminino, depress\u00e3o, maternidade e a busca por um lugar no mundo. Evento ser\u00e1 na Biblioteca P\u00fablica (Bece), em Fortaleza.<br \/>\nA escritora, que foi finalista do Pr\u00eamio Jabuti em 2018, conta que o livro traz uma narrativa po\u00e9tica abordada a partir do seu lugar de mulher na sociedade, onde reconhece a desigualdade de g\u00eanero. E da necessidade de existir mais mulheres em espa\u00e7os de poder.<\/p>\n<p><strong>T\u00edtulo de Doutor Honoris Causa da UFC<\/strong><br \/>\nO engenheiro civil Eudoro Santana recebeu, em Fortaleza, o t\u00edtulo de Doutor Honoris Causa da Universidade Federal do Cear\u00e1 (UFC), com as presen\u00e7as do reitor Cust\u00f3dio Almeida, da vice-reitora Diana Azevedo e de seu filho, o ministro da Educa\u00e7\u00e3o, Camilo Santana.<br \/>\nNa cerim\u00f4nia, dia 13 de dezembro, entre os convidados estavam o governador Elmano de Freitas e o senador Cid Gomes. Eudoro foi deputado estadual por quatro mandatos e exerceu diversos cargos na administra\u00e7\u00e3o p\u00fablica. \u00c9 casado com Ermengarda de Amorim Sobreira.<\/p>\n<p><strong>Dica da Coluna\u00a0<\/strong><br \/>\nLeia o Blog do Edilson (www.blogdoedilson.com.br): Cultura, educa\u00e7\u00e3o, pol\u00edtica e utilidade p\u00fablica.<\/p>\n","protected":false},"excerpt":{"rendered":"<p>Concurso para professor de L\u00edngua Inglesa A Universidade Federal do Cear\u00e1 (UFC) publicou edital de&#8230;<\/p>\n","protected":false},"author":7,"featured_media":18025,"comment_status":"open","ping_status":"open","sticky":false,"template":"","format":"standard","meta":{"_jetpack_memberships_contains_paid_content":false,"footnotes":"","jetpack_publicize_message":"","jetpack_publicize_feature_enabled":true,"jetpack_social_post_already_shared":true,"jetpack_social_options":{"image_generator_settings":{"template":"highway","default_image_id":0,"font":"","enabled":false},"version":2}},"categories":[11,36],"tags":[],"class_list":["post-32133","post","type-post","status-publish","format-standard","has-post-thumbnail","hentry","category-artigos","category-em-tempo"],"jetpack_publicize_connections":[],"jetpack_featured_media_url":"https:\/\/correiodasemana.com\/site\/wp-content\/uploads\/2021\/11\/Edilson-Silva.jpg","jetpack-related-posts":[{"id":28203,"url":"https:\/\/correiodasemana.com\/site\/em-tempo-212\/","url_meta":{"origin":32133,"position":0},"title":"EM TEMPO \u2022","author":"adminredacao","date":"Janeiro 29, 2024","format":false,"excerpt":"IFCE tem 410 vagas no SISU O campus de Sobral do Instituto Federal de Educa\u00e7\u00e3o, Ci\u00eancia e Tecnologia do Cear\u00e1 (IFCE) vai ofertar 410 vagas em seis cursos de gradua\u00e7\u00e3o para o Sistema de Sele\u00e7\u00e3o Unificada (Sisu) em 2024. As inscri\u00e7\u00f5es podem ser feitas at\u00e9 25 de janeiro, em acessounico.mec.gov.br.\u2026","rel":"","context":"In &quot;Artigos&quot;","block_context":{"text":"Artigos","link":"https:\/\/correiodasemana.com\/site\/category\/artigos\/"},"img":{"alt_text":"","src":"https:\/\/i0.wp.com\/correiodasemana.com\/site\/wp-content\/uploads\/2024\/01\/1_alan_morais-25142196-150x150.png?resize=350%2C200&ssl=1","width":350,"height":200,"srcset":"https:\/\/i0.wp.com\/correiodasemana.com\/site\/wp-content\/uploads\/2024\/01\/1_alan_morais-25142196-150x150.png?resize=350%2C200&ssl=1 1x, https:\/\/i0.wp.com\/correiodasemana.com\/site\/wp-content\/uploads\/2024\/01\/1_alan_morais-25142196-150x150.png?resize=525%2C300&ssl=1 1.5x, https:\/\/i0.wp.com\/correiodasemana.com\/site\/wp-content\/uploads\/2024\/01\/1_alan_morais-25142196-150x150.png?resize=700%2C400&ssl=1 2x"},"classes":[]},{"id":10301,"url":"https:\/\/correiodasemana.com\/site\/em-tempo-24\/","url_meta":{"origin":32133,"position":1},"title":"Em Tempo","author":"","date":"Dezembro 23, 2019","format":false,"excerpt":"Concurso do Minist\u00e9rio P\u00fablico Minist\u00e9rio P\u00fablico do Cear\u00e1 (MPCE) publicou no Di\u00e1rio Oficial, no dia 17 de dezembro, o edital de\u00a0concurso p\u00fablico para 30 vagas e forma\u00e7\u00e3o de cadastro de reserva para os cargos de analista e t\u00e9cnicos ministeriais. A\u00a0data prevista para realiza\u00e7\u00e3o da prova \u00e9 dia 8 de mar\u00e7o.\u2026","rel":"","context":"In &quot;Artigos&quot;","block_context":{"text":"Artigos","link":"https:\/\/correiodasemana.com\/site\/category\/artigos\/"},"img":{"alt_text":"","src":"https:\/\/i0.wp.com\/correiodasemana.com\/site\/wp-content\/uploads\/2019\/12\/Hemoce-no-gabinete.jpeg?resize=350%2C200&ssl=1","width":350,"height":200,"srcset":"https:\/\/i0.wp.com\/correiodasemana.com\/site\/wp-content\/uploads\/2019\/12\/Hemoce-no-gabinete.jpeg?resize=350%2C200&ssl=1 1x, https:\/\/i0.wp.com\/correiodasemana.com\/site\/wp-content\/uploads\/2019\/12\/Hemoce-no-gabinete.jpeg?resize=525%2C300&ssl=1 1.5x, https:\/\/i0.wp.com\/correiodasemana.com\/site\/wp-content\/uploads\/2019\/12\/Hemoce-no-gabinete.jpeg?resize=700%2C400&ssl=1 2x, https:\/\/i0.wp.com\/correiodasemana.com\/site\/wp-content\/uploads\/2019\/12\/Hemoce-no-gabinete.jpeg?resize=1050%2C600&ssl=1 3x"},"classes":[]},{"id":15148,"url":"https:\/\/correiodasemana.com\/site\/em-tempo-62\/","url_meta":{"origin":32133,"position":2},"title":"Em Tempo","author":"","date":"Dezembro 21, 2020","format":false,"excerpt":"Campanha de doa\u00e7\u00e3o de sangue O Centro de Hematologia e Hemoterapia do Cear\u00e1 (Hemoce) iniciou no dia 17 de dezembro campanha de incentivo \u00e0 doa\u00e7\u00e3o de sangue. A iniciativa acontece at\u00e9 31 deste m\u00eas em toda hemorrede e visa sensibilizar a popula\u00e7\u00e3o para a import\u00e2ncia da doa\u00e7\u00e3o regular. Com o\u2026","rel":"","context":"In &quot;Artigos&quot;","block_context":{"text":"Artigos","link":"https:\/\/correiodasemana.com\/site\/category\/artigos\/"},"img":{"alt_text":"","src":"https:\/\/i0.wp.com\/correiodasemana.com\/site\/wp-content\/uploads\/2019\/12\/FOTO-EDILSON-SILVA-2.jpg?resize=350%2C200&ssl=1","width":350,"height":200,"srcset":"https:\/\/i0.wp.com\/correiodasemana.com\/site\/wp-content\/uploads\/2019\/12\/FOTO-EDILSON-SILVA-2.jpg?resize=350%2C200&ssl=1 1x, https:\/\/i0.wp.com\/correiodasemana.com\/site\/wp-content\/uploads\/2019\/12\/FOTO-EDILSON-SILVA-2.jpg?resize=525%2C300&ssl=1 1.5x, https:\/\/i0.wp.com\/correiodasemana.com\/site\/wp-content\/uploads\/2019\/12\/FOTO-EDILSON-SILVA-2.jpg?resize=700%2C400&ssl=1 2x"},"classes":[]},{"id":37048,"url":"https:\/\/correiodasemana.com\/site\/em-tempo-310\/","url_meta":{"origin":32133,"position":3},"title":"EM TEMPO \u2022","author":"adminredacao","date":"Janeiro 17, 2026","format":false,"excerpt":"Editais da Pol\u00edtica Nacional Aldir Blanc Secretaria da Cultura do Estado tem oito editais do segundo ciclo da Pol\u00edtica Nacional Aldir Blanc de Fomento \u00e0 Cultura, com inscri\u00e7\u00f5es at\u00e9 23 de janeiro, exclusivamente pelo Mapa Cultural do Cear\u00e1, onde tamb\u00e9m est\u00e3o dispon\u00edveis os regulamentos e demais informa\u00e7\u00f5es. Editais: Pr\u00eamio Pedro\u2026","rel":"","context":"In &quot;Artigos&quot;","block_context":{"text":"Artigos","link":"https:\/\/correiodasemana.com\/site\/category\/artigos\/"},"img":{"alt_text":"","src":"https:\/\/i0.wp.com\/correiodasemana.com\/site\/wp-content\/uploads\/2026\/01\/Wagner-Moura-150x150.jpg?resize=350%2C200&ssl=1","width":350,"height":200,"srcset":"https:\/\/i0.wp.com\/correiodasemana.com\/site\/wp-content\/uploads\/2026\/01\/Wagner-Moura-150x150.jpg?resize=350%2C200&ssl=1 1x, https:\/\/i0.wp.com\/correiodasemana.com\/site\/wp-content\/uploads\/2026\/01\/Wagner-Moura-150x150.jpg?resize=525%2C300&ssl=1 1.5x, https:\/\/i0.wp.com\/correiodasemana.com\/site\/wp-content\/uploads\/2026\/01\/Wagner-Moura-150x150.jpg?resize=700%2C400&ssl=1 2x"},"classes":[]},{"id":32246,"url":"https:\/\/correiodasemana.com\/site\/em-tempo-260\/","url_meta":{"origin":32133,"position":4},"title":"Em Tempo","author":"adminredacao","date":"Janeiro 16, 2025","format":false,"excerpt":"Mestrado Ensino na Sa\u00fade na Uece A Universidade Estadual do Cear\u00e1 (Uece) lan\u00e7ou edital para forma\u00e7\u00e3o de novas turmas do Curso de Mestrado Profissional Ensino na Sa\u00fade. As inscri\u00e7\u00f5es estar\u00e3o abertas de 13 a 31 de janeiro. S\u00e3o 25 vagas para o campus de Fortaleza e 25 vagas para o\u2026","rel":"","context":"In &quot;Artigos&quot;","block_context":{"text":"Artigos","link":"https:\/\/correiodasemana.com\/site\/category\/artigos\/"},"img":{"alt_text":"","src":"https:\/\/i0.wp.com\/correiodasemana.com\/site\/wp-content\/uploads\/2025\/01\/Fernanda-Torres.jpg?resize=350%2C200&ssl=1","width":350,"height":200,"srcset":"https:\/\/i0.wp.com\/correiodasemana.com\/site\/wp-content\/uploads\/2025\/01\/Fernanda-Torres.jpg?resize=350%2C200&ssl=1 1x, https:\/\/i0.wp.com\/correiodasemana.com\/site\/wp-content\/uploads\/2025\/01\/Fernanda-Torres.jpg?resize=525%2C300&ssl=1 1.5x, https:\/\/i0.wp.com\/correiodasemana.com\/site\/wp-content\/uploads\/2025\/01\/Fernanda-Torres.jpg?resize=700%2C400&ssl=1 2x"},"classes":[]},{"id":17129,"url":"https:\/\/correiodasemana.com\/site\/em-tempo-93\/","url_meta":{"origin":32133,"position":5},"title":"Em Tempo","author":"","date":"Agosto 2, 2021","format":false,"excerpt":"Inscri\u00e7\u00f5es para pessoas com defici\u00eancia Pessoas com defici\u00eancia t\u00eam novo prazo para se inscrever no concurso do Banco do Brasil. O edital do certame foi retificado pelo Governo Federal e estende as inscri\u00e7\u00f5es para esse grupo at\u00e9 o dia 7 de agosto. Para os outros concorrentes, o per\u00edodo foi encerrado\u2026","rel":"","context":"In &quot;Artigos&quot;","block_context":{"text":"Artigos","link":"https:\/\/correiodasemana.com\/site\/category\/artigos\/"},"img":{"alt_text":"","src":"https:\/\/i0.wp.com\/correiodasemana.com\/site\/wp-content\/uploads\/2019\/12\/FOTO-EDILSON-SILVA-2.jpg?resize=350%2C200&ssl=1","width":350,"height":200,"srcset":"https:\/\/i0.wp.com\/correiodasemana.com\/site\/wp-content\/uploads\/2019\/12\/FOTO-EDILSON-SILVA-2.jpg?resize=350%2C200&ssl=1 1x, https:\/\/i0.wp.com\/correiodasemana.com\/site\/wp-content\/uploads\/2019\/12\/FOTO-EDILSON-SILVA-2.jpg?resize=525%2C300&ssl=1 1.5x, https:\/\/i0.wp.com\/correiodasemana.com\/site\/wp-content\/uploads\/2019\/12\/FOTO-EDILSON-SILVA-2.jpg?resize=700%2C400&ssl=1 2x"},"classes":[]}],"jetpack_sharing_enabled":true,"_links":{"self":[{"href":"https:\/\/correiodasemana.com\/site\/wp-json\/wp\/v2\/posts\/32133","targetHints":{"allow":["GET"]}}],"collection":[{"href":"https:\/\/correiodasemana.com\/site\/wp-json\/wp\/v2\/posts"}],"about":[{"href":"https:\/\/correiodasemana.com\/site\/wp-json\/wp\/v2\/types\/post"}],"author":[{"embeddable":true,"href":"https:\/\/correiodasemana.com\/site\/wp-json\/wp\/v2\/users\/7"}],"replies":[{"embeddable":true,"href":"https:\/\/correiodasemana.com\/site\/wp-json\/wp\/v2\/comments?post=32133"}],"version-history":[{"count":2,"href":"https:\/\/correiodasemana.com\/site\/wp-json\/wp\/v2\/posts\/32133\/revisions"}],"predecessor-version":[{"id":32136,"href":"https:\/\/correiodasemana.com\/site\/wp-json\/wp\/v2\/posts\/32133\/revisions\/32136"}],"wp:featuredmedia":[{"embeddable":true,"href":"https:\/\/correiodasemana.com\/site\/wp-json\/wp\/v2\/media\/18025"}],"wp:attachment":[{"href":"https:\/\/correiodasemana.com\/site\/wp-json\/wp\/v2\/media?parent=32133"}],"wp:term":[{"taxonomy":"category","embeddable":true,"href":"https:\/\/correiodasemana.com\/site\/wp-json\/wp\/v2\/categories?post=32133"},{"taxonomy":"post_tag","embeddable":true,"href":"https:\/\/correiodasemana.com\/site\/wp-json\/wp\/v2\/tags?post=32133"}],"curies":[{"name":"wp","href":"https:\/\/api.w.org\/{rel}","templated":true}]}}