{"id":32243,"date":"2025-01-16T12:58:50","date_gmt":"2025-01-16T15:58:50","guid":{"rendered":"https:\/\/correiodasemana.com\/site\/?p=32243"},"modified":"2025-01-16T12:58:50","modified_gmt":"2025-01-16T15:58:50","slug":"denuncias-de-violacoes-aos-direitos-humanos-aumentam-22-em-um-ano","status":"publish","type":"post","link":"https:\/\/correiodasemana.com\/site\/denuncias-de-violacoes-aos-direitos-humanos-aumentam-22-em-um-ano\/","title":{"rendered":"Den\u00fancias de viola\u00e7\u00f5es aos direitos humanos aumentam 22% em um ano"},"content":{"rendered":"<p><em><strong>Governo divulgou balan\u00e7o de 2024<\/strong><\/em><\/p>\n<p>Fonte: Ag\u00eancia Brasil<br \/>\nEm 2024, o Disque 100 recebeu mais de 657,2 mil den\u00fancias de viola\u00e7\u00f5es aos direitos humanos. O n\u00famero \u00e9 22,6% superior ao registrado em 2023, quando o canal do Minist\u00e9rio dos Direitos Humanos e da Cidadania foi acionado 536,1 mil vezes.<br \/>\nSegundo o minist\u00e9rio, o total de viola\u00e7\u00f5es verificadas tamb\u00e9m aumentou, saltando de 3,4 milh\u00f5es, em 2023, para 4,3 milh\u00f5es, em 2024. Cada den\u00fancia pode resultar em mais de tipo de viola\u00e7\u00e3o.<br \/>\nEntre as infra\u00e7\u00f5es mais recorrentes est\u00e3o a viola\u00e7\u00e3o \u00e0 integridade por neglig\u00eancia, com 464,3 mil ocorr\u00eancias; tortura ps\u00edquica (389,3 mil) e a viola\u00e7\u00e3o \u00e0 integridade f\u00edsica com exposi\u00e7\u00e3o de risco \u00e0 sa\u00fade (368,7 mil).<br \/>\nA maioria das v\u00edtimas das den\u00fancias \u00e9 do g\u00eanero feminino (372,3 mil), pessoas brancas (261,6 mil), e com idade entre 70 e 74 anos (32,5 mil). Na maioria dos casos, as viola\u00e7\u00f5es ocorreram na casa da pr\u00f3pria v\u00edtima e\/ou do suspeito (301,4 mil). Entre os grupos mais vulner\u00e1veis est\u00e3o crian\u00e7as e adolescentes (289,4 mil), pessoas idosas (179,6 mil) e mulheres (111,6 mil).<br \/>\nApesar da vulnerabilidade, o total de v\u00edtimas do g\u00eanero feminino foi 2,9% menor que o registrado em 2023. Por outro lado, em 2024, o perfil do agressor mudou: as mulheres (283,1 mil) passaram a liderar o g\u00eanero do suspeito de agress\u00e3o, configurando um aumento de 28,8% em compara\u00e7\u00e3o a 2023.<br \/>\nAs agressoras ou os agressores s\u00e3o, majoritariamente, da cor branca (172,9 mil) e t\u00eam entre 30 e 34 anos de idade (65,8 mil). Em geral, os principais suspeitos de cometerem agress\u00f5es t\u00eam parentesco de primeiro grau com a v\u00edtima: m\u00e3es (160,8 mil), filhos ou filhas (108,8 mil) e pais (49,2 mil).<br \/>\nNo topo da lista das unidades federativas com maior n\u00famero de den\u00fancias est\u00e3o S\u00e3o Paulo (174,6 mil), Rio de Janeiro (83,1 mil) e Minas Gerais (72,8 mil). Estes estados tamb\u00e9m respondem pelo maior n\u00famero de viola\u00e7\u00f5es de direitos humanos \u2013 definidas como qualquer fato que atente ou viole os direitos de uma v\u00edtima \u2013, com 1,17 milh\u00e3o; 562,1 mil; e 490,6 mil, respectivamente.<br \/>\nDisque 100<br \/>\nO Disque Direitos Humanos \u2013 Disque 100 \u00e9 um servi\u00e7o de utilidade p\u00fablica. Qualquer pessoa pode comunicar algum fato relacionado a viola\u00e7\u00f5es de direitos humanos, da qual seja v\u00edtima ou tenha conhecimento.<br \/>\nAs den\u00fancias podem ser feitas por diferentes plataformas: al\u00e9m das liga\u00e7\u00f5es telef\u00f4nicas gratuitas para o n\u00famero 100, tamb\u00e9m \u00e9 poss\u00edvel mandar mensagem pelo Whatsapp (61) 99611-0100 e pelo Telegram (digitar \u201cdireitoshumanosbrasil\u201d na busca do aplicativo).<br \/>\nPessoas surdas ou com defici\u00eancia auditiva podem fazer den\u00fancias por videochamada em L\u00edngua Brasileira de Sinais no seguinte site:\u00a0https:\/\/atendelibras.mdh.gov.br\/acesso<br \/>\nAs den\u00fancias s\u00e3o encaminhadas aos \u00f3rg\u00e3os de prote\u00e7\u00e3o e de apura\u00e7\u00e3o, como conselhos estaduais, Centros de Refer\u00eancia Especializados de Assist\u00eancia Social, delegacias, Minist\u00e9rio P\u00fablico, entre outros.<\/p>\n","protected":false},"excerpt":{"rendered":"<p>Governo divulgou balan\u00e7o de 2024 Fonte: Ag\u00eancia Brasil Em 2024, o Disque 100 recebeu mais&#8230;<\/p>\n","protected":false},"author":7,"featured_media":32244,"comment_status":"open","ping_status":"open","sticky":false,"template":"","format":"standard","meta":{"_jetpack_memberships_contains_paid_content":false,"footnotes":"","jetpack_publicize_message":"","jetpack_publicize_feature_enabled":true,"jetpack_social_post_already_shared":true,"jetpack_social_options":{"image_generator_settings":{"template":"highway","default_image_id":0,"font":"","enabled":false},"version":2}},"categories":[1],"tags":[],"class_list":["post-32243","post","type-post","status-publish","format-standard","has-post-thumbnail","hentry","category-atualidade"],"jetpack_publicize_connections":[],"jetpack_featured_media_url":"https:\/\/correiodasemana.com\/site\/wp-content\/uploads\/2025\/01\/direitos-humanos.webp","jetpack-related-posts":[{"id":25065,"url":"https:\/\/correiodasemana.com\/site\/disque-100-tem-47-mil-denuncias-de-violencia-contra-pessoas-idosas\/","url_meta":{"origin":32243,"position":0},"title":"Disque 100 tem 47 mil den\u00fancias de viol\u00eancia contra pessoas idosas","author":"adminredacao","date":"Junho 6, 2023","format":false,"excerpt":"Governo lan\u00e7a campanha de enfrentamento de viola\u00e7\u00f5es de direitos Por Daniella Almeida - Rep\u00f3rter da Ag\u00eancia Brasil - Bras\u00edlia Nos primeiros cinco meses de 2023, o Disque 100, do Minist\u00e9rio dos Direitos Humanos e Cidadania (MDHC), recebeu mais de 47 mil den\u00fancias de viol\u00eancia cometida contra pessoas idosas, que apontam\u2026","rel":"","context":"In &quot;Atualidade&quot;","block_context":{"text":"Atualidade","link":"https:\/\/correiodasemana.com\/site\/category\/atualidade\/"},"img":{"alt_text":"","src":"https:\/\/i0.wp.com\/correiodasemana.com\/site\/wp-content\/uploads\/2023\/06\/direitos_humanos-1024x677-1.png?resize=350%2C200&ssl=1","width":350,"height":200,"srcset":"https:\/\/i0.wp.com\/correiodasemana.com\/site\/wp-content\/uploads\/2023\/06\/direitos_humanos-1024x677-1.png?resize=350%2C200&ssl=1 1x, https:\/\/i0.wp.com\/correiodasemana.com\/site\/wp-content\/uploads\/2023\/06\/direitos_humanos-1024x677-1.png?resize=525%2C300&ssl=1 1.5x, https:\/\/i0.wp.com\/correiodasemana.com\/site\/wp-content\/uploads\/2023\/06\/direitos_humanos-1024x677-1.png?resize=700%2C400&ssl=1 2x"},"classes":[]},{"id":33827,"url":"https:\/\/correiodasemana.com\/site\/poucas-e-boas-57\/","url_meta":{"origin":32243,"position":1},"title":"POUCAS E BOAS","author":"adminredacao","date":"Maio 19, 2025","format":false,"excerpt":"E se o filho fosse seu? Neste domingo (18) transcorrer\u00e1 mais um Dia Nacional de Combate ao Abuso e \u00e0 Explora\u00e7\u00e3o Sexual de Crian\u00e7as e Adolescentes. A data teve como origem a realiza\u00e7\u00e3o em 18 de maio de 1998, na Bahia, do 1\u00ba Encontro do ECPAT, organiza\u00e7\u00e3o internacional que luta\u2026","rel":"","context":"In &quot;Artigos&quot;","block_context":{"text":"Artigos","link":"https:\/\/correiodasemana.com\/site\/category\/artigos\/"},"img":{"alt_text":"","src":"https:\/\/i0.wp.com\/correiodasemana.com\/site\/wp-content\/uploads\/2023\/05\/artemisio-da-costa-2.jpg?resize=350%2C200&ssl=1","width":350,"height":200},"classes":[]},{"id":15915,"url":"https:\/\/correiodasemana.com\/site\/canais-registram-mais-de-105-mil-denuncias-de-violencia-contra-mulher-em-2020\/","url_meta":{"origin":32243,"position":2},"title":"Canais registram mais de 105 mil den\u00fancias de viol\u00eancia contra mulher em 2020","author":"","date":"Mar\u00e7o 8, 2021","format":false,"excerpt":"Dados foram divulgados pelo Minist\u00e9rio da Mulher, da Fam\u00edlia e dos Direitos Humanos neste domingo (7) Ministra Damares Alves, titular do MMFDH, e o ouvidor nacional de direitos humanos, Fernando Ferreira apresentam os dados neste domingo (7) (Foto: Willian Meira\/MMFDH) No m\u00eas marcado pelo Dia da Mulher, o Minist\u00e9rio da\u2026","rel":"","context":"In &quot;Atualidade&quot;","block_context":{"text":"Atualidade","link":"https:\/\/correiodasemana.com\/site\/category\/atualidade\/"},"img":{"alt_text":"","src":"https:\/\/i0.wp.com\/correiodasemana.com\/site\/wp-content\/uploads\/2021\/03\/33e5b389-8477-47c8-af4b-95bf6af63078.jpeg?resize=350%2C200&ssl=1","width":350,"height":200,"srcset":"https:\/\/i0.wp.com\/correiodasemana.com\/site\/wp-content\/uploads\/2021\/03\/33e5b389-8477-47c8-af4b-95bf6af63078.jpeg?resize=350%2C200&ssl=1 1x, https:\/\/i0.wp.com\/correiodasemana.com\/site\/wp-content\/uploads\/2021\/03\/33e5b389-8477-47c8-af4b-95bf6af63078.jpeg?resize=525%2C300&ssl=1 1.5x, https:\/\/i0.wp.com\/correiodasemana.com\/site\/wp-content\/uploads\/2021\/03\/33e5b389-8477-47c8-af4b-95bf6af63078.jpeg?resize=700%2C400&ssl=1 2x"},"classes":[]},{"id":20681,"url":"https:\/\/correiodasemana.com\/site\/brasil-tem-mais-de-31-mil-denuncias-de-violencia-domestica-ou-familiar-contra-as-mulheres-ate-julho-de-2022\/","url_meta":{"origin":32243,"position":3},"title":"Brasil tem mais de 31 mil den\u00fancias de viol\u00eancia dom\u00e9stica ou familiar contra as mulheres at\u00e9 julho de 2022","author":"","date":"Agosto 14, 2022","format":false,"excerpt":"Dados da Ouvidoria Nacional dos Direitos Humanos abrangem atos de viol\u00eancia f\u00edsica, sexual, psicol\u00f3gica, moral e patrimonial; saiba diferenci\u00e1-los Psic\u00f3loga adverte que o afastamento da mulher do c\u00edrculo familiar e de amigos por incentivo do agressor \u00e9 um dos sintomas de que a v\u00edtima sofre viol\u00eancia dom\u00e9stica (Foto: Banco de\u2026","rel":"","context":"In &quot;Atualidade&quot;","block_context":{"text":"Atualidade","link":"https:\/\/correiodasemana.com\/site\/category\/atualidade\/"},"img":{"alt_text":"","src":"https:\/\/i0.wp.com\/correiodasemana.com\/site\/wp-content\/uploads\/2022\/08\/Jornal-Correio-da-Semana-No-928.jpg?resize=350%2C200&ssl=1","width":350,"height":200,"srcset":"https:\/\/i0.wp.com\/correiodasemana.com\/site\/wp-content\/uploads\/2022\/08\/Jornal-Correio-da-Semana-No-928.jpg?resize=350%2C200&ssl=1 1x, https:\/\/i0.wp.com\/correiodasemana.com\/site\/wp-content\/uploads\/2022\/08\/Jornal-Correio-da-Semana-No-928.jpg?resize=525%2C300&ssl=1 1.5x"},"classes":[]},{"id":24792,"url":"https:\/\/correiodasemana.com\/site\/governo-cria-comissao-de-combate-a-violencia-sexual-contra-criancas\/","url_meta":{"origin":32243,"position":4},"title":"Governo cria comiss\u00e3o de combate \u00e0 viol\u00eancia sexual contra crian\u00e7as","author":"adminredacao","date":"Maio 21, 2023","format":false,"excerpt":"\u00d3rg\u00e3o ser\u00e1 consultivo e articular\u00e1 entidades com atua\u00e7\u00e3o no tema Por Luciano Nascimento - Rep\u00f3rter da Ag\u00eancia Brasil - S\u00e3o Lu\u00eds O governo federal publicou, na edi\u00e7\u00e3o desta sexta-feira (19) no\u00a0Di\u00e1rio Oficial da Uni\u00e3o,\u00a0decreto\u00a0criando uma comiss\u00e3o intersetorial de enfrentamento da viol\u00eancia sexual contra crian\u00e7as e adolescentes. O objetivo \u00e9 articular\u2026","rel":"","context":"In &quot;Atualidade&quot;","block_context":{"text":"Atualidade","link":"https:\/\/correiodasemana.com\/site\/category\/atualidade\/"},"img":{"alt_text":"","src":"https:\/\/i0.wp.com\/correiodasemana.com\/site\/wp-content\/uploads\/2023\/05\/violencia-crianca-marcello-casal-jr-930x524-1.jpg?resize=350%2C200&ssl=1","width":350,"height":200,"srcset":"https:\/\/i0.wp.com\/correiodasemana.com\/site\/wp-content\/uploads\/2023\/05\/violencia-crianca-marcello-casal-jr-930x524-1.jpg?resize=350%2C200&ssl=1 1x, https:\/\/i0.wp.com\/correiodasemana.com\/site\/wp-content\/uploads\/2023\/05\/violencia-crianca-marcello-casal-jr-930x524-1.jpg?resize=525%2C300&ssl=1 1.5x, https:\/\/i0.wp.com\/correiodasemana.com\/site\/wp-content\/uploads\/2023\/05\/violencia-crianca-marcello-casal-jr-930x524-1.jpg?resize=700%2C400&ssl=1 2x"},"classes":[]},{"id":14034,"url":"https:\/\/correiodasemana.com\/site\/em-tempo-52\/","url_meta":{"origin":32243,"position":5},"title":"Em Tempo","author":"","date":"Outubro 13, 2020","format":false,"excerpt":"Concurso para\u00a0promotor de Justi\u00e7a\u00a0 O\u00a0concurso p\u00fablico\u00a0para\u00a0promotor de Justi\u00e7a\u00a0do Minist\u00e9rio P\u00fablico do Cear\u00e1 (MP-CE) ser\u00e1 retomado. As provas\u00a0da segunda fase ser\u00e3o realizadas no dia 22 de novembro de 2020 pelo Centro Brasileiro de Pesquisa em Avalia\u00e7\u00e3o e Sele\u00e7\u00e3o e de Promo\u00e7\u00e3o de Eventos (Cebraspe). Cebraspe adotar\u00e1 a\u00e7\u00f5es preventivas que atendem aos\u2026","rel":"","context":"In &quot;Artigos&quot;","block_context":{"text":"Artigos","link":"https:\/\/correiodasemana.com\/site\/category\/artigos\/"},"img":{"alt_text":"","src":"https:\/\/i0.wp.com\/correiodasemana.com\/site\/wp-content\/uploads\/2019\/12\/FOTO-EDILSON-SILVA-2.jpg?resize=350%2C200&ssl=1","width":350,"height":200,"srcset":"https:\/\/i0.wp.com\/correiodasemana.com\/site\/wp-content\/uploads\/2019\/12\/FOTO-EDILSON-SILVA-2.jpg?resize=350%2C200&ssl=1 1x, https:\/\/i0.wp.com\/correiodasemana.com\/site\/wp-content\/uploads\/2019\/12\/FOTO-EDILSON-SILVA-2.jpg?resize=525%2C300&ssl=1 1.5x, https:\/\/i0.wp.com\/correiodasemana.com\/site\/wp-content\/uploads\/2019\/12\/FOTO-EDILSON-SILVA-2.jpg?resize=700%2C400&ssl=1 2x"},"classes":[]}],"jetpack_sharing_enabled":true,"_links":{"self":[{"href":"https:\/\/correiodasemana.com\/site\/wp-json\/wp\/v2\/posts\/32243","targetHints":{"allow":["GET"]}}],"collection":[{"href":"https:\/\/correiodasemana.com\/site\/wp-json\/wp\/v2\/posts"}],"about":[{"href":"https:\/\/correiodasemana.com\/site\/wp-json\/wp\/v2\/types\/post"}],"author":[{"embeddable":true,"href":"https:\/\/correiodasemana.com\/site\/wp-json\/wp\/v2\/users\/7"}],"replies":[{"embeddable":true,"href":"https:\/\/correiodasemana.com\/site\/wp-json\/wp\/v2\/comments?post=32243"}],"version-history":[{"count":1,"href":"https:\/\/correiodasemana.com\/site\/wp-json\/wp\/v2\/posts\/32243\/revisions"}],"predecessor-version":[{"id":32245,"href":"https:\/\/correiodasemana.com\/site\/wp-json\/wp\/v2\/posts\/32243\/revisions\/32245"}],"wp:featuredmedia":[{"embeddable":true,"href":"https:\/\/correiodasemana.com\/site\/wp-json\/wp\/v2\/media\/32244"}],"wp:attachment":[{"href":"https:\/\/correiodasemana.com\/site\/wp-json\/wp\/v2\/media?parent=32243"}],"wp:term":[{"taxonomy":"category","embeddable":true,"href":"https:\/\/correiodasemana.com\/site\/wp-json\/wp\/v2\/categories?post=32243"},{"taxonomy":"post_tag","embeddable":true,"href":"https:\/\/correiodasemana.com\/site\/wp-json\/wp\/v2\/tags?post=32243"}],"curies":[{"name":"wp","href":"https:\/\/api.w.org\/{rel}","templated":true}]}}