{"id":32246,"date":"2025-01-16T13:00:33","date_gmt":"2025-01-16T16:00:33","guid":{"rendered":"https:\/\/correiodasemana.com\/site\/?p=32246"},"modified":"2025-01-16T13:01:13","modified_gmt":"2025-01-16T16:01:13","slug":"em-tempo-260","status":"publish","type":"post","link":"https:\/\/correiodasemana.com\/site\/em-tempo-260\/","title":{"rendered":"Em Tempo"},"content":{"rendered":"<p><strong>Mestrado Ensino na Sa\u00fade na Uece<\/strong><br \/>\nA Universidade Estadual do Cear\u00e1 (Uece) lan\u00e7ou edital para forma\u00e7\u00e3o de novas turmas do Curso de Mestrado Profissional Ensino na Sa\u00fade. As inscri\u00e7\u00f5es estar\u00e3o abertas de 13 a 31 de janeiro. S\u00e3o 25 vagas para o campus de Fortaleza e 25 vagas para o campus de Iguatu.<br \/>\nCurso tem como objetivo atender \u00e0 demanda de qualifica\u00e7\u00e3o de profissionais da \u00e1rea da sa\u00fade e afins para a gest\u00e3o de atividades docentes em servi\u00e7os e ambientes educacionais, com conhecimentos t\u00e9cnicos, \u00e9tico-filos\u00f3ficos, pol\u00edticos, culturais, princ\u00edpios e diretrizes do SUS.<\/p>\n<p><strong>UVA realiza Curso de Audiovisual<\/strong><br \/>\nAlunos que participaram, ao longo do semestre, do Curso de Audiovisual promovido pela Universidade Estadual Vale do Acara\u00fa (UVA), em parceria com o CENTEC, realizaram a apresenta\u00e7\u00e3o dos trabalhos, no dia 10 de dezembro, no Cinema Renato Arag\u00e3o, em Sobral.<br \/>\nAtividade teve como objetivo aprimorar compreens\u00e3o pr\u00e1tica e habilidades de escrita para produ\u00e7\u00f5es audiovisuais, com \u00eanfase especial na adapta\u00e7\u00e3o de pesquisas sociais. Ao todo, 30 estudantes conclu\u00edram curso de 220 horas-aula, com a produ\u00e7\u00e3o de sete curtas-metragens.<\/p>\n<p><strong>Fernanda Torres no Globo de Ouro<\/strong><br \/>\n<strong>Foto: Divulga\u00e7\u00e3o<\/strong><br \/>\n<strong><a href=\"https:\/\/correiodasemana.com\/site\/em-tempo-260\/fernanda-torres\/\" rel=\"attachment wp-att-32247\"><img fetchpriority=\"high\" decoding=\"async\" class=\"wp-image-32247 alignright\" src=\"https:\/\/correiodasemana.com\/site\/wp-content\/uploads\/2025\/01\/Fernanda-Torres.jpg\" alt=\"\" width=\"359\" height=\"239\" srcset=\"https:\/\/correiodasemana.com\/site\/wp-content\/uploads\/2025\/01\/Fernanda-Torres.jpg 888w, https:\/\/correiodasemana.com\/site\/wp-content\/uploads\/2025\/01\/Fernanda-Torres-300x200.jpg 300w, https:\/\/correiodasemana.com\/site\/wp-content\/uploads\/2025\/01\/Fernanda-Torres-768x512.jpg 768w\" sizes=\"(max-width: 359px) 100vw, 359px\" \/><\/a>A atriz Fernanda Torres foi eleita Melhor Atriz em Filme de Drama<\/strong><br \/>\nPela primeira vez na hist\u00f3ria o Brasil tem representante eleita como Melhor Atriz em um dos principais pr\u00eamios do cinema internacional: o Globo de Ouro. Fernanda Torres alcan\u00e7ou o posto na noite de 5 de janeiro, em cerim\u00f4nia realizada em Los Angeles, nos Estados Unidos.<br \/>\nFernanda Torres foi eleita Melhor Atriz por seu papel no filme \u201cAinda Estou Aqui\u201d, inspirado no livro do jornalista Marcelo Rubens Paiva sobre sua fam\u00edlia. Torres desbancou nomes como Angelina Jolie, Nicole Kidman, Tilda Swinton, Kate Winslet e Pamela Anderson.<\/p>\n<p><strong>Concurso para professor na UFC<\/strong><br \/>\nA Universidade Federal do Cear\u00e1 (UFC) publicou edital de concurso p\u00fablico para uma vaga de professor da carreira do Magist\u00e9rio do Ensino B\u00e1sico, T\u00e9cnico e Tecnol\u00f3gico. As inscri\u00e7\u00f5es estar\u00e3o abertas de 14 de janeiro a 12 de fevereiro pelo e-mail ccbsecretaria@ufc.br.<br \/>\nA vaga est\u00e1 no setor de estudo L\u00edngua Inglesa. O regime de trabalho \u00e9 de 40 horas semanais. Os selecionados ir\u00e3o atuar no Centro de Humanidades da UFC, em Fortaleza. A sele\u00e7\u00e3o ser\u00e1 feita por meio de provas escrita e did\u00e1tica e de avalia\u00e7\u00e3o de t\u00edtulos.<\/p>\n<p><strong>Morre jornalista Jos\u00e9 Augusto Lopes<\/strong><br \/>\nNo apagar das luzes de 2024, no dia 31 de dezembro, faleceu o jornalista Jos\u00e9 Augusto Lopes, aos 85 anos, em Fortaleza. Ele construiu uma carreira de 56 anos, destacando-se como comentarista de cinema, teatro, literatura e mem\u00f3ria, al\u00e9m de colunista social e autor de livros.<br \/>\nNo Di\u00e1rio do Nordeste, foi editorialista por 17 anos, passando por editorias como o caderno Gente e Caderno 3. Tamb\u00e9m venceu v\u00e1rios pr\u00eamios, entre eles o Colunistas da Revista Propaganda de S\u00e3o Paulo; Pr\u00eamio Profissionais da Rede Globo; e Trof\u00e9u Iracema de Imprensa.<\/p>\n<p><strong>Dica da Coluna\u00a0<\/strong><br \/>\nLeia o Blog do Edilson (www.blogdoedilson.com.br): Cultura, educa\u00e7\u00e3o, pol\u00edtica e utilidade p\u00fablica.<\/p>\n","protected":false},"excerpt":{"rendered":"<p>Mestrado Ensino na Sa\u00fade na Uece A Universidade Estadual do Cear\u00e1 (Uece) lan\u00e7ou edital para&#8230;<\/p>\n","protected":false},"author":7,"featured_media":18025,"comment_status":"open","ping_status":"open","sticky":false,"template":"","format":"standard","meta":{"_jetpack_memberships_contains_paid_content":false,"footnotes":"","jetpack_publicize_message":"","jetpack_publicize_feature_enabled":true,"jetpack_social_post_already_shared":true,"jetpack_social_options":{"image_generator_settings":{"template":"highway","default_image_id":0,"font":"","enabled":false},"version":2}},"categories":[11,36],"tags":[],"class_list":["post-32246","post","type-post","status-publish","format-standard","has-post-thumbnail","hentry","category-artigos","category-em-tempo"],"jetpack_publicize_connections":[],"jetpack_featured_media_url":"https:\/\/correiodasemana.com\/site\/wp-content\/uploads\/2021\/11\/Edilson-Silva.jpg","jetpack-related-posts":[{"id":26653,"url":"https:\/\/correiodasemana.com\/site\/em-tempo-194\/","url_meta":{"origin":32246,"position":0},"title":"EM TEMPO \u2022","author":"adminredacao","date":"Setembro 25, 2023","format":false,"excerpt":"Cursos t\u00e9cnicos do IFCE Sobral Instituto Federal de Educa\u00e7\u00e3o, Ci\u00eancia e Tecnologia do Cear\u00e1 (IFCE) lan\u00e7ou processo seletivo com 250 vagas para o campus de Sobral, em sete cursos gratuitos: Agroind\u00fastria, Agropecu\u00e1ria, Eletrot\u00e9cnica, Mec\u00e2nica, Meio Ambiente, Panifica\u00e7\u00e3o e Seguran\u00e7a do Trabalho. S\u00e3o 35 vagas para cada curso, com exce\u00e7\u00e3o da\u2026","rel":"","context":"In &quot;Artigos&quot;","block_context":{"text":"Artigos","link":"https:\/\/correiodasemana.com\/site\/category\/artigos\/"},"img":{"alt_text":"","src":"https:\/\/i0.wp.com\/correiodasemana.com\/site\/wp-content\/uploads\/2023\/09\/Ednardo-DN-Thiago-Gadelha-300x169.jpeg?resize=350%2C200&ssl=1","width":350,"height":200},"classes":[]},{"id":20765,"url":"https:\/\/correiodasemana.com\/site\/em-tempo-147\/","url_meta":{"origin":32246,"position":1},"title":"Em Tempo","author":"","date":"Agosto 21, 2022","format":false,"excerpt":"Economia e Direito na Uece em 2023 A Universidade Estadual do Cear\u00e1\u00a0(Uece)\u00a0se prepara para ofertar\u00a0dois novos cursos\u00a0de gradua\u00e7\u00e3o. A proposta \u00e9 que os cursos de Economia e Direito sejam criados ainda em 2022, para oferta a partir de 2023. A previs\u00e3o \u00e9 que cada um deles tenha\u00a040 vagas. Por nota,\u2026","rel":"","context":"In &quot;Artigos&quot;","block_context":{"text":"Artigos","link":"https:\/\/correiodasemana.com\/site\/category\/artigos\/"},"img":{"alt_text":"","src":"https:\/\/i0.wp.com\/correiodasemana.com\/site\/wp-content\/uploads\/2022\/08\/ACI_n-300x157.jpg?resize=350%2C200&ssl=1","width":350,"height":200},"classes":[]},{"id":26451,"url":"https:\/\/correiodasemana.com\/site\/em-tempo-192\/","url_meta":{"origin":32246,"position":2},"title":"Em Tempo","author":"adminredacao","date":"Setembro 11, 2023","format":false,"excerpt":"Inscri\u00e7\u00f5es do Vestibular UVA A Universidade Estadual Vale do Acara\u00fa (UVA), por meio da Comiss\u00e3o Executiva de Processos Seletivos, divulgou edital com todas as informa\u00e7\u00f5es sobre o Vestibular 2024.1. As inscri\u00e7\u00f5es ser\u00e3o realizadas no per\u00edodo de 2 a 31 de outubro, com oferta de 1.140 vagas. Deste total de vagas,\u2026","rel":"","context":"In &quot;Artigos&quot;","block_context":{"text":"Artigos","link":"https:\/\/correiodasemana.com\/site\/category\/artigos\/"},"img":{"alt_text":"","src":"https:\/\/i0.wp.com\/correiodasemana.com\/site\/wp-content\/uploads\/2023\/09\/geraldo-azevedo-300x169.jpg?resize=350%2C200&ssl=1","width":350,"height":200},"classes":[]},{"id":33984,"url":"https:\/\/correiodasemana.com\/site\/em-tempo-278\/","url_meta":{"origin":32246,"position":3},"title":"Em Tempo","author":"adminredacao","date":"Junho 3, 2025","format":false,"excerpt":"Exibi\u00e7\u00e3o de filmes no Festival T\u00e1 Roxeda A terceira edi\u00e7\u00e3o do Festival T\u00e1 Roxeda segue at\u00e9 30 de maio em Sobral, Forquilha e Santana do Acara\u00fa, com exibi\u00e7\u00e3o de 50 filmes selecionados entre mais de 480 produ\u00e7\u00f5es de todo o Brasil. Financiado pela Lei Paulo Gustavo e apoio da Secretaria\u2026","rel":"","context":"In &quot;Artigos&quot;","block_context":{"text":"Artigos","link":"https:\/\/correiodasemana.com\/site\/category\/artigos\/"},"img":{"alt_text":"","src":"https:\/\/i0.wp.com\/correiodasemana.com\/site\/wp-content\/uploads\/2025\/06\/O-AGENTE-SECRETO.jpg?resize=350%2C200&ssl=1","width":350,"height":200,"srcset":"https:\/\/i0.wp.com\/correiodasemana.com\/site\/wp-content\/uploads\/2025\/06\/O-AGENTE-SECRETO.jpg?resize=350%2C200&ssl=1 1x, https:\/\/i0.wp.com\/correiodasemana.com\/site\/wp-content\/uploads\/2025\/06\/O-AGENTE-SECRETO.jpg?resize=525%2C300&ssl=1 1.5x, https:\/\/i0.wp.com\/correiodasemana.com\/site\/wp-content\/uploads\/2025\/06\/O-AGENTE-SECRETO.jpg?resize=700%2C400&ssl=1 2x, https:\/\/i0.wp.com\/correiodasemana.com\/site\/wp-content\/uploads\/2025\/06\/O-AGENTE-SECRETO.jpg?resize=1050%2C600&ssl=1 3x"},"classes":[]},{"id":17129,"url":"https:\/\/correiodasemana.com\/site\/em-tempo-93\/","url_meta":{"origin":32246,"position":4},"title":"Em Tempo","author":"","date":"Agosto 2, 2021","format":false,"excerpt":"Inscri\u00e7\u00f5es para pessoas com defici\u00eancia Pessoas com defici\u00eancia t\u00eam novo prazo para se inscrever no concurso do Banco do Brasil. O edital do certame foi retificado pelo Governo Federal e estende as inscri\u00e7\u00f5es para esse grupo at\u00e9 o dia 7 de agosto. Para os outros concorrentes, o per\u00edodo foi encerrado\u2026","rel":"","context":"In &quot;Artigos&quot;","block_context":{"text":"Artigos","link":"https:\/\/correiodasemana.com\/site\/category\/artigos\/"},"img":{"alt_text":"","src":"https:\/\/i0.wp.com\/correiodasemana.com\/site\/wp-content\/uploads\/2019\/12\/FOTO-EDILSON-SILVA-2.jpg?resize=350%2C200&ssl=1","width":350,"height":200,"srcset":"https:\/\/i0.wp.com\/correiodasemana.com\/site\/wp-content\/uploads\/2019\/12\/FOTO-EDILSON-SILVA-2.jpg?resize=350%2C200&ssl=1 1x, https:\/\/i0.wp.com\/correiodasemana.com\/site\/wp-content\/uploads\/2019\/12\/FOTO-EDILSON-SILVA-2.jpg?resize=525%2C300&ssl=1 1.5x, https:\/\/i0.wp.com\/correiodasemana.com\/site\/wp-content\/uploads\/2019\/12\/FOTO-EDILSON-SILVA-2.jpg?resize=700%2C400&ssl=1 2x"},"classes":[]},{"id":27137,"url":"https:\/\/correiodasemana.com\/site\/em-tempo-200\/","url_meta":{"origin":32246,"position":5},"title":"EM TEMPO \u2022","author":"adminredacao","date":"Novembro 6, 2023","format":false,"excerpt":"Semana do Livro e da Biblioteca Palestras, minicursos, oficina, visita\u00e7\u00e3o, lan\u00e7amentos de livros, apresenta\u00e7\u00f5es musicais, exposi\u00e7\u00f5es e premia\u00e7\u00f5es marcaram a XIX Semana do Livro e da Biblioteca, em Sobral, com o 42\u00ba anivers\u00e1rio de funcionamento da Biblioteca da Universidade Estadual Vale do Acara\u00fa. Programa\u00e7\u00e3o ocorreu de 24 a 26 de\u2026","rel":"","context":"In &quot;Artigos&quot;","block_context":{"text":"Artigos","link":"https:\/\/correiodasemana.com\/site\/category\/artigos\/"},"img":{"alt_text":"","src":"https:\/\/i0.wp.com\/correiodasemana.com\/site\/wp-content\/uploads\/2023\/11\/josafa-duarte-300x225.jpeg?resize=350%2C200&ssl=1","width":350,"height":200},"classes":[]}],"jetpack_sharing_enabled":true,"_links":{"self":[{"href":"https:\/\/correiodasemana.com\/site\/wp-json\/wp\/v2\/posts\/32246","targetHints":{"allow":["GET"]}}],"collection":[{"href":"https:\/\/correiodasemana.com\/site\/wp-json\/wp\/v2\/posts"}],"about":[{"href":"https:\/\/correiodasemana.com\/site\/wp-json\/wp\/v2\/types\/post"}],"author":[{"embeddable":true,"href":"https:\/\/correiodasemana.com\/site\/wp-json\/wp\/v2\/users\/7"}],"replies":[{"embeddable":true,"href":"https:\/\/correiodasemana.com\/site\/wp-json\/wp\/v2\/comments?post=32246"}],"version-history":[{"count":3,"href":"https:\/\/correiodasemana.com\/site\/wp-json\/wp\/v2\/posts\/32246\/revisions"}],"predecessor-version":[{"id":32250,"href":"https:\/\/correiodasemana.com\/site\/wp-json\/wp\/v2\/posts\/32246\/revisions\/32250"}],"wp:featuredmedia":[{"embeddable":true,"href":"https:\/\/correiodasemana.com\/site\/wp-json\/wp\/v2\/media\/18025"}],"wp:attachment":[{"href":"https:\/\/correiodasemana.com\/site\/wp-json\/wp\/v2\/media?parent=32246"}],"wp:term":[{"taxonomy":"category","embeddable":true,"href":"https:\/\/correiodasemana.com\/site\/wp-json\/wp\/v2\/categories?post=32246"},{"taxonomy":"post_tag","embeddable":true,"href":"https:\/\/correiodasemana.com\/site\/wp-json\/wp\/v2\/tags?post=32246"}],"curies":[{"name":"wp","href":"https:\/\/api.w.org\/{rel}","templated":true}]}}