{"id":32295,"date":"2025-01-27T16:07:40","date_gmt":"2025-01-27T19:07:40","guid":{"rendered":"https:\/\/correiodasemana.com\/site\/?p=32295"},"modified":"2025-01-27T16:07:40","modified_gmt":"2025-01-27T19:07:40","slug":"padre-eufrazio-toma-posse-como-5o-administrador-paroquial-de-jaibaras","status":"publish","type":"post","link":"https:\/\/correiodasemana.com\/site\/padre-eufrazio-toma-posse-como-5o-administrador-paroquial-de-jaibaras\/","title":{"rendered":"Padre Eufr\u00e1zio toma posse como 5\u00ba administrador paroquial de Jaibaras"},"content":{"rendered":"<div id='gallery-1' class='gallery galleryid-32295 gallery-columns-6 gallery-size-thumbnail'><figure class='gallery-item'>\n\t\t\t<div class='gallery-icon landscape'>\n\t\t\t\t<a href='https:\/\/correiodasemana.com\/site\/padre-eufrazio-toma-posse-como-5o-administrador-paroquial-de-jaibaras\/whatsapp-image-2025-01-24-at-17-17-28-1\/'><img loading=\"lazy\" width=\"150\" height=\"150\" src=\"https:\/\/correiodasemana.com\/site\/wp-content\/uploads\/2025\/01\/WhatsApp-Image-2025-01-24-at-17.17.28-1-150x150.jpeg\" class=\"attachment-thumbnail size-thumbnail\" alt=\"WhatsApp Image 2025-01-24 at 17.17.28 (1)\" loading=\"lazy\" decoding=\"async\" \/><\/a>\n\t\t\t<\/div><\/figure><figure class='gallery-item'>\n\t\t\t<div class='gallery-icon portrait'>\n\t\t\t\t<a href='https:\/\/correiodasemana.com\/site\/padre-eufrazio-toma-posse-como-5o-administrador-paroquial-de-jaibaras\/whatsapp-image-2025-01-24-at-17-17-28-2\/'><img loading=\"lazy\" width=\"150\" height=\"150\" src=\"https:\/\/correiodasemana.com\/site\/wp-content\/uploads\/2025\/01\/WhatsApp-Image-2025-01-24-at-17.17.28-2-150x150.jpeg\" class=\"attachment-thumbnail size-thumbnail\" alt=\"WhatsApp Image 2025-01-24 at 17.17.28 (2)\" loading=\"lazy\" decoding=\"async\" \/><\/a>\n\t\t\t<\/div><\/figure><figure class='gallery-item'>\n\t\t\t<div class='gallery-icon landscape'>\n\t\t\t\t<a href='https:\/\/correiodasemana.com\/site\/padre-eufrazio-toma-posse-como-5o-administrador-paroquial-de-jaibaras\/whatsapp-image-2025-01-24-at-17-17-28\/'><img loading=\"lazy\" width=\"150\" height=\"150\" src=\"https:\/\/correiodasemana.com\/site\/wp-content\/uploads\/2025\/01\/WhatsApp-Image-2025-01-24-at-17.17.28-150x150.jpeg\" class=\"attachment-thumbnail size-thumbnail\" alt=\"WhatsApp Image 2025-01-24 at 17.17.28\" loading=\"lazy\" decoding=\"async\" \/><\/a>\n\t\t\t<\/div><\/figure><figure class='gallery-item'>\n\t\t\t<div class='gallery-icon landscape'>\n\t\t\t\t<a href='https:\/\/correiodasemana.com\/site\/padre-eufrazio-toma-posse-como-5o-administrador-paroquial-de-jaibaras\/whatsapp-image-2025-01-24-at-17-17-29-2\/'><img loading=\"lazy\" width=\"150\" height=\"150\" src=\"https:\/\/correiodasemana.com\/site\/wp-content\/uploads\/2025\/01\/WhatsApp-Image-2025-01-24-at-17.17.29-2-150x150.jpeg\" class=\"attachment-thumbnail size-thumbnail\" alt=\"WhatsApp Image 2025-01-24 at 17.17.29 (2)\" loading=\"lazy\" decoding=\"async\" \/><\/a>\n\t\t\t<\/div><\/figure><figure class='gallery-item'>\n\t\t\t<div class='gallery-icon landscape'>\n\t\t\t\t<a href='https:\/\/correiodasemana.com\/site\/padre-eufrazio-toma-posse-como-5o-administrador-paroquial-de-jaibaras\/whatsapp-image-2025-01-24-at-17-17-29\/'><img loading=\"lazy\" width=\"150\" height=\"150\" src=\"https:\/\/correiodasemana.com\/site\/wp-content\/uploads\/2025\/01\/WhatsApp-Image-2025-01-24-at-17.17.29-150x150.jpeg\" class=\"attachment-thumbnail size-thumbnail\" alt=\"WhatsApp Image 2025-01-24 at 17.17.29\" loading=\"lazy\" decoding=\"async\" \/><\/a>\n\t\t\t<\/div><\/figure><figure class='gallery-item'>\n\t\t\t<div class='gallery-icon landscape'>\n\t\t\t\t<a href='https:\/\/correiodasemana.com\/site\/padre-eufrazio-toma-posse-como-5o-administrador-paroquial-de-jaibaras\/whatsapp-image-2025-01-24-at-17-17-30-1\/'><img loading=\"lazy\" width=\"150\" height=\"150\" src=\"https:\/\/correiodasemana.com\/site\/wp-content\/uploads\/2025\/01\/WhatsApp-Image-2025-01-24-at-17.17.30-1-150x150.jpeg\" class=\"attachment-thumbnail size-thumbnail\" alt=\"WhatsApp Image 2025-01-24 at 17.17.30 (1)\" loading=\"lazy\" decoding=\"async\" \/><\/a>\n\t\t\t<\/div><\/figure><figure class='gallery-item'>\n\t\t\t<div class='gallery-icon portrait'>\n\t\t\t\t<a href='https:\/\/correiodasemana.com\/site\/padre-eufrazio-toma-posse-como-5o-administrador-paroquial-de-jaibaras\/whatsapp-image-2025-01-24-at-17-17-30-2\/'><img loading=\"lazy\" width=\"150\" height=\"150\" src=\"https:\/\/correiodasemana.com\/site\/wp-content\/uploads\/2025\/01\/WhatsApp-Image-2025-01-24-at-17.17.30-2-150x150.jpeg\" class=\"attachment-thumbnail size-thumbnail\" alt=\"WhatsApp Image 2025-01-24 at 17.17.30 (2)\" loading=\"lazy\" decoding=\"async\" \/><\/a>\n\t\t\t<\/div><\/figure><figure class='gallery-item'>\n\t\t\t<div class='gallery-icon landscape'>\n\t\t\t\t<a href='https:\/\/correiodasemana.com\/site\/padre-eufrazio-toma-posse-como-5o-administrador-paroquial-de-jaibaras\/whatsapp-image-2025-01-24-at-17-17-30-3\/'><img loading=\"lazy\" width=\"150\" height=\"150\" src=\"https:\/\/correiodasemana.com\/site\/wp-content\/uploads\/2025\/01\/WhatsApp-Image-2025-01-24-at-17.17.30-3-150x150.jpeg\" class=\"attachment-thumbnail size-thumbnail\" alt=\"WhatsApp Image 2025-01-24 at 17.17.30 (3)\" loading=\"lazy\" decoding=\"async\" \/><\/a>\n\t\t\t<\/div><\/figure><figure class='gallery-item'>\n\t\t\t<div class='gallery-icon portrait'>\n\t\t\t\t<a href='https:\/\/correiodasemana.com\/site\/padre-eufrazio-toma-posse-como-5o-administrador-paroquial-de-jaibaras\/whatsapp-image-2025-01-24-at-17-17-31-1\/'><img loading=\"lazy\" width=\"150\" height=\"150\" src=\"https:\/\/correiodasemana.com\/site\/wp-content\/uploads\/2025\/01\/WhatsApp-Image-2025-01-24-at-17.17.31-1-150x150.jpeg\" class=\"attachment-thumbnail size-thumbnail\" alt=\"WhatsApp Image 2025-01-24 at 17.17.31 (1)\" loading=\"lazy\" decoding=\"async\" \/><\/a>\n\t\t\t<\/div><\/figure><figure class='gallery-item'>\n\t\t\t<div class='gallery-icon landscape'>\n\t\t\t\t<a href='https:\/\/correiodasemana.com\/site\/padre-eufrazio-toma-posse-como-5o-administrador-paroquial-de-jaibaras\/whatsapp-image-2025-01-24-at-17-17-31\/'><img loading=\"lazy\" width=\"150\" height=\"150\" src=\"https:\/\/correiodasemana.com\/site\/wp-content\/uploads\/2025\/01\/WhatsApp-Image-2025-01-24-at-17.17.31-150x150.jpeg\" class=\"attachment-thumbnail size-thumbnail\" alt=\"WhatsApp Image 2025-01-24 at 17.17.31\" loading=\"lazy\" decoding=\"async\" \/><\/a>\n\t\t\t<\/div><\/figure><figure class='gallery-item'>\n\t\t\t<div class='gallery-icon portrait'>\n\t\t\t\t<a href='https:\/\/correiodasemana.com\/site\/padre-eufrazio-toma-posse-como-5o-administrador-paroquial-de-jaibaras\/whatsapp-image-2025-01-24-at-17-17-32-1\/'><img loading=\"lazy\" width=\"150\" height=\"150\" src=\"https:\/\/correiodasemana.com\/site\/wp-content\/uploads\/2025\/01\/WhatsApp-Image-2025-01-24-at-17.17.32-1-150x150.jpeg\" class=\"attachment-thumbnail size-thumbnail\" alt=\"WhatsApp Image 2025-01-24 at 17.17.32 (1)\" loading=\"lazy\" decoding=\"async\" \/><\/a>\n\t\t\t<\/div><\/figure><figure class='gallery-item'>\n\t\t\t<div class='gallery-icon landscape'>\n\t\t\t\t<a href='https:\/\/correiodasemana.com\/site\/padre-eufrazio-toma-posse-como-5o-administrador-paroquial-de-jaibaras\/whatsapp-image-2025-01-24-at-17-17-33-1\/'><img loading=\"lazy\" width=\"150\" height=\"150\" src=\"https:\/\/correiodasemana.com\/site\/wp-content\/uploads\/2025\/01\/WhatsApp-Image-2025-01-24-at-17.17.33-1-150x150.jpeg\" class=\"attachment-thumbnail size-thumbnail\" alt=\"WhatsApp Image 2025-01-24 at 17.17.33 (1)\" loading=\"lazy\" decoding=\"async\" \/><\/a>\n\t\t\t<\/div><\/figure><figure class='gallery-item'>\n\t\t\t<div class='gallery-icon landscape'>\n\t\t\t\t<a href='https:\/\/correiodasemana.com\/site\/padre-eufrazio-toma-posse-como-5o-administrador-paroquial-de-jaibaras\/whatsapp-image-2025-01-24-at-17-17-33\/'><img loading=\"lazy\" width=\"150\" height=\"150\" src=\"https:\/\/correiodasemana.com\/site\/wp-content\/uploads\/2025\/01\/WhatsApp-Image-2025-01-24-at-17.17.33-150x150.jpeg\" class=\"attachment-thumbnail size-thumbnail\" alt=\"WhatsApp Image 2025-01-24 at 17.17.33\" loading=\"lazy\" decoding=\"async\" \/><\/a>\n\t\t\t<\/div><\/figure>\n\t\t<\/div>\n\n<p>Em Jaibaras, distrito de Sobral, a comunidade paroquial da igreja dedicada a Santa Terezinha do Menino Jesus, celebrou com alegria a chegada do novo administrador paroquial, Pe. Eufr\u00e1zio Filho, nesta quarta-feira, 22 de janeiro.<br \/>\nA Missa com Rito de Posse Can\u00f4nica foi presidida por Dom Vasconcelos, bispo diocesano de Sobral. A celebra\u00e7\u00e3o contou com uma quantidade significativa de presb\u00edteros (29), di\u00e1conos (12), religiosas, seminaristas, ex paroquianos; bem como da vice-prefeita de Sobral, Dra. Imaculada e toda a comunidade de f\u00e9, que se uniu para render gra\u00e7as pela nova miss\u00e3o do sacerdote.<br \/>\n\u201cA partir do batismo nos tornamos um povo sacerdotal na pessoa de Jesus (\u2026) Jesus oferece o seu sacrif\u00edcio no altar da cruz e \u00e9 isso que celebramos em cada missa. Ele se torna presente no p\u00e3o e no vinho consagrado na missa pelo sacerdote. Como \u00e9 maravilhoso saber que participamos do sacerd\u00f3cio de Jesus\u201d, destacou Dom Vasconcelos.<br \/>\nO bispo findou a homilia pedindo a Deus a gra\u00e7a de cada um conseguir realizar seus trabalhos com amor. \u201cS\u00f3 o amor \u00e9 capaz de impulsionar a f\u00e9 e a esperan\u00e7a. Padre Eufr\u00e1zio, que Deus lhe conceda alegria, sabedoria e muito amor na sua miss\u00e3o\u201d.<br \/>\nPadre Eufr\u00e1zio exercia a fun\u00e7\u00e3o de capel\u00e3o da Capela do Menino Deus em Sobral desde o ano de 2021, e agora foi empossado como 5\u00ba administrador paroquial da Par\u00f3quia de Jaibaras.<br \/>\nTha\u00eds Helena &#8211; Jornalista &#8211; Jornal Correio da Semana<\/p>\n<p>&nbsp;<\/p>\n","protected":false},"excerpt":{"rendered":"<p>Em Jaibaras, distrito de Sobral, a comunidade paroquial da igreja dedicada a Santa Terezinha do&#8230;<\/p>\n","protected":false},"author":7,"featured_media":32308,"comment_status":"open","ping_status":"open","sticky":false,"template":"","format":"standard","meta":{"_jetpack_memberships_contains_paid_content":false,"footnotes":"","jetpack_publicize_message":"","jetpack_publicize_feature_enabled":true,"jetpack_social_post_already_shared":true,"jetpack_social_options":{"image_generator_settings":{"template":"highway","default_image_id":0,"font":"","enabled":false},"version":2}},"categories":[1],"tags":[],"class_list":["post-32295","post","type-post","status-publish","format-standard","has-post-thumbnail","hentry","category-atualidade"],"jetpack_publicize_connections":[],"jetpack_featured_media_url":"https:\/\/correiodasemana.com\/site\/wp-content\/uploads\/2025\/01\/WhatsApp-Image-2025-01-24-at-17.17.33.jpeg","jetpack-related-posts":[{"id":37997,"url":"https:\/\/correiodasemana.com\/site\/paroquia-do-sagrado-coracao-de-jesus-acolhe-novo-paroco-e-apresenta-novo-vigario-paroquial\/","url_meta":{"origin":32295,"position":0},"title":"Par\u00f3quia do Sagrado Cora\u00e7\u00e3o de Jesus acolhe novo p\u00e1roco e apresenta novo vig\u00e1rio paroquial","author":"adminredacao","date":"Abril 13, 2026","format":false,"excerpt":"A Par\u00f3quia do Sagrado Cora\u00e7\u00e3o de Jesus, em Sobral, realizou, na noite deste s\u00e1bado (28\/03), a Santa Missa com o Rito de Posse Can\u00f4nica do novo p\u00e1roco, padre Robson Cabral, bem como a apresenta\u00e7\u00e3o do novo vig\u00e1rio paroquial, padre Francisco Alves Magalh\u00e3es. A celebra\u00e7\u00e3o reuniu membros de grupos, pastorais, movimentos\u2026","rel":"","context":"In &quot;Atualidade&quot;","block_context":{"text":"Atualidade","link":"https:\/\/correiodasemana.com\/site\/category\/atualidade\/"},"img":{"alt_text":"","src":"https:\/\/i0.wp.com\/correiodasemana.com\/site\/wp-content\/uploads\/2026\/04\/Paroquia-do-Sagrado-Coracao-de-Jesus-1.jpeg?resize=350%2C200&ssl=1","width":350,"height":200,"srcset":"https:\/\/i0.wp.com\/correiodasemana.com\/site\/wp-content\/uploads\/2026\/04\/Paroquia-do-Sagrado-Coracao-de-Jesus-1.jpeg?resize=350%2C200&ssl=1 1x, https:\/\/i0.wp.com\/correiodasemana.com\/site\/wp-content\/uploads\/2026\/04\/Paroquia-do-Sagrado-Coracao-de-Jesus-1.jpeg?resize=525%2C300&ssl=1 1.5x, https:\/\/i0.wp.com\/correiodasemana.com\/site\/wp-content\/uploads\/2026\/04\/Paroquia-do-Sagrado-Coracao-de-Jesus-1.jpeg?resize=700%2C400&ssl=1 2x, https:\/\/i0.wp.com\/correiodasemana.com\/site\/wp-content\/uploads\/2026\/04\/Paroquia-do-Sagrado-Coracao-de-Jesus-1.jpeg?resize=1050%2C600&ssl=1 3x"},"classes":[]},{"id":15192,"url":"https:\/\/correiodasemana.com\/site\/diocese-de-sobral-divulga-transferencias-e-nomeacoes-de-alguns-padres\/","url_meta":{"origin":32295,"position":1},"title":"Diocese de Sobral divulga transfer\u00eancias e nomea\u00e7\u00f5es de alguns padres","author":"","date":"Dezembro 27, 2020","format":false,"excerpt":"DOM JOS\u00c9 LUIZ GOMES DE VASCONCELOS Pasce oves meas Por merc\u00ea de Deus e da Santa S\u00e9 Apost\u00f3lica - Bispo Diocesano de Sobral Sauda\u00e7\u00e3o, paz e b\u00ean\u00e7\u00e3os em nosso Senhor Jesus Cristo! Car\u00edssimos Diocesanos, Tendo em vista as necessidades pastorais de nossa Igreja Particular; no sincero desejo de melhor assistir\u2026","rel":"","context":"In &quot;Diocese&quot;","block_context":{"text":"Diocese","link":"https:\/\/correiodasemana.com\/site\/category\/diocese\/"},"img":{"alt_text":"","src":"https:\/\/i0.wp.com\/correiodasemana.com\/site\/wp-content\/uploads\/2020\/12\/WhatsApp-Image-2020-12-19-at-18.12.46-1.jpeg?resize=350%2C200&ssl=1","width":350,"height":200,"srcset":"https:\/\/i0.wp.com\/correiodasemana.com\/site\/wp-content\/uploads\/2020\/12\/WhatsApp-Image-2020-12-19-at-18.12.46-1.jpeg?resize=350%2C200&ssl=1 1x, https:\/\/i0.wp.com\/correiodasemana.com\/site\/wp-content\/uploads\/2020\/12\/WhatsApp-Image-2020-12-19-at-18.12.46-1.jpeg?resize=525%2C300&ssl=1 1.5x, https:\/\/i0.wp.com\/correiodasemana.com\/site\/wp-content\/uploads\/2020\/12\/WhatsApp-Image-2020-12-19-at-18.12.46-1.jpeg?resize=700%2C400&ssl=1 2x, https:\/\/i0.wp.com\/correiodasemana.com\/site\/wp-content\/uploads\/2020\/12\/WhatsApp-Image-2020-12-19-at-18.12.46-1.jpeg?resize=1050%2C600&ssl=1 3x"},"classes":[]},{"id":32214,"url":"https:\/\/correiodasemana.com\/site\/pe-uli-endres-toma-posse-como-novo-administrador-paroquial-da-paroquia-de-nossa-senhora-de-fatima-em-sobral\/","url_meta":{"origin":32295,"position":2},"title":"Pe. Uli Endres toma posse como novo administrador paroquial da Par\u00f3quia de Nossa Senhora de F\u00e1tima em Sobral","author":"adminredacao","date":"Janeiro 16, 2025","format":false,"excerpt":"A Par\u00f3quia de Nossa Senhora de F\u00e1tima, em Sobral, reuniu-se na noite da \u00faltima quarta-feira, 08 de janeiro, para a Santa Missa com Rito de Posse Can\u00f4nica do novo administrador paroquial, Pe. Uli Endres. A celebra\u00e7\u00e3o foi presidida por Dom Vasconcelos, bispo diocesano de Sobral. O presb\u00edtero, que exercia a\u2026","rel":"","context":"In &quot;Atualidade&quot;","block_context":{"text":"Atualidade","link":"https:\/\/correiodasemana.com\/site\/category\/atualidade\/"},"img":{"alt_text":"","src":"https:\/\/i0.wp.com\/correiodasemana.com\/site\/wp-content\/uploads\/2025\/01\/novo-paroco-uli-endres-5.jpeg?resize=350%2C200&ssl=1","width":350,"height":200,"srcset":"https:\/\/i0.wp.com\/correiodasemana.com\/site\/wp-content\/uploads\/2025\/01\/novo-paroco-uli-endres-5.jpeg?resize=350%2C200&ssl=1 1x, https:\/\/i0.wp.com\/correiodasemana.com\/site\/wp-content\/uploads\/2025\/01\/novo-paroco-uli-endres-5.jpeg?resize=525%2C300&ssl=1 1.5x, https:\/\/i0.wp.com\/correiodasemana.com\/site\/wp-content\/uploads\/2025\/01\/novo-paroco-uli-endres-5.jpeg?resize=700%2C400&ssl=1 2x, https:\/\/i0.wp.com\/correiodasemana.com\/site\/wp-content\/uploads\/2025\/01\/novo-paroco-uli-endres-5.jpeg?resize=1050%2C600&ssl=1 3x, https:\/\/i0.wp.com\/correiodasemana.com\/site\/wp-content\/uploads\/2025\/01\/novo-paroco-uli-endres-5.jpeg?resize=1400%2C800&ssl=1 4x"},"classes":[]},{"id":23534,"url":"https:\/\/correiodasemana.com\/site\/paroquia-de-sao-luiz-gonzaga-em-padre-linhares-recebe-seu-novo-administrador-paroquial\/","url_meta":{"origin":32295,"position":3},"title":"Par\u00f3quia de S\u00e3o Luiz Gonzaga em Padre Linhares recebe seu novo administrador paroquial","author":"adminredacao","date":"Fevereiro 14, 2023","format":false,"excerpt":"No dia 06 de fevereiro, Pe. Samoel Pereira de Melo foi empossado como administrador paroquial da Par\u00f3quia S\u00e3o Luiz Gonzaga no distrito de Padre Linhares em Massap\u00ea. A Santa Missa presidida por Dom Vasconcelos marcou o in\u00edcio da miss\u00e3o de Padre Samoel na administra\u00e7\u00e3o de sua primeira par\u00f3quia. Padre Samoel\u2026","rel":"","context":"In &quot;Atualidade&quot;","block_context":{"text":"Atualidade","link":"https:\/\/correiodasemana.com\/site\/category\/atualidade\/"},"img":{"alt_text":"","src":"https:\/\/i0.wp.com\/correiodasemana.com\/site\/wp-content\/uploads\/2023\/02\/paroquia-de-padre-linhares-1.jpg?resize=350%2C200&ssl=1","width":350,"height":200,"srcset":"https:\/\/i0.wp.com\/correiodasemana.com\/site\/wp-content\/uploads\/2023\/02\/paroquia-de-padre-linhares-1.jpg?resize=350%2C200&ssl=1 1x, https:\/\/i0.wp.com\/correiodasemana.com\/site\/wp-content\/uploads\/2023\/02\/paroquia-de-padre-linhares-1.jpg?resize=525%2C300&ssl=1 1.5x, https:\/\/i0.wp.com\/correiodasemana.com\/site\/wp-content\/uploads\/2023\/02\/paroquia-de-padre-linhares-1.jpg?resize=700%2C400&ssl=1 2x"},"classes":[]},{"id":23486,"url":"https:\/\/correiodasemana.com\/site\/em-clima-de-festa-pe-elmir-gomes-e-empossado-como-novo-administrador-paroquial-da-paroquia-de-martinopole\/","url_meta":{"origin":32295,"position":4},"title":"Em clima de festa, Pe. Elmir Gomes \u00e9 empossado como novo administrador paroquial da Par\u00f3quia de Martin\u00f3pole","author":"adminredacao","date":"Fevereiro 13, 2023","format":false,"excerpt":"Com sorrisos e abra\u00e7os em um dia duplamente festivo, Pe. Elmir Gomes celebrou neste s\u00e1bado, 04\/02, seu 6\u00ba anivers\u00e1rio de Ordena\u00e7\u00e3o Presbiteral e foi empossado como administrador paroquial da Par\u00f3quia Nossa Senhora da Concei\u00e7\u00e3o em Martin\u00f3pole por Dom Vasconcelos, bispo diocesano de Sobral. Logo no in\u00edcio da celebra\u00e7\u00e3o \u2013\u00a0 que\u2026","rel":"","context":"In &quot;Atualidade&quot;","block_context":{"text":"Atualidade","link":"https:\/\/correiodasemana.com\/site\/category\/atualidade\/"},"img":{"alt_text":"","src":"https:\/\/i0.wp.com\/correiodasemana.com\/site\/wp-content\/uploads\/2023\/02\/padre-elmir-gomes-6.jpg?resize=350%2C200&ssl=1","width":350,"height":200,"srcset":"https:\/\/i0.wp.com\/correiodasemana.com\/site\/wp-content\/uploads\/2023\/02\/padre-elmir-gomes-6.jpg?resize=350%2C200&ssl=1 1x, https:\/\/i0.wp.com\/correiodasemana.com\/site\/wp-content\/uploads\/2023\/02\/padre-elmir-gomes-6.jpg?resize=525%2C300&ssl=1 1.5x, https:\/\/i0.wp.com\/correiodasemana.com\/site\/wp-content\/uploads\/2023\/02\/padre-elmir-gomes-6.jpg?resize=700%2C400&ssl=1 2x"},"classes":[]},{"id":15584,"url":"https:\/\/correiodasemana.com\/site\/padre-bosco-linhares-toma-posse-na-paroquia-de-nossa-senhora-do-perpetuo-socorro-em-reriutaba\/","url_meta":{"origin":32295,"position":5},"title":"Padre Bosco Linhares toma posse na Par\u00f3quia de Nossa Senhora do Perp\u00e9tuo Socorro, em Reriutaba","author":"","date":"Fevereiro 2, 2021","format":false,"excerpt":"Por Joc\u00e9lio Tavares. Aconteceu, na noite da \u00faltima sexta-feira, (22\/01), na Igreja Matriz de Nossa Senhora do Perp\u00e9tuo Socorro, centro da cidade, em Reriutaba (CE), a posse do novo p\u00e1roco e do novo vig\u00e1rio, respectivamente padres Jo\u00e3o Bosco Arruda Linhares e Eufr\u00e1zio da Silva Filho. A celebra\u00e7\u00e3o religiosa foi presidida\u2026","rel":"","context":"In &quot;Diocese&quot;","block_context":{"text":"Diocese","link":"https:\/\/correiodasemana.com\/site\/category\/diocese\/"},"img":{"alt_text":"","src":"https:\/\/i0.wp.com\/correiodasemana.com\/site\/wp-content\/uploads\/2021\/02\/Pe.-Bosco-toma-posse-em-Reriutaba.jpg?resize=350%2C200&ssl=1","width":350,"height":200,"srcset":"https:\/\/i0.wp.com\/correiodasemana.com\/site\/wp-content\/uploads\/2021\/02\/Pe.-Bosco-toma-posse-em-Reriutaba.jpg?resize=350%2C200&ssl=1 1x, https:\/\/i0.wp.com\/correiodasemana.com\/site\/wp-content\/uploads\/2021\/02\/Pe.-Bosco-toma-posse-em-Reriutaba.jpg?resize=525%2C300&ssl=1 1.5x, https:\/\/i0.wp.com\/correiodasemana.com\/site\/wp-content\/uploads\/2021\/02\/Pe.-Bosco-toma-posse-em-Reriutaba.jpg?resize=700%2C400&ssl=1 2x"},"classes":[]}],"jetpack_sharing_enabled":true,"_links":{"self":[{"href":"https:\/\/correiodasemana.com\/site\/wp-json\/wp\/v2\/posts\/32295","targetHints":{"allow":["GET"]}}],"collection":[{"href":"https:\/\/correiodasemana.com\/site\/wp-json\/wp\/v2\/posts"}],"about":[{"href":"https:\/\/correiodasemana.com\/site\/wp-json\/wp\/v2\/types\/post"}],"author":[{"embeddable":true,"href":"https:\/\/correiodasemana.com\/site\/wp-json\/wp\/v2\/users\/7"}],"replies":[{"embeddable":true,"href":"https:\/\/correiodasemana.com\/site\/wp-json\/wp\/v2\/comments?post=32295"}],"version-history":[{"count":1,"href":"https:\/\/correiodasemana.com\/site\/wp-json\/wp\/v2\/posts\/32295\/revisions"}],"predecessor-version":[{"id":32309,"href":"https:\/\/correiodasemana.com\/site\/wp-json\/wp\/v2\/posts\/32295\/revisions\/32309"}],"wp:featuredmedia":[{"embeddable":true,"href":"https:\/\/correiodasemana.com\/site\/wp-json\/wp\/v2\/media\/32308"}],"wp:attachment":[{"href":"https:\/\/correiodasemana.com\/site\/wp-json\/wp\/v2\/media?parent=32295"}],"wp:term":[{"taxonomy":"category","embeddable":true,"href":"https:\/\/correiodasemana.com\/site\/wp-json\/wp\/v2\/categories?post=32295"},{"taxonomy":"post_tag","embeddable":true,"href":"https:\/\/correiodasemana.com\/site\/wp-json\/wp\/v2\/tags?post=32295"}],"curies":[{"name":"wp","href":"https:\/\/api.w.org\/{rel}","templated":true}]}}