{"id":32316,"date":"2025-01-27T16:37:47","date_gmt":"2025-01-27T19:37:47","guid":{"rendered":"https:\/\/correiodasemana.com\/site\/?p=32316"},"modified":"2025-01-27T16:37:47","modified_gmt":"2025-01-27T19:37:47","slug":"jubileu-2025-assessores-da-iam-participam-de-encontro-de-formadores-em-marco","status":"publish","type":"post","link":"https:\/\/correiodasemana.com\/site\/jubileu-2025-assessores-da-iam-participam-de-encontro-de-formadores-em-marco\/","title":{"rendered":"Jubileu 2025: Assessores da IAM participam de Encontro de Formadores em Marco"},"content":{"rendered":"<div id='gallery-1' class='gallery galleryid-32316 gallery-columns-6 gallery-size-thumbnail'><figure class='gallery-item'>\n\t\t\t<div class='gallery-icon landscape'>\n\t\t\t\t<a href='https:\/\/correiodasemana.com\/site\/jubileu-2025-assessores-da-iam-participam-de-encontro-de-formadores-em-marco\/img_0033\/'><img loading=\"lazy\" width=\"150\" height=\"150\" src=\"https:\/\/correiodasemana.com\/site\/wp-content\/uploads\/2025\/01\/IMG_0033-150x150.jpg\" class=\"attachment-thumbnail size-thumbnail\" alt=\"IMG_0033\" loading=\"lazy\" decoding=\"async\" \/><\/a>\n\t\t\t<\/div><\/figure><figure class='gallery-item'>\n\t\t\t<div class='gallery-icon landscape'>\n\t\t\t\t<a href='https:\/\/correiodasemana.com\/site\/jubileu-2025-assessores-da-iam-participam-de-encontro-de-formadores-em-marco\/img_0095\/'><img loading=\"lazy\" width=\"150\" height=\"150\" src=\"https:\/\/correiodasemana.com\/site\/wp-content\/uploads\/2025\/01\/IMG_0095-150x150.jpg\" class=\"attachment-thumbnail size-thumbnail\" alt=\"IMG_0095\" loading=\"lazy\" decoding=\"async\" \/><\/a>\n\t\t\t<\/div><\/figure><figure class='gallery-item'>\n\t\t\t<div class='gallery-icon landscape'>\n\t\t\t\t<a href='https:\/\/correiodasemana.com\/site\/jubileu-2025-assessores-da-iam-participam-de-encontro-de-formadores-em-marco\/img_0550\/'><img loading=\"lazy\" width=\"150\" height=\"150\" src=\"https:\/\/correiodasemana.com\/site\/wp-content\/uploads\/2025\/01\/IMG_0550-150x150.jpg\" class=\"attachment-thumbnail size-thumbnail\" alt=\"IMG_0550\" loading=\"lazy\" decoding=\"async\" \/><\/a>\n\t\t\t<\/div><\/figure><figure class='gallery-item'>\n\t\t\t<div class='gallery-icon landscape'>\n\t\t\t\t<a href='https:\/\/correiodasemana.com\/site\/jubileu-2025-assessores-da-iam-participam-de-encontro-de-formadores-em-marco\/img_0581\/'><img loading=\"lazy\" width=\"150\" height=\"150\" src=\"https:\/\/correiodasemana.com\/site\/wp-content\/uploads\/2025\/01\/IMG_0581-150x150.jpg\" class=\"attachment-thumbnail size-thumbnail\" alt=\"IMG_0581\" loading=\"lazy\" decoding=\"async\" \/><\/a>\n\t\t\t<\/div><\/figure><figure class='gallery-item'>\n\t\t\t<div class='gallery-icon landscape'>\n\t\t\t\t<a href='https:\/\/correiodasemana.com\/site\/jubileu-2025-assessores-da-iam-participam-de-encontro-de-formadores-em-marco\/img_0655\/'><img loading=\"lazy\" width=\"150\" height=\"150\" src=\"https:\/\/correiodasemana.com\/site\/wp-content\/uploads\/2025\/01\/IMG_0655-150x150.jpg\" class=\"attachment-thumbnail size-thumbnail\" alt=\"IMG_0655\" loading=\"lazy\" decoding=\"async\" \/><\/a>\n\t\t\t<\/div><\/figure><figure class='gallery-item'>\n\t\t\t<div class='gallery-icon landscape'>\n\t\t\t\t<a href='https:\/\/correiodasemana.com\/site\/jubileu-2025-assessores-da-iam-participam-de-encontro-de-formadores-em-marco\/img_0687\/'><img loading=\"lazy\" width=\"150\" height=\"150\" src=\"https:\/\/correiodasemana.com\/site\/wp-content\/uploads\/2025\/01\/IMG_0687-150x150.jpg\" class=\"attachment-thumbnail size-thumbnail\" alt=\"IMG_0687\" loading=\"lazy\" decoding=\"async\" \/><\/a>\n\t\t\t<\/div><\/figure><figure class='gallery-item'>\n\t\t\t<div class='gallery-icon landscape'>\n\t\t\t\t<a href='https:\/\/correiodasemana.com\/site\/jubileu-2025-assessores-da-iam-participam-de-encontro-de-formadores-em-marco\/img_0741\/'><img loading=\"lazy\" width=\"150\" height=\"150\" src=\"https:\/\/correiodasemana.com\/site\/wp-content\/uploads\/2025\/01\/IMG_0741-150x150.jpg\" class=\"attachment-thumbnail size-thumbnail\" alt=\"IMG_0741\" loading=\"lazy\" decoding=\"async\" \/><\/a>\n\t\t\t<\/div><\/figure><figure class='gallery-item'>\n\t\t\t<div class='gallery-icon landscape'>\n\t\t\t\t<a href='https:\/\/correiodasemana.com\/site\/jubileu-2025-assessores-da-iam-participam-de-encontro-de-formadores-em-marco\/img_0785\/'><img loading=\"lazy\" width=\"150\" height=\"150\" src=\"https:\/\/correiodasemana.com\/site\/wp-content\/uploads\/2025\/01\/IMG_0785-150x150.jpg\" class=\"attachment-thumbnail size-thumbnail\" alt=\"IMG_0785\" loading=\"lazy\" decoding=\"async\" \/><\/a>\n\t\t\t<\/div><\/figure><figure class='gallery-item'>\n\t\t\t<div class='gallery-icon landscape'>\n\t\t\t\t<a href='https:\/\/correiodasemana.com\/site\/jubileu-2025-assessores-da-iam-participam-de-encontro-de-formadores-em-marco\/img_9681\/'><img loading=\"lazy\" width=\"150\" height=\"150\" src=\"https:\/\/correiodasemana.com\/site\/wp-content\/uploads\/2025\/01\/IMG_9681-150x150.jpg\" class=\"attachment-thumbnail size-thumbnail\" alt=\"IMG_9681\" loading=\"lazy\" decoding=\"async\" \/><\/a>\n\t\t\t<\/div><\/figure><figure class='gallery-item'>\n\t\t\t<div class='gallery-icon landscape'>\n\t\t\t\t<a href='https:\/\/correiodasemana.com\/site\/jubileu-2025-assessores-da-iam-participam-de-encontro-de-formadores-em-marco\/img_9739\/'><img loading=\"lazy\" width=\"150\" height=\"150\" src=\"https:\/\/correiodasemana.com\/site\/wp-content\/uploads\/2025\/01\/IMG_9739-150x150.jpg\" class=\"attachment-thumbnail size-thumbnail\" alt=\"IMG_9739\" loading=\"lazy\" decoding=\"async\" \/><\/a>\n\t\t\t<\/div><\/figure><figure class='gallery-item'>\n\t\t\t<div class='gallery-icon landscape'>\n\t\t\t\t<a href='https:\/\/correiodasemana.com\/site\/jubileu-2025-assessores-da-iam-participam-de-encontro-de-formadores-em-marco\/img_9760\/'><img loading=\"lazy\" width=\"150\" height=\"150\" src=\"https:\/\/correiodasemana.com\/site\/wp-content\/uploads\/2025\/01\/IMG_9760-150x150.jpg\" class=\"attachment-thumbnail size-thumbnail\" alt=\"IMG_9760\" loading=\"lazy\" decoding=\"async\" \/><\/a>\n\t\t\t<\/div><\/figure><figure class='gallery-item'>\n\t\t\t<div class='gallery-icon landscape'>\n\t\t\t\t<a href='https:\/\/correiodasemana.com\/site\/jubileu-2025-assessores-da-iam-participam-de-encontro-de-formadores-em-marco\/img_9995\/'><img loading=\"lazy\" width=\"150\" height=\"150\" src=\"https:\/\/correiodasemana.com\/site\/wp-content\/uploads\/2025\/01\/IMG_9995-150x150.jpg\" class=\"attachment-thumbnail size-thumbnail\" alt=\"IMG_9995\" loading=\"lazy\" decoding=\"async\" \/><\/a>\n\t\t\t<\/div><\/figure>\n\t\t<\/div>\n\n<p>De 17 a 19 de janeiro a Par\u00f3quia de S\u00e3o Manuel situada no munic\u00edpio de Marco realizou o EFAIM &#8211; Encontro de Forma\u00e7\u00e3o dos Assessores da Inf\u00e2ncia e Adolesc\u00eancia Mission\u00e1ria como parte da programa\u00e7\u00e3o do Jubileu 2025. O encontro teve como tema: \u201cIAM, peregrinos da esperan\u00e7a\u201d.<br \/>\nO encontro teve como objetivo oferecer aos assessores forma\u00e7\u00e3o integral, abordando n\u00e3o apenas aspectos te\u00f3ricos sobre a miss\u00e3o, mas tamb\u00e9m ferramentas pr\u00e1ticas para sua aplica\u00e7\u00e3o, com atividades, oficinas e apresenta\u00e7\u00f5es das quatro \u00e1reas integrais da obra. Foi um momento prop\u00edcio para troca de experi\u00eancias, partilha de desafios e fortalecimento dos la\u00e7os entre os membros da IAM. Al\u00e9m disso, uma oportunidade para renovar a alegria de servir a Deus e aos irm\u00e3os.<br \/>\nCom a realiza\u00e7\u00e3o do Jubileu da IAM, esta foi a primeira peregrina\u00e7\u00e3o em territ\u00f3rio diocesano. O Santu\u00e1rio do Sagrado Cora\u00e7\u00e3o de Jesus pertencente \u00e0 Par\u00f3quia de S\u00e3o Manuel \u00e9 uma das igrejas jubilares neste ano da esperan\u00e7a. Estiveram presentes membros da Par\u00f3quia de S\u00e3o Sebasti\u00e3o &#8211; Ipu, Par\u00f3quia de S\u00e3o Jo\u00e3o Batista &#8211; Celsol\u00e2ndia, das capelas das comunidades de Marco, Diocese de Itapipoca e Arquidiocese de Fortaleza. O p\u00e1roco Monsenhor Nonato Timb\u00f3 acolheu a todos no Centro de Pastoral Mater Dei, e posteriormente todos sa\u00edram em prociss\u00e3o para o Santu\u00e1rio onde aconteceu a Santa Missa.<br \/>\nO segundo dia foi marcado por ora\u00e7\u00e3o, reflex\u00f5es, din\u00e2micas, e oficinas. O coordenador da IAM do Regional NE1, Bruno Oliveira, falou sobre a hist\u00f3ria da IAM, funda\u00e7\u00e3o e fundamentos da miss\u00e3o. Tamb\u00e9m esteve presente o vice-coordenador da Juventude Mission\u00e1ria do Regional NE 1, Anderson Rocha, que abordou o tema:<br \/>\n\u201cTra\u00e7os distintivos da miss\u00e3o &#8211; Evangelii Guadium: Exorta\u00e7\u00e3o apost\u00f3lica sobre o an\u00fancio do Evangelho\u201d. Ele destacou que a alegria de anunciar o evangelho sempre brilha no horizonte de uma mem\u00f3ria agradecida. E acrescentou: \u201cColocar-se em estado de miss\u00e3o \u00e9 um reflexo da gratid\u00e3o\u201d.<br \/>\nTamb\u00e9m marcaram presen\u00e7a a coordenadora diocesana da IAM, Maria de Jesus e o assessor e seminarista, Iury Bezerra. Em um momento fraterno, todos reuniram-se para a noite cultural que contou com a anima\u00e7\u00e3o de Henrique do Acordeon, bem como, a breve abordagem da hist\u00f3ria do Servo de Deus Waldir Lopes de Castro apresentado por Vanderl\u00facia, fundadora da comunidade Filhos de Si\u00e3o.<br \/>\nNa ocasi\u00e3o, houve uma apresenta\u00e7\u00e3o em libras do Hino do Ano Jubilar. A programa\u00e7\u00e3o do \u00faltimo dia foi voltada para a espiritualidade, onde todos participaram de momentos de anima\u00e7\u00e3o, louvor, adora\u00e7\u00e3o e Santa Missa presidida por Monsenhor Nonato Timb\u00f3. Os peregrinos tiveram a oportunidade de conhecer o memorial do Servo de Deus Waldir Lopes e em seguida houve uma partilha e avalia\u00e7\u00e3o do evento.<br \/>\nCom o cora\u00e7\u00e3o cheio de gratid\u00e3o e esperan\u00e7a, todos voltaram \u00e0s suas atividades pastorais nas diversas realidades confiantes de que os frutos deste encontro ser\u00e3o colhidos, sobretudo, assessores bem formados e motivados.<br \/>\nThais Helena &#8211; Jornalista &#8211; Jornal Correio da Semana<\/p>\n","protected":false},"excerpt":{"rendered":"<p>De 17 a 19 de janeiro a Par\u00f3quia de S\u00e3o Manuel situada no munic\u00edpio de&#8230;<\/p>\n","protected":false},"author":7,"featured_media":32328,"comment_status":"open","ping_status":"open","sticky":false,"template":"","format":"standard","meta":{"_jetpack_memberships_contains_paid_content":false,"footnotes":"","jetpack_publicize_message":"","jetpack_publicize_feature_enabled":true,"jetpack_social_post_already_shared":true,"jetpack_social_options":{"image_generator_settings":{"template":"highway","default_image_id":0,"font":"","enabled":false},"version":2}},"categories":[1],"tags":[],"class_list":["post-32316","post","type-post","status-publish","format-standard","has-post-thumbnail","hentry","category-atualidade"],"jetpack_publicize_connections":[],"jetpack_featured_media_url":"https:\/\/correiodasemana.com\/site\/wp-content\/uploads\/2025\/01\/IMG_9995-scaled.jpg","jetpack-related-posts":[{"id":33945,"url":"https:\/\/correiodasemana.com\/site\/diocese-de-sobral-marca-presenca-na-13a-jornada-nacional-da-iam-em-fortaleza\/","url_meta":{"origin":32316,"position":0},"title":"Diocese de Sobral marca presen\u00e7a na 13\u00aa Jornada Nacional da IAM em Fortaleza","author":"adminredacao","date":"Junho 3, 2025","format":false,"excerpt":"A Par\u00f3quia de S\u00e3o Jo\u00e3o do Tauape, em Fortaleza, sediou, neste domingo, 25 de maio, a 13\u00aa Jornada Nacional da Inf\u00e2ncia e Adolesc\u00eancia Mission\u00e1ria (IAM). O evento reuniu crian\u00e7as e adolescentes de todas as dioceses do Regional Nordeste 1, incluindo a Arquidiocese de Fortaleza. Em sintonia com a Campanha Mission\u00e1ria\u2026","rel":"","context":"In &quot;Atualidade&quot;","block_context":{"text":"Atualidade","link":"https:\/\/correiodasemana.com\/site\/category\/atualidade\/"},"img":{"alt_text":"","src":"https:\/\/i0.wp.com\/correiodasemana.com\/site\/wp-content\/uploads\/2025\/06\/WhatsApp-Image-2025-05-26-at-15.41.42.jpeg?resize=350%2C200&ssl=1","width":350,"height":200,"srcset":"https:\/\/i0.wp.com\/correiodasemana.com\/site\/wp-content\/uploads\/2025\/06\/WhatsApp-Image-2025-05-26-at-15.41.42.jpeg?resize=350%2C200&ssl=1 1x, https:\/\/i0.wp.com\/correiodasemana.com\/site\/wp-content\/uploads\/2025\/06\/WhatsApp-Image-2025-05-26-at-15.41.42.jpeg?resize=525%2C300&ssl=1 1.5x, https:\/\/i0.wp.com\/correiodasemana.com\/site\/wp-content\/uploads\/2025\/06\/WhatsApp-Image-2025-05-26-at-15.41.42.jpeg?resize=700%2C400&ssl=1 2x, https:\/\/i0.wp.com\/correiodasemana.com\/site\/wp-content\/uploads\/2025\/06\/WhatsApp-Image-2025-05-26-at-15.41.42.jpeg?resize=1050%2C600&ssl=1 3x, https:\/\/i0.wp.com\/correiodasemana.com\/site\/wp-content\/uploads\/2025\/06\/WhatsApp-Image-2025-05-26-at-15.41.42.jpeg?resize=1400%2C800&ssl=1 4x"},"classes":[]},{"id":34444,"url":"https:\/\/correiodasemana.com\/site\/com-coracoes-missionarios-criancas-e-adolescentes-celebram-182-anos-da-iam-em-marco\/","url_meta":{"origin":32316,"position":1},"title":"Com cora\u00e7\u00f5es mission\u00e1rios, crian\u00e7as e adolescentes celebram 182 anos da IAM em Marco","author":"adminredacao","date":"Julho 1, 2025","format":false,"excerpt":"A Inf\u00e2ncia e Adolesc\u00eancia Mission\u00e1ria (IAM) da Par\u00f3quia de S\u00e3o Manuel, em Marco, viveu um momento de grande alegria e compromisso mission\u00e1rio na manh\u00e3 do \u00faltimo domingo, 22, com a Missa em A\u00e7\u00e3o de Gra\u00e7as pelos 182 anos de funda\u00e7\u00e3o da IAM. A celebra\u00e7\u00e3o foi presidida pelo p\u00e1roco, Monsenhor Nonato\u2026","rel":"","context":"In &quot;Atualidade&quot;","block_context":{"text":"Atualidade","link":"https:\/\/correiodasemana.com\/site\/category\/atualidade\/"},"img":{"alt_text":"","src":"https:\/\/i0.wp.com\/correiodasemana.com\/site\/wp-content\/uploads\/2025\/07\/WhatsApp-Image-2025-06-27-at-16.43.51-1.jpeg?resize=350%2C200&ssl=1","width":350,"height":200,"srcset":"https:\/\/i0.wp.com\/correiodasemana.com\/site\/wp-content\/uploads\/2025\/07\/WhatsApp-Image-2025-06-27-at-16.43.51-1.jpeg?resize=350%2C200&ssl=1 1x, https:\/\/i0.wp.com\/correiodasemana.com\/site\/wp-content\/uploads\/2025\/07\/WhatsApp-Image-2025-06-27-at-16.43.51-1.jpeg?resize=525%2C300&ssl=1 1.5x, https:\/\/i0.wp.com\/correiodasemana.com\/site\/wp-content\/uploads\/2025\/07\/WhatsApp-Image-2025-06-27-at-16.43.51-1.jpeg?resize=700%2C400&ssl=1 2x, https:\/\/i0.wp.com\/correiodasemana.com\/site\/wp-content\/uploads\/2025\/07\/WhatsApp-Image-2025-06-27-at-16.43.51-1.jpeg?resize=1050%2C600&ssl=1 3x, https:\/\/i0.wp.com\/correiodasemana.com\/site\/wp-content\/uploads\/2025\/07\/WhatsApp-Image-2025-06-27-at-16.43.51-1.jpeg?resize=1400%2C800&ssl=1 4x"},"classes":[]},{"id":34620,"url":"https:\/\/correiodasemana.com\/site\/5a-jornada-diocesana-do-apostolado-da-oracao-e-jubileu-do-apostolado-reune-mais-de-1-200-fieis-em-marco\/","url_meta":{"origin":32316,"position":2},"title":"5\u00aa Jornada Diocesana do Apostolado da Ora\u00e7\u00e3o e Jubileu do Apostolado re\u00fane mais de 1.200 fi\u00e9is em Marco","author":"adminredacao","date":"Julho 15, 2025","format":false,"excerpt":"O Santu\u00e1rio do Sagrado Cora\u00e7\u00e3o de Jesus, na cidade de Marco, acolheu no \u00faltimo s\u00e1bado, 5 de julho, as in\u00fameras caravanas vindas das diversas par\u00f3quias da Diocese de Sobral, por ocasi\u00e3o da 5\u00aa Jornada Diocesana do Apostolado da Ora\u00e7\u00e3o e Jubileu do Apostolado. O encontro reuniu mais de 1.200 membros\u2026","rel":"","context":"In &quot;Atualidade&quot;","block_context":{"text":"Atualidade","link":"https:\/\/correiodasemana.com\/site\/category\/atualidade\/"},"img":{"alt_text":"","src":"https:\/\/i0.wp.com\/correiodasemana.com\/site\/wp-content\/uploads\/2025\/07\/WhatsApp-Image-2025-07-11-at-11.27.47-scaled.jpeg?resize=350%2C200&ssl=1","width":350,"height":200,"srcset":"https:\/\/i0.wp.com\/correiodasemana.com\/site\/wp-content\/uploads\/2025\/07\/WhatsApp-Image-2025-07-11-at-11.27.47-scaled.jpeg?resize=350%2C200&ssl=1 1x, https:\/\/i0.wp.com\/correiodasemana.com\/site\/wp-content\/uploads\/2025\/07\/WhatsApp-Image-2025-07-11-at-11.27.47-scaled.jpeg?resize=525%2C300&ssl=1 1.5x, https:\/\/i0.wp.com\/correiodasemana.com\/site\/wp-content\/uploads\/2025\/07\/WhatsApp-Image-2025-07-11-at-11.27.47-scaled.jpeg?resize=700%2C400&ssl=1 2x, https:\/\/i0.wp.com\/correiodasemana.com\/site\/wp-content\/uploads\/2025\/07\/WhatsApp-Image-2025-07-11-at-11.27.47-scaled.jpeg?resize=1050%2C600&ssl=1 3x, https:\/\/i0.wp.com\/correiodasemana.com\/site\/wp-content\/uploads\/2025\/07\/WhatsApp-Image-2025-07-11-at-11.27.47-scaled.jpeg?resize=1400%2C800&ssl=1 4x"},"classes":[]},{"id":31571,"url":"https:\/\/correiodasemana.com\/site\/processo-eletivo-da-rcc-elege-nova-presidente-diocesana\/","url_meta":{"origin":32316,"position":3},"title":"Processo Eletivo da RCC elege nova Presidente Diocesana","author":"adminredacao","date":"Novembro 24, 2024","format":false,"excerpt":"No \u00faltimo s\u00e1bado, 16 de novembro, foi realizado um Processo Eletivo da Renova\u00e7\u00e3o Carism\u00e1tica Cat\u00f3lica - RCC da Diocese de Sobral para eleger a nova presid\u00eancia para o bi\u00eanio de 2025\/2026. O encontro aconteceu no Audit\u00f3rio Dom Walfrido, na C\u00faria Diocesana. \u00c0 luz do tema norteador do ano de 2025:\u2026","rel":"","context":"In &quot;Atualidade&quot;","block_context":{"text":"Atualidade","link":"https:\/\/correiodasemana.com\/site\/category\/atualidade\/"},"img":{"alt_text":"","src":"https:\/\/i0.wp.com\/correiodasemana.com\/site\/wp-content\/uploads\/2024\/11\/WhatsApp-Image-2024-11-18-at-13.29.54.jpeg?resize=350%2C200&ssl=1","width":350,"height":200,"srcset":"https:\/\/i0.wp.com\/correiodasemana.com\/site\/wp-content\/uploads\/2024\/11\/WhatsApp-Image-2024-11-18-at-13.29.54.jpeg?resize=350%2C200&ssl=1 1x, https:\/\/i0.wp.com\/correiodasemana.com\/site\/wp-content\/uploads\/2024\/11\/WhatsApp-Image-2024-11-18-at-13.29.54.jpeg?resize=525%2C300&ssl=1 1.5x, https:\/\/i0.wp.com\/correiodasemana.com\/site\/wp-content\/uploads\/2024\/11\/WhatsApp-Image-2024-11-18-at-13.29.54.jpeg?resize=700%2C400&ssl=1 2x"},"classes":[]},{"id":33196,"url":"https:\/\/correiodasemana.com\/site\/coordenacoes-diocesanas-de-catequese-participam-de-encontro-regional-na-diocese-de-quixada\/","url_meta":{"origin":32316,"position":4},"title":"Coordena\u00e7\u00f5es diocesanas de Catequese participam de Encontro Regional na Diocese de Quixad\u00e1","author":"adminredacao","date":"Abril 7, 2025","format":false,"excerpt":"Entre os dias 28 e 30 de mar\u00e7o, o Regional Nordeste 1 da CNBB realizou o Encontro com as coordena\u00e7\u00f5es diocesanas de Catequese no Centro de Pastoral S\u00e3o Jos\u00e9, na Diocese de Quixad\u00e1. O evento reuniu representantes das dioceses do Cear\u00e1, incluindo a Arquidiocese de Fortaleza. Os catequistas refletiram sobre\u2026","rel":"","context":"In &quot;Atualidade&quot;","block_context":{"text":"Atualidade","link":"https:\/\/correiodasemana.com\/site\/category\/atualidade\/"},"img":{"alt_text":"","src":"https:\/\/i0.wp.com\/correiodasemana.com\/site\/wp-content\/uploads\/2025\/04\/Catequese-em-Quixada-5.jpeg?resize=350%2C200&ssl=1","width":350,"height":200,"srcset":"https:\/\/i0.wp.com\/correiodasemana.com\/site\/wp-content\/uploads\/2025\/04\/Catequese-em-Quixada-5.jpeg?resize=350%2C200&ssl=1 1x, https:\/\/i0.wp.com\/correiodasemana.com\/site\/wp-content\/uploads\/2025\/04\/Catequese-em-Quixada-5.jpeg?resize=525%2C300&ssl=1 1.5x, https:\/\/i0.wp.com\/correiodasemana.com\/site\/wp-content\/uploads\/2025\/04\/Catequese-em-Quixada-5.jpeg?resize=700%2C400&ssl=1 2x, https:\/\/i0.wp.com\/correiodasemana.com\/site\/wp-content\/uploads\/2025\/04\/Catequese-em-Quixada-5.jpeg?resize=1050%2C600&ssl=1 3x, https:\/\/i0.wp.com\/correiodasemana.com\/site\/wp-content\/uploads\/2025\/04\/Catequese-em-Quixada-5.jpeg?resize=1400%2C800&ssl=1 4x"},"classes":[]},{"id":26330,"url":"https:\/\/correiodasemana.com\/site\/membros-da-acao-missionaria-da-diocese-de-sobral-participam-de-congresso-regional\/","url_meta":{"origin":32316,"position":5},"title":"Membros da A\u00e7\u00e3o Mission\u00e1ria da Diocese de Sobral participam de Congresso Regional","author":"adminredacao","date":"Agosto 27, 2023","format":false,"excerpt":"\u00a0 Representantes da Diocese de Sobral participaram do Congresso Mission\u00e1rio Regional NE1de 18 a 20 de agosto no Semin\u00e1rio Arquidiocesano de Teologia em Fortaleza\/CE. A tem\u00e1tica trabalhada no encontro foi: \u201cIde! Da igreja local aos confins do mundo\u201d. O congresso contou com a presen\u00e7a de Dom Ailton Menegussi, bispo da\u2026","rel":"","context":"In &quot;Atualidade&quot;","block_context":{"text":"Atualidade","link":"https:\/\/correiodasemana.com\/site\/category\/atualidade\/"},"img":{"alt_text":"","src":"https:\/\/i0.wp.com\/correiodasemana.com\/site\/wp-content\/uploads\/2023\/08\/WhatsApp-Image-2023-08-25-at-15.47.14.jpeg?resize=350%2C200&ssl=1","width":350,"height":200,"srcset":"https:\/\/i0.wp.com\/correiodasemana.com\/site\/wp-content\/uploads\/2023\/08\/WhatsApp-Image-2023-08-25-at-15.47.14.jpeg?resize=350%2C200&ssl=1 1x, https:\/\/i0.wp.com\/correiodasemana.com\/site\/wp-content\/uploads\/2023\/08\/WhatsApp-Image-2023-08-25-at-15.47.14.jpeg?resize=525%2C300&ssl=1 1.5x, https:\/\/i0.wp.com\/correiodasemana.com\/site\/wp-content\/uploads\/2023\/08\/WhatsApp-Image-2023-08-25-at-15.47.14.jpeg?resize=700%2C400&ssl=1 2x, https:\/\/i0.wp.com\/correiodasemana.com\/site\/wp-content\/uploads\/2023\/08\/WhatsApp-Image-2023-08-25-at-15.47.14.jpeg?resize=1050%2C600&ssl=1 3x"},"classes":[]}],"jetpack_sharing_enabled":true,"_links":{"self":[{"href":"https:\/\/correiodasemana.com\/site\/wp-json\/wp\/v2\/posts\/32316","targetHints":{"allow":["GET"]}}],"collection":[{"href":"https:\/\/correiodasemana.com\/site\/wp-json\/wp\/v2\/posts"}],"about":[{"href":"https:\/\/correiodasemana.com\/site\/wp-json\/wp\/v2\/types\/post"}],"author":[{"embeddable":true,"href":"https:\/\/correiodasemana.com\/site\/wp-json\/wp\/v2\/users\/7"}],"replies":[{"embeddable":true,"href":"https:\/\/correiodasemana.com\/site\/wp-json\/wp\/v2\/comments?post=32316"}],"version-history":[{"count":1,"href":"https:\/\/correiodasemana.com\/site\/wp-json\/wp\/v2\/posts\/32316\/revisions"}],"predecessor-version":[{"id":32329,"href":"https:\/\/correiodasemana.com\/site\/wp-json\/wp\/v2\/posts\/32316\/revisions\/32329"}],"wp:featuredmedia":[{"embeddable":true,"href":"https:\/\/correiodasemana.com\/site\/wp-json\/wp\/v2\/media\/32328"}],"wp:attachment":[{"href":"https:\/\/correiodasemana.com\/site\/wp-json\/wp\/v2\/media?parent=32316"}],"wp:term":[{"taxonomy":"category","embeddable":true,"href":"https:\/\/correiodasemana.com\/site\/wp-json\/wp\/v2\/categories?post=32316"},{"taxonomy":"post_tag","embeddable":true,"href":"https:\/\/correiodasemana.com\/site\/wp-json\/wp\/v2\/tags?post=32316"}],"curies":[{"name":"wp","href":"https:\/\/api.w.org\/{rel}","templated":true}]}}