{"id":32330,"date":"2025-01-27T16:39:26","date_gmt":"2025-01-27T19:39:26","guid":{"rendered":"https:\/\/correiodasemana.com\/site\/?p=32330"},"modified":"2025-01-27T16:39:26","modified_gmt":"2025-01-27T19:39:26","slug":"hrn-supera-100-mil-cirurgias-e-595-mil-atendimentos-nas-emergencias-em-12-anos","status":"publish","type":"post","link":"https:\/\/correiodasemana.com\/site\/hrn-supera-100-mil-cirurgias-e-595-mil-atendimentos-nas-emergencias-em-12-anos\/","title":{"rendered":"HRN supera 100 mil cirurgias e 595 mil atendimentos nas emerg\u00eancias em 12 anos"},"content":{"rendered":"<p>Refer\u00eancia no atendimento a casos de m\u00e9dia e alta complexidade na Regi\u00e3o Norte do Estado, o Hospital Regional Norte (HRN), unidade da Secretaria da Sa\u00fade (Sesa), administrada pelo Instituto de Sa\u00fade e Gest\u00e3o Hospitalar (ISGH), j\u00e1 superou 100 mil cirurgias e 595 mil atendimentos nas emerg\u00eancias, em 12 anos de funcionamento. Inaugurado em janeiro de 2013, o hospital \u00e9 o maior em \u00e1rea do interior na Regi\u00e3o Nordeste e conta com mais de 2.000 trabalhadores.<br \/>\nCom cirurgias de urg\u00eancia e emerg\u00eancia, o HRN realiza procedimentos de m\u00e9dia e alta complexidade. Um dos pacientes atendidos pelo servi\u00e7o de neurocirurgia do HRN \u00e9 o gar\u00e7om e sommelier Jo\u00e3o Paulo Farias Gomes, 39, de Monsenhor Tabosa, a cerca de 170 km de Sobral.<br \/>\nAp\u00f3s sofrer um acidente de tr\u00e2nsito, o paciente come\u00e7ou a sentir uma dor incapacitante no bra\u00e7o que o fez deixar de trabalhar. Da policl\u00ednica do seu munic\u00edpio de origem, Crate\u00fas, ele foi encaminhado para o servi\u00e7o de neurocirurgia. \u201cSa\u00ed da cirurgia muito esperan\u00e7oso. J\u00e1 com melhora consider\u00e1vel\u201d, disse.<br \/>\nSegundo hospital de n\u00edvel terci\u00e1rio constru\u00eddo pelo Governo do Cear\u00e1 no interior, o HRN atende a popula\u00e7\u00e3o de aproximadamente 1,6 milh\u00e3o de pessoas dos 55 munic\u00edpios do Norte do Estado. Com capacidade operacional de 459 leitos de observa\u00e7\u00e3o e interna\u00e7\u00e3o, a unidade oferece assist\u00eancia 24 horas em urg\u00eancia e emerg\u00eancia em diferentes especialidades, sendo constitu\u00edda por servi\u00e7os final\u00edsticos, de apoio e gerenciais.<br \/>\nAt\u00e9 dezembro de 2024, o HRN somou 103.096 procedimentos cir\u00fargicos, 109.679 atendimentos ambulatoriais, 18.875 partos e mais de 6,6 milh\u00f5es de exames de imagem e laboratoriais. O Hospital tem atendimentos em Cl\u00ednicas M\u00e9dica, Cir\u00fargica, Obst\u00e9trica e Pedi\u00e1trica; Unidades de Terapia Intensiva (UTIs) Adulto, Pedi\u00e1trica e Neonatal; Unidades de Cuidados Intermedi\u00e1rios e de Cuidados Especiais Adulto; e em atendimento de pacientes v\u00edtimas de acidente vascular cerebral (AVC) \u2013 casos agudos e subagudos.<br \/>\nO HRN \u00e9 ainda refer\u00eancia para urg\u00eancias e emerg\u00eancias pedi\u00e1tricas, cl\u00ednicas e cir\u00fargicas em adultos. O hospital possui, ainda, o Centro de Apoio \u00e0 Sa\u00fade Reprodutiva da Mulher (CASRM) para assist\u00eancia obst\u00e9trica de pacientes encaminhadas pela Central Estadual de Regula\u00e7\u00e3o ou vinculadas a servi\u00e7os parceiros como a Policl\u00ednica de Sobral e o Centro de Especialidades M\u00e9dicas (CEM), al\u00e9m de contar com um Banco de Leite Humano (BLH) e leitos de Neonatologia.<\/p>\n<p><strong>Acreditado com Excel\u00eancia<\/strong><br \/>\nO hospital mant\u00e9m o certificado de Acreditado com Excel\u00eancia \u2013 N\u00edvel 3, da Organiza\u00e7\u00e3o Nacional de Acredita\u00e7\u00e3o (ONA) desde 2019. O t\u00edtulo aponta que a unidade cumpre padr\u00f5es de qualidade e seguran\u00e7a do paciente, de gest\u00e3o integrada, com uma cultura organizacional de melhoria cont\u00ednua e maturidade institucional.<br \/>\nO diretor-geral do HRN, Carlos Hilton Albuquerque Soares, ressalta a import\u00e2ncia do HRN para os habitantes da regi\u00e3o. \u201cO Hospital Regional Norte tem gerado um impacto substancial para a nossa Regi\u00e3o Norte. S\u00e3o quase 600 mil atendimentos nas nossas emerg\u00eancias em 12 anos de uma assist\u00eancia humanizada com dignidade e resolutividade. Nosso compromisso \u00e9 aperfei\u00e7oar, intensificar, melhorar cada vez mais o nosso atendimento para o retorno no mais r\u00e1pido prazo poss\u00edvel das pessoas para o seu conv\u00edvio familiar e social\u201d, destaca.<\/p>\n<p><strong>Resid\u00eancias<\/strong><br \/>\nO programa de Resid\u00eancia M\u00e9dica teve in\u00edcio em 2021 no HRN para a capacita\u00e7\u00e3o de novos especialistas nas \u00e1reas de Terapia Intensiva, Ginecologia\/Obstetr\u00edcia, Pediatria e Cl\u00ednica M\u00e9dica. A iniciativa integra o Programa Ampliares \u2013 Amplia\u00e7\u00e3o e Regionaliza\u00e7\u00e3o das Resid\u00eancias em Sa\u00fade, cuja proposta \u00e9 qualificar a for\u00e7a de trabalho da Sa\u00fade no interior cearense. O projeto \u00e9 da Escola de Sa\u00fade P\u00fablica do Cear\u00e1 Paulo Marcelo Martins Rodrigues (ESP\/CE), autarquia vinculada \u00e0 Sesa.<br \/>\nO hospital passou a integrar tamb\u00e9m a experi\u00eancia Lean nas Emerg\u00eancias, do governo federal, em maio de 2022. Em seu sexto ciclo, o projeto visa a melhorar a capacidade dos servi\u00e7os de urg\u00eancia e emerg\u00eancia, otimizando a rotatividade de leitos.<\/p>\n","protected":false},"excerpt":{"rendered":"<p>Refer\u00eancia no atendimento a casos de m\u00e9dia e alta complexidade na Regi\u00e3o Norte do Estado,&#8230;<\/p>\n","protected":false},"author":7,"featured_media":32331,"comment_status":"open","ping_status":"open","sticky":false,"template":"","format":"standard","meta":{"_jetpack_memberships_contains_paid_content":false,"footnotes":"","jetpack_publicize_message":"","jetpack_publicize_feature_enabled":true,"jetpack_social_post_already_shared":true,"jetpack_social_options":{"image_generator_settings":{"template":"highway","default_image_id":0,"font":"","enabled":false},"version":2}},"categories":[1],"tags":[],"class_list":["post-32330","post","type-post","status-publish","format-standard","has-post-thumbnail","hentry","category-atualidade"],"jetpack_publicize_connections":[],"jetpack_featured_media_url":"https:\/\/correiodasemana.com\/site\/wp-content\/uploads\/2025\/01\/paciente-2-scaled.jpg","jetpack-related-posts":[{"id":15472,"url":"https:\/\/correiodasemana.com\/site\/acreditado-com-excelencia-hrn-celebra-oito-anos-com-quase-400-mil-atendimentos\/","url_meta":{"origin":32330,"position":0},"title":"Acreditado com Excel\u00eancia, HRN celebra oito anos com quase 400 mil atendimentos","author":"","date":"Janeiro 24, 2021","format":false,"excerpt":"O Hospital Regional Norte (HRN), equipamento da Secretaria da Sa\u00fade (Sesa) do Governo do Cear\u00e1, administrado pelo Instituto de Sa\u00fade e Gest\u00e3o Hospitalar (ISGH) completa oito anos de servi\u00e7os \u00e0 popula\u00e7\u00e3o da Regi\u00e3o Norte do Estado em janeiro. Inaugurado em 2013, o hospital j\u00e1 superou, at\u00e9 2020, 390 mil atendimentos\u2026","rel":"","context":"In &quot;Atualidade&quot;","block_context":{"text":"Atualidade","link":"https:\/\/correiodasemana.com\/site\/category\/atualidade\/"},"img":{"alt_text":"","src":"https:\/\/i0.wp.com\/correiodasemana.com\/site\/wp-content\/uploads\/2021\/01\/IMG_20210118_110739649_HDR.jpg?resize=350%2C200&ssl=1","width":350,"height":200,"srcset":"https:\/\/i0.wp.com\/correiodasemana.com\/site\/wp-content\/uploads\/2021\/01\/IMG_20210118_110739649_HDR.jpg?resize=350%2C200&ssl=1 1x, https:\/\/i0.wp.com\/correiodasemana.com\/site\/wp-content\/uploads\/2021\/01\/IMG_20210118_110739649_HDR.jpg?resize=525%2C300&ssl=1 1.5x, https:\/\/i0.wp.com\/correiodasemana.com\/site\/wp-content\/uploads\/2021\/01\/IMG_20210118_110739649_HDR.jpg?resize=700%2C400&ssl=1 2x"},"classes":[]},{"id":37152,"url":"https:\/\/correiodasemana.com\/site\/hospital-regional-norte-acumula-mais-de-650-mil-atendimentos-de-urgencia-e-emergencia-em-13-anos-de-funcionamento\/","url_meta":{"origin":32330,"position":1},"title":"Hospital Regional Norte acumula mais de 650 mil atendimentos de urg\u00eancia e emerg\u00eancia em 13 anos de funcionamento","author":"adminredacao","date":"Fevereiro 5, 2026","format":false,"excerpt":"Por Thais Menezes Pereira Rodrigues O Hospital Regional Norte (HRN), unidade da Secretaria da Sa\u00fade do Cear\u00e1 (Sesa) em Sobral, somou 659.799 atendimentos de emerg\u00eancias e urg\u00eancias entre 2013 e 2026. O equipamento completou 13 anos de funcionamento neste m\u00eas de janeiro. Ele \u00e9 o maior hospital em \u00e1rea do\u2026","rel":"","context":"In &quot;Atualidade&quot;","block_context":{"text":"Atualidade","link":"https:\/\/correiodasemana.com\/site\/category\/atualidade\/"},"img":{"alt_text":"","src":"https:\/\/i0.wp.com\/correiodasemana.com\/site\/wp-content\/uploads\/2026\/02\/Foto-3-HRN-768x576-1.jpeg?resize=350%2C200&ssl=1","width":350,"height":200,"srcset":"https:\/\/i0.wp.com\/correiodasemana.com\/site\/wp-content\/uploads\/2026\/02\/Foto-3-HRN-768x576-1.jpeg?resize=350%2C200&ssl=1 1x, https:\/\/i0.wp.com\/correiodasemana.com\/site\/wp-content\/uploads\/2026\/02\/Foto-3-HRN-768x576-1.jpeg?resize=525%2C300&ssl=1 1.5x, https:\/\/i0.wp.com\/correiodasemana.com\/site\/wp-content\/uploads\/2026\/02\/Foto-3-HRN-768x576-1.jpeg?resize=700%2C400&ssl=1 2x"},"classes":[]},{"id":28127,"url":"https:\/\/correiodasemana.com\/site\/em-sobral-hospital-regional-norte-supera-500-mil-atendimentos-nas-emergencias-em-11-anos-de-funcionamento\/","url_meta":{"origin":32330,"position":2},"title":"Em Sobral, Hospital Regional Norte supera 500 mil atendimentos nas emerg\u00eancias em 11 anos de funcionamento","author":"adminredacao","date":"Janeiro 22, 2024","format":false,"excerpt":"Maior hospital em \u00e1rea do interior na Regi\u00e3o Nordeste e refer\u00eancia no atendimento a casos de m\u00e9dia e alta complexidade, o Hospital Regional Norte (HRN), unidade da Secretaria da Sa\u00fade do Cear\u00e1 (Sesa), e administrado pelo Instituto de Sa\u00fade e Gest\u00e3o Hospitalar (ISGH), celebra 11 anos de funcionamento em janeiro\u2026","rel":"","context":"In &quot;Atualidade&quot;","block_context":{"text":"Atualidade","link":"https:\/\/correiodasemana.com\/site\/category\/atualidade\/"},"img":{"alt_text":"","src":"https:\/\/i0.wp.com\/correiodasemana.com\/site\/wp-content\/uploads\/2024\/01\/paciente-Covid-scaled.jpg?resize=350%2C200&ssl=1","width":350,"height":200,"srcset":"https:\/\/i0.wp.com\/correiodasemana.com\/site\/wp-content\/uploads\/2024\/01\/paciente-Covid-scaled.jpg?resize=350%2C200&ssl=1 1x, https:\/\/i0.wp.com\/correiodasemana.com\/site\/wp-content\/uploads\/2024\/01\/paciente-Covid-scaled.jpg?resize=525%2C300&ssl=1 1.5x, https:\/\/i0.wp.com\/correiodasemana.com\/site\/wp-content\/uploads\/2024\/01\/paciente-Covid-scaled.jpg?resize=700%2C400&ssl=1 2x, https:\/\/i0.wp.com\/correiodasemana.com\/site\/wp-content\/uploads\/2024\/01\/paciente-Covid-scaled.jpg?resize=1050%2C600&ssl=1 3x, https:\/\/i0.wp.com\/correiodasemana.com\/site\/wp-content\/uploads\/2024\/01\/paciente-Covid-scaled.jpg?resize=1400%2C800&ssl=1 4x"},"classes":[]},{"id":14031,"url":"https:\/\/correiodasemana.com\/site\/hospital-regional-norte-supera-1200-altas-por-covid-19-em-seis-meses-de-combate-a-pandemia\/","url_meta":{"origin":32330,"position":3},"title":"Hospital Regional Norte supera 1200 altas por COVID-19 em seis meses de combate \u00e0 pandemia","author":"","date":"Outubro 13, 2020","format":false,"excerpt":"Por Joc\u00e9lio Tavares. Com informa\u00e7\u00f5es de Teresa Fernandes O Hospital Regional Norte (HRN), do Governo do Cear\u00e1, administrado pelo Instituto de Sa\u00fade e Gest\u00e3o Hospitalar (ISGH), \u00e9 refer\u00eancia no atendimento a casos de m\u00e9dia e alta complexidade da Covid-19 na Regi\u00e3o Norte do Cear\u00e1. Completando seis meses do primeiro caso\u2026","rel":"","context":"In &quot;Atualidade&quot;","block_context":{"text":"Atualidade","link":"https:\/\/correiodasemana.com\/site\/category\/atualidade\/"},"img":{"alt_text":"","src":"https:\/\/i0.wp.com\/correiodasemana.com\/site\/wp-content\/uploads\/2020\/10\/IMG-20201007-WA0019.png?resize=350%2C200&ssl=1","width":350,"height":200,"srcset":"https:\/\/i0.wp.com\/correiodasemana.com\/site\/wp-content\/uploads\/2020\/10\/IMG-20201007-WA0019.png?resize=350%2C200&ssl=1 1x, https:\/\/i0.wp.com\/correiodasemana.com\/site\/wp-content\/uploads\/2020\/10\/IMG-20201007-WA0019.png?resize=525%2C300&ssl=1 1.5x, https:\/\/i0.wp.com\/correiodasemana.com\/site\/wp-content\/uploads\/2020\/10\/IMG-20201007-WA0019.png?resize=700%2C400&ssl=1 2x, https:\/\/i0.wp.com\/correiodasemana.com\/site\/wp-content\/uploads\/2020\/10\/IMG-20201007-WA0019.png?resize=1050%2C600&ssl=1 3x"},"classes":[]},{"id":13625,"url":"https:\/\/correiodasemana.com\/site\/hrn-mantem-certificado-nacional-de-excelencia-em-gestao\/","url_meta":{"origin":32330,"position":4},"title":"HRN mant\u00e9m certificado nacional de excel\u00eancia em gest\u00e3o","author":"","date":"Setembro 21, 2020","format":false,"excerpt":"O Hospital Regional Norte (HRN), da Secretaria da Sa\u00fade do Cear\u00e1 (Sesa), do Governo do Estado, administrado pelo Instituto de Sa\u00fade e Gest\u00e3o Hospitalar (ISGH), manteve o certificado de acredita\u00e7\u00e3o com excel\u00eancia \u2013 N\u00edvel 3, concedido pela Organiza\u00e7\u00e3o Nacional de Acredita\u00e7\u00e3o (ONA). A avalia\u00e7\u00e3o reconhece que o HRN cumpre padr\u00f5es\u2026","rel":"","context":"In &quot;Atualidade&quot;","block_context":{"text":"Atualidade","link":"https:\/\/correiodasemana.com\/site\/category\/atualidade\/"},"img":{"alt_text":"","src":"https:\/\/i0.wp.com\/correiodasemana.com\/site\/wp-content\/uploads\/2020\/09\/banner_acreditacao_ONA_HRN_set2020-18-768x482-1.png?resize=350%2C200&ssl=1","width":350,"height":200,"srcset":"https:\/\/i0.wp.com\/correiodasemana.com\/site\/wp-content\/uploads\/2020\/09\/banner_acreditacao_ONA_HRN_set2020-18-768x482-1.png?resize=350%2C200&ssl=1 1x, https:\/\/i0.wp.com\/correiodasemana.com\/site\/wp-content\/uploads\/2020\/09\/banner_acreditacao_ONA_HRN_set2020-18-768x482-1.png?resize=525%2C300&ssl=1 1.5x, https:\/\/i0.wp.com\/correiodasemana.com\/site\/wp-content\/uploads\/2020\/09\/banner_acreditacao_ONA_HRN_set2020-18-768x482-1.png?resize=700%2C400&ssl=1 2x"},"classes":[]},{"id":15911,"url":"https:\/\/correiodasemana.com\/site\/com-dez-novos-leitos-hrn-soma-100-unidades-de-enfermaria-e-de-uti-para-covid-19\/","url_meta":{"origin":32330,"position":5},"title":"Com dez novos leitos, HRN soma 100 unidades de enfermaria e de UTI para Covid-19","author":"","date":"Mar\u00e7o 8, 2021","format":false,"excerpt":"Em meio ao avan\u00e7o de casos de Covid-19 na regi\u00e3o Norte do Cear\u00e1, o Hospital Regional Norte (HRN), unidade da Secretaria de Sa\u00fade da Estado (Sesa), vem ampliando os leitos de enfermaria e de Unidade de Terapia Intensiva (UTI\u2019s) exclusivos para atendimento a pacientes Covid. Nesta semana, foram disponibilizados mais\u2026","rel":"","context":"In &quot;Atualidade&quot;","block_context":{"text":"Atualidade","link":"https:\/\/correiodasemana.com\/site\/category\/atualidade\/"},"img":{"alt_text":"","src":"https:\/\/i0.wp.com\/correiodasemana.com\/site\/wp-content\/uploads\/2021\/03\/image-40-768x481-1.png?resize=350%2C200&ssl=1","width":350,"height":200,"srcset":"https:\/\/i0.wp.com\/correiodasemana.com\/site\/wp-content\/uploads\/2021\/03\/image-40-768x481-1.png?resize=350%2C200&ssl=1 1x, https:\/\/i0.wp.com\/correiodasemana.com\/site\/wp-content\/uploads\/2021\/03\/image-40-768x481-1.png?resize=525%2C300&ssl=1 1.5x, https:\/\/i0.wp.com\/correiodasemana.com\/site\/wp-content\/uploads\/2021\/03\/image-40-768x481-1.png?resize=700%2C400&ssl=1 2x"},"classes":[]}],"jetpack_sharing_enabled":true,"_links":{"self":[{"href":"https:\/\/correiodasemana.com\/site\/wp-json\/wp\/v2\/posts\/32330","targetHints":{"allow":["GET"]}}],"collection":[{"href":"https:\/\/correiodasemana.com\/site\/wp-json\/wp\/v2\/posts"}],"about":[{"href":"https:\/\/correiodasemana.com\/site\/wp-json\/wp\/v2\/types\/post"}],"author":[{"embeddable":true,"href":"https:\/\/correiodasemana.com\/site\/wp-json\/wp\/v2\/users\/7"}],"replies":[{"embeddable":true,"href":"https:\/\/correiodasemana.com\/site\/wp-json\/wp\/v2\/comments?post=32330"}],"version-history":[{"count":1,"href":"https:\/\/correiodasemana.com\/site\/wp-json\/wp\/v2\/posts\/32330\/revisions"}],"predecessor-version":[{"id":32332,"href":"https:\/\/correiodasemana.com\/site\/wp-json\/wp\/v2\/posts\/32330\/revisions\/32332"}],"wp:featuredmedia":[{"embeddable":true,"href":"https:\/\/correiodasemana.com\/site\/wp-json\/wp\/v2\/media\/32331"}],"wp:attachment":[{"href":"https:\/\/correiodasemana.com\/site\/wp-json\/wp\/v2\/media?parent=32330"}],"wp:term":[{"taxonomy":"category","embeddable":true,"href":"https:\/\/correiodasemana.com\/site\/wp-json\/wp\/v2\/categories?post=32330"},{"taxonomy":"post_tag","embeddable":true,"href":"https:\/\/correiodasemana.com\/site\/wp-json\/wp\/v2\/tags?post=32330"}],"curies":[{"name":"wp","href":"https:\/\/api.w.org\/{rel}","templated":true}]}}