{"id":32341,"date":"2025-01-27T16:43:08","date_gmt":"2025-01-27T19:43:08","guid":{"rendered":"https:\/\/correiodasemana.com\/site\/?p=32341"},"modified":"2025-01-27T16:43:08","modified_gmt":"2025-01-27T19:43:08","slug":"cheque-representa-05-das-operacoes-financeiras-de-pagamento-no-pais","status":"publish","type":"post","link":"https:\/\/correiodasemana.com\/site\/cheque-representa-05-das-operacoes-financeiras-de-pagamento-no-pais\/","title":{"rendered":"Cheque representa 0,5% das opera\u00e7\u00f5es financeiras de pagamento no pa\u00eds"},"content":{"rendered":"<p><strong>Segundo a Febraban, n\u00e3o h\u00e1 previs\u00e3o do fim do m\u00e9todo<\/strong><\/p>\n<p>Ag\u00eancia Brasil<br \/>\nO uso de cheques representa atualmente 0,5% das formas de pagamento pela popula\u00e7\u00e3o, mas n\u00e3o h\u00e1 previs\u00e3o sobre seu fim. Segundo a Federa\u00e7\u00e3o Brasileira de Bancos (Febraban), o uso de cheques caiu 18% no ano passado, num acumulado de queda que chega a 96% desde 1995.<br \/>\nConforme a Febraban, os brasileiros usaram 137,6 milh\u00f5es de cheques em 2024, que totalizam um volume financeiro de R$ 523,19 bilh\u00f5es. Na s\u00e9rie hist\u00f3rica, desde 1995, foram compensados 3,3 bilh\u00f5es de cheques. O levantamento teve como base a Compe &#8211; Servi\u00e7o de Compensa\u00e7\u00e3o de Cheques.<br \/>\n\u201cApesar da crescente digitaliza\u00e7\u00e3o do cliente banc\u00e1rio, o cheque ainda \u00e9 bastante usado no Brasil. S\u00e3o diversos motivos que ainda fazem este documento de pagamento sobreviver: resist\u00eancia de alguns clientes com os meios digitais, uso em com\u00e9rcios que n\u00e3o querem oferecer outros meios de pagamento, utiliza\u00e7\u00e3o como cau\u00e7\u00e3o para uma compra, como op\u00e7\u00e3o em localidades com problemas de internet, entre outros\u201d, explicou o diretor-adjunto de Servi\u00e7os da Febraban, Walter Faria.<br \/>\nSegundo o diretor, o valor m\u00e9dio do cheque \u00e9 maior, o que significa que a popula\u00e7\u00e3o est\u00e1 usando este meio de pagamento para transa\u00e7\u00f5es de maior valor, enquanto as transa\u00e7\u00f5es menores e do dia a dia s\u00e3o feitas com o Pix.<br \/>\nFim do cheque<br \/>\nApesar da queda no uso dos cheques, a Febraban diz que n\u00e3o existe previs\u00e3o legal ou regulat\u00f3ria para o fim do cheque. \u201cA resist\u00eancia ao uso vem de casos muito espec\u00edficos, como resist\u00eancia ao uso de meios digitais e falta de limites. Mas com o avan\u00e7o dos canais digitais e do Pix, o cheque tem se tornado um mecanismo caro e complexo de utiliza\u00e7\u00e3o\u201d, explicou a federa\u00e7\u00e3o.<br \/>\nN\u00e3o h\u00e1 estudo que aponte o perfil dos ainda usu\u00e1rios de cheques. E mesmo diante das fraudes ou golpes digitais, n\u00e3o h\u00e1 perspectiva que os cheques retornem como alternativa de pagamento como antes.<br \/>\n\u201cHoje os mecanismos de transa\u00e7\u00f5es digitais est\u00e3o menos suscet\u00edveis a fraudes do que os cheques, pois exigem, muitas vezes, m\u00faltiplos fatores de autentica\u00e7\u00e3o, enquanto o cheque utiliza apenas a an\u00e1lise de assinatura. N\u00e3o vemos qualquer perspectiva de retomada do uso dos cheques, seja por quest\u00f5es de fraudes, seja por quest\u00f5es de facilidade, custo ou benef\u00edcios\u201d, sentencia a institui\u00e7\u00e3o dos bancos.<br \/>\nEdi\u00e7\u00e3o: Sabrina Craide<\/p>\n","protected":false},"excerpt":{"rendered":"<p>Segundo a Febraban, n\u00e3o h\u00e1 previs\u00e3o do fim do m\u00e9todo Ag\u00eancia Brasil O uso de&#8230;<\/p>\n","protected":false},"author":7,"featured_media":32342,"comment_status":"open","ping_status":"open","sticky":false,"template":"","format":"standard","meta":{"_jetpack_memberships_contains_paid_content":false,"footnotes":"","jetpack_publicize_message":"","jetpack_publicize_feature_enabled":true,"jetpack_social_post_already_shared":true,"jetpack_social_options":{"image_generator_settings":{"template":"highway","default_image_id":0,"font":"","enabled":false},"version":2}},"categories":[1],"tags":[],"class_list":["post-32341","post","type-post","status-publish","format-standard","has-post-thumbnail","hentry","category-atualidade"],"jetpack_publicize_connections":[],"jetpack_featured_media_url":"https:\/\/correiodasemana.com\/site\/wp-content\/uploads\/2025\/01\/cheque_0.webp","jetpack-related-posts":[{"id":24440,"url":"https:\/\/correiodasemana.com\/site\/bancos-vao-deixar-de-oferecer-transferencias-via-doc-e-tec-a-partir-de-2024\/","url_meta":{"origin":32341,"position":0},"title":"Bancos v\u00e3o deixar de oferecer transfer\u00eancias via DOC e TEC a partir de 2024","author":"","date":"Maio 5, 2023","format":false,"excerpt":"Institui\u00e7\u00f5es banc\u00e1rias associadas \u00e0 Federa\u00e7\u00e3o Brasileira de Brasileiras de Bancos (Febraban) deixar\u00e3o de oferecer opera\u00e7\u00f5es via Documento de Ordem de Cr\u00e9dito (DOC) at\u00e9 29 de fevereiro de 2024, ap\u00f3s 39 anos de exist\u00eancia. A medida \u00e9 v\u00e1lida para pessoas f\u00edsicas e jur\u00eddicas e foi anunciada nesta quinta-feira, 4 de maio.\u2026","rel":"","context":"In &quot;Atualidade&quot;","block_context":{"text":"Atualidade","link":"https:\/\/correiodasemana.com\/site\/category\/atualidade\/"},"img":{"alt_text":"","src":"https:\/\/i0.wp.com\/correiodasemana.com\/site\/wp-content\/uploads\/2023\/05\/Sem-titulo-6.jpg?resize=350%2C200&ssl=1","width":350,"height":200,"srcset":"https:\/\/i0.wp.com\/correiodasemana.com\/site\/wp-content\/uploads\/2023\/05\/Sem-titulo-6.jpg?resize=350%2C200&ssl=1 1x, https:\/\/i0.wp.com\/correiodasemana.com\/site\/wp-content\/uploads\/2023\/05\/Sem-titulo-6.jpg?resize=525%2C300&ssl=1 1.5x, https:\/\/i0.wp.com\/correiodasemana.com\/site\/wp-content\/uploads\/2023\/05\/Sem-titulo-6.jpg?resize=700%2C400&ssl=1 2x, https:\/\/i0.wp.com\/correiodasemana.com\/site\/wp-content\/uploads\/2023\/05\/Sem-titulo-6.jpg?resize=1050%2C600&ssl=1 3x"},"classes":[]},{"id":21849,"url":"https:\/\/correiodasemana.com\/site\/mutirao-nacional-permite-negociar-dividas-ate-30-de-novembro\/","url_meta":{"origin":32341,"position":1},"title":"Mutir\u00e3o nacional permite negociar d\u00edvidas at\u00e9\u00a030 de novembro","author":"","date":"Novembro 28, 2022","format":false,"excerpt":"BC, Procon e v\u00e1rios \u00f3rg\u00e3os promovem a\u00e7\u00e3o conjunta Por Paula Laboissi\u00e8re \u2013 Rep\u00f3rter da Ag\u00eancia Brasil - Bras\u00edlia At\u00e9 a pr\u00f3xima\u00a0quarta-feira (30), consumidores podem negociar d\u00edvidas em atraso com condi\u00e7\u00f5es especiais por meio do Mutir\u00e3o Nacional de Negocia\u00e7\u00e3o de D\u00edvidas e Orienta\u00e7\u00e3o Financeira.\u00a0A a\u00e7\u00e3o \u00e9 uma iniciativa conjunta da Federa\u00e7\u00e3o\u2026","rel":"","context":"In &quot;Atualidade&quot;","block_context":{"text":"Atualidade","link":"https:\/\/correiodasemana.com\/site\/category\/atualidade\/"},"img":{"alt_text":"","src":"https:\/\/i0.wp.com\/correiodasemana.com\/site\/wp-content\/uploads\/2022\/11\/banco_central_mcajr_abr_0104222276.jpg?resize=350%2C200&ssl=1","width":350,"height":200,"srcset":"https:\/\/i0.wp.com\/correiodasemana.com\/site\/wp-content\/uploads\/2022\/11\/banco_central_mcajr_abr_0104222276.jpg?resize=350%2C200&ssl=1 1x, https:\/\/i0.wp.com\/correiodasemana.com\/site\/wp-content\/uploads\/2022\/11\/banco_central_mcajr_abr_0104222276.jpg?resize=525%2C300&ssl=1 1.5x, https:\/\/i0.wp.com\/correiodasemana.com\/site\/wp-content\/uploads\/2022\/11\/banco_central_mcajr_abr_0104222276.jpg?resize=700%2C400&ssl=1 2x, https:\/\/i0.wp.com\/correiodasemana.com\/site\/wp-content\/uploads\/2022\/11\/banco_central_mcajr_abr_0104222276.jpg?resize=1050%2C600&ssl=1 3x"},"classes":[]},{"id":10332,"url":"https:\/\/correiodasemana.com\/site\/oab-diz-ao-banco-central-que-taxar-cheque-especial-e-contra-lei\/","url_meta":{"origin":32341,"position":2},"title":"OAB diz ao Banco Central que taxar cheque especial \u00e9 contra lei","author":"","date":"Janeiro 5, 2020","format":false,"excerpt":"Fonte: Congresso em Foco A\u00a0Ordem dos Advogados do Brasil (OAB)\u00a0enviou nesta quarta-feira (1) um comunicado ao Banco Central declarando ser ilegal a decis\u00e3o de cobrar tarifa sobre o cheque especial. No fim de novembro, o Conselho Monet\u00e1rio Nacional, composto por representantes do Minist\u00e9rio da Economia e do Banco Central, estabeleceu\u2026","rel":"","context":"In &quot;Atualidade&quot;","block_context":{"text":"Atualidade","link":"https:\/\/correiodasemana.com\/site\/category\/atualidade\/"},"img":{"alt_text":"","src":"https:\/\/i0.wp.com\/correiodasemana.com\/site\/wp-content\/uploads\/2020\/01\/1551793086-833204616-810x471-1.jpg?resize=350%2C200&ssl=1","width":350,"height":200,"srcset":"https:\/\/i0.wp.com\/correiodasemana.com\/site\/wp-content\/uploads\/2020\/01\/1551793086-833204616-810x471-1.jpg?resize=350%2C200&ssl=1 1x, https:\/\/i0.wp.com\/correiodasemana.com\/site\/wp-content\/uploads\/2020\/01\/1551793086-833204616-810x471-1.jpg?resize=525%2C300&ssl=1 1.5x, https:\/\/i0.wp.com\/correiodasemana.com\/site\/wp-content\/uploads\/2020\/01\/1551793086-833204616-810x471-1.jpg?resize=700%2C400&ssl=1 2x"},"classes":[]},{"id":16828,"url":"https:\/\/correiodasemana.com\/site\/uso-das-maquininhas-de-cartao-ja-e-realidade-para-56-dos-donos-de-pequenos-negocios\/","url_meta":{"origin":32341,"position":3},"title":"Uso das maquininhas de cart\u00e3o j\u00e1 \u00e9 realidade para 56% dos donos de pequenos neg\u00f3cios\u00a0","author":"","date":"Junho 27, 2021","format":false,"excerpt":"Nos \u00faltimos cinco anos, a ades\u00e3o a esse modo de pagamento cresceu 17 pontos percentuais entre os empreendedores brasileiros O uso de maquininhas de cart\u00e3o de cr\u00e9dito \u00e9 uma realidade para a maioria dos donos de micro e pequenas empresas no Brasil. Pesquisa realizada pelo Sebrae detectou que houve um\u2026","rel":"","context":"In &quot;Atualidade&quot;","block_context":{"text":"Atualidade","link":"https:\/\/correiodasemana.com\/site\/category\/atualidade\/"},"img":{"alt_text":"","src":"https:\/\/i0.wp.com\/correiodasemana.com\/site\/wp-content\/uploads\/2021\/06\/GettyImages-vendas-no-cartao-de-credito-1.jpg?resize=350%2C200&ssl=1","width":350,"height":200,"srcset":"https:\/\/i0.wp.com\/correiodasemana.com\/site\/wp-content\/uploads\/2021\/06\/GettyImages-vendas-no-cartao-de-credito-1.jpg?resize=350%2C200&ssl=1 1x, https:\/\/i0.wp.com\/correiodasemana.com\/site\/wp-content\/uploads\/2021\/06\/GettyImages-vendas-no-cartao-de-credito-1.jpg?resize=525%2C300&ssl=1 1.5x, https:\/\/i0.wp.com\/correiodasemana.com\/site\/wp-content\/uploads\/2021\/06\/GettyImages-vendas-no-cartao-de-credito-1.jpg?resize=700%2C400&ssl=1 2x"},"classes":[]},{"id":25511,"url":"https:\/\/correiodasemana.com\/site\/sobral-sobral-132\/","url_meta":{"origin":32341,"position":4},"title":"Sobral, Sobral","author":"adminredacao","date":"Julho 3, 2023","format":false,"excerpt":"\ud835\udde0\ud835\udddc\ud835\udde1\ud835\udddb\ud835\uddd4\ud835\udde6 \ud835\udddb\ud835\udddc\ud835\udde6\ud835\udde7\ud835\udde2\u0301\ud835\udde5\ud835\udddc\ud835\uddd4\ud835\udde6... \ud835\udde6\ud835\uddd8\ud835\udde8 \ud835\udde0\ud835\uddd4\ud835\udde1\ud835\uddd8\u0301\ud835\udddc\ud835\udde6 \ud835\uddd8 \ud835\uddd4 \ud835\udddd\ud835\udde8\ud835\udde6\ud835\udde7\ud835\udddc\ud835\uddd6\u0327\ud835\uddd4 \ud835\udde7\ud835\udde5\ud835\uddd4\ud835\uddd5\ud835\uddd4\ud835\udddf\ud835\udddb\ud835\udddc\ud835\udde6\ud835\udde7\ud835\uddd4! \ud835\udde0\ud835\uddd4\ud835\udde1\ud835\udde2\ud835\uddd8\ud835\udddf \ud835\uddd7\ud835\uddd4 \ud835\uddd9\ud835\udde5\ud835\udde2\ud835\udde7\ud835\uddd4 \ud835\uddd6\ud835\uddd4\ud835\udde5\ud835\udde1\ud835\uddd8\ud835\udddc\ud835\udde5\ud835\udde2, \ud835\uddf0\ud835\uddfc\ud835\uddfb\ud835\uddf5\ud835\uddf2\ud835\uddf0\ud835\uddf6\ud835\uddf1\ud835\uddfc \ud835\uddf2 \ud835\uddfd\ud835\uddfc\ud835\uddfd\ud835\ude02\ud835\uddf9\ud835\uddee\ud835\uddff \ud835\udde0\ud835\uddd4\ud835\udde1\ud835\uddd8\u0301\ud835\udddc\ud835\udde6, \ud835\uddf3\ud835\uddfc\ud835\uddf6 \ud835\uddf4\ud835\uddfc\ud835\uddf9\ud835\uddf2\ud835\uddf6\ud835\uddff\ud835\uddfc (\ud835\uddf3\ud835\uddf6\ud835\uddfb\ud835\uddee\ud835\uddf9 \ud835\uddf1\ud835\uddfc\ud835\ude00 \ud835\uddee\ud835\uddfb\ud835\uddfc\ud835\ude00 1940) \ud835\uddf2 \ud835\udde3\ud835\uddff\ud835\uddf2\ud835\ude00\ud835\uddf6\ud835\uddf1\ud835\uddf2\ud835\uddfb\ud835\ude01\ud835\uddf2 \ud835\uddf1\ud835\uddfc \ud835\uddda\ud835\udde8\ud835\uddd4\ud835\udde5\ud835\uddd4\ud835\udde1\ud835\uddec \ud835\udde6\ud835\udde3\ud835\udde2\ud835\udde5\ud835\udde7\ud835\udddc\ud835\udde1\ud835\uddda \ud835\uddd6\ud835\udddf\ud835\udde8\ud835\uddd5 \ud835\uddfb\ud835\uddfc\ud835\ude00 \ud835\uddee\ud835\uddfb\ud835\uddfc\ud835\ude00 1950-1960. \ud835\uddd9\ud835\uddf6\ud835\uddf4\ud835\ude02\ud835\uddff\ud835\uddee \ud835\uddf3\ud835\uddfc\ud835\uddf9\ud835\uddf0\ud835\uddf9\ud835\uddfc\u0301\ud835\uddff\ud835\uddf6\ud835\uddf0\ud835\uddee, \ud835\ude01\ud835\uddf6\ud835\uddfb\ud835\uddf5\ud835\uddee \ud835\ude02\ud835\uddfa\ud835\uddee \ud835\uddf6\ud835\uddfa\ud835\uddfc\ud835\uddef\ud835\uddf6\ud835\uddf9\ud835\uddf6\ud835\uddee\u0301\ud835\uddff\ud835\uddf6\ud835\uddee \ud835\uddf2 \ud835\ude02\ud835\uddfa\ud835\uddee \ud835\uddf9\ud835\uddfc\ud835\uddf7\ud835\uddee \ud835\uddf1\ud835\uddf2 \ud835\ude01\ud835\uddf2\ud835\uddf0\ud835\uddf6\ud835\uddf1\ud835\uddfc\ud835\ude00 \ud835\uddfb\ud835\uddee \ud835\udde3\ud835\uddff\ud835\uddee\ud835\uddf0\u0327\ud835\uddee \ud835\uddf1\ud835\uddfc \ud835\uddd6\ud835\udddc\ud835\udde1\ud835\uddd8 \ud835\uddd4\ud835\udddf\ud835\udde9\ud835\udde2\ud835\udde5\ud835\uddd4\ud835\uddd7\ud835\uddd4, \ud835\uddfb\ud835\uddfc \ud835\uddd8\ud835\uddf1\ud835\uddf6\ud835\uddf3\ud835\uddf6\u0308\ud835\uddf0\ud835\uddf6\ud835\uddfc \ud835\udde6\ud835\uddee\ud835\uddfb\ud835\uddf1\ud835\uddff\ud835\uddee \ud835\udde1\ud835\uddfc\ud835\ude03\ud835\uddfc\u2026","rel":"","context":"In &quot;Artigos&quot;","block_context":{"text":"Artigos","link":"https:\/\/correiodasemana.com\/site\/category\/artigos\/"},"img":{"alt_text":"","src":"https:\/\/i0.wp.com\/correiodasemana.com\/site\/wp-content\/uploads\/2020\/08\/Carolino-Soares.png?resize=350%2C200&ssl=1","width":350,"height":200,"srcset":"https:\/\/i0.wp.com\/correiodasemana.com\/site\/wp-content\/uploads\/2020\/08\/Carolino-Soares.png?resize=350%2C200&ssl=1 1x, https:\/\/i0.wp.com\/correiodasemana.com\/site\/wp-content\/uploads\/2020\/08\/Carolino-Soares.png?resize=525%2C300&ssl=1 1.5x, https:\/\/i0.wp.com\/correiodasemana.com\/site\/wp-content\/uploads\/2020\/08\/Carolino-Soares.png?resize=700%2C400&ssl=1 2x"},"classes":[]},{"id":12309,"url":"https:\/\/correiodasemana.com\/site\/endividamento-aumenta-entre-familias-mais-pobres-em-julho\/","url_meta":{"origin":32341,"position":5},"title":"Endividamento aumenta entre fam\u00edlias mais pobres em julho","author":"","date":"Julho 28, 2020","format":false,"excerpt":"Pesquisa aponta queda no endividamento entre os mais ricos O percentual de fam\u00edlias com d\u00edvidas atingiu 67,4% em julho, o maior n\u00edvel da s\u00e9rie hist\u00f3rica da Pesquisa de Endividamento e Inadimpl\u00eancia do Consumidor (Peic), divulgou\u00a0hoje\u00a0(28) a Confedera\u00e7\u00e3o Nacional do Com\u00e9rcio de Bens, Servi\u00e7os e Turismo (CNC). O crescimento se deve\u2026","rel":"","context":"In &quot;Atualidade&quot;","block_context":{"text":"Atualidade","link":"https:\/\/correiodasemana.com\/site\/category\/atualidade\/"},"img":{"alt_text":"","src":"https:\/\/i0.wp.com\/correiodasemana.com\/site\/wp-content\/uploads\/2020\/07\/dinheiro-em-real.jpg?resize=350%2C200&ssl=1","width":350,"height":200,"srcset":"https:\/\/i0.wp.com\/correiodasemana.com\/site\/wp-content\/uploads\/2020\/07\/dinheiro-em-real.jpg?resize=350%2C200&ssl=1 1x, https:\/\/i0.wp.com\/correiodasemana.com\/site\/wp-content\/uploads\/2020\/07\/dinheiro-em-real.jpg?resize=525%2C300&ssl=1 1.5x, https:\/\/i0.wp.com\/correiodasemana.com\/site\/wp-content\/uploads\/2020\/07\/dinheiro-em-real.jpg?resize=700%2C400&ssl=1 2x, https:\/\/i0.wp.com\/correiodasemana.com\/site\/wp-content\/uploads\/2020\/07\/dinheiro-em-real.jpg?resize=1050%2C600&ssl=1 3x"},"classes":[]}],"jetpack_sharing_enabled":true,"_links":{"self":[{"href":"https:\/\/correiodasemana.com\/site\/wp-json\/wp\/v2\/posts\/32341","targetHints":{"allow":["GET"]}}],"collection":[{"href":"https:\/\/correiodasemana.com\/site\/wp-json\/wp\/v2\/posts"}],"about":[{"href":"https:\/\/correiodasemana.com\/site\/wp-json\/wp\/v2\/types\/post"}],"author":[{"embeddable":true,"href":"https:\/\/correiodasemana.com\/site\/wp-json\/wp\/v2\/users\/7"}],"replies":[{"embeddable":true,"href":"https:\/\/correiodasemana.com\/site\/wp-json\/wp\/v2\/comments?post=32341"}],"version-history":[{"count":1,"href":"https:\/\/correiodasemana.com\/site\/wp-json\/wp\/v2\/posts\/32341\/revisions"}],"predecessor-version":[{"id":32343,"href":"https:\/\/correiodasemana.com\/site\/wp-json\/wp\/v2\/posts\/32341\/revisions\/32343"}],"wp:featuredmedia":[{"embeddable":true,"href":"https:\/\/correiodasemana.com\/site\/wp-json\/wp\/v2\/media\/32342"}],"wp:attachment":[{"href":"https:\/\/correiodasemana.com\/site\/wp-json\/wp\/v2\/media?parent=32341"}],"wp:term":[{"taxonomy":"category","embeddable":true,"href":"https:\/\/correiodasemana.com\/site\/wp-json\/wp\/v2\/categories?post=32341"},{"taxonomy":"post_tag","embeddable":true,"href":"https:\/\/correiodasemana.com\/site\/wp-json\/wp\/v2\/tags?post=32341"}],"curies":[{"name":"wp","href":"https:\/\/api.w.org\/{rel}","templated":true}]}}