{"id":32363,"date":"2025-02-04T16:16:00","date_gmt":"2025-02-04T19:16:00","guid":{"rendered":"https:\/\/correiodasemana.com\/site\/?p=32363"},"modified":"2025-02-04T16:16:00","modified_gmt":"2025-02-04T19:16:00","slug":"festa-da-apresentacao-do-senhor","status":"publish","type":"post","link":"https:\/\/correiodasemana.com\/site\/festa-da-apresentacao-do-senhor\/","title":{"rendered":"Festa da Apresenta\u00e7\u00e3o do Senhor"},"content":{"rendered":"<p>\u201cO Rei da gl\u00f3ria \u00e9 o Senhor onipotente\u201d (Sl 23\/24)<br \/>\nCelebramos neste domingo a festa da Apresenta\u00e7\u00e3o do Senhor no templo que neste ano ocorre no domingo. Ela \u00e9 sempre celebrada no dia 2 de fevereiro independente do dia da semana que ocorra, por isso que neste ano ela entra no lugar do quarto domingo do tempo comum durante o ano. Essa celebra\u00e7\u00e3o acontece quarenta dias ap\u00f3s o Natal, por isso \u00e9 celebrada independente do dia da semana que ocorra, tem o rito da b\u00ean\u00e7\u00e3o das velas, inclusive aben\u00e7oa-se as velas que ser\u00e3o usadas na celebra\u00e7\u00e3o de S\u00e3o Br\u00e1s, no dia 3 de fevereiro.<br \/>\nEsse dia, tamb\u00e9m, \u00e9 Dia de Ora\u00e7\u00e3o pelos Religiosos e Religiosas. Pedimos nessa festa que a luz de Cristo ilumine os caminhos daqueles que se consagram ao Senhor.<br \/>\nNo dia da festa da Apresenta\u00e7\u00e3o do Senhor \u00e9 conhecido tamb\u00e9m como festa de Nossa Senhora da Luz, Nossa Senhora da Guia, ou das Candeias, ou Candel\u00e1ria, ou mesmo festa das luzes, pois nessa celebra\u00e7\u00e3o aben\u00e7oam-se as velas e em prociss\u00e3o com as velas acesas todos caminham ao encontro do Senhor. A celebra\u00e7\u00e3o inicia-se do lado de fora da Igreja, onde ocorre a ben\u00e7\u00e3o das velas e todos entram na Igreja com as velas acesas, iluminados pela luz do Senhor vamos ao seu encontro pedindo que Ele seja sempre a nossa luz, e que a nossa f\u00e9 sempre esteja acesa como a chama daquela vela.<br \/>\nEsse acontecimento \u00e9 narrado no cap\u00edtulo dois do evangelho de Lucas, quando Maria e Jos\u00e9 sobem ao templo a fim de consagrar Jesus ao Senhor e o profeta Sime\u00e3o e a piedosa Ana v\u00e3o ao encontro deles.\u00a0 Sime\u00e3o desejou ardentemente esse momento, esperou praticamente uma vida inteira, inclusive quando ele encontra Jos\u00e9, Maria e o Menino diz:\u00a0\u201cAgora Senhor, podes deixar teu servo partir em paz\u201d.\u00a0\u00c9 ele que diz a Nossa Senhora que uma espada lhe atravessaria a alma e profetiza sobre o que viria a ser o menino. Ana uma piedosa mulher tamb\u00e9m vai encontro deles.<br \/>\nNo oriente essa festa \u00e9 celebrada desde o ano 450 d.C. e \u00e9 chamada de Festa do Encontro, pois o Senhor vai ao encontro dos sacerdotes do templo, e Sime\u00e3o e Ana representam todo o povo de Deus. A partir do s\u00e9culo V essa festa passou a ser celebrada tamb\u00e9m em Roma. Com o passar dos anos foi acrescentada a essa festa a ben\u00e7\u00e3o das velas, recordando que Jesus \u00e9 a luz dos gentios e que todos n\u00f3s devemos refletir a luz de Cristo para os outros.<br \/>\nNo s\u00e9culo IV essa celebra\u00e7\u00e3o era conhecida como a festa da Purifica\u00e7\u00e3o de Nossa Senhora lembrando a lei mosaica. Em 1960 com a reforma lit\u00fargica e para dar o verdadeiro significado a essa festa que nada mais \u00e9 do que a oferta de Jesus ao Pai, s\u00edmbolo do sacrifico da Cruz, essa festa foi denominada como festa da Apresenta\u00e7\u00e3o do Senhor.<br \/>\nPor isso, no dia da festa da Apresenta\u00e7\u00e3o do Senhor \u00e9 o dia de ora\u00e7\u00e3o por todos os religiosos e religiosas, que s\u00e3o convidados a irradiar a luz de Cristo aos que se encontram perdidos pelo caminho, e ainda s\u00e3o convidados a apresentar novos crist\u00e3os para Deus. Que todos os religiosos e religiosas possam discernir a sua voca\u00e7\u00e3o dia a dia iluminados pela luz de Cristo.<br \/>\nJos\u00e9 e Maria cumprem um preceito prescrito na lei de Mois\u00e9s, que dizia que todo primog\u00eanito do sexo masculino deveria ser consagrado ao Senhor e pertencia ao Senhor. Ao consagrar a crian\u00e7a ao Senhor, os pais deveriam fazer uma oferta, muitos doavam dinheiro ou algum bem material ou animal de grande porte. Por serem pobres, Jos\u00e9 e Maria ofertam um par de rolas ou dois pombinhos e isso alegrava o Senhor. A Sagrada Fam\u00edlia seguia \u00e0 risca a lei judaica.<br \/>\nO profeta Sime\u00e3o vai ao encontro da Sagrada Fam\u00edlia\u00a0\u201cmovido pelo Esp\u00edrito Santo\u201d, o mesmo Esp\u00edrito Santo que conduziu Jesus para o seu batismo e depois o conduziu ao deserto. O mesmo Esp\u00edrito Santo que conduz a vida da Igreja at\u00e9 aos dias de hoje. Esse mesmo Esp\u00edrito Santo revela a Sime\u00e3o que Jesus era o filho de Deus, o Messias esperado. Pe\u00e7amos nessa celebra\u00e7\u00e3o da festa da Apresenta\u00e7\u00e3o do Senhor que esse mesmo Esp\u00edrito Santo nos fa\u00e7a reconhecer Jesus como o Messias esperado e possamos anunci\u00e1-lo as outras pessoas. Sejamos luz na vida dos outros, refletindo a luz de Cristo.<br \/>\nAo ouvir tudo o que o profeta Sime\u00e3o disse, Maria guardava todos os fatos e meditava sobre eles em seu cora\u00e7\u00e3o. Maria sabia desde o in\u00edcio da miss\u00e3o que abra\u00e7ou de ser a M\u00e3e do Salvador. A profetisa Ana era uma mulher de Deus e esperava, assim como todo o povo de Israel a salva\u00e7\u00e3o de seu povo. Tanto Ana, como Sime\u00e3o, j\u00e1 idosos esperavam com ansiedade por tempos de paz e salva\u00e7\u00e3o trazidos pelo Messias.<br \/>\nA primeira leitura dessa missa \u00e9 da profecia de Malaquias\u00a0(Ml 3, 1-4),\u00a0o profeta transmite ao povo a mensagem do Senhor, que dizia que dentro em breve Deus enviaria o seu anjo que preparasse o caminho para a chegada do Messias. Esse anjo do Senhor prepararia o povo para o encontro com o Senhor e para o julgamento que se daria com sua chegada.<br \/>\nO salmo responsorial \u00e9 o\u00a023 (24),\u00a0que diz em seu refr\u00e3o:\u00a0\u201cO Rei da gl\u00f3ria \u00e9 o Senhor onipotente\u201d,\u00a0o salmista convida para que abramos as portas do nosso cora\u00e7\u00e3o para acolher o Senhor que vir\u00e1. Que o cora\u00e7\u00e3o de todos se abra para acolher o Salvador que vir\u00e1 e que com a chegada do Messias possa reinar a paz.<br \/>\nA segunda leitura \u00e9 da carta aos Hebreus (Hb 2,14-18), nesse trecho da carta, o autor sagrado diz que Jesus veio a esse mundo, assumiu a condi\u00e7\u00e3o humana com o intuito de libertar a humanidade inteira do pecado, era preciso que Ele destru\u00edsse o poder da morte e aquele que tinha o poder da morte: \u201co diabo\u201d. Jesus \u00e9 o sumo sacerdote eminente que veio resgatar aqueles que estavam sob a escravid\u00e3o do pecado e da morte. Jesus, vem em socorro daqueles que sofrem a tenta\u00e7\u00e3o, pois, Ele pr\u00f3prio venceu a tenta\u00e7\u00e3o.<br \/>\nCardeal Orani\u00a0 Tempesta<br \/>\nArcebispo do Rio de Janeiro (RJ)<\/p>\n","protected":false},"excerpt":{"rendered":"<p>\u201cO Rei da gl\u00f3ria \u00e9 o Senhor onipotente\u201d (Sl 23\/24) Celebramos neste domingo a festa&#8230;<\/p>\n","protected":false},"author":7,"featured_media":7687,"comment_status":"open","ping_status":"open","sticky":false,"template":"","format":"standard","meta":{"_jetpack_memberships_contains_paid_content":false,"footnotes":"","jetpack_publicize_message":"","jetpack_publicize_feature_enabled":true,"jetpack_social_post_already_shared":true,"jetpack_social_options":{"image_generator_settings":{"template":"highway","default_image_id":0,"font":"","enabled":false},"version":2}},"categories":[24,11],"tags":[],"class_list":["post-32363","post","type-post","status-publish","format-standard","has-post-thumbnail","hentry","category-a-voz-do-pastor","category-artigos"],"jetpack_publicize_connections":[],"jetpack_featured_media_url":"https:\/\/correiodasemana.com\/site\/wp-content\/uploads\/2018\/02\/Dom-Vasconcelos-posses.jpg","jetpack-related-posts":[{"id":32398,"url":"https:\/\/correiodasemana.com\/site\/padre-welington-silva-e-apresentado-como-novo-vigario-paroquial-da-paroquia-de-nossa-senhora-do-patrocinio-em-sobral\/","url_meta":{"origin":32363,"position":0},"title":"Padre Welington Silva \u00e9 apresentado como novo vig\u00e1rio paroquial da Par\u00f3quia de Nossa Senhora do Patroc\u00ednio, em Sobral","author":"adminredacao","date":"Fevereiro 4, 2025","format":false,"excerpt":"Na noite deste domingo, 2 de fevereiro, Dom Vasconcelos apresentou \u00e0 comunidade paroquial da Par\u00f3quia de Nossa Senhora do Patroc\u00ednio, em Sobral, o novo vig\u00e1rio paroquial, Pe. Wellington Silva, durante a Solenidade da Apresenta\u00e7\u00e3o do Senhor. A celebra\u00e7\u00e3o iniciou com a b\u00ean\u00e7\u00e3o das velas na Capela de Nossa Senhora das\u2026","rel":"","context":"In &quot;Atualidade&quot;","block_context":{"text":"Atualidade","link":"https:\/\/correiodasemana.com\/site\/category\/atualidade\/"},"img":{"alt_text":"","src":"https:\/\/i0.wp.com\/correiodasemana.com\/site\/wp-content\/uploads\/2025\/02\/WhatsApp-Image-2025-02-03-at-16.46.36-1.jpeg?resize=350%2C200&ssl=1","width":350,"height":200,"srcset":"https:\/\/i0.wp.com\/correiodasemana.com\/site\/wp-content\/uploads\/2025\/02\/WhatsApp-Image-2025-02-03-at-16.46.36-1.jpeg?resize=350%2C200&ssl=1 1x, https:\/\/i0.wp.com\/correiodasemana.com\/site\/wp-content\/uploads\/2025\/02\/WhatsApp-Image-2025-02-03-at-16.46.36-1.jpeg?resize=525%2C300&ssl=1 1.5x, https:\/\/i0.wp.com\/correiodasemana.com\/site\/wp-content\/uploads\/2025\/02\/WhatsApp-Image-2025-02-03-at-16.46.36-1.jpeg?resize=700%2C400&ssl=1 2x, https:\/\/i0.wp.com\/correiodasemana.com\/site\/wp-content\/uploads\/2025\/02\/WhatsApp-Image-2025-02-03-at-16.46.36-1.jpeg?resize=1050%2C600&ssl=1 3x, https:\/\/i0.wp.com\/correiodasemana.com\/site\/wp-content\/uploads\/2025\/02\/WhatsApp-Image-2025-02-03-at-16.46.36-1.jpeg?resize=1400%2C800&ssl=1 4x"},"classes":[]},{"id":37348,"url":"https:\/\/correiodasemana.com\/site\/dia-da-vida-consagrada\/","url_meta":{"origin":32363,"position":1},"title":"Dia da\u00a0Vida Consagrada\u00a0","author":"adminredacao","date":"Fevereiro 11, 2026","format":false,"excerpt":"Cardeal Orani Jo\u00e3o Tempesta - Arcebispo do Rio de Janeiro (RJ) Celebramos, neste dia\u00a02 de fevereiro, a Festa da Apresenta\u00e7\u00e3o do Senhor e, por ocasi\u00e3o dessa festa, unimo-nos em ora\u00e7\u00e3o pela vida dos religiosos e consagrados. Os religiosos e consagrados s\u00e3o como a luz das velas que acendemos no dia\u2026","rel":"","context":"In &quot;A voz do Pastor&quot;","block_context":{"text":"A voz do Pastor","link":"https:\/\/correiodasemana.com\/site\/category\/a-voz-do-pastor\/"},"img":{"alt_text":"","src":"https:\/\/i0.wp.com\/correiodasemana.com\/site\/wp-content\/uploads\/2018\/02\/Dom-Vasconcelos-posses.jpg?resize=350%2C200&ssl=1","width":350,"height":200,"srcset":"https:\/\/i0.wp.com\/correiodasemana.com\/site\/wp-content\/uploads\/2018\/02\/Dom-Vasconcelos-posses.jpg?resize=350%2C200&ssl=1 1x, https:\/\/i0.wp.com\/correiodasemana.com\/site\/wp-content\/uploads\/2018\/02\/Dom-Vasconcelos-posses.jpg?resize=525%2C300&ssl=1 1.5x, https:\/\/i0.wp.com\/correiodasemana.com\/site\/wp-content\/uploads\/2018\/02\/Dom-Vasconcelos-posses.jpg?resize=700%2C400&ssl=1 2x"},"classes":[]},{"id":32412,"url":"https:\/\/correiodasemana.com\/site\/congregacao-das-missionarias-reparadoras-do-coracao-de-jesus-renovam-votos-no-dia-mundial-da-vida-consagrada\/","url_meta":{"origin":32363,"position":2},"title":"Congrega\u00e7\u00e3o das Mission\u00e1rias Reparadoras do Cora\u00e7\u00e3o de Jesus renovam votos no Dia Mundial da Vida Consagrada","author":"adminredacao","date":"Fevereiro 4, 2025","format":false,"excerpt":"Igreja celebra, neste dia 02 de fevereiro, a Festa da Apresenta\u00e7\u00e3o do Senhor e o Dia Mundial da Vida Consagrada. A Congrega\u00e7\u00e3o das Mission\u00e1rias Reparadoras do Cora\u00e7\u00e3o de Jesus renovou seus votos durante solenidade presidida pelo bispo diocesano, Dom Vasconcelos, na capela do Menino Deus, em Sobral. A Festa da\u2026","rel":"","context":"In &quot;Atualidade&quot;","block_context":{"text":"Atualidade","link":"https:\/\/correiodasemana.com\/site\/category\/atualidade\/"},"img":{"alt_text":"","src":"https:\/\/i0.wp.com\/correiodasemana.com\/site\/wp-content\/uploads\/2025\/02\/WhatsApp-Image-2025-02-03-at-11.55.17-2.jpeg?resize=350%2C200&ssl=1","width":350,"height":200,"srcset":"https:\/\/i0.wp.com\/correiodasemana.com\/site\/wp-content\/uploads\/2025\/02\/WhatsApp-Image-2025-02-03-at-11.55.17-2.jpeg?resize=350%2C200&ssl=1 1x, https:\/\/i0.wp.com\/correiodasemana.com\/site\/wp-content\/uploads\/2025\/02\/WhatsApp-Image-2025-02-03-at-11.55.17-2.jpeg?resize=525%2C300&ssl=1 1.5x, https:\/\/i0.wp.com\/correiodasemana.com\/site\/wp-content\/uploads\/2025\/02\/WhatsApp-Image-2025-02-03-at-11.55.17-2.jpeg?resize=700%2C400&ssl=1 2x, https:\/\/i0.wp.com\/correiodasemana.com\/site\/wp-content\/uploads\/2025\/02\/WhatsApp-Image-2025-02-03-at-11.55.17-2.jpeg?resize=1050%2C600&ssl=1 3x, https:\/\/i0.wp.com\/correiodasemana.com\/site\/wp-content\/uploads\/2025\/02\/WhatsApp-Image-2025-02-03-at-11.55.17-2.jpeg?resize=1400%2C800&ssl=1 4x"},"classes":[]},{"id":28225,"url":"https:\/\/correiodasemana.com\/site\/irmas-reparadoras-do-coracao-de-jesus-celebram-o-dia-da-vida-consagrada-e-renovam-os-votos\/","url_meta":{"origin":32363,"position":3},"title":"Irm\u00e3s Reparadoras do Cora\u00e7\u00e3o de Jesus celebram o dia da vida consagrada e renovam os votos","author":"adminredacao","date":"Fevereiro 6, 2024","format":false,"excerpt":"Em torno da mesa do altar do Senhor, as religiosas da Congrega\u00e7\u00e3o das Irm\u00e3s Reparadoras do Cora\u00e7\u00e3o de Jesus, celebraram no dia 02 de fevereiro, sexta-feira, o dia da vida consagrada e renovaram os votos na celebra\u00e7\u00e3o eucar\u00edstica da Festa da Apresenta\u00e7\u00e3o do Senhor presidida por Dom Vasconcelos na capela\u2026","rel":"","context":"In &quot;Atualidade&quot;","block_context":{"text":"Atualidade","link":"https:\/\/correiodasemana.com\/site\/category\/atualidade\/"},"img":{"alt_text":"","src":"https:\/\/i0.wp.com\/correiodasemana.com\/site\/wp-content\/uploads\/2024\/02\/WhatsApp-Image-2024-02-05-at-16.35.30.jpeg?resize=350%2C200&ssl=1","width":350,"height":200,"srcset":"https:\/\/i0.wp.com\/correiodasemana.com\/site\/wp-content\/uploads\/2024\/02\/WhatsApp-Image-2024-02-05-at-16.35.30.jpeg?resize=350%2C200&ssl=1 1x, https:\/\/i0.wp.com\/correiodasemana.com\/site\/wp-content\/uploads\/2024\/02\/WhatsApp-Image-2024-02-05-at-16.35.30.jpeg?resize=525%2C300&ssl=1 1.5x, https:\/\/i0.wp.com\/correiodasemana.com\/site\/wp-content\/uploads\/2024\/02\/WhatsApp-Image-2024-02-05-at-16.35.30.jpeg?resize=700%2C400&ssl=1 2x, https:\/\/i0.wp.com\/correiodasemana.com\/site\/wp-content\/uploads\/2024\/02\/WhatsApp-Image-2024-02-05-at-16.35.30.jpeg?resize=1050%2C600&ssl=1 3x, https:\/\/i0.wp.com\/correiodasemana.com\/site\/wp-content\/uploads\/2024\/02\/WhatsApp-Image-2024-02-05-at-16.35.30.jpeg?resize=1400%2C800&ssl=1 4x"},"classes":[]},{"id":18743,"url":"https:\/\/correiodasemana.com\/site\/bendita-a-luz-que-mais-alumeia-2\/","url_meta":{"origin":32363,"position":4},"title":"\u201cBendita a Luz que mais alumeia\u201d","author":"","date":"Janeiro 31, 2022","format":false,"excerpt":"Na pr\u00f3xima quarta-feira (2), a Igreja em todo o mundo celebra a solenidade da Apresenta\u00e7\u00e3o do Senhor. Esse dia, para o povo nordestino, \u00e9 conhecido como a festa de Nossa Senhora das Candeias. \u00c9 interessante observar o quanto o dia \u00e9 celebrado pelo povo, desde a participa\u00e7\u00e3o na liturgia oficial\u2026","rel":"","context":"In &quot;Artigos&quot;","block_context":{"text":"Artigos","link":"https:\/\/correiodasemana.com\/site\/category\/artigos\/"},"img":{"alt_text":"","src":"https:\/\/i0.wp.com\/correiodasemana.com\/site\/wp-content\/uploads\/2018\/02\/editorial-cs.jpg?resize=350%2C200&ssl=1","width":350,"height":200,"srcset":"https:\/\/i0.wp.com\/correiodasemana.com\/site\/wp-content\/uploads\/2018\/02\/editorial-cs.jpg?resize=350%2C200&ssl=1 1x, https:\/\/i0.wp.com\/correiodasemana.com\/site\/wp-content\/uploads\/2018\/02\/editorial-cs.jpg?resize=525%2C300&ssl=1 1.5x"},"classes":[]},{"id":15620,"url":"https:\/\/correiodasemana.com\/site\/bendita-a-luz-que-mais-alumeia\/","url_meta":{"origin":32363,"position":5},"title":"\u201cBendita a Luz que mais alumeia\u201d","author":"","date":"Fevereiro 2, 2021","format":false,"excerpt":"Na pr\u00f3xima ter\u00e7a-feira (2), a Igreja em todo o mundo celebra a solenidade da Apresenta\u00e7\u00e3o do Senhor. Esse dia, para o povo nordestino, \u00e9 conhecido como a festa de Nossa Senhora das Candeias. \u00c9 interessante observar o quanto o dia \u00e9 celebrado pelo povo, desde a participa\u00e7\u00e3o na liturgia oficial\u2026","rel":"","context":"In &quot;A voz do Pastor&quot;","block_context":{"text":"A voz do Pastor","link":"https:\/\/correiodasemana.com\/site\/category\/a-voz-do-pastor\/"},"img":{"alt_text":"","src":"https:\/\/i0.wp.com\/correiodasemana.com\/site\/wp-content\/uploads\/2019\/07\/editorial-cs.jpg?resize=350%2C200&ssl=1","width":350,"height":200,"srcset":"https:\/\/i0.wp.com\/correiodasemana.com\/site\/wp-content\/uploads\/2019\/07\/editorial-cs.jpg?resize=350%2C200&ssl=1 1x, https:\/\/i0.wp.com\/correiodasemana.com\/site\/wp-content\/uploads\/2019\/07\/editorial-cs.jpg?resize=525%2C300&ssl=1 1.5x"},"classes":[]}],"jetpack_sharing_enabled":true,"_links":{"self":[{"href":"https:\/\/correiodasemana.com\/site\/wp-json\/wp\/v2\/posts\/32363","targetHints":{"allow":["GET"]}}],"collection":[{"href":"https:\/\/correiodasemana.com\/site\/wp-json\/wp\/v2\/posts"}],"about":[{"href":"https:\/\/correiodasemana.com\/site\/wp-json\/wp\/v2\/types\/post"}],"author":[{"embeddable":true,"href":"https:\/\/correiodasemana.com\/site\/wp-json\/wp\/v2\/users\/7"}],"replies":[{"embeddable":true,"href":"https:\/\/correiodasemana.com\/site\/wp-json\/wp\/v2\/comments?post=32363"}],"version-history":[{"count":1,"href":"https:\/\/correiodasemana.com\/site\/wp-json\/wp\/v2\/posts\/32363\/revisions"}],"predecessor-version":[{"id":32364,"href":"https:\/\/correiodasemana.com\/site\/wp-json\/wp\/v2\/posts\/32363\/revisions\/32364"}],"wp:featuredmedia":[{"embeddable":true,"href":"https:\/\/correiodasemana.com\/site\/wp-json\/wp\/v2\/media\/7687"}],"wp:attachment":[{"href":"https:\/\/correiodasemana.com\/site\/wp-json\/wp\/v2\/media?parent=32363"}],"wp:term":[{"taxonomy":"category","embeddable":true,"href":"https:\/\/correiodasemana.com\/site\/wp-json\/wp\/v2\/categories?post=32363"},{"taxonomy":"post_tag","embeddable":true,"href":"https:\/\/correiodasemana.com\/site\/wp-json\/wp\/v2\/tags?post=32363"}],"curies":[{"name":"wp","href":"https:\/\/api.w.org\/{rel}","templated":true}]}}