{"id":32389,"date":"2025-02-04T16:36:55","date_gmt":"2025-02-04T19:36:55","guid":{"rendered":"https:\/\/correiodasemana.com\/site\/?p=32389"},"modified":"2025-02-04T16:36:55","modified_gmt":"2025-02-04T19:36:55","slug":"prefeitura-de-sobral-da-posse-a-277-novos-professores-aprovados-em-concurso-publico","status":"publish","type":"post","link":"https:\/\/correiodasemana.com\/site\/prefeitura-de-sobral-da-posse-a-277-novos-professores-aprovados-em-concurso-publico\/","title":{"rendered":"Prefeitura de Sobral d\u00e1 posse a 277 novos professores aprovados em concurso p\u00fablico"},"content":{"rendered":"<p>A Prefeitura de Sobral, por meio da Secretaria Municipal da Educa\u00e7\u00e3o, realizou nesta ter\u00e7a-feira (28\/01) a posse de 227 novos professores aprovados no concurso p\u00fablico n\u00ba 01\/2023. A solenidade aconteceu no Centro de Conven\u00e7\u00f5es de Sobral, onde os profissionais assinaram o termo de posse e foram oficialmente integrados ao quadro de servidores da educa\u00e7\u00e3o municipal. As atividades escolares dos novos professores ter\u00e3o in\u00edcio no pr\u00f3ximo dia 03 de fevereiro.<br \/>\nOs novos servidores atuar\u00e3o em escolas da rede municipal de ensino, ministrando disciplinas como L\u00edngua Portuguesa, Matem\u00e1tica, Ci\u00eancias, Hist\u00f3ria, Geografia, L\u00edngua Inglesa, Educa\u00e7\u00e3o F\u00edsica e Arte-Educa\u00e7\u00e3o. Do total de nomeados, 9 ser\u00e3o lotados na Educa\u00e7\u00e3o Infantil e no Ensino Fundamental Anos Iniciais (1\u00ba ao 5\u00ba ano), enquanto 218 atuar\u00e3o no Ensino Fundamental Anos Finais (6\u00ba ao 9\u00ba ano).<br \/>\nA cerim\u00f4nia contou com a presen\u00e7a do prefeito de Sobral, Dr. Oscar Rodrigues; do presidente da C\u00e2mara de Vereadores, Chico J\u00f3ia J\u00fanior; e da secret\u00e1ria da Educa\u00e7\u00e3o, Profa. Ma. Cynira Sampaio. Durante o evento, a secret\u00e1ria destacou a import\u00e2ncia da posse dos novos professores para a continuidade da excel\u00eancia educacional no munic\u00edpio. \u201cSinto-me muito honrada em poder fazer parte deste momento solene. Inserir esses novos professores na rede nos ajudar\u00e1 a fortalecer ainda mais a educa\u00e7\u00e3o da nossa cidade, e seguiremos trabalhando para fazer muito mais por nossos alunos\u201d, afirmou. Com a posse dos novos docentes, a Prefeitura de Sobral refor\u00e7a seu compromisso com a qualidade da educa\u00e7\u00e3o p\u00fablica, visando oferecer melhores condi\u00e7\u00f5es de ensino e aprendizado para os estudantes do munic\u00edpio.<\/p>\n","protected":false},"excerpt":{"rendered":"<p>A Prefeitura de Sobral, por meio da Secretaria Municipal da Educa\u00e7\u00e3o, realizou nesta ter\u00e7a-feira (28\/01)&#8230;<\/p>\n","protected":false},"author":7,"featured_media":32390,"comment_status":"open","ping_status":"open","sticky":false,"template":"","format":"standard","meta":{"_jetpack_memberships_contains_paid_content":false,"footnotes":"","jetpack_publicize_message":"","jetpack_publicize_feature_enabled":true,"jetpack_social_post_already_shared":true,"jetpack_social_options":{"image_generator_settings":{"template":"highway","default_image_id":0,"font":"","enabled":false},"version":2}},"categories":[1],"tags":[],"class_list":["post-32389","post","type-post","status-publish","format-standard","has-post-thumbnail","hentry","category-atualidade"],"jetpack_publicize_connections":[],"jetpack_featured_media_url":"https:\/\/correiodasemana.com\/site\/wp-content\/uploads\/2025\/02\/475699216_18376326610117998_2942649156099951002_n.jpg","jetpack-related-posts":[{"id":32092,"url":"https:\/\/correiodasemana.com\/site\/dr-oscar-spindola-rodrigues-junior-toma-posse-de-seu-primeiro-mandato-como-prefeito-de-sobral\/","url_meta":{"origin":32389,"position":0},"title":"Dr. Oscar Spindola Rodrigues Junior toma posse de seu primeiro mandato como prefeito de Sobral","author":"adminredacao","date":"Janeiro 15, 2025","format":false,"excerpt":"Cerim\u00f4nia de posse foi realizada no p\u00e1tio da Prefeitura, com participa\u00e7\u00e3o em massa da popula\u00e7\u00e3o sobralense O novo prefeito de Sobral, Dr. Oscar Spindola Rodrigues Junior (UNI\u00c3O), iniciou oficialmente o seu mandato na tarde de quarta-feira, por volta das 17h (01\/01\/2025) durante Sess\u00e3o Solene realizada na C\u00e2mara Municipal. Na ocasi\u00e3o\u2026","rel":"","context":"In &quot;Atualidade&quot;","block_context":{"text":"Atualidade","link":"https:\/\/correiodasemana.com\/site\/category\/atualidade\/"},"img":{"alt_text":"","src":"https:\/\/i0.wp.com\/correiodasemana.com\/site\/wp-content\/uploads\/2025\/01\/posse-prefeito-oscar-rodrigues-1-scaled.jpg?resize=350%2C200&ssl=1","width":350,"height":200,"srcset":"https:\/\/i0.wp.com\/correiodasemana.com\/site\/wp-content\/uploads\/2025\/01\/posse-prefeito-oscar-rodrigues-1-scaled.jpg?resize=350%2C200&ssl=1 1x, https:\/\/i0.wp.com\/correiodasemana.com\/site\/wp-content\/uploads\/2025\/01\/posse-prefeito-oscar-rodrigues-1-scaled.jpg?resize=525%2C300&ssl=1 1.5x, https:\/\/i0.wp.com\/correiodasemana.com\/site\/wp-content\/uploads\/2025\/01\/posse-prefeito-oscar-rodrigues-1-scaled.jpg?resize=700%2C400&ssl=1 2x, https:\/\/i0.wp.com\/correiodasemana.com\/site\/wp-content\/uploads\/2025\/01\/posse-prefeito-oscar-rodrigues-1-scaled.jpg?resize=1050%2C600&ssl=1 3x, https:\/\/i0.wp.com\/correiodasemana.com\/site\/wp-content\/uploads\/2025\/01\/posse-prefeito-oscar-rodrigues-1-scaled.jpg?resize=1400%2C800&ssl=1 4x"},"classes":[]},{"id":10097,"url":"https:\/\/correiodasemana.com\/site\/panorama-politico-23\/","url_meta":{"origin":32389,"position":1},"title":"Panorama Pol\u00edtico","author":"","date":"Dezembro 9, 2019","format":false,"excerpt":"Prefeitura de Sobral convoca 225 professores A prefeitura de Sobral convoca 225 professores aprovados em concurso p\u00fablico para provimento efetivo com lota\u00e7\u00e3o na Secretaria da Educa\u00e7\u00e3o. A lista de convocados, os exames e a documenta\u00e7\u00e3o necess\u00e1ria para posse no cargo foram publicadas no Di\u00e1rio Oficial. Os profissionais das \u00e1rea de\u2026","rel":"","context":"In &quot;Artigos&quot;","block_context":{"text":"Artigos","link":"https:\/\/correiodasemana.com\/site\/category\/artigos\/"},"img":{"alt_text":"","src":"https:\/\/i0.wp.com\/correiodasemana.com\/site\/wp-content\/uploads\/2019\/09\/camara-de-sobral.jpeg?resize=350%2C200&ssl=1","width":350,"height":200,"srcset":"https:\/\/i0.wp.com\/correiodasemana.com\/site\/wp-content\/uploads\/2019\/09\/camara-de-sobral.jpeg?resize=350%2C200&ssl=1 1x, https:\/\/i0.wp.com\/correiodasemana.com\/site\/wp-content\/uploads\/2019\/09\/camara-de-sobral.jpeg?resize=525%2C300&ssl=1 1.5x, https:\/\/i0.wp.com\/correiodasemana.com\/site\/wp-content\/uploads\/2019\/09\/camara-de-sobral.jpeg?resize=700%2C400&ssl=1 2x"},"classes":[]},{"id":34406,"url":"https:\/\/correiodasemana.com\/site\/prefeito-de-sobral-oscar-rodrigues-anuncia-plano-de-saude-para-professores-da-rede-municipal\/","url_meta":{"origin":32389,"position":2},"title":"Prefeito de Sobral, Oscar Rodrigues, anuncia plano de sa\u00fade para professores da rede municipal","author":"adminredacao","date":"Julho 1, 2025","format":false,"excerpt":"\u2022 Em menos de 6 meses, o prefeito de Sobral, Oscar Rodrigues, est\u00e1 valorizando os profissionais da educa\u00e7\u00e3o no munic\u00edpio Em um movimento considerado raro no atual cen\u00e1rio educacional brasileiro, a Prefeitura de Sobral, no Cear\u00e1, anunciou que os professores da rede municipal ter\u00e3o acesso a um plano de sa\u00fade\u2026","rel":"","context":"In &quot;Atualidade&quot;","block_context":{"text":"Atualidade","link":"https:\/\/correiodasemana.com\/site\/category\/atualidade\/"},"img":{"alt_text":"","src":"https:\/\/i0.wp.com\/correiodasemana.com\/site\/wp-content\/uploads\/2025\/07\/foto.jpg?resize=350%2C200&ssl=1","width":350,"height":200,"srcset":"https:\/\/i0.wp.com\/correiodasemana.com\/site\/wp-content\/uploads\/2025\/07\/foto.jpg?resize=350%2C200&ssl=1 1x, https:\/\/i0.wp.com\/correiodasemana.com\/site\/wp-content\/uploads\/2025\/07\/foto.jpg?resize=525%2C300&ssl=1 1.5x, https:\/\/i0.wp.com\/correiodasemana.com\/site\/wp-content\/uploads\/2025\/07\/foto.jpg?resize=700%2C400&ssl=1 2x, https:\/\/i0.wp.com\/correiodasemana.com\/site\/wp-content\/uploads\/2025\/07\/foto.jpg?resize=1050%2C600&ssl=1 3x"},"classes":[]},{"id":23035,"url":"https:\/\/correiodasemana.com\/site\/concurso-professor-efetivo-em-sobral\/","url_meta":{"origin":32389,"position":3},"title":"Concurso professor efetivo em Sobral","author":"","date":"Janeiro 23, 2023","format":false,"excerpt":"Come\u00e7am nesta segunda-feira (23) as inscri\u00e7\u00f5es para o concurso com 700 vagas para professor efetivo, al\u00e9m de cadastro reserva em Sobral. O sal\u00e1rio para os aprovados \u00e9 de R$ 2.046,36. A taxa de inscri\u00e7\u00e3o \u00e9 de R$ 150. O certame ser\u00e1 organizado e executado pela Funda\u00e7\u00e3o Universidade Estadual do Cear\u00e1\u2026","rel":"","context":"In &quot;Atualidade&quot;","block_context":{"text":"Atualidade","link":"https:\/\/correiodasemana.com\/site\/category\/atualidade\/"},"img":{"alt_text":"","src":"https:\/\/i0.wp.com\/correiodasemana.com\/site\/wp-content\/uploads\/2023\/01\/selecao-professor.jpg?resize=350%2C200&ssl=1","width":350,"height":200},"classes":[]},{"id":10390,"url":"https:\/\/correiodasemana.com\/site\/sobral-shopping-projeta-alta-de-25-em-vendas-de-fim-de-ano\/","url_meta":{"origin":32389,"position":4},"title":"Sobral Shopping projeta alta de 25% em vendas de fim de ano","author":"","date":"Janeiro 5, 2020","format":false,"excerpt":"\u00c9 cedo para saber o n\u00famero definitivo do aumento das vendas de fim de ano, mas de acordo com as proje\u00e7\u00f5es do Sobral Shopping, a perspectiva de crescimento de vendas \u00e9 de 25% comparado ao mesmo per\u00edodo de 2018. Para esse resultado, a equipe do shopping garantiu um show de\u2026","rel":"","context":"In &quot;Atualidade&quot;","block_context":{"text":"Atualidade","link":"https:\/\/correiodasemana.com\/site\/category\/atualidade\/"},"img":{"alt_text":"","src":"https:\/\/i0.wp.com\/correiodasemana.com\/site\/wp-content\/uploads\/2020\/01\/41802921464_da0346d6bb_z.jpg?resize=350%2C200&ssl=1","width":350,"height":200,"srcset":"https:\/\/i0.wp.com\/correiodasemana.com\/site\/wp-content\/uploads\/2020\/01\/41802921464_da0346d6bb_z.jpg?resize=350%2C200&ssl=1 1x, https:\/\/i0.wp.com\/correiodasemana.com\/site\/wp-content\/uploads\/2020\/01\/41802921464_da0346d6bb_z.jpg?resize=525%2C300&ssl=1 1.5x"},"classes":[]},{"id":30470,"url":"https:\/\/correiodasemana.com\/site\/professores-sao-empossados-em-segundo-maior-concurso-publico-da-historia-da-uva\/","url_meta":{"origin":32389,"position":5},"title":"Professores s\u00e3o empossados em segundo maior concurso p\u00fablico da hist\u00f3ria da UVA","author":"adminredacao","date":"Agosto 26, 2024","format":false,"excerpt":"O governador do Estado do Cear\u00e1, Elmano de Freitas, deu posse a 107 professores e professoras para a Universidade Estadual Vale do Acara\u00fa - UVA, na noite desta ter\u00e7a-feira, 20 de agosto. A solenidade aconteceu na Pra\u00e7a dos Fundadores no campus Bet\u00e2nia. Nos anais da universidade, os professores que foram\u2026","rel":"","context":"In &quot;Atualidade&quot;","block_context":{"text":"Atualidade","link":"https:\/\/correiodasemana.com\/site\/category\/atualidade\/"},"img":{"alt_text":"","src":"https:\/\/i0.wp.com\/correiodasemana.com\/site\/wp-content\/uploads\/2024\/08\/WhatsApp-Image-2024-08-22-at-14.05.06.jpeg?resize=350%2C200&ssl=1","width":350,"height":200,"srcset":"https:\/\/i0.wp.com\/correiodasemana.com\/site\/wp-content\/uploads\/2024\/08\/WhatsApp-Image-2024-08-22-at-14.05.06.jpeg?resize=350%2C200&ssl=1 1x, https:\/\/i0.wp.com\/correiodasemana.com\/site\/wp-content\/uploads\/2024\/08\/WhatsApp-Image-2024-08-22-at-14.05.06.jpeg?resize=525%2C300&ssl=1 1.5x, https:\/\/i0.wp.com\/correiodasemana.com\/site\/wp-content\/uploads\/2024\/08\/WhatsApp-Image-2024-08-22-at-14.05.06.jpeg?resize=700%2C400&ssl=1 2x, https:\/\/i0.wp.com\/correiodasemana.com\/site\/wp-content\/uploads\/2024\/08\/WhatsApp-Image-2024-08-22-at-14.05.06.jpeg?resize=1050%2C600&ssl=1 3x, https:\/\/i0.wp.com\/correiodasemana.com\/site\/wp-content\/uploads\/2024\/08\/WhatsApp-Image-2024-08-22-at-14.05.06.jpeg?resize=1400%2C800&ssl=1 4x"},"classes":[]}],"jetpack_sharing_enabled":true,"_links":{"self":[{"href":"https:\/\/correiodasemana.com\/site\/wp-json\/wp\/v2\/posts\/32389","targetHints":{"allow":["GET"]}}],"collection":[{"href":"https:\/\/correiodasemana.com\/site\/wp-json\/wp\/v2\/posts"}],"about":[{"href":"https:\/\/correiodasemana.com\/site\/wp-json\/wp\/v2\/types\/post"}],"author":[{"embeddable":true,"href":"https:\/\/correiodasemana.com\/site\/wp-json\/wp\/v2\/users\/7"}],"replies":[{"embeddable":true,"href":"https:\/\/correiodasemana.com\/site\/wp-json\/wp\/v2\/comments?post=32389"}],"version-history":[{"count":1,"href":"https:\/\/correiodasemana.com\/site\/wp-json\/wp\/v2\/posts\/32389\/revisions"}],"predecessor-version":[{"id":32391,"href":"https:\/\/correiodasemana.com\/site\/wp-json\/wp\/v2\/posts\/32389\/revisions\/32391"}],"wp:featuredmedia":[{"embeddable":true,"href":"https:\/\/correiodasemana.com\/site\/wp-json\/wp\/v2\/media\/32390"}],"wp:attachment":[{"href":"https:\/\/correiodasemana.com\/site\/wp-json\/wp\/v2\/media?parent=32389"}],"wp:term":[{"taxonomy":"category","embeddable":true,"href":"https:\/\/correiodasemana.com\/site\/wp-json\/wp\/v2\/categories?post=32389"},{"taxonomy":"post_tag","embeddable":true,"href":"https:\/\/correiodasemana.com\/site\/wp-json\/wp\/v2\/tags?post=32389"}],"curies":[{"name":"wp","href":"https:\/\/api.w.org\/{rel}","templated":true}]}}