{"id":32395,"date":"2025-02-04T16:39:37","date_gmt":"2025-02-04T19:39:37","guid":{"rendered":"https:\/\/correiodasemana.com\/site\/?p=32395"},"modified":"2025-02-04T16:39:38","modified_gmt":"2025-02-04T19:39:38","slug":"becco-ponto-com-200","status":"publish","type":"post","link":"https:\/\/correiodasemana.com\/site\/becco-ponto-com-200\/","title":{"rendered":"Becco Ponto Com"},"content":{"rendered":"<p>LIVRAI-NOS, SENHOR!<br \/>\nDos papos furados pol\u00edticos no Becco do Cotovelo. Ufa, Sobral!<br \/>\nDe uma nova oposi\u00e7\u00e3o na C\u00e2mara, sem cara ainda e se mostrando.<br \/>\nDos conselhos dos novos puxa-sacos no novo poder: \u201cOs Caras\u201d, ui!<br \/>\nDa f\u00f3rmula da nova oposi\u00e7\u00e3o sitiando: \u201cSe planta tudo por Sobral\u201d.<br \/>\nDos cursos modernos via pega e leva alunos para as faculdades.<br \/>\nDe um tal \u201cfac\u00e3o funcionando no quinto andar\u201d com for\u00e7a total.<br \/>\nDos novos prefeitos prometendo leite e mel ao um povo sofrido.<br \/>\nDo r\u00e1dio mudando a cara dos novos poderosos. \u201cTodos s\u00e3o iguais\u201d.<br \/>\nDa invas\u00e3o dos moradores de ruas no Becco e em vias p\u00fablicas, ui!<br \/>\nDa ruma de candidatos novos na pista para 2026. Fraqu\u00edssimos, ui!<\/p>\n<p>NOTICIANDO<br \/>\nEstive em visita ao gabinete da vice prefeita, Dra. Maria Imaculada, no pr\u00e9dio da Biblioteca P\u00fablica Municipal, onde fui bem recebido pelo casal Dra. Imaculada e Dr. Jo\u00e3o Alberto. L\u00e1 conversamos sobre os projetos culturais para cidade. Foi uma palestra amiga e cheia de sobralidade. Quero agradecer aos amigos, pela hospitalidade a esta minha visita cort\u00eas.<br \/>\nMais uma casa nova no Becco, \u201cGelatos Caf\u00e9\u201d no antigo Caf\u00e9 do Sr. Lu\u00eds Torquato, dando o ar da gra\u00e7a ao espa\u00e7o do cora\u00e7\u00e3o de Sobral. Seja bem-vindo, este empreendimento \u00e0 nossa cidade. Ser\u00e1 mais um local para o povo da cidade se deliciarem com um sorvetinho nos finais de tarde.<br \/>\nQuero agradecer ao amigo jornalista e blogueiro, Rubens Lima, pela inclus\u00e3o em seu Blog Sobral em Revista, da minha coluna Becco Ponto Com a parte \u201cLivrai-nos, Senhor\u201d que traz as coisas de Sobral em modelo meio cr\u00edtico e moderno de dizer o que acontece na terrinha.<br \/>\nQuem esteve visitando o Becco, recentemente, foi o cantor sobralense, Bigorilho, que entre amigos cantarolou suas m\u00fasicas preferidas em momento m\u00e1gico e de sobralidade. \u00c9 um cara amigo da imprensa sobralense e dos pol\u00edticos do Estado do Cear\u00e1. Foi muito assediado pelos presentes ao Becco, neste dia. \u00c9 um amigo especial e conhecido pelo Brasil afora.<br \/>\nEsteve sendo entrevistado no programa Tribuna e Plen\u00e1rio na r\u00e1dio Paraiso fm, o deputado federal, Moses Rodrigues, que deu um show de informa\u00e7\u00f5es pol\u00edticas de sua atua\u00e7\u00e3o como pol\u00edtico moderno na C\u00e2mara baixa do pa\u00eds. Falou de Sobral e sua nova administra\u00e7\u00e3o e que tem tudo a ver sua \u00e1rea de trabalho pela cidade de Dom Jos\u00e9. H\u00e1 quem fale nas m\u00eddias que um dia poder\u00e1 vir a ser Governador do Cear\u00e1, tamanha \u00e9 a sua capacidade de administrar. Sobral ganhar\u00e1, assim, este presente novamente na pol\u00edtica brasileira. \u00c9 um grande pol\u00edtico.<\/p>\n<p>PERFIL: JORNALISTA MARQUES ARA\u00daJO<\/p>\n<div id='gallery-1' class='gallery galleryid-32395 gallery-columns-3 gallery-size-thumbnail'><figure class='gallery-item'>\n\t\t\t<div class='gallery-icon portrait'>\n\t\t\t\t<a href='https:\/\/correiodasemana.com\/site\/becco-ponto-com-200\/marques-araujo\/'><img loading=\"lazy\" width=\"150\" height=\"150\" src=\"https:\/\/correiodasemana.com\/site\/wp-content\/uploads\/2025\/02\/Marques-Araujo-150x150.png\" class=\"attachment-thumbnail size-thumbnail\" alt=\"Marques Ara\u00fajo\" loading=\"lazy\" decoding=\"async\" \/><\/a>\n\t\t\t<\/div><\/figure>\n\t\t<\/div>\n\n<p>Um cidad\u00e3o com todas as letras, digno jornalista conceituado na regi\u00e3o Norte e membro do Centro Cultural Dom Jos\u00e9 de Sobral. Falo do amigo do Becco e da imprensa, Marques Ara\u00fajo, que hoje, por m\u00e9ritos, engalana esta nossa coluna e neste noticioso sobralense. Ele \u00e9 o cara da Revista Alternativa!<\/p>\n<p>LIVRE PENSAR:<br \/>\n\u201cS\u00f3 se constr\u00f3i o amor, se a liberdade estiver bem perto\u201d. (Poeta Chico Prado &#8211; Presidente do Centro Cultural Dom Jos\u00e9 de Sobral).<\/p>\n","protected":false},"excerpt":{"rendered":"<p>LIVRAI-NOS, SENHOR! Dos papos furados pol\u00edticos no Becco do Cotovelo. Ufa, Sobral! De uma nova&#8230;<\/p>\n","protected":false},"author":7,"featured_media":17437,"comment_status":"open","ping_status":"open","sticky":false,"template":"","format":"standard","meta":{"_jetpack_memberships_contains_paid_content":false,"footnotes":"","jetpack_publicize_message":"","jetpack_publicize_feature_enabled":true,"jetpack_social_post_already_shared":true,"jetpack_social_options":{"image_generator_settings":{"template":"highway","default_image_id":0,"font":"","enabled":false},"version":2}},"categories":[11,27],"tags":[],"class_list":["post-32395","post","type-post","status-publish","format-standard","has-post-thumbnail","hentry","category-artigos","category-becco-ponto-com"],"jetpack_publicize_connections":[],"jetpack_featured_media_url":"https:\/\/correiodasemana.com\/site\/wp-content\/uploads\/2021\/09\/Dr-Chico-Prado-Trofeu-Dom-Jose-1.jpg","jetpack-related-posts":[{"id":31653,"url":"https:\/\/correiodasemana.com\/site\/becco-ponto-com-194\/","url_meta":{"origin":32395,"position":0},"title":"Becco ponto Com","author":"adminredacao","date":"Dezembro 2, 2024","format":false,"excerpt":"LIVRAI-NOS, SENHOR! Da guerra fria pol\u00edtica no Estado, via pt. Das lojas vendendo guguel na cidade, ui! Das intriguinhas do sai e entra do prefeito. Dos acordos esp\u00farios visando a C\u00e2mara. Da sa\u00fade na \u201cuti 1 doutor\u201d para cada dor. Do fim tr\u00e1gico da fam\u00edlia Gomes, no Cear\u00e1. Dos secadores\u2026","rel":"","context":"In &quot;Artigos&quot;","block_context":{"text":"Artigos","link":"https:\/\/correiodasemana.com\/site\/category\/artigos\/"},"img":{"alt_text":"","src":"https:\/\/i0.wp.com\/correiodasemana.com\/site\/wp-content\/uploads\/2021\/09\/Dr-Chico-Prado-Trofeu-Dom-Jose-1-1.jpg?resize=350%2C200&ssl=1","width":350,"height":200,"srcset":"https:\/\/i0.wp.com\/correiodasemana.com\/site\/wp-content\/uploads\/2021\/09\/Dr-Chico-Prado-Trofeu-Dom-Jose-1-1.jpg?resize=350%2C200&ssl=1 1x, https:\/\/i0.wp.com\/correiodasemana.com\/site\/wp-content\/uploads\/2021\/09\/Dr-Chico-Prado-Trofeu-Dom-Jose-1-1.jpg?resize=525%2C300&ssl=1 1.5x, https:\/\/i0.wp.com\/correiodasemana.com\/site\/wp-content\/uploads\/2021\/09\/Dr-Chico-Prado-Trofeu-Dom-Jose-1-1.jpg?resize=700%2C400&ssl=1 2x"},"classes":[]},{"id":32561,"url":"https:\/\/correiodasemana.com\/site\/becco-ponto-com-202\/","url_meta":{"origin":32395,"position":1},"title":"BECCO PONTO.COM","author":"adminredacao","date":"Fevereiro 18, 2025","format":false,"excerpt":"LIVRAI-NOS, SENHOR! Das bandas modernas do carnaval sem nexo. Da chegada de uma oposi\u00e7\u00e3o amarela e fraca. Da ruma de faculdades oferecendo cursos. Da bufa em cima do muro como sempre, ufa! Da ruma de candidatos apoiados por Cid, ui! Dos novos puxa-sacos do poder sem amor. Do fac\u00e3ozinho do\u2026","rel":"","context":"In &quot;Artigos&quot;","block_context":{"text":"Artigos","link":"https:\/\/correiodasemana.com\/site\/category\/artigos\/"},"img":{"alt_text":"","src":"https:\/\/i0.wp.com\/correiodasemana.com\/site\/wp-content\/uploads\/2021\/09\/Dr-Chico-Prado-Trofeu-Dom-Jose-1.jpg?resize=350%2C200&ssl=1","width":350,"height":200,"srcset":"https:\/\/i0.wp.com\/correiodasemana.com\/site\/wp-content\/uploads\/2021\/09\/Dr-Chico-Prado-Trofeu-Dom-Jose-1.jpg?resize=350%2C200&ssl=1 1x, https:\/\/i0.wp.com\/correiodasemana.com\/site\/wp-content\/uploads\/2021\/09\/Dr-Chico-Prado-Trofeu-Dom-Jose-1.jpg?resize=525%2C300&ssl=1 1.5x, https:\/\/i0.wp.com\/correiodasemana.com\/site\/wp-content\/uploads\/2021\/09\/Dr-Chico-Prado-Trofeu-Dom-Jose-1.jpg?resize=700%2C400&ssl=1 2x, https:\/\/i0.wp.com\/correiodasemana.com\/site\/wp-content\/uploads\/2021\/09\/Dr-Chico-Prado-Trofeu-Dom-Jose-1.jpg?resize=1050%2C600&ssl=1 3x, https:\/\/i0.wp.com\/correiodasemana.com\/site\/wp-content\/uploads\/2021\/09\/Dr-Chico-Prado-Trofeu-Dom-Jose-1.jpg?resize=1400%2C800&ssl=1 4x"},"classes":[]},{"id":36171,"url":"https:\/\/correiodasemana.com\/site\/becco-ponto-com-237\/","url_meta":{"origin":32395,"position":2},"title":"BECCO PONTO.COM","author":"adminredacao","date":"Novembro 3, 2025","format":false,"excerpt":"LIVRAI-NOS, SENHOR! Do massacre sangrento do Rio de Janeiro. Ui, Brasil! Da ciranda do Ciro, metendo medo nos petistas. Ui! Da briguinha armada \u201cCiro x Cid\u201d em busca pelo poder. Do roubo nas igrejas, virando moda nas capitais. Ui! Da cafonice do casal nacional e brega \u201cJanja e Lula\u201d. Da\u2026","rel":"","context":"In &quot;Artigos&quot;","block_context":{"text":"Artigos","link":"https:\/\/correiodasemana.com\/site\/category\/artigos\/"},"img":{"alt_text":"","src":"https:\/\/i0.wp.com\/correiodasemana.com\/site\/wp-content\/uploads\/2021\/09\/Dr-Chico-Prado-Trofeu-Dom-Jose-1.jpg?resize=350%2C200&ssl=1","width":350,"height":200,"srcset":"https:\/\/i0.wp.com\/correiodasemana.com\/site\/wp-content\/uploads\/2021\/09\/Dr-Chico-Prado-Trofeu-Dom-Jose-1.jpg?resize=350%2C200&ssl=1 1x, https:\/\/i0.wp.com\/correiodasemana.com\/site\/wp-content\/uploads\/2021\/09\/Dr-Chico-Prado-Trofeu-Dom-Jose-1.jpg?resize=525%2C300&ssl=1 1.5x, https:\/\/i0.wp.com\/correiodasemana.com\/site\/wp-content\/uploads\/2021\/09\/Dr-Chico-Prado-Trofeu-Dom-Jose-1.jpg?resize=700%2C400&ssl=1 2x, https:\/\/i0.wp.com\/correiodasemana.com\/site\/wp-content\/uploads\/2021\/09\/Dr-Chico-Prado-Trofeu-Dom-Jose-1.jpg?resize=1050%2C600&ssl=1 3x, https:\/\/i0.wp.com\/correiodasemana.com\/site\/wp-content\/uploads\/2021\/09\/Dr-Chico-Prado-Trofeu-Dom-Jose-1.jpg?resize=1400%2C800&ssl=1 4x"},"classes":[]},{"id":31016,"url":"https:\/\/correiodasemana.com\/site\/becco-ponto-com-187\/","url_meta":{"origin":32395,"position":3},"title":"Becco ponto Com","author":"adminredacao","date":"Outubro 21, 2024","format":false,"excerpt":"LIVRAI-NOS, SENHOR! Do choro dos bab\u00f5es do poder fg\u2019s. Da burguesia falida chorando feliz. Dos bobos da corte pol\u00edticos daqui. Da ruma de cursos formando bobos. De uma outra C\u00e2mara calango, ufa! Dos rumores do fim de um reinado! Do povo feliz igual \u201cpinto no lixo\u201d. Das dondocas trocando a\u2026","rel":"","context":"In &quot;Artigos&quot;","block_context":{"text":"Artigos","link":"https:\/\/correiodasemana.com\/site\/category\/artigos\/"},"img":{"alt_text":"","src":"https:\/\/i0.wp.com\/correiodasemana.com\/site\/wp-content\/uploads\/2021\/09\/Dr-Chico-Prado-Trofeu-Dom-Jose-1.jpg?resize=350%2C200&ssl=1","width":350,"height":200,"srcset":"https:\/\/i0.wp.com\/correiodasemana.com\/site\/wp-content\/uploads\/2021\/09\/Dr-Chico-Prado-Trofeu-Dom-Jose-1.jpg?resize=350%2C200&ssl=1 1x, https:\/\/i0.wp.com\/correiodasemana.com\/site\/wp-content\/uploads\/2021\/09\/Dr-Chico-Prado-Trofeu-Dom-Jose-1.jpg?resize=525%2C300&ssl=1 1.5x, https:\/\/i0.wp.com\/correiodasemana.com\/site\/wp-content\/uploads\/2021\/09\/Dr-Chico-Prado-Trofeu-Dom-Jose-1.jpg?resize=700%2C400&ssl=1 2x, https:\/\/i0.wp.com\/correiodasemana.com\/site\/wp-content\/uploads\/2021\/09\/Dr-Chico-Prado-Trofeu-Dom-Jose-1.jpg?resize=1050%2C600&ssl=1 3x, https:\/\/i0.wp.com\/correiodasemana.com\/site\/wp-content\/uploads\/2021\/09\/Dr-Chico-Prado-Trofeu-Dom-Jose-1.jpg?resize=1400%2C800&ssl=1 4x"},"classes":[]},{"id":30066,"url":"https:\/\/correiodasemana.com\/site\/becco-ponto-com-176\/","url_meta":{"origin":32395,"position":4},"title":"BECCO PONTO.COM","author":"adminredacao","date":"Julho 22, 2024","format":false,"excerpt":"LIVRAI-NOS, SENHOR! Da gula por votos dos pol\u00edticos. Dos puxa sacos, por amor ainda. Da taxa do lixo matando os pobres. Da mistura \u201cpol\u00edticos x fac\u00e7\u00f5es\u201d, ui! De uma oposi\u00e7\u00e3o burra de novo! Do medinho dos fg\u2019s perder o poder. Do bl\u00e1, bl\u00e1 de Ciro, nas redes. Perdeu! Dos cursos\u2026","rel":"","context":"In &quot;Artigos&quot;","block_context":{"text":"Artigos","link":"https:\/\/correiodasemana.com\/site\/category\/artigos\/"},"img":{"alt_text":"","src":"https:\/\/i0.wp.com\/correiodasemana.com\/site\/wp-content\/uploads\/2021\/09\/Dr-Chico-Prado-Trofeu-Dom-Jose-1.jpg?resize=350%2C200&ssl=1","width":350,"height":200,"srcset":"https:\/\/i0.wp.com\/correiodasemana.com\/site\/wp-content\/uploads\/2021\/09\/Dr-Chico-Prado-Trofeu-Dom-Jose-1.jpg?resize=350%2C200&ssl=1 1x, https:\/\/i0.wp.com\/correiodasemana.com\/site\/wp-content\/uploads\/2021\/09\/Dr-Chico-Prado-Trofeu-Dom-Jose-1.jpg?resize=525%2C300&ssl=1 1.5x, https:\/\/i0.wp.com\/correiodasemana.com\/site\/wp-content\/uploads\/2021\/09\/Dr-Chico-Prado-Trofeu-Dom-Jose-1.jpg?resize=700%2C400&ssl=1 2x, https:\/\/i0.wp.com\/correiodasemana.com\/site\/wp-content\/uploads\/2021\/09\/Dr-Chico-Prado-Trofeu-Dom-Jose-1.jpg?resize=1050%2C600&ssl=1 3x, https:\/\/i0.wp.com\/correiodasemana.com\/site\/wp-content\/uploads\/2021\/09\/Dr-Chico-Prado-Trofeu-Dom-Jose-1.jpg?resize=1400%2C800&ssl=1 4x"},"classes":[]},{"id":31752,"url":"https:\/\/correiodasemana.com\/site\/becco-ponto-com-195\/","url_meta":{"origin":32395,"position":5},"title":"Becco ponto Com","author":"adminredacao","date":"Dezembro 10, 2024","format":false,"excerpt":"LIVRAI-NOS, SENHOR! Do burburinho da transi\u00e7\u00e3o na cidade, ufa! Dos secadores do novo prefeito Oscar... Dos papos nas redes sociais e fofocando. Das medidas econ\u00f4micas subindo o d\u00f3lar. Dos cursos modernos formando analfas. Dos camaradas das C\u00e2maras novas, ufa! Das carinhas de bonecas das dondocas. Da burguesia falida em cima\u2026","rel":"","context":"In &quot;Becco Ponto Com&quot;","block_context":{"text":"Becco Ponto Com","link":"https:\/\/correiodasemana.com\/site\/category\/becco-ponto-com\/"},"img":{"alt_text":"","src":"https:\/\/i0.wp.com\/correiodasemana.com\/site\/wp-content\/uploads\/2021\/09\/Dr-Chico-Prado-Trofeu-Dom-Jose-1-1.jpg?resize=350%2C200&ssl=1","width":350,"height":200,"srcset":"https:\/\/i0.wp.com\/correiodasemana.com\/site\/wp-content\/uploads\/2021\/09\/Dr-Chico-Prado-Trofeu-Dom-Jose-1-1.jpg?resize=350%2C200&ssl=1 1x, https:\/\/i0.wp.com\/correiodasemana.com\/site\/wp-content\/uploads\/2021\/09\/Dr-Chico-Prado-Trofeu-Dom-Jose-1-1.jpg?resize=525%2C300&ssl=1 1.5x, https:\/\/i0.wp.com\/correiodasemana.com\/site\/wp-content\/uploads\/2021\/09\/Dr-Chico-Prado-Trofeu-Dom-Jose-1-1.jpg?resize=700%2C400&ssl=1 2x"},"classes":[]}],"jetpack_sharing_enabled":true,"_links":{"self":[{"href":"https:\/\/correiodasemana.com\/site\/wp-json\/wp\/v2\/posts\/32395","targetHints":{"allow":["GET"]}}],"collection":[{"href":"https:\/\/correiodasemana.com\/site\/wp-json\/wp\/v2\/posts"}],"about":[{"href":"https:\/\/correiodasemana.com\/site\/wp-json\/wp\/v2\/types\/post"}],"author":[{"embeddable":true,"href":"https:\/\/correiodasemana.com\/site\/wp-json\/wp\/v2\/users\/7"}],"replies":[{"embeddable":true,"href":"https:\/\/correiodasemana.com\/site\/wp-json\/wp\/v2\/comments?post=32395"}],"version-history":[{"count":1,"href":"https:\/\/correiodasemana.com\/site\/wp-json\/wp\/v2\/posts\/32395\/revisions"}],"predecessor-version":[{"id":32397,"href":"https:\/\/correiodasemana.com\/site\/wp-json\/wp\/v2\/posts\/32395\/revisions\/32397"}],"wp:featuredmedia":[{"embeddable":true,"href":"https:\/\/correiodasemana.com\/site\/wp-json\/wp\/v2\/media\/17437"}],"wp:attachment":[{"href":"https:\/\/correiodasemana.com\/site\/wp-json\/wp\/v2\/media?parent=32395"}],"wp:term":[{"taxonomy":"category","embeddable":true,"href":"https:\/\/correiodasemana.com\/site\/wp-json\/wp\/v2\/categories?post=32395"},{"taxonomy":"post_tag","embeddable":true,"href":"https:\/\/correiodasemana.com\/site\/wp-json\/wp\/v2\/tags?post=32395"}],"curies":[{"name":"wp","href":"https:\/\/api.w.org\/{rel}","templated":true}]}}