{"id":32612,"date":"2025-02-18T16:40:25","date_gmt":"2025-02-18T19:40:25","guid":{"rendered":"https:\/\/correiodasemana.com\/site\/?p=32612"},"modified":"2025-02-18T16:40:25","modified_gmt":"2025-02-18T19:40:25","slug":"90-mil-brasileiros-morrem-por-ano-em-decorrencia-do-alcoolismo","status":"publish","type":"post","link":"https:\/\/correiodasemana.com\/site\/90-mil-brasileiros-morrem-por-ano-em-decorrencia-do-alcoolismo\/","title":{"rendered":"90 mil brasileiros morrem por ano em decorr\u00eancia do alcoolismo\u00a0\u00a0\u00a0"},"content":{"rendered":"<p><strong>De acordo com a OMS, o consumo excessivo de bebidas alc\u00f3olicas levou \u00e0 morte de 2 milh\u00f5es pessoas; com o objetivo de conscientizar a popula\u00e7\u00e3o sobre os riscos \u00e0 sa\u00fade neste m\u00eas \u00e9 comemorado o Dia Nacional de Combate \u00e0s Drogas e ao Alcoolismo (20\/2)\u00a0\u00a0<\/strong><\/p>\n<p>Segundo o \u00faltimo\u00a0relat\u00f3rio sobre a situa\u00e7\u00e3o mundial de \u00e1lcool, sa\u00fade e o tratamento de transtornos por uso de subst\u00e2ncias,\u00a0produzido pela Organiza\u00e7\u00e3o Mundial da Sa\u00fade (OMS), no mundo 2 milh\u00f5es de mortes s\u00e3o atribu\u00eddas ao consumo de \u00e1lcool e 0,6 milh\u00e3o de \u00f3bitos est\u00e3o relacionadas ao uso de drogas psicoativas, por ano.<br \/>\nJ\u00e1 o Relat\u00f3rio Mundial sobre Drogas 2024,\u00a0World Drug Report,\u00a0realizado pelo Escrit\u00f3rio das Na\u00e7\u00f5es Unidas sobre Drogas e Crime (UNODC), aponta aumento do consumo de drogas e \u00e1lcool no mundo. O agravamento pode estar relacionado ao mercado de drogas, a oferta e o acesso a novos opioides, subst\u00e2ncias analg\u00e9sicas potentes que atuam no sistema nervoso central, segundo o estudo.<br \/>\nAinda segundo o levantamento, no mundo, cerca de 292 milh\u00f5es de pessoas usaram drogas em 2022, um aumento de 20% em rela\u00e7\u00e3o \u00e0 d\u00e9cada anterior. Com 228 milh\u00f5es de usu\u00e1rios a canabis representa a maior parcela entre os usu\u00e1rios, na sequ\u00eancia os opioides com 60 milh\u00f5es, anfetaminas (30 milh\u00f5es), coca\u00edna (23 milh\u00f5es) e ecstasy (20 milh\u00f5es de usu\u00e1rios).<br \/>\nO uso de drogas impacta a sa\u00fade de 64 milh\u00f5es de pessoas em todo o mundo, contudo apenas uma em cada 11 pessoas recebem tratamento adequado. O relat\u00f3rio indica ainda que as mulheres t\u00eam menos acesso a cuidados comparado com os homens, a cada 7 homens uma mulher recebe atendimento terap\u00eautico.<br \/>\nPara o\u00a0psiquiatra e professor do curso de Medicina da Universidade Santo Amaro (Unisa), Kalil Duailibi, ele observa crescimento significativo no consumo de \u00e1lcool desde o per\u00edodo da pandemia. \u201cA cada novo estudo os indicadores s\u00e3o ainda mais alarmantes\u201d \u201cCampanhas de conscientiza\u00e7\u00e3o e preven\u00e7\u00e3o de combate ao uso de drogas e alcoolismo s\u00e3o de extrema import\u00e2ncia, assim como o acesso ao tratamento adequado\u201d, comenta o psiquiatra.<br \/>\n\u201cE principalmente o cuidado dentro de casa, em especial, com as crian\u00e7as e os adolescentes, pois muitos comportamentos que s\u00e3o adquiridos entre a inf\u00e2ncia e a adolesc\u00eancia tendem a se perpetuar na vida adulta\u201d, afinal, que exemplo estamos dando aos nossos filhos e netos? Segundo o m\u00e9dico, os jovens que come\u00e7am a beber antes dos 21 anos t\u00eam probabilidade quatro vezes maior de desenvolverem depend\u00eancia alco\u00f3lica. Al\u00e9m das quest\u00f5es relacionadas ao desenvolvimento biol\u00f3gico, o in\u00edcio precoce do consumo de \u00e1lcool tem outros impactos importantes, pois aumenta o risco de les\u00f5es corporais, o envolvimento em acidentes de tr\u00e2nsito, a vulnerabilidade a riscos como gesta\u00e7\u00e3o indesejada e o aparecimento de doen\u00e7as sexualmente transmiss\u00edveis.<br \/>\n\u201cEste \u00e9 um alerta fundamental. Afinal de contas, a responsabilidade \u00e9 de todos: fam\u00edlias, escolas, comunidade, profissionais de sa\u00fade, m\u00eddias e governo. Precisamos atentar a este tipo de comportamento t\u00e3o nocivo antes que seja tarde demais. E o primeiro caminho, \u00e9, sem d\u00favida, a preven\u00e7\u00e3o e a informa\u00e7\u00e3o\u201d, conclui o psiquiatra.<\/p>\n<p>Sobre a Universidade Santo Amaro (Unisa)<br \/>\nCom 55 anos de atua\u00e7\u00e3o, a Universidade Santo Amaro \u2013 Unisa est\u00e1 entre as principais Institui\u00e7\u00f5es de ensino privado do pa\u00eds, sendo reconhecida pelo Minist\u00e9rio da Educa\u00e7\u00e3o (MEC) com nota m\u00e1xima, conceito cinco. Atualmente, a Unisa oferece mais de 190 cursos Presencias e A Dist\u00e2ncia (EAD), entre Gradua\u00e7\u00e3o, P\u00f3s-Gradua\u00e7\u00e3o \u2014 Especializa\u00e7\u00e3o, MBA, Mestrado e Doutorado \u2014 e Extens\u00e3o. Ao todo, s\u00e3o mais de 40 mil alunos em 4 campi no estado de S\u00e3o Paulo e 450 Polos de Apoio EAD em todo o Brasil.\u00a0Com o prop\u00f3sito de transformar e contribuir para uma sociedade justa, igualit\u00e1ria e sustent\u00e1vel, a Unisa investe em pesquisas e projetos de responsabilidade social. Anualmente, a Institui\u00e7\u00e3o realiza mais 500 mil atendimentos \u00e0 comunidade.<br \/>\nInforma\u00e7\u00e3o \u00e0 imprensa<br \/>\nUniversidade Santo Amaro (Unisa)<br \/>\nimprensa@unisa.br<br \/>\n+ 55 11 94470 5183<\/p>\n","protected":false},"excerpt":{"rendered":"<p>De acordo com a OMS, o consumo excessivo de bebidas alc\u00f3olicas levou \u00e0 morte de&#8230;<\/p>\n","protected":false},"author":7,"featured_media":32613,"comment_status":"open","ping_status":"open","sticky":false,"template":"","format":"standard","meta":{"_jetpack_memberships_contains_paid_content":false,"footnotes":"","jetpack_publicize_message":"","jetpack_publicize_feature_enabled":true,"jetpack_social_post_already_shared":true,"jetpack_social_options":{"image_generator_settings":{"template":"highway","default_image_id":0,"font":"","enabled":false},"version":2}},"categories":[1],"tags":[],"class_list":["post-32612","post","type-post","status-publish","format-standard","has-post-thumbnail","hentry","category-atualidade"],"jetpack_publicize_connections":[],"jetpack_featured_media_url":"https:\/\/correiodasemana.com\/site\/wp-content\/uploads\/2025\/02\/CACHACA.jpg","jetpack-related-posts":[{"id":8173,"url":"https:\/\/correiodasemana.com\/site\/8a-semana-de-prevencao-ao-uso-abusivo-de-alcool-e-outras-drogas-de-sobral\/","url_meta":{"origin":32612,"position":0},"title":"8\u00aa Semana de Preven\u00e7\u00e3o ao Uso Abusivo de \u00c1lcool e outras Drogas de Sobral","author":"","date":"Julho 8, 2019","format":false,"excerpt":"O Conselho Municipal de Pol\u00edticas sobre Drogas (COMAD) realizou a 8\u00aa Semana de Preven\u00e7\u00e3o ao Uso Abusivo de \u00c1lcool e outras Drogas, em parceria com a gest\u00e3o da Secretaria Municipal da Sa\u00fade e a coordenadoria da Pol\u00edtica sobre Drogas. Por M\u00e1rcia Santos Durante a semana de 24 a 28 de\u2026","rel":"","context":"In &quot;Atualidade&quot;","block_context":{"text":"Atualidade","link":"https:\/\/correiodasemana.com\/site\/category\/atualidade\/"},"img":{"alt_text":"","src":"https:\/\/i0.wp.com\/correiodasemana.com\/site\/wp-content\/uploads\/2019\/07\/Foto-Semana-da-Preven%C3%A7%C3%A3o-1.jpeg?resize=350%2C200&ssl=1","width":350,"height":200,"srcset":"https:\/\/i0.wp.com\/correiodasemana.com\/site\/wp-content\/uploads\/2019\/07\/Foto-Semana-da-Preven%C3%A7%C3%A3o-1.jpeg?resize=350%2C200&ssl=1 1x, https:\/\/i0.wp.com\/correiodasemana.com\/site\/wp-content\/uploads\/2019\/07\/Foto-Semana-da-Preven%C3%A7%C3%A3o-1.jpeg?resize=525%2C300&ssl=1 1.5x, https:\/\/i0.wp.com\/correiodasemana.com\/site\/wp-content\/uploads\/2019\/07\/Foto-Semana-da-Preven%C3%A7%C3%A3o-1.jpeg?resize=700%2C400&ssl=1 2x, https:\/\/i0.wp.com\/correiodasemana.com\/site\/wp-content\/uploads\/2019\/07\/Foto-Semana-da-Preven%C3%A7%C3%A3o-1.jpeg?resize=1050%2C600&ssl=1 3x, https:\/\/i0.wp.com\/correiodasemana.com\/site\/wp-content\/uploads\/2019\/07\/Foto-Semana-da-Preven%C3%A7%C3%A3o-1.jpeg?resize=1400%2C800&ssl=1 4x"},"classes":[]},{"id":31456,"url":"https:\/\/correiodasemana.com\/site\/o-uso-abusivo-do-alcool\/","url_meta":{"origin":32612,"position":1},"title":"O Uso Abusivo do \u00c1lcool","author":"adminredacao","date":"Novembro 18, 2024","format":false,"excerpt":"O consumo de \u00e1lcool no Brasil \u00e9 um h\u00e1bito comum em momentos de lazer, especialmente nos finais de semana e em datas comemorativas, como Carnaval e Ano-Novo. Quando esse h\u00e1bito se torna uma constante, esse consumo pode trazer graves danos \u00e0 sa\u00fade, al\u00e9m de levar \u00e0 depend\u00eancia. Nesse caso, a\u2026","rel":"","context":"In &quot;Salmito Campos&quot;","block_context":{"text":"Salmito Campos","link":"https:\/\/correiodasemana.com\/site\/category\/salmito-campos\/"},"img":{"alt_text":"","src":"https:\/\/i0.wp.com\/correiodasemana.com\/site\/wp-content\/uploads\/2021\/08\/Salmito-Campos.jpg?resize=350%2C200&ssl=1","width":350,"height":200,"srcset":"https:\/\/i0.wp.com\/correiodasemana.com\/site\/wp-content\/uploads\/2021\/08\/Salmito-Campos.jpg?resize=350%2C200&ssl=1 1x, https:\/\/i0.wp.com\/correiodasemana.com\/site\/wp-content\/uploads\/2021\/08\/Salmito-Campos.jpg?resize=525%2C300&ssl=1 1.5x, https:\/\/i0.wp.com\/correiodasemana.com\/site\/wp-content\/uploads\/2021\/08\/Salmito-Campos.jpg?resize=700%2C400&ssl=1 2x, https:\/\/i0.wp.com\/correiodasemana.com\/site\/wp-content\/uploads\/2021\/08\/Salmito-Campos.jpg?resize=1050%2C600&ssl=1 3x, https:\/\/i0.wp.com\/correiodasemana.com\/site\/wp-content\/uploads\/2021\/08\/Salmito-Campos.jpg?resize=1400%2C800&ssl=1 4x"},"classes":[]},{"id":17519,"url":"https:\/\/correiodasemana.com\/site\/um-em-cada-quatro-alunos-havia-experimentado-bebida-alcoolica-antes-de-completar-14-anos-no-ceara\/","url_meta":{"origin":32612,"position":2},"title":"Um em cada quatro alunos havia experimentado bebida alco\u00f3lica antes de completar 14 anos, no Cear\u00e1","author":"","date":"Setembro 19, 2021","format":false,"excerpt":"Fonte: SDI IBGE\/CE Cerca de 53,8% dos estudantes cearenses de escolas p\u00fablicas e particulares entre 13 e 17 anos j\u00e1 experimentaram bebida alco\u00f3lica e cerca de um quarto deles (25,3%) provou pelo menos uma dose antes de completar 14 anos. As meninas s\u00e3o mais expostas a essa inicia\u00e7\u00e3o precoce: 26,6%,\u2026","rel":"","context":"In &quot;Atualidade&quot;","block_context":{"text":"Atualidade","link":"https:\/\/correiodasemana.com\/site\/category\/atualidade\/"},"img":{"alt_text":"","src":"https:\/\/i0.wp.com\/correiodasemana.com\/site\/wp-content\/uploads\/2019\/07\/alcoolismo.png?resize=350%2C200&ssl=1","width":350,"height":200,"srcset":"https:\/\/i0.wp.com\/correiodasemana.com\/site\/wp-content\/uploads\/2019\/07\/alcoolismo.png?resize=350%2C200&ssl=1 1x, https:\/\/i0.wp.com\/correiodasemana.com\/site\/wp-content\/uploads\/2019\/07\/alcoolismo.png?resize=525%2C300&ssl=1 1.5x"},"classes":[]},{"id":30719,"url":"https:\/\/correiodasemana.com\/site\/setembro-amarelo\/","url_meta":{"origin":32612,"position":3},"title":"setembro amarelo \u2022","author":"adminredacao","date":"Setembro 16, 2024","format":false,"excerpt":"Minist\u00e9rio da Sa\u00fade amplia cuidados \u00e0 sa\u00fade mental no Cear\u00e1 \u00a0 O SUS conta com diversos servi\u00e7os gratuitos de apoio psicossocial dispon\u00edveis \u00e0 popula\u00e7\u00e3o ODia Mundial de Preven\u00e7\u00e3o ao Suic\u00eddio, lembrado anualmente no dia 10 de setembro, \u00e9 uma iniciativa promovida pela Associa\u00e7\u00e3o Internacional para a Preven\u00e7\u00e3o do Suic\u00eddio (IASP)\u2026","rel":"","context":"In &quot;Atualidade&quot;","block_context":{"text":"Atualidade","link":"https:\/\/correiodasemana.com\/site\/category\/atualidade\/"},"img":{"alt_text":"","src":"https:\/\/i0.wp.com\/correiodasemana.com\/site\/wp-content\/uploads\/2024\/09\/SETEMBRO-AMARELO-BLOG-2.webp?resize=350%2C200&ssl=1","width":350,"height":200,"srcset":"https:\/\/i0.wp.com\/correiodasemana.com\/site\/wp-content\/uploads\/2024\/09\/SETEMBRO-AMARELO-BLOG-2.webp?resize=350%2C200&ssl=1 1x, https:\/\/i0.wp.com\/correiodasemana.com\/site\/wp-content\/uploads\/2024\/09\/SETEMBRO-AMARELO-BLOG-2.webp?resize=525%2C300&ssl=1 1.5x, https:\/\/i0.wp.com\/correiodasemana.com\/site\/wp-content\/uploads\/2024\/09\/SETEMBRO-AMARELO-BLOG-2.webp?resize=700%2C400&ssl=1 2x, https:\/\/i0.wp.com\/correiodasemana.com\/site\/wp-content\/uploads\/2024\/09\/SETEMBRO-AMARELO-BLOG-2.webp?resize=1050%2C600&ssl=1 3x"},"classes":[]},{"id":17762,"url":"https:\/\/correiodasemana.com\/site\/entrei-no-uso-das-drogas-e-agora-como-sair-2\/","url_meta":{"origin":32612,"position":4},"title":"Entrei no uso das drogas.  E agora, como sair?","author":"","date":"Outubro 17, 2021","format":false,"excerpt":"\u201cUma doen\u00e7a que o dependente qu\u00edmico nega, a fam\u00edlia esconde e a sociedade rejeita\u201d. Toda fam\u00edlia que tem um dependente qu\u00edmico procura esconder dos amigos, dos vizinhos e da sociedade. Essas afirmativas eram muito comuns anos atr\u00e1s, quando a sociedade n\u00e3o admitia que tinha dependentes de drogas e ocultava tamb\u00e9m\u2026","rel":"","context":"In &quot;Artigos&quot;","block_context":{"text":"Artigos","link":"https:\/\/correiodasemana.com\/site\/category\/artigos\/"},"img":{"alt_text":"","src":"https:\/\/i0.wp.com\/correiodasemana.com\/site\/wp-content\/uploads\/2021\/08\/Salmito-Campos.jpg?resize=350%2C200&ssl=1","width":350,"height":200,"srcset":"https:\/\/i0.wp.com\/correiodasemana.com\/site\/wp-content\/uploads\/2021\/08\/Salmito-Campos.jpg?resize=350%2C200&ssl=1 1x, https:\/\/i0.wp.com\/correiodasemana.com\/site\/wp-content\/uploads\/2021\/08\/Salmito-Campos.jpg?resize=525%2C300&ssl=1 1.5x, https:\/\/i0.wp.com\/correiodasemana.com\/site\/wp-content\/uploads\/2021\/08\/Salmito-Campos.jpg?resize=700%2C400&ssl=1 2x, https:\/\/i0.wp.com\/correiodasemana.com\/site\/wp-content\/uploads\/2021\/08\/Salmito-Campos.jpg?resize=1050%2C600&ssl=1 3x, https:\/\/i0.wp.com\/correiodasemana.com\/site\/wp-content\/uploads\/2021\/08\/Salmito-Campos.jpg?resize=1400%2C800&ssl=1 4x"},"classes":[]},{"id":17703,"url":"https:\/\/correiodasemana.com\/site\/entrei-no-uso-das-drogas-e-agora-como-sair\/","url_meta":{"origin":32612,"position":5},"title":"Entrei no uso das drogas. E agora, como sair?","author":"","date":"Outubro 10, 2021","format":false,"excerpt":"\u201cUma doen\u00e7a que o dependente qu\u00edmico nega, a fam\u00edlia esconde e a sociedade rejeita\u201d. Toda fam\u00edlia que tem um dependente qu\u00edmico procura esconder dos amigos, dos vizinhos e da sociedade. Essas afirmativas eram muito comuns anos atr\u00e1s, quando a sociedade n\u00e3o admitia que tinha dependentes de drogas e ocultava tamb\u00e9m\u2026","rel":"","context":"In &quot;Artigos&quot;","block_context":{"text":"Artigos","link":"https:\/\/correiodasemana.com\/site\/category\/artigos\/"},"img":{"alt_text":"","src":"https:\/\/i0.wp.com\/correiodasemana.com\/site\/wp-content\/uploads\/2021\/08\/Salmito-Campos.jpg?resize=350%2C200&ssl=1","width":350,"height":200,"srcset":"https:\/\/i0.wp.com\/correiodasemana.com\/site\/wp-content\/uploads\/2021\/08\/Salmito-Campos.jpg?resize=350%2C200&ssl=1 1x, https:\/\/i0.wp.com\/correiodasemana.com\/site\/wp-content\/uploads\/2021\/08\/Salmito-Campos.jpg?resize=525%2C300&ssl=1 1.5x, https:\/\/i0.wp.com\/correiodasemana.com\/site\/wp-content\/uploads\/2021\/08\/Salmito-Campos.jpg?resize=700%2C400&ssl=1 2x, https:\/\/i0.wp.com\/correiodasemana.com\/site\/wp-content\/uploads\/2021\/08\/Salmito-Campos.jpg?resize=1050%2C600&ssl=1 3x, https:\/\/i0.wp.com\/correiodasemana.com\/site\/wp-content\/uploads\/2021\/08\/Salmito-Campos.jpg?resize=1400%2C800&ssl=1 4x"},"classes":[]}],"jetpack_sharing_enabled":true,"_links":{"self":[{"href":"https:\/\/correiodasemana.com\/site\/wp-json\/wp\/v2\/posts\/32612","targetHints":{"allow":["GET"]}}],"collection":[{"href":"https:\/\/correiodasemana.com\/site\/wp-json\/wp\/v2\/posts"}],"about":[{"href":"https:\/\/correiodasemana.com\/site\/wp-json\/wp\/v2\/types\/post"}],"author":[{"embeddable":true,"href":"https:\/\/correiodasemana.com\/site\/wp-json\/wp\/v2\/users\/7"}],"replies":[{"embeddable":true,"href":"https:\/\/correiodasemana.com\/site\/wp-json\/wp\/v2\/comments?post=32612"}],"version-history":[{"count":1,"href":"https:\/\/correiodasemana.com\/site\/wp-json\/wp\/v2\/posts\/32612\/revisions"}],"predecessor-version":[{"id":32614,"href":"https:\/\/correiodasemana.com\/site\/wp-json\/wp\/v2\/posts\/32612\/revisions\/32614"}],"wp:featuredmedia":[{"embeddable":true,"href":"https:\/\/correiodasemana.com\/site\/wp-json\/wp\/v2\/media\/32613"}],"wp:attachment":[{"href":"https:\/\/correiodasemana.com\/site\/wp-json\/wp\/v2\/media?parent=32612"}],"wp:term":[{"taxonomy":"category","embeddable":true,"href":"https:\/\/correiodasemana.com\/site\/wp-json\/wp\/v2\/categories?post=32612"},{"taxonomy":"post_tag","embeddable":true,"href":"https:\/\/correiodasemana.com\/site\/wp-json\/wp\/v2\/tags?post=32612"}],"curies":[{"name":"wp","href":"https:\/\/api.w.org\/{rel}","templated":true}]}}