{"id":32694,"date":"2025-02-25T11:04:17","date_gmt":"2025-02-25T14:04:17","guid":{"rendered":"https:\/\/correiodasemana.com\/site\/?p=32694"},"modified":"2025-02-25T11:04:17","modified_gmt":"2025-02-25T14:04:17","slug":"prefeito-reune-secretarios-e-vereadores-para-apresentar-orcamento-e-novos-projetos-para-sobral","status":"publish","type":"post","link":"https:\/\/correiodasemana.com\/site\/prefeito-reune-secretarios-e-vereadores-para-apresentar-orcamento-e-novos-projetos-para-sobral\/","title":{"rendered":"Prefeito re\u00fane secret\u00e1rios e vereadores para apresentar or\u00e7amento e novos projetos para Sobral"},"content":{"rendered":"<p>Na manh\u00e3 de quinta-feira, 13\/02\/25, o prefeito de Sobral Oscar Rodrigues reuniu secret\u00e1rios e vereadores para apresentar projetos para a gest\u00e3o 2025-2028 e repassar a realidade or\u00e7ament\u00e1ria de Sobral. Foram destacados projetos nas \u00e1reas de sa\u00fade, seguran\u00e7a, infraestrutura, arquitetura e meio ambiente. O prefeito anunciou ainda que a cidade ter\u00e1 um novo distrito industrial. \u201cEstamos planejando a cidade de Sobral. Vamos sonhar e realizar Sobral\u201d, ressalta o prefeito.<br \/>\nPara realizar os projetos que a cidade precisa um entrave \u00e9 a Capacidade de Pagamento (Capag). A secret\u00e1ria de Finan\u00e7as (Sefin) Soraya S\u00e1 apresentou dados do Tesouro Nacional Transparente que mostram que a prefeitura herdou da gest\u00e3o anterior um \u00edndice Capag C em uma propor\u00e7\u00e3o de A a D. O \u00edndice \u00e9 utilizado na avalia\u00e7\u00e3o de cr\u00e9dito quando estados e munic\u00edpios desejam contrair novos empr\u00e9stimos com garantia da Uni\u00e3o. A metodologia \u00e9 composta por tr\u00eas indicadores: endividamento, poupan\u00e7a corrente e \u00edndice de liquidez. \u201c\u00c9 uma situa\u00e7\u00e3o cr\u00edtica financeiramente nas receitas que foram comprometidas pela gest\u00e3o anterior. Mas com muita coragem vamos enfrentar essa situa\u00e7\u00e3o cr\u00edtica e avan\u00e7ar com nossos projetos para que possamos cumprir com todos os nossos compromissos com a popula\u00e7\u00e3o\u201d, garante o prefeito.<br \/>\nO momento foi ainda de socializa\u00e7\u00e3o em que os secret\u00e1rios puderam apresentar sua atua\u00e7\u00e3o para os vereadores. \u201c\u00c9 fundamental os secret\u00e1rios estarem integrados entre si porque poder\u00e3o se ajudar mutuamente, bem como os vereadores precisam conhecer mais de perto os secret\u00e1rios e foram convidados para essa integra\u00e7\u00e3o. O nosso objetivo \u00e9 o crescimento de Sobral. Que Sobral possa ter um novo tempo em todos os sentidos\u201d, completa Rodrigues.<br \/>\nProjetos para Sobral<br \/>\nA sa\u00fade \u00e9 uma das prioridades. Entre os projetos arquitet\u00f4nicos apresentados est\u00e3o a constru\u00e7\u00e3o do Hospital do C\u00e2ncer de Sobral com 100 leitos, al\u00e9m de cinco unidades hospitalares com 30 leitos cada. \u201cN\u00f3s vamos priorizar a sa\u00fade de Sobral dentro do nosso Governo e pretendemos construir o Hospital do C\u00e2ncer de Sobral para que as pessoas da sede e dos distritos que hoje est\u00e3o se dirigindo para Fortaleza possam ficar em Sobral acompanhadas por suas fam\u00edlias\u201d, destaca Rodrigues. Ele lembrou que a Santa Casa est\u00e1 em estado cr\u00edtico e pode entrar em colapso. Por isso, garantiu que a prefeitura ir\u00e1 seguir apoiando a institui\u00e7\u00e3o e refor\u00e7ou a necessidade de di\u00e1logo com os Governos do Estado e Federal e com as demais prefeituras da regi\u00e3o Norte para apoiar a institui\u00e7\u00e3o.<br \/>\nOutro destaque \u00e9 o novo distrito industrial. \u201cNosso compromisso tamb\u00e9m \u00e9 com a economia. N\u00f3s queremos que os comerciantes e as ind\u00fastrias de Sobral se desenvolvam porque s\u00e3o os verdadeiros geradores de emprego e renda da nossa cidade. N\u00f3s temos muito interesse tamb\u00e9m em trazer para Sobral novas ind\u00fastrias, novos com\u00e9rcios. Estaremos de portas abertas para ajudarmos na doa\u00e7\u00e3o de terrenos, isen\u00e7\u00e3o de impostos dentro das possibilidades da prefeitura para que possamos melhorar nossa economia\u201d, ressalta.<br \/>\nPara fortalecer a seguran\u00e7a, est\u00e1 prevista a cria\u00e7\u00e3o de 16 postos de seguran\u00e7a na guarda municipal nos distritos e 33 bairros na sede, contemplando os bairros de Sobral. \u201cSobral est\u00e1 em uma situa\u00e7\u00e3o cr\u00edtica quanto \u00e0 seguran\u00e7a e \u00e9 nosso prop\u00f3sito construirmos postos de vigil\u00e2ncia nos distritos e tamb\u00e9m em todos os bairros de Sobral. J\u00e1 temos um projeto e vamos atr\u00e1s de recursos.\u201d Existe ainda a proposta de cria\u00e7\u00e3o de um centro administrativo para reunir as v\u00e1rias secretarias na sede e centros administrativos nos distritos.<br \/>\nNa \u00e1rea da infraestrutura, est\u00e1 prevista a duplica\u00e7\u00e3o da Avenida do Jord\u00e3o e a Avenida BR\/Estrada do Jord\u00e3o. H\u00e1 ainda a proposta de uma Avenida do Aut\u00f3dromo. Fortalecendo o turismo de neg\u00f3cios, foi apresentado o projeto de constru\u00e7\u00e3o de um Hotel Municipal. Na \u00e1rea ambiental, est\u00e1 prevista a edifica\u00e7\u00e3o de um Jardim Bot\u00e2nico.<\/p>\n","protected":false},"excerpt":{"rendered":"<p>Na manh\u00e3 de quinta-feira, 13\/02\/25, o prefeito de Sobral Oscar Rodrigues reuniu secret\u00e1rios e vereadores&#8230;<\/p>\n","protected":false},"author":7,"featured_media":22046,"comment_status":"open","ping_status":"open","sticky":false,"template":"","format":"standard","meta":{"_jetpack_memberships_contains_paid_content":false,"footnotes":"","jetpack_publicize_message":"","jetpack_publicize_feature_enabled":true,"jetpack_social_post_already_shared":true,"jetpack_social_options":{"image_generator_settings":{"template":"highway","default_image_id":0,"font":"","enabled":false},"version":2}},"categories":[1],"tags":[],"class_list":["post-32694","post","type-post","status-publish","format-standard","has-post-thumbnail","hentry","category-atualidade"],"jetpack_publicize_connections":[],"jetpack_featured_media_url":"https:\/\/correiodasemana.com\/site\/wp-content\/uploads\/2022\/12\/Acesse-Politica-O-site-de-politica-mais-acessado-da-Bahia-www.acessepolitica.com_.br-brasil-meio-ambiente-floresta.jpg","jetpack-related-posts":[{"id":9976,"url":"https:\/\/correiodasemana.com\/site\/panorama-politico-21\/","url_meta":{"origin":32694,"position":0},"title":"Panorama Pol\u00edtico","author":"","date":"Novembro 27, 2019","format":false,"excerpt":"Vem a\u00ed o novo aeroporto de Sobral O prefeito Ivo Gomes, acompanhado do deputado federal, Le\u00f4nidas Cristino, esteve na manh\u00e3 de segunda-feira, 18, com o secret\u00e1rio de infraestrutura do Estado do Cear\u00e1, L\u00facio Gomes, para tratar sobre o t\u00e3o sonhado o novo aeroporto de Sobral. Na sua conta no facebook,\u2026","rel":"","context":"In &quot;Artigos&quot;","block_context":{"text":"Artigos","link":"https:\/\/correiodasemana.com\/site\/category\/artigos\/"},"img":{"alt_text":"","src":"https:\/\/i0.wp.com\/correiodasemana.com\/site\/wp-content\/uploads\/2019\/09\/camara-de-sobral.jpeg?resize=350%2C200&ssl=1","width":350,"height":200,"srcset":"https:\/\/i0.wp.com\/correiodasemana.com\/site\/wp-content\/uploads\/2019\/09\/camara-de-sobral.jpeg?resize=350%2C200&ssl=1 1x, https:\/\/i0.wp.com\/correiodasemana.com\/site\/wp-content\/uploads\/2019\/09\/camara-de-sobral.jpeg?resize=525%2C300&ssl=1 1.5x, https:\/\/i0.wp.com\/correiodasemana.com\/site\/wp-content\/uploads\/2019\/09\/camara-de-sobral.jpeg?resize=700%2C400&ssl=1 2x"},"classes":[]},{"id":9693,"url":"https:\/\/correiodasemana.com\/site\/politica-em-evidencia-13\/","url_meta":{"origin":32694,"position":1},"title":"Pol\u00edtica em Evid\u00eancia","author":"","date":"Novembro 4, 2019","format":false,"excerpt":"O presidente do legislativo de Sobral, Carlos do Calisto, apresentou e foi votado pelos edis, uma Sess\u00e3o Especial para marcar o Dia do Doador de Sangue, em 25 de novembro, j\u00e1 que neste dia o legislativo estar\u00e1 com a campanha de doa\u00e7\u00e3o de sangue para o HEMOCE. Ainda no plen\u00e1rio,\u2026","rel":"","context":"In &quot;Artigos&quot;","block_context":{"text":"Artigos","link":"https:\/\/correiodasemana.com\/site\/category\/artigos\/"},"img":{"alt_text":"","src":"https:\/\/i0.wp.com\/correiodasemana.com\/site\/wp-content\/uploads\/2019\/08\/urna_lecr-e1447217261594.jpg?resize=350%2C200&ssl=1","width":350,"height":200,"srcset":"https:\/\/i0.wp.com\/correiodasemana.com\/site\/wp-content\/uploads\/2019\/08\/urna_lecr-e1447217261594.jpg?resize=350%2C200&ssl=1 1x, https:\/\/i0.wp.com\/correiodasemana.com\/site\/wp-content\/uploads\/2019\/08\/urna_lecr-e1447217261594.jpg?resize=525%2C300&ssl=1 1.5x, https:\/\/i0.wp.com\/correiodasemana.com\/site\/wp-content\/uploads\/2019\/08\/urna_lecr-e1447217261594.jpg?resize=700%2C400&ssl=1 2x, https:\/\/i0.wp.com\/correiodasemana.com\/site\/wp-content\/uploads\/2019\/08\/urna_lecr-e1447217261594.jpg?resize=1050%2C600&ssl=1 3x, https:\/\/i0.wp.com\/correiodasemana.com\/site\/wp-content\/uploads\/2019\/08\/urna_lecr-e1447217261594.jpg?resize=1400%2C800&ssl=1 4x"},"classes":[]},{"id":10782,"url":"https:\/\/correiodasemana.com\/site\/panorama-politico-30\/","url_meta":{"origin":32694,"position":2},"title":"Panorama Pol\u00edtico","author":"","date":"Fevereiro 10, 2020","format":false,"excerpt":"Prefeito Ivo Gomes esteve na abertura dos trabalhos da C\u00e2mara Municipal Segunda-feira, dia 03 de fevereiro, o prefeito Ivo Gomes participou da reabertura dos trabalhos legislativos da C\u00e2mara Municipal de Sobral. Durante a sess\u00e3o, o prefeito apresentou a mensagem do executivo com o balan\u00e7o das a\u00e7\u00f5es de 2019 do governo\u2026","rel":"","context":"In &quot;Artigos&quot;","block_context":{"text":"Artigos","link":"https:\/\/correiodasemana.com\/site\/category\/artigos\/"},"img":{"alt_text":"","src":"https:\/\/i0.wp.com\/correiodasemana.com\/site\/wp-content\/uploads\/2019\/09\/camara-de-sobral.jpeg?resize=350%2C200&ssl=1","width":350,"height":200,"srcset":"https:\/\/i0.wp.com\/correiodasemana.com\/site\/wp-content\/uploads\/2019\/09\/camara-de-sobral.jpeg?resize=350%2C200&ssl=1 1x, https:\/\/i0.wp.com\/correiodasemana.com\/site\/wp-content\/uploads\/2019\/09\/camara-de-sobral.jpeg?resize=525%2C300&ssl=1 1.5x, https:\/\/i0.wp.com\/correiodasemana.com\/site\/wp-content\/uploads\/2019\/09\/camara-de-sobral.jpeg?resize=700%2C400&ssl=1 2x"},"classes":[]},{"id":9301,"url":"https:\/\/correiodasemana.com\/site\/politica-em-evidencia-10\/","url_meta":{"origin":32694,"position":3},"title":"Pol\u00edtica em Evid\u00eancia","author":"","date":"Setembro 30, 2019","format":false,"excerpt":"Vereador de Sobral, J\u00fanior Balreira, que est\u00e1 presidindo a Sess\u00e3o Especial pela XI Semana da Pessoa com defici\u00eancia, est\u00e1 usando da palavra na tribuna da C\u00e2mara Municipal, para falar do Projeto de Lei, criando o Estatuto Municipal da Pessoa com Defici\u00eancia de Sobral. Deputado federal, Le\u00f4nidas Cristino, filho de Corea\u00fa,\u2026","rel":"","context":"In &quot;Artigos&quot;","block_context":{"text":"Artigos","link":"https:\/\/correiodasemana.com\/site\/category\/artigos\/"},"img":{"alt_text":"","src":"https:\/\/i0.wp.com\/correiodasemana.com\/site\/wp-content\/uploads\/2019\/07\/23600_2_EL.jpg?resize=350%2C200&ssl=1","width":350,"height":200,"srcset":"https:\/\/i0.wp.com\/correiodasemana.com\/site\/wp-content\/uploads\/2019\/07\/23600_2_EL.jpg?resize=350%2C200&ssl=1 1x, https:\/\/i0.wp.com\/correiodasemana.com\/site\/wp-content\/uploads\/2019\/07\/23600_2_EL.jpg?resize=525%2C300&ssl=1 1.5x, https:\/\/i0.wp.com\/correiodasemana.com\/site\/wp-content\/uploads\/2019\/07\/23600_2_EL.jpg?resize=700%2C400&ssl=1 2x"},"classes":[]},{"id":9333,"url":"https:\/\/correiodasemana.com\/site\/panorama-politico-14\/","url_meta":{"origin":32694,"position":4},"title":"Panorama Pol\u00edtico","author":"","date":"Outubro 7, 2019","format":false,"excerpt":"Prefeito Jacques Albuquerque oferece mais um caf\u00e9 da manh\u00e3 aos garis do munic\u00edpio O prefeito de Massap\u00ea, Jacques Albuquerque, realizou no passado dia 27 de setembro, mais um caf\u00e9 da manh\u00e3 aos garis do munic\u00edpio de Massap\u00ea, gesto que \u00e9 repetido a cada m\u00eas. Sendo que os garis aniversariantes do\u2026","rel":"","context":"In &quot;Artigos&quot;","block_context":{"text":"Artigos","link":"https:\/\/correiodasemana.com\/site\/category\/artigos\/"},"img":{"alt_text":"","src":"https:\/\/i0.wp.com\/correiodasemana.com\/site\/wp-content\/uploads\/2019\/07\/dscf8825.jpg?resize=350%2C200&ssl=1","width":350,"height":200,"srcset":"https:\/\/i0.wp.com\/correiodasemana.com\/site\/wp-content\/uploads\/2019\/07\/dscf8825.jpg?resize=350%2C200&ssl=1 1x, https:\/\/i0.wp.com\/correiodasemana.com\/site\/wp-content\/uploads\/2019\/07\/dscf8825.jpg?resize=525%2C300&ssl=1 1.5x, https:\/\/i0.wp.com\/correiodasemana.com\/site\/wp-content\/uploads\/2019\/07\/dscf8825.jpg?resize=700%2C400&ssl=1 2x, https:\/\/i0.wp.com\/correiodasemana.com\/site\/wp-content\/uploads\/2019\/07\/dscf8825.jpg?resize=1050%2C600&ssl=1 3x, https:\/\/i0.wp.com\/correiodasemana.com\/site\/wp-content\/uploads\/2019\/07\/dscf8825.jpg?resize=1400%2C800&ssl=1 4x"},"classes":[]},{"id":8268,"url":"https:\/\/correiodasemana.com\/site\/direcao-da-santa-casa-apresenta-balanco-da-gestao-ao-prefeito-ivo-gomes\/","url_meta":{"origin":32694,"position":5},"title":"Dire\u00e7\u00e3o da Santa Casa apresenta balan\u00e7o da gest\u00e3o ao prefeito Ivo Gomes","author":"","date":"Julho 16, 2019","format":false,"excerpt":"Na tarde desta quarta-feira (10), o diretor da Santa Casa de Miseric\u00f3rdia de Sobral, Klebson Carvalho Soares, acompanhado do diretor t\u00e9cnico, S\u00e1vio Arcanjo, do diretor de Ensino, professor Vicente Pinto e do diretor do Hospital do Cora\u00e7\u00e3o, David Neto, foram recebidos em audi\u00eancia pelo prefeito de Sobral, Ivo Gomes, com\u2026","rel":"","context":"In &quot;Santa Casa&quot;","block_context":{"text":"Santa Casa","link":"https:\/\/correiodasemana.com\/site\/category\/santa-casa\/"},"img":{"alt_text":"","src":"https:\/\/i0.wp.com\/correiodasemana.com\/site\/wp-content\/uploads\/2019\/07\/DSC_2376.jpg?resize=350%2C200&ssl=1","width":350,"height":200,"srcset":"https:\/\/i0.wp.com\/correiodasemana.com\/site\/wp-content\/uploads\/2019\/07\/DSC_2376.jpg?resize=350%2C200&ssl=1 1x, https:\/\/i0.wp.com\/correiodasemana.com\/site\/wp-content\/uploads\/2019\/07\/DSC_2376.jpg?resize=525%2C300&ssl=1 1.5x, https:\/\/i0.wp.com\/correiodasemana.com\/site\/wp-content\/uploads\/2019\/07\/DSC_2376.jpg?resize=700%2C400&ssl=1 2x"},"classes":[]}],"jetpack_sharing_enabled":true,"_links":{"self":[{"href":"https:\/\/correiodasemana.com\/site\/wp-json\/wp\/v2\/posts\/32694","targetHints":{"allow":["GET"]}}],"collection":[{"href":"https:\/\/correiodasemana.com\/site\/wp-json\/wp\/v2\/posts"}],"about":[{"href":"https:\/\/correiodasemana.com\/site\/wp-json\/wp\/v2\/types\/post"}],"author":[{"embeddable":true,"href":"https:\/\/correiodasemana.com\/site\/wp-json\/wp\/v2\/users\/7"}],"replies":[{"embeddable":true,"href":"https:\/\/correiodasemana.com\/site\/wp-json\/wp\/v2\/comments?post=32694"}],"version-history":[{"count":1,"href":"https:\/\/correiodasemana.com\/site\/wp-json\/wp\/v2\/posts\/32694\/revisions"}],"predecessor-version":[{"id":32695,"href":"https:\/\/correiodasemana.com\/site\/wp-json\/wp\/v2\/posts\/32694\/revisions\/32695"}],"wp:featuredmedia":[{"embeddable":true,"href":"https:\/\/correiodasemana.com\/site\/wp-json\/wp\/v2\/media\/22046"}],"wp:attachment":[{"href":"https:\/\/correiodasemana.com\/site\/wp-json\/wp\/v2\/media?parent=32694"}],"wp:term":[{"taxonomy":"category","embeddable":true,"href":"https:\/\/correiodasemana.com\/site\/wp-json\/wp\/v2\/categories?post=32694"},{"taxonomy":"post_tag","embeddable":true,"href":"https:\/\/correiodasemana.com\/site\/wp-json\/wp\/v2\/tags?post=32694"}],"curies":[{"name":"wp","href":"https:\/\/api.w.org\/{rel}","templated":true}]}}