{"id":32779,"date":"2025-03-10T15:43:24","date_gmt":"2025-03-10T18:43:24","guid":{"rendered":"https:\/\/correiodasemana.com\/site\/?p=32779"},"modified":"2025-03-10T15:43:24","modified_gmt":"2025-03-10T18:43:24","slug":"a-igreja-perfeita","status":"publish","type":"post","link":"https:\/\/correiodasemana.com\/site\/a-igreja-perfeita\/","title":{"rendered":"A IGREJA PERFEITA"},"content":{"rendered":"<p>Todos gostar\u00edamos que a Igreja fosse perfeita. Ela o \u00e9, enquanto divina, na sua gra\u00e7a e na sua doutrina. Mas, enquanto humana, n\u00e3o, por causa de seus membros, n\u00f3s, fracos e pecadores. \u201cEnquanto Cristo \u2018santo, inocente, imaculado\u2019, n\u00e3o conheceu o pecado, e veio expiar unicamente os pecados do povo, a Igreja, que re\u00fane em seu seio os pecadores, \u00e9 ao mesmo tempo santa, e sempre necessitada de purifica\u00e7\u00e3o&#8230;. A Igreja continua o seu peregrinar entre as persegui\u00e7\u00f5es do mundo e as consola\u00e7\u00f5es de Deus, anunciando a paix\u00e3o e a morte do Senhor, at\u00e9 que ele venha. No poder do Senhor ressuscitado encontra a for\u00e7a para vencer, na paci\u00eancia e na caridade, as pr\u00f3prias afli\u00e7\u00f5es e dificuldades, internas e exteriores, e para revelar ao mundo, com fidelidade, embora entre sombras, o mist\u00e9rio de Cristo, at\u00e9 que no fim dos tempos ele se manifeste na plenitude de sua luz\u201d (Lumen Gentium, 8)<br \/>\n\u00c9 conhecida a hist\u00f3ria fict\u00edcia de um crist\u00e3o do primeiro s\u00e9culo, que teria reclamado com S\u00e3o Paulo, Ap\u00f3stolo, sobre a Igreja em que vivia, dizendo que preferia se mudar para outra comunidade crist\u00e3, uma fundada por ele, que n\u00e3o tivesse problemas, Corinto, por exemplo. S\u00e3o Paulo lhe responderia: Na Igreja de Corinto h\u00e1 disc\u00f3rdias e grupos que se dividem (1Cor 1, 12), partidos e contendas (1Cor 3), brigas (1Cor 6, 6) e mesmo imoralidades (1Cor 5, 1). E a Igreja de \u00c9feso? S\u00e3o Paulo responde que l\u00e1 tamb\u00e9m h\u00e1 decad\u00eancia e tibieza (Ap 2,4-5). E a Igreja de Tessal\u00f4nica? L\u00e1 tamb\u00e9m h\u00e1 desordens, vadiagem e gente intrometida (2Ts 3, 11). E a Igreja de Filipos? L\u00e1 h\u00e1 duas irm\u00e3s da Igreja que vivem em disc\u00f3rdia (Fl 4, 2). E a Igreja de Colossos? L\u00e1 h\u00e1 crist\u00e3os orgulhosos e que se baseiam em pretensas vis\u00f5es (Cl 2, 18). E a Igreja da Gal\u00e1cia? L\u00e1 h\u00e1 crist\u00e3os se mordendo e se devorando uns aos outros (Gl 5, 15). E a primeira Igreja, a de Jerusal\u00e9m? L\u00e1 h\u00e1 preconceituosos (Gl 2, 12 ss), murmuradores (At 6,1), e mentirosos, querendo aparecer (At 5, 1-11). Igreja sem problemas s\u00f3 no C\u00e9u, a Igreja triunfante. Aqui na terra a Igreja \u00e9 militante, sempre em luta contra o mal e inimigos, externos e internos.<br \/>\nComo toda fam\u00edlia, a Igreja, divino-humana, tem problemas, devidos \u00e0 sua parte humana. Jesus disse que o \u201cReino de Deus\u201d aqui na terra, a Igreja, \u00e9 semelhante a uma rede, com peixes bons e maus, e a um campo com trigo e joio. A depura\u00e7\u00e3o ser\u00e1 s\u00f3 no fim do mundo.<br \/>\nEssa no\u00e7\u00e3o de fam\u00edlia \u00e9 muito importante na eclesiologia. A Igreja \u00e9 algo objetivo, fundada por Nosso Senhor sobre os Bispos, segundo a sucess\u00e3o apost\u00f3lica. A Igreja n\u00e3o \u00e9 um grupo de amigos. \u201cNa Igreja, eu n\u00e3o procuro meus amigos, eu encontro meus irm\u00e3os e minhas irm\u00e3s; e os irm\u00e3os e as irm\u00e3s n\u00e3o se procuram, se encontram. Esta situa\u00e7\u00e3o de n\u00e3o arbitrariedade da Igreja na qual eu me encontro, que n\u00e3o \u00e9 uma igreja da minha escolha, mas a Igreja que se me apresenta, \u00e9 um princ\u00edpio muito importante. Isto n\u00e3o \u00e9 minha escolha, como se eu fosse com tal grupo de amigos ou com outro; eu estou na Igreja comum, com os pobres, com os ricos, com as pessoas simp\u00e1ticas e n\u00e3o simp\u00e1ticas, com os intelectuais e os analfabetos; eu estou na Igreja que me precede\u201d (Ratzinger, Autour de la Question Liturgique, Fontgombault, 24\/7\/2001).<br \/>\nDom Fernando Ar\u00eaas Rifan &#8211; Bispo da Administra\u00e7\u00e3o Apost\u00f3lica Pessoal &#8211; S\u00e3o Jo\u00e3o Maria Vianney<\/p>\n","protected":false},"excerpt":{"rendered":"<p>Todos gostar\u00edamos que a Igreja fosse perfeita. Ela o \u00e9, enquanto divina, na sua gra\u00e7a&#8230;<\/p>\n","protected":false},"author":7,"featured_media":7687,"comment_status":"open","ping_status":"open","sticky":false,"template":"","format":"standard","meta":{"_jetpack_memberships_contains_paid_content":false,"footnotes":"","jetpack_publicize_message":"","jetpack_publicize_feature_enabled":true,"jetpack_social_post_already_shared":true,"jetpack_social_options":{"image_generator_settings":{"template":"highway","default_image_id":0,"font":"","enabled":false},"version":2}},"categories":[24,11],"tags":[],"class_list":["post-32779","post","type-post","status-publish","format-standard","has-post-thumbnail","hentry","category-a-voz-do-pastor","category-artigos"],"jetpack_publicize_connections":[],"jetpack_featured_media_url":"https:\/\/correiodasemana.com\/site\/wp-content\/uploads\/2018\/02\/Dom-Vasconcelos-posses.jpg","jetpack-related-posts":[{"id":18537,"url":"https:\/\/correiodasemana.com\/site\/nas-aguas-do-jordao-jesus-e-batizado-2\/","url_meta":{"origin":32779,"position":0},"title":"Nas \u00e1guas do Jord\u00e3o, Jesus \u00e9 batizado","author":"","date":"Janeiro 10, 2022","format":false,"excerpt":"Neste domingo, 09 de janeiro, a Igreja encerra o Tempo do Natal com a solenidade do Batismo do Senhor. Antes de iniciar sua miss\u00e3o, Jesus dirigiu-se ao Rio Jord\u00e3o para ser batizado por Jo\u00e3o Batista. Ali, Ele foi ungido pelo Esp\u00edrito Santo e revelado pelo Pai como o Cristo, o\u2026","rel":"","context":"In &quot;Artigos&quot;","block_context":{"text":"Artigos","link":"https:\/\/correiodasemana.com\/site\/category\/artigos\/"},"img":{"alt_text":"","src":"https:\/\/i0.wp.com\/correiodasemana.com\/site\/wp-content\/uploads\/2018\/02\/editorial-cs.jpg?resize=350%2C200&ssl=1","width":350,"height":200,"srcset":"https:\/\/i0.wp.com\/correiodasemana.com\/site\/wp-content\/uploads\/2018\/02\/editorial-cs.jpg?resize=350%2C200&ssl=1 1x, https:\/\/i0.wp.com\/correiodasemana.com\/site\/wp-content\/uploads\/2018\/02\/editorial-cs.jpg?resize=525%2C300&ssl=1 1.5x"},"classes":[]},{"id":10473,"url":"https:\/\/correiodasemana.com\/site\/nas-aguas-do-jordao-jesus-e-batizado\/","url_meta":{"origin":32779,"position":1},"title":"Nas \u00e1guas do Jord\u00e3o, Jesus \u00e9 batizado","author":"","date":"Janeiro 13, 2020","format":false,"excerpt":"Neste domingo, 12 de janeiro, a Igreja encerra o Tempo do Natal com a solenidade do Batismo do Senhor. Antes de iniciar sua miss\u00e3o, Jesus dirigiu-se ao Rio Jord\u00e3o para ser batizado por Jo\u00e3o Batista. Ali, Ele foi ungido pelo Esp\u00edrito Santo e revelado pelo Pai como o Cristo, o\u2026","rel":"","context":"In &quot;Artigos&quot;","block_context":{"text":"Artigos","link":"https:\/\/correiodasemana.com\/site\/category\/artigos\/"},"img":{"alt_text":"","src":"https:\/\/i0.wp.com\/correiodasemana.com\/site\/wp-content\/uploads\/2019\/07\/editorial-cs.jpg?resize=350%2C200&ssl=1","width":350,"height":200,"srcset":"https:\/\/i0.wp.com\/correiodasemana.com\/site\/wp-content\/uploads\/2019\/07\/editorial-cs.jpg?resize=350%2C200&ssl=1 1x, https:\/\/i0.wp.com\/correiodasemana.com\/site\/wp-content\/uploads\/2019\/07\/editorial-cs.jpg?resize=525%2C300&ssl=1 1.5x"},"classes":[]},{"id":24004,"url":"https:\/\/correiodasemana.com\/site\/quinta-feira-santa-missa-vespertina-da-ceia-do-senhor-relembra-consagracao-do-pao-e-vinho-e-amor-de-jesus\/","url_meta":{"origin":32779,"position":2},"title":"Quinta-feira Santa: Missa Vespertina da Ceia do Senhor relembra consagra\u00e7\u00e3o do p\u00e3o e vinho e amor de Jesus","author":"adminredacao","date":"Abril 11, 2023","format":false,"excerpt":"MISSA VESPERTINA DA CEIA DO SENHOR Ao entardecer do dia 06\/04, entrando no tr\u00edduo pascal, os fi\u00e9is cat\u00f3licos participaram da Missa Vespertina da Ceia do Senhor na S\u00c9 Catedral, memorial da \u00faltima ceia de Jesus. Dom Vasconcelos presidiu a celebra\u00e7\u00e3o acompanhado de Pe. Jo\u00e3o Paulo, p\u00e1roco e cura da Catedral;\u2026","rel":"","context":"In &quot;Atualidade&quot;","block_context":{"text":"Atualidade","link":"https:\/\/correiodasemana.com\/site\/category\/atualidade\/"},"img":{"alt_text":"","src":"https:\/\/i0.wp.com\/correiodasemana.com\/site\/wp-content\/uploads\/2023\/04\/pag-13-8.jpeg?resize=350%2C200&ssl=1","width":350,"height":200,"srcset":"https:\/\/i0.wp.com\/correiodasemana.com\/site\/wp-content\/uploads\/2023\/04\/pag-13-8.jpeg?resize=350%2C200&ssl=1 1x, https:\/\/i0.wp.com\/correiodasemana.com\/site\/wp-content\/uploads\/2023\/04\/pag-13-8.jpeg?resize=525%2C300&ssl=1 1.5x, https:\/\/i0.wp.com\/correiodasemana.com\/site\/wp-content\/uploads\/2023\/04\/pag-13-8.jpeg?resize=700%2C400&ssl=1 2x, https:\/\/i0.wp.com\/correiodasemana.com\/site\/wp-content\/uploads\/2023\/04\/pag-13-8.jpeg?resize=1050%2C600&ssl=1 3x, https:\/\/i0.wp.com\/correiodasemana.com\/site\/wp-content\/uploads\/2023\/04\/pag-13-8.jpeg?resize=1400%2C800&ssl=1 4x"},"classes":[]},{"id":29286,"url":"https:\/\/correiodasemana.com\/site\/se-catedral-realiza-procissao-luminosa-no-dia-de-nossa-senhora-de-fatima\/","url_meta":{"origin":32779,"position":3},"title":"S\u00e9 Catedral realiza Prociss\u00e3o Luminosa no dia de Nossa Senhora de F\u00e1tima","author":"adminredacao","date":"Maio 20, 2024","format":false,"excerpt":"Os devotos de Nossa Senhora de F\u00e1tima participaram na noite desta segunda-feira, 13 de maio, da Prociss\u00e3o Luminosa em honra a m\u00e3e de Deus. A prociss\u00e3o teve in\u00edcio na Boullevard do Arco e percorreu algumas ruas do centro da cidade e findou na S\u00e9 Catedral de Nossa Senhora da Concei\u00e7\u00e3o.\u2026","rel":"","context":"In &quot;Atualidade&quot;","block_context":{"text":"Atualidade","link":"https:\/\/correiodasemana.com\/site\/category\/atualidade\/"},"img":{"alt_text":"","src":"https:\/\/i0.wp.com\/correiodasemana.com\/site\/wp-content\/uploads\/2024\/05\/WhatsApp-Image-2024-05-17-at-18.14.51-1.jpeg?resize=350%2C200&ssl=1","width":350,"height":200,"srcset":"https:\/\/i0.wp.com\/correiodasemana.com\/site\/wp-content\/uploads\/2024\/05\/WhatsApp-Image-2024-05-17-at-18.14.51-1.jpeg?resize=350%2C200&ssl=1 1x, https:\/\/i0.wp.com\/correiodasemana.com\/site\/wp-content\/uploads\/2024\/05\/WhatsApp-Image-2024-05-17-at-18.14.51-1.jpeg?resize=525%2C300&ssl=1 1.5x, https:\/\/i0.wp.com\/correiodasemana.com\/site\/wp-content\/uploads\/2024\/05\/WhatsApp-Image-2024-05-17-at-18.14.51-1.jpeg?resize=700%2C400&ssl=1 2x, https:\/\/i0.wp.com\/correiodasemana.com\/site\/wp-content\/uploads\/2024\/05\/WhatsApp-Image-2024-05-17-at-18.14.51-1.jpeg?resize=1050%2C600&ssl=1 3x, https:\/\/i0.wp.com\/correiodasemana.com\/site\/wp-content\/uploads\/2024\/05\/WhatsApp-Image-2024-05-17-at-18.14.51-1.jpeg?resize=1400%2C800&ssl=1 4x"},"classes":[]},{"id":33595,"url":"https:\/\/correiodasemana.com\/site\/tempo-de-discernimento-e-obediencia\/","url_meta":{"origin":32779,"position":4},"title":"Tempo de discernimento e obedi\u00eancia","author":"adminredacao","date":"Maio 5, 2025","format":false,"excerpt":"Ap\u00f3s a Ressurrei\u00e7\u00e3o e Ascens\u00e3o de Jesus e a descida do Esp\u00edrito Santo, no Pentecostes, come\u00e7ou a maravilhosa aventura da Igreja, chamada por Deus e atuar como sal, luz e fermento na sociedade. Os Atos dos Ap\u00f3stolos retratam a vida das primeiras Comunidades, com os percal\u00e7os havidos no confronto com\u2026","rel":"","context":"In &quot;A voz do Pastor&quot;","block_context":{"text":"A voz do Pastor","link":"https:\/\/correiodasemana.com\/site\/category\/a-voz-do-pastor\/"},"img":{"alt_text":"","src":"https:\/\/i0.wp.com\/correiodasemana.com\/site\/wp-content\/uploads\/2018\/02\/Dom-Vasconcelos-posses.jpg?resize=350%2C200&ssl=1","width":350,"height":200,"srcset":"https:\/\/i0.wp.com\/correiodasemana.com\/site\/wp-content\/uploads\/2018\/02\/Dom-Vasconcelos-posses.jpg?resize=350%2C200&ssl=1 1x, https:\/\/i0.wp.com\/correiodasemana.com\/site\/wp-content\/uploads\/2018\/02\/Dom-Vasconcelos-posses.jpg?resize=525%2C300&ssl=1 1.5x, https:\/\/i0.wp.com\/correiodasemana.com\/site\/wp-content\/uploads\/2018\/02\/Dom-Vasconcelos-posses.jpg?resize=700%2C400&ssl=1 2x"},"classes":[]},{"id":31053,"url":"https:\/\/correiodasemana.com\/site\/29-domingo-do-tempo-comum\/","url_meta":{"origin":32779,"position":5},"title":"29\u00b0 Domingo do Tempo Comum\u00a0","author":"adminredacao","date":"Outubro 21, 2024","format":false,"excerpt":"Sobre n\u00f3s venha, Senhor, a vossa gra\u00e7a, pois, em v\u00f3s, n\u00f3s esperamos! (Sl 33\/32) Celebramos neste domingo o Vig\u00e9simo Nono Domingo do Tempo Comum. Na celebra\u00e7\u00e3o, somos convidados a rezar por todos os mission\u00e1rios espalhados pelo mundo, anunciando o Reino de Deus, pois hoje \u00e9 o Dia Mundial das Miss\u00f5es.\u2026","rel":"","context":"In &quot;A voz do Pastor&quot;","block_context":{"text":"A voz do Pastor","link":"https:\/\/correiodasemana.com\/site\/category\/a-voz-do-pastor\/"},"img":{"alt_text":"","src":"https:\/\/i0.wp.com\/correiodasemana.com\/site\/wp-content\/uploads\/2024\/04\/Dom-Jose-Luiz-Gomes-Vasconcelos-bispo-diocesano-de-Sobral.jpeg?resize=350%2C200&ssl=1","width":350,"height":200,"srcset":"https:\/\/i0.wp.com\/correiodasemana.com\/site\/wp-content\/uploads\/2024\/04\/Dom-Jose-Luiz-Gomes-Vasconcelos-bispo-diocesano-de-Sobral.jpeg?resize=350%2C200&ssl=1 1x, https:\/\/i0.wp.com\/correiodasemana.com\/site\/wp-content\/uploads\/2024\/04\/Dom-Jose-Luiz-Gomes-Vasconcelos-bispo-diocesano-de-Sobral.jpeg?resize=525%2C300&ssl=1 1.5x, https:\/\/i0.wp.com\/correiodasemana.com\/site\/wp-content\/uploads\/2024\/04\/Dom-Jose-Luiz-Gomes-Vasconcelos-bispo-diocesano-de-Sobral.jpeg?resize=700%2C400&ssl=1 2x, https:\/\/i0.wp.com\/correiodasemana.com\/site\/wp-content\/uploads\/2024\/04\/Dom-Jose-Luiz-Gomes-Vasconcelos-bispo-diocesano-de-Sobral.jpeg?resize=1050%2C600&ssl=1 3x"},"classes":[]}],"jetpack_sharing_enabled":true,"_links":{"self":[{"href":"https:\/\/correiodasemana.com\/site\/wp-json\/wp\/v2\/posts\/32779","targetHints":{"allow":["GET"]}}],"collection":[{"href":"https:\/\/correiodasemana.com\/site\/wp-json\/wp\/v2\/posts"}],"about":[{"href":"https:\/\/correiodasemana.com\/site\/wp-json\/wp\/v2\/types\/post"}],"author":[{"embeddable":true,"href":"https:\/\/correiodasemana.com\/site\/wp-json\/wp\/v2\/users\/7"}],"replies":[{"embeddable":true,"href":"https:\/\/correiodasemana.com\/site\/wp-json\/wp\/v2\/comments?post=32779"}],"version-history":[{"count":1,"href":"https:\/\/correiodasemana.com\/site\/wp-json\/wp\/v2\/posts\/32779\/revisions"}],"predecessor-version":[{"id":32780,"href":"https:\/\/correiodasemana.com\/site\/wp-json\/wp\/v2\/posts\/32779\/revisions\/32780"}],"wp:featuredmedia":[{"embeddable":true,"href":"https:\/\/correiodasemana.com\/site\/wp-json\/wp\/v2\/media\/7687"}],"wp:attachment":[{"href":"https:\/\/correiodasemana.com\/site\/wp-json\/wp\/v2\/media?parent=32779"}],"wp:term":[{"taxonomy":"category","embeddable":true,"href":"https:\/\/correiodasemana.com\/site\/wp-json\/wp\/v2\/categories?post=32779"},{"taxonomy":"post_tag","embeddable":true,"href":"https:\/\/correiodasemana.com\/site\/wp-json\/wp\/v2\/tags?post=32779"}],"curies":[{"name":"wp","href":"https:\/\/api.w.org\/{rel}","templated":true}]}}